{"id":59549,"date":"2020-03-18T16:54:03","date_gmt":"2020-03-18T16:54:03","guid":{"rendered":"http:\/\/desarrollo.mcvicious.com\/aero2020\/2020\/03\/18\/derecho-viejo-el-libro-que-nos-hace-sonar-a-los-egresados-de-la-facultad-de-ciencias-juridicas-y-sociales-de-la-unl\/"},"modified":"2020-09-11T15:27:31","modified_gmt":"2020-09-11T15:27:31","slug":"derecho-viejo-el-libro-que-nos-hace-sonar-a-los-egresados-de-la-facultad-de-ciencias-juridicas-y-sociales-de-la-unl","status":"publish","type":"post","link":"https:\/\/aeronoticias.com.pe\/noticiero\/historia-derecho-aero-peruano\/derecho-viejo-el-libro-que-nos-hace-sonar-a-los-egresados-de-la-facultad-de-ciencias-juridicas-y-sociales-de-la-unl\/","title":{"rendered":"\u201cDerecho Viejo\u201d el libro que nos hace so\u00f1ar a los egresados de la Facultad de Ciencias Jur\u00eddicas y Sociales de la UNL"},"content":{"rendered":"<p style=\"text-align: justify;\"><span style=\"font-size: 12.16px;\"><strong>(Aeronoticias)<\/strong> Tuve el honor de participar en la Facultad de Ciencias Jur\u00eddicas y Sociales de la cena del Centenario de la gloriosa Universidad Nacional de El Litoral de Santa Fe, Argentina, en Candido Pujato, en donde nuestro Decano el Dr. Javier Francisco Aga nos leg\u00f3 una lecci\u00f3n de amor a nuestra alma mater, posibilit\u00e1ndonos el reencuentro con la historia y de las vivencias que tuvimos quienes pasamos por las aulas universitarias.<\/span><\/p>\n<p style=\"text-align: justify;\">Dentro de los actos protocolares del Centenario, el Libro \u201cDerecho Viejo\u201d de Rogelio Aalaniz con el pr\u00f3logo del Dr. Javier Francisco Aga, nos sumergi\u00f3 en los hechos de la historia de nuestra querida Facultad desde el bar en donde se escrib\u00eda la historia paralela hasta las aulas universitarias, en donde nuestros recordados profesores nos forjaron como hombres de bien al servicio del derecho y en la b\u00fasqueda de la justicia.<\/p>\n<p style=\"text-align: justify;\"><span style=\"font-size: 12.16px;\">El Libro se desarrolla imaginativamente en la d\u00e9cada del 60 y en mi caso ingresamos en el 70 hasta el a\u00f1o 76 y cada uno de los personajes que se articulan en estas 128 historias que relata el Libro \u201cDerecho Viejo\u201d, estuvieron presentes en todas las \u00e9pocas.<\/span><\/p>\n<p style=\"text-align: justify;\"><span style=\"font-size: 12.16px;\">Este Libro , que ha sido llevado al cine y es lectura obligatoria para todos los egresados de la Facultad de Ciencias Jur\u00eddicas y Sociales de la Universidad Nacional de El Litoral (UNL), como dice nuestro Decano Javier Francisco Aga en el pr\u00f3logo de esta obra maestra de Rogelio Alaniz, \u201c<span style=\"text-decoration: underline;\">ha sabido honrar esta casa de estudios como hombre de bien, como historiador que trasciende al pa\u00eds entero por su calidad intelectual\u201d<\/span>, <\/span>nosotros queremos expresar adem\u00e1s que<span style=\"text-decoration: underline;\"> Javier Francisco Aga, nuestro Decano del Centenario de la Facultad ha honrado la historia y el legado de principios y valores de nuestra casa de estudios que ha llegado al coraz\u00f3n y al alma de los egresados, algunos pudimos vivirlos en los actos oficiales que nos hicieron sentir momentos inolvidables y que lo llevaremos en nuestra mente, en nuestros corazones durante toda la vida.<\/span><\/p>\n<p style=\"text-align: justify;\"><span style=\"font-size: 12.16px;\">Honor a nuestra querida Universidad Nacional de El Litoral (UNL), parte importante en la historia de la Rep\u00fablica Argentina, creadora de juristas, pol\u00edticos, cient\u00edficos y profesionales en general, que trascienden y llevan con honor los principios que nos inculcaron en las aulas universitarias y que hoy son parte de una Doctrina o filosof\u00eda acad\u00e9mica, que los egresados de la UNL irradian en todo el mundo en la b\u00fasqueda del bien com\u00fan y con el convencimiento de devolverle\u00a0 a la sociedad lo que esta nos dio en las aulas universitarias de Candido Pujato en Santa Fe, Argentina.<\/span><\/p>\n<p style=\"text-align: justify;\"><span style=\"font-size: 12.16px;\">Por lo pronto, la historia est\u00e1 escrita, los egresados de la Facultad tenemos el Libro \u201cDerecho Viejo\u201d, nuestra pel\u00edcula y el liderazgo acad\u00e9mico de nuestro Decano Javier Francisco Aga, que en noviembre del 2019 en los actos del Centenario de la UNL, nos ha sumergido en los sue\u00f1os y vivencias de nuestras \u00e9pocas universitarias y nos ha lanzado un mensaje de la importancia de la UNL en la geopol\u00edtica acad\u00e9mica de un pa\u00eds que est\u00e1 llamado a ser grande m\u00e1s all\u00e1 de todas las vicisitudes y diferencias.<\/span><\/p>\n<p style=\"text-align: justify;\"><span style=\"font-size: 12.16px;\"><img decoding=\"async\" src=\"images\/stories\/20\/03\/160320\/derechoviejo.jpg\" border=\"0\" \/><br \/><\/span><\/p>\n","protected":false},"excerpt":{"rendered":"<p>(Aeronoticias) Tuve el honor de participar en la Facultad de Ciencias Jur\u00eddicas y Sociales de la cena del Centenario de la gloriosa Universidad Nacional de El Litoral de Santa Fe, Argentina, en Candido Pujato, en donde nuestro Decano el Dr. Javier Francisco Aga nos leg\u00f3 una lecci\u00f3n de amor a nuestra alma mater, posibilit\u00e1ndonos el [&hellip;]<\/p>\n","protected":false},"author":1,"featured_media":0,"comment_status":"open","ping_status":"open","sticky":false,"template":"","format":"standard","meta":{"tdm_status":"","tdm_grid_status":"","footnotes":""},"categories":[27],"tags":[],"class_list":{"0":"post-59549","1":"post","2":"type-post","3":"status-publish","4":"format-standard","6":"category-historia-derecho-aero-peruano"},"yoast_head":"<!-- This site is optimized with the Yoast SEO plugin v25.1 - https:\/\/yoast.com\/wordpress\/plugins\/seo\/ -->\n<title>\u201cDerecho Viejo\u201d el libro que nos hace so\u00f1ar a los egresados de la Facultad de Ciencias Jur\u00eddicas y Sociales de la UNL<\/title>\n<meta name=\"description\" content=\"Portal de noticias del Per\u00fa sobre el transporte a\u00e9reo, aviaci\u00f3n, turismo, hoteleria, actualidad.\" \/>\n<meta name=\"robots\" content=\"index, follow, max-snippet:-1, max-image-preview:large, max-video-preview:-1\" \/>\n<link rel=\"canonical\" href=\"https:\/\/aeronoticias.com.pe\/noticiero\/historia-derecho-aero-peruano\/derecho-viejo-el-libro-que-nos-hace-sonar-a-los-egresados-de-la-facultad-de-ciencias-juridicas-y-sociales-de-la-unl\/\" \/>\n<meta property=\"og:locale\" content=\"es_ES\" \/>\n<meta property=\"og:type\" content=\"article\" \/>\n<meta property=\"og:title\" content=\"\u201cDerecho Viejo\u201d el libro que nos hace so\u00f1ar a los egresados de la Facultad de Ciencias Jur\u00eddicas y Sociales de la UNL\" \/>\n<meta property=\"og:description\" content=\"Portal de noticias del Per\u00fa sobre el transporte a\u00e9reo, aviaci\u00f3n, turismo, hoteleria, actualidad.\" \/>\n<meta property=\"og:url\" content=\"https:\/\/aeronoticias.com.pe\/noticiero\/historia-derecho-aero-peruano\/derecho-viejo-el-libro-que-nos-hace-sonar-a-los-egresados-de-la-facultad-de-ciencias-juridicas-y-sociales-de-la-unl\/\" \/>\n<meta property=\"og:site_name\" content=\"Aeronoticias.com.pe\" \/>\n<meta property=\"article:publisher\" content=\"https:\/\/www.facebook.com\/Aeronoticias.com.pe\/\" \/>\n<meta property=\"article:published_time\" content=\"2020-03-18T16:54:03+00:00\" \/>\n<meta property=\"article:modified_time\" content=\"2020-09-11T15:27:31+00:00\" \/>\n<meta name=\"author\" content=\"Redacci\u00f3n Aeronoticias\" \/>\n<meta name=\"twitter:card\" content=\"summary_large_image\" \/>\n<meta name=\"twitter:creator\" content=\"@aeronoticias\" \/>\n<meta name=\"twitter:site\" content=\"@aeronoticias\" \/>\n<meta name=\"twitter:label1\" content=\"Escrito por\" \/>\n\t<meta name=\"twitter:data1\" content=\"Redacci\u00f3n Aeronoticias\" \/>\n\t<meta name=\"twitter:label2\" content=\"Tiempo de lectura\" \/>\n\t<meta name=\"twitter:data2\" content=\"3 minutos\" \/>\n<script type=\"application\/ld+json\" class=\"yoast-schema-graph\">{\"@context\":\"https:\/\/schema.org\",\"@graph\":[{\"@type\":\"WebPage\",\"@id\":\"https:\/\/aeronoticias.com.pe\/noticiero\/historia-derecho-aero-peruano\/derecho-viejo-el-libro-que-nos-hace-sonar-a-los-egresados-de-la-facultad-de-ciencias-juridicas-y-sociales-de-la-unl\/\",\"url\":\"https:\/\/aeronoticias.com.pe\/noticiero\/historia-derecho-aero-peruano\/derecho-viejo-el-libro-que-nos-hace-sonar-a-los-egresados-de-la-facultad-de-ciencias-juridicas-y-sociales-de-la-unl\/\",\"name\":\"\u201cDerecho Viejo\u201d el libro que nos hace so\u00f1ar a los egresados de la Facultad de Ciencias Jur\u00eddicas y Sociales de la UNL\",\"isPartOf\":{\"@id\":\"https:\/\/aeronoticias.com.pe\/noticiero\/#website\"},\"datePublished\":\"2020-03-18T16:54:03+00:00\",\"dateModified\":\"2020-09-11T15:27:31+00:00\",\"author\":{\"@id\":\"https:\/\/aeronoticias.com.pe\/noticiero\/#\/schema\/person\/fc1e5d578f4b62ba1cf7ac2bba1170a0\"},\"description\":\"Portal de noticias del Per\u00fa sobre el transporte a\u00e9reo, aviaci\u00f3n, turismo, hoteleria, actualidad.\",\"breadcrumb\":{\"@id\":\"https:\/\/aeronoticias.com.pe\/noticiero\/historia-derecho-aero-peruano\/derecho-viejo-el-libro-que-nos-hace-sonar-a-los-egresados-de-la-facultad-de-ciencias-juridicas-y-sociales-de-la-unl\/#breadcrumb\"},\"inLanguage\":\"es\",\"potentialAction\":[{\"@type\":\"ReadAction\",\"target\":[\"https:\/\/aeronoticias.com.pe\/noticiero\/historia-derecho-aero-peruano\/derecho-viejo-el-libro-que-nos-hace-sonar-a-los-egresados-de-la-facultad-de-ciencias-juridicas-y-sociales-de-la-unl\/\"]}]},{\"@type\":\"BreadcrumbList\",\"@id\":\"https:\/\/aeronoticias.com.pe\/noticiero\/historia-derecho-aero-peruano\/derecho-viejo-el-libro-que-nos-hace-sonar-a-los-egresados-de-la-facultad-de-ciencias-juridicas-y-sociales-de-la-unl\/#breadcrumb\",\"itemListElement\":[{\"@type\":\"ListItem\",\"position\":1,\"name\":\"Portada\",\"item\":\"https:\/\/aeronoticias.com.pe\/noticiero\/\"},{\"@type\":\"ListItem\",\"position\":2,\"name\":\"\u201cDerecho Viejo\u201d el libro que nos hace so\u00f1ar a los egresados de la Facultad de Ciencias Jur\u00eddicas y Sociales de la UNL\"}]},{\"@type\":\"WebSite\",\"@id\":\"https:\/\/aeronoticias.com.pe\/noticiero\/#website\",\"url\":\"https:\/\/aeronoticias.com.pe\/noticiero\/\",\"name\":\"Aeronoticias.com.pe\",\"description\":\"Noticias de tranporte aereo, turismo, hoteles, gastronomia, actualidad, internacional\",\"potentialAction\":[{\"@type\":\"SearchAction\",\"target\":{\"@type\":\"EntryPoint\",\"urlTemplate\":\"https:\/\/aeronoticias.com.pe\/noticiero\/?s={search_term_string}\"},\"query-input\":{\"@type\":\"PropertyValueSpecification\",\"valueRequired\":true,\"valueName\":\"search_term_string\"}}],\"inLanguage\":\"es\"},{\"@type\":\"Person\",\"@id\":\"https:\/\/aeronoticias.com.pe\/noticiero\/#\/schema\/person\/fc1e5d578f4b62ba1cf7ac2bba1170a0\",\"name\":\"Redacci\u00f3n Aeronoticias\",\"url\":\"https:\/\/aeronoticias.com.pe\/noticiero\/author\/piloto\/\"}]}<\/script>\n<!-- \/ Yoast SEO plugin. -->","yoast_head_json":{"title":"\u201cDerecho Viejo\u201d el libro que nos hace so\u00f1ar a los egresados de la Facultad de Ciencias Jur\u00eddicas y Sociales de la UNL","description":"Portal de noticias del Per\u00fa sobre el transporte a\u00e9reo, aviaci\u00f3n, turismo, hoteleria, actualidad.","robots":{"index":"index","follow":"follow","max-snippet":"max-snippet:-1","max-image-preview":"max-image-preview:large","max-video-preview":"max-video-preview:-1"},"canonical":"https:\/\/aeronoticias.com.pe\/noticiero\/historia-derecho-aero-peruano\/derecho-viejo-el-libro-que-nos-hace-sonar-a-los-egresados-de-la-facultad-de-ciencias-juridicas-y-sociales-de-la-unl\/","og_locale":"es_ES","og_type":"article","og_title":"\u201cDerecho Viejo\u201d el libro que nos hace so\u00f1ar a los egresados de la Facultad de Ciencias Jur\u00eddicas y Sociales de la UNL","og_description":"Portal de noticias del Per\u00fa sobre el transporte a\u00e9reo, aviaci\u00f3n, turismo, hoteleria, actualidad.","og_url":"https:\/\/aeronoticias.com.pe\/noticiero\/historia-derecho-aero-peruano\/derecho-viejo-el-libro-que-nos-hace-sonar-a-los-egresados-de-la-facultad-de-ciencias-juridicas-y-sociales-de-la-unl\/","og_site_name":"Aeronoticias.com.pe","article_publisher":"https:\/\/www.facebook.com\/Aeronoticias.com.pe\/","article_published_time":"2020-03-18T16:54:03+00:00","article_modified_time":"2020-09-11T15:27:31+00:00","author":"Redacci\u00f3n Aeronoticias","twitter_card":"summary_large_image","twitter_creator":"@aeronoticias","twitter_site":"@aeronoticias","twitter_misc":{"Escrito por":"Redacci\u00f3n Aeronoticias","Tiempo de lectura":"3 minutos"},"schema":{"@context":"https:\/\/schema.org","@graph":[{"@type":"WebPage","@id":"https:\/\/aeronoticias.com.pe\/noticiero\/historia-derecho-aero-peruano\/derecho-viejo-el-libro-que-nos-hace-sonar-a-los-egresados-de-la-facultad-de-ciencias-juridicas-y-sociales-de-la-unl\/","url":"https:\/\/aeronoticias.com.pe\/noticiero\/historia-derecho-aero-peruano\/derecho-viejo-el-libro-que-nos-hace-sonar-a-los-egresados-de-la-facultad-de-ciencias-juridicas-y-sociales-de-la-unl\/","name":"\u201cDerecho Viejo\u201d el libro que nos hace so\u00f1ar a los egresados de la Facultad de Ciencias Jur\u00eddicas y Sociales de la UNL","isPartOf":{"@id":"https:\/\/aeronoticias.com.pe\/noticiero\/#website"},"datePublished":"2020-03-18T16:54:03+00:00","dateModified":"2020-09-11T15:27:31+00:00","author":{"@id":"https:\/\/aeronoticias.com.pe\/noticiero\/#\/schema\/person\/fc1e5d578f4b62ba1cf7ac2bba1170a0"},"description":"Portal de noticias del Per\u00fa sobre el transporte a\u00e9reo, aviaci\u00f3n, turismo, hoteleria, actualidad.","breadcrumb":{"@id":"https:\/\/aeronoticias.com.pe\/noticiero\/historia-derecho-aero-peruano\/derecho-viejo-el-libro-que-nos-hace-sonar-a-los-egresados-de-la-facultad-de-ciencias-juridicas-y-sociales-de-la-unl\/#breadcrumb"},"inLanguage":"es","potentialAction":[{"@type":"ReadAction","target":["https:\/\/aeronoticias.com.pe\/noticiero\/historia-derecho-aero-peruano\/derecho-viejo-el-libro-que-nos-hace-sonar-a-los-egresados-de-la-facultad-de-ciencias-juridicas-y-sociales-de-la-unl\/"]}]},{"@type":"BreadcrumbList","@id":"https:\/\/aeronoticias.com.pe\/noticiero\/historia-derecho-aero-peruano\/derecho-viejo-el-libro-que-nos-hace-sonar-a-los-egresados-de-la-facultad-de-ciencias-juridicas-y-sociales-de-la-unl\/#breadcrumb","itemListElement":[{"@type":"ListItem","position":1,"name":"Portada","item":"https:\/\/aeronoticias.com.pe\/noticiero\/"},{"@type":"ListItem","position":2,"name":"\u201cDerecho Viejo\u201d el libro que nos hace so\u00f1ar a los egresados de la Facultad de Ciencias Jur\u00eddicas y Sociales de la UNL"}]},{"@type":"WebSite","@id":"https:\/\/aeronoticias.com.pe\/noticiero\/#website","url":"https:\/\/aeronoticias.com.pe\/noticiero\/","name":"Aeronoticias.com.pe","description":"Noticias de tranporte aereo, turismo, hoteles, gastronomia, actualidad, internacional","potentialAction":[{"@type":"SearchAction","target":{"@type":"EntryPoint","urlTemplate":"https:\/\/aeronoticias.com.pe\/noticiero\/?s={search_term_string}"},"query-input":{"@type":"PropertyValueSpecification","valueRequired":true,"valueName":"search_term_string"}}],"inLanguage":"es"},{"@type":"Person","@id":"https:\/\/aeronoticias.com.pe\/noticiero\/#\/schema\/person\/fc1e5d578f4b62ba1cf7ac2bba1170a0","name":"Redacci\u00f3n Aeronoticias","url":"https:\/\/aeronoticias.com.pe\/noticiero\/author\/piloto\/"}]}},"_links":{"self":[{"href":"https:\/\/aeronoticias.com.pe\/noticiero\/wp-json\/wp\/v2\/posts\/59549","targetHints":{"allow":["GET"]}}],"collection":[{"href":"https:\/\/aeronoticias.com.pe\/noticiero\/wp-json\/wp\/v2\/posts"}],"about":[{"href":"https:\/\/aeronoticias.com.pe\/noticiero\/wp-json\/wp\/v2\/types\/post"}],"author":[{"embeddable":true,"href":"https:\/\/aeronoticias.com.pe\/noticiero\/wp-json\/wp\/v2\/users\/1"}],"replies":[{"embeddable":true,"href":"https:\/\/aeronoticias.com.pe\/noticiero\/wp-json\/wp\/v2\/comments?post=59549"}],"version-history":[{"count":0,"href":"https:\/\/aeronoticias.com.pe\/noticiero\/wp-json\/wp\/v2\/posts\/59549\/revisions"}],"wp:attachment":[{"href":"https:\/\/aeronoticias.com.pe\/noticiero\/wp-json\/wp\/v2\/media?parent=59549"}],"wp:term":[{"taxonomy":"category","embeddable":true,"href":"https:\/\/aeronoticias.com.pe\/noticiero\/wp-json\/wp\/v2\/categories?post=59549"},{"taxonomy":"post_tag","embeddable":true,"href":"https:\/\/aeronoticias.com.pe\/noticiero\/wp-json\/wp\/v2\/tags?post=59549"}],"curies":[{"name":"wp","href":"https:\/\/api.w.org\/{rel}","templated":true}]}}