{"id":59550,"date":"2020-03-18T17:10:45","date_gmt":"2020-03-18T17:10:45","guid":{"rendered":"http:\/\/desarrollo.mcvicious.com\/aero2020\/2020\/03\/18\/el-uso-de-la-motocicleta-como-herramienta-de-trabajo-para-mujeres\/"},"modified":"2020-03-18T17:10:45","modified_gmt":"2020-03-18T17:10:45","slug":"el-uso-de-la-motocicleta-como-herramienta-de-trabajo-para-mujeres","status":"publish","type":"post","link":"https:\/\/aeronoticias.com.pe\/noticiero\/27\/el-uso-de-la-motocicleta-como-herramienta-de-trabajo-para-mujeres\/","title":{"rendered":"El uso de la motocicleta como herramienta de trabajo para mujeres"},"content":{"rendered":"<p style=\"text-align: justify;\"><strong>(Aeronoticias)<\/strong>.-\u00a0<span style=\"color: #454545; font-family: Helvetica; font-size: 12px; text-align: justify;\">Hoy en d\u00eda es com\u00fan ver a mujeres a bordo de una motocicleta, y es que muchas de ellas han dejado de lado los prejuicios y temores, convencidas de que tienen la misma confianza, independencia y destreza que los varones para manejar sobre dos ruedas. <\/span><\/p>\n<p style=\"text-align: justify;\"><span style=\"color: #454545; font-family: Helvetica; font-size: 12px; text-align: justify;\">Asimismo, la gran facilidad que brinda una moto de trasladarse de un lado a otro de manera r\u00e1pida y econ\u00f3mica, han hecho que la elijan como su principal alternativa de transporte.<\/span><\/p>\n<p class=\"p1\" style=\"margin: 0px; text-align: justify; font-variant-numeric: normal; font-variant-east-asian: normal; font-stretch: normal; font-size: 12px; line-height: normal; font-family: Helvetica; color: #454545;\">La moto adem\u00e1s de ser utilizada como una opci\u00f3n eficiente de movilidad diaria, es tambi\u00e9n una gran herramienta de trabajo que genera ingresos de manera independiente, ya sea transportando pasajeros en hora punta o repartiendo productos de un negocio propio<strong>.<\/strong><\/p>\n<p class=\"p1\" style=\"margin: 0px; text-align: justify; font-variant-numeric: normal; font-variant-east-asian: normal; font-stretch: normal; font-size: 12px; line-height: normal; font-family: Helvetica; color: #454545;\">\u00a0<\/p>\n<p class=\"p1\" style=\"margin: 0px; text-align: justify; font-variant-numeric: normal; font-variant-east-asian: normal; font-stretch: normal; font-size: 12px; line-height: normal; font-family: Helvetica; color: #454545;\">Asimismo, hay una gran demanda de empresas que solicitan repartidores y mensajeros como parte de sus servicios para sus clientes.<\/p>\n<p class=\"p1\" style=\"margin: 0px; text-align: justify; font-variant-numeric: normal; font-variant-east-asian: normal; font-stretch: normal; font-size: 12px; line-height: normal; font-family: Helvetica; color: #454545;\">\u00a0<\/p>\n<p class=\"p1\" style=\"margin: 0px; text-align: justify; font-variant-numeric: normal; font-variant-east-asian: normal; font-stretch: normal; font-size: 12px; line-height: normal; font-family: Helvetica; color: #454545;\">Es tipo de trabajos permite que las mujeres administren mejor su tiempo, y por ende puedan realizar m\u00e1s actividades durante el d\u00eda o aprovechar m\u00e1s momentos en compa\u00f1\u00eda de su familia o amigos, ya que muchas de ellas son la cabeza del hogar, madres y estudiantes<strong>.<\/strong><\/p>\n<p class=\"p1\" style=\"margin: 0px; text-align: justify; font-variant-numeric: normal; font-variant-east-asian: normal; font-stretch: normal; font-size: 12px; line-height: normal; font-family: Helvetica; color: #454545;\">\u00a0<\/p>\n<p class=\"p1\" style=\"margin: 0px; text-align: justify; font-variant-numeric: normal; font-variant-east-asian: normal; font-stretch: normal; font-size: 12px; line-height: normal; font-family: Helvetica; color: #454545;\">Para Piero Mercado, gerente comercial de Crosland Automotriz, esta es una gran oportunidad que deber ser aprovechada por aquellas mujeres que est\u00e1n constantemente buscando la forma de salir adelante y ser independientes.<span> <\/span><\/p>\n<p class=\"p1\" style=\"margin: 0px; text-align: justify; font-variant-numeric: normal; font-variant-east-asian: normal; font-stretch: normal; font-size: 12px; line-height: normal; font-family: Helvetica; color: #454545;\"><span><br \/><\/span><\/p>\n<p class=\"p1\" style=\"margin: 0px; text-align: justify; font-variant-numeric: normal; font-variant-east-asian: normal; font-stretch: normal; font-size: 12px; line-height: normal; font-family: Helvetica; color: #454545;\">\u201cCada vez son m\u00e1s las mujeres que asumen roles laborales que antes se consideraban exclusivos de los hombres, pero en el tiempo actual el mercado est\u00e1 abierto y listo para recibir a aquellas que han logrado romper esos paradigmas y han decidido montarse sobre dos ruedas para llegar m\u00e1s lejos, significando esto una gran avance para la igualdad\u201d, finaliz\u00f3 Mercado.<span> <\/span><\/p>\n<p class=\"p1\" style=\"margin: 0px; text-align: justify; font-variant-numeric: normal; font-variant-east-asian: normal; font-stretch: normal; font-size: 12px; line-height: normal; font-family: Helvetica; color: #454545;\"><span><br \/><\/span><\/p>\n<p class=\"p1\" style=\"margin: 0px; text-align: justify; font-variant-numeric: normal; font-variant-east-asian: normal; font-stretch: normal; font-size: 12px; line-height: normal; font-family: Helvetica; color: #454545;\">Por su parte, Pamela Talledo, brand manager de Discover, cont\u00f3 que es una gran satisfacci\u00f3n que m\u00e1s mujeres opten por manejar moto, pues adem\u00e1s de ser una afici\u00f3n y un medio de transporte pr\u00e1ctico y econ\u00f3mico, es una buena opci\u00f3n de trabajo.<\/p>\n<p class=\"p1\" style=\"margin: 0px; text-align: justify; font-variant-numeric: normal; font-variant-east-asian: normal; font-stretch: normal; font-size: 12px; line-height: normal; font-family: Helvetica; color: #454545;\">\u00a0<\/p>\n<p class=\"p1\" style=\"margin: 0px; text-align: justify; font-variant-numeric: normal; font-variant-east-asian: normal; font-stretch: normal; font-size: 12px; line-height: normal; font-family: Helvetica; color: #454545;\">En ese sentido, recomend\u00f3 a aquellas mujeres que desean iniciarse en el mundo de las dos ruedas a empezar con una moto peque\u00f1a, liviana y f\u00e1cil de manejar, que les permita sentirse c\u00f3modas, seguras y confiadas sobre las pistas.<span> <\/span><\/p>\n<p class=\"p1\" style=\"margin: 0px; text-align: justify; font-variant-numeric: normal; font-variant-east-asian: normal; font-stretch: normal; font-size: 12px; line-height: normal; font-family: Helvetica; color: #454545;\">\u00a0<\/p>\n<p class=\"p1\" style=\"margin: 0px; text-align: justify; font-variant-numeric: normal; font-variant-east-asian: normal; font-stretch: normal; font-size: 12px; line-height: normal; font-family: Helvetica; color: #454545;\"><img decoding=\"async\" src=\"images\/stories\/foto 3.png\" border=\"0\" \/><\/p>\n","protected":false},"excerpt":{"rendered":"<p>(Aeronoticias).-\u00a0Hoy en d\u00eda es com\u00fan ver a mujeres a bordo de una motocicleta, y es que muchas de ellas han dejado de lado los prejuicios y temores, convencidas de que tienen la misma confianza, independencia y destreza que los varones para manejar sobre dos ruedas. Asimismo, la gran facilidad que brinda una moto de trasladarse [&hellip;]<\/p>\n","protected":false},"author":1,"featured_media":0,"comment_status":"open","ping_status":"open","sticky":false,"template":"","format":"standard","meta":{"tdm_status":"","tdm_grid_status":"","footnotes":""},"categories":[35],"tags":[],"class_list":{"0":"post-59550","1":"post","2":"type-post","3":"status-publish","4":"format-standard","6":"category-35"},"yoast_head":"<!-- This site is optimized with the Yoast SEO plugin v25.1 - https:\/\/yoast.com\/wordpress\/plugins\/seo\/ -->\n<title>El uso de la motocicleta como herramienta de trabajo para mujeres<\/title>\n<meta name=\"description\" content=\"Portal de noticias del Per\u00fa sobre el transporte a\u00e9reo, aviaci\u00f3n, turismo, hoteleria, actualidad.\" \/>\n<meta name=\"robots\" content=\"index, follow, max-snippet:-1, max-image-preview:large, max-video-preview:-1\" \/>\n<link rel=\"canonical\" href=\"https:\/\/aeronoticias.com.pe\/noticiero\/27\/el-uso-de-la-motocicleta-como-herramienta-de-trabajo-para-mujeres\/\" \/>\n<meta property=\"og:locale\" content=\"es_ES\" \/>\n<meta property=\"og:type\" content=\"article\" \/>\n<meta property=\"og:title\" content=\"El uso de la motocicleta como herramienta de trabajo para mujeres\" \/>\n<meta property=\"og:description\" content=\"Portal de noticias del Per\u00fa sobre el transporte a\u00e9reo, aviaci\u00f3n, turismo, hoteleria, actualidad.\" \/>\n<meta property=\"og:url\" content=\"https:\/\/aeronoticias.com.pe\/noticiero\/27\/el-uso-de-la-motocicleta-como-herramienta-de-trabajo-para-mujeres\/\" \/>\n<meta property=\"og:site_name\" content=\"Aeronoticias.com.pe\" \/>\n<meta property=\"article:publisher\" content=\"https:\/\/www.facebook.com\/Aeronoticias.com.pe\/\" \/>\n<meta property=\"article:published_time\" content=\"2020-03-18T17:10:45+00:00\" \/>\n<meta name=\"author\" content=\"Redacci\u00f3n Aeronoticias\" \/>\n<meta name=\"twitter:card\" content=\"summary_large_image\" \/>\n<meta name=\"twitter:creator\" content=\"@aeronoticias\" \/>\n<meta name=\"twitter:site\" content=\"@aeronoticias\" \/>\n<meta name=\"twitter:label1\" content=\"Escrito por\" \/>\n\t<meta name=\"twitter:data1\" content=\"Redacci\u00f3n Aeronoticias\" \/>\n\t<meta name=\"twitter:label2\" content=\"Tiempo de lectura\" \/>\n\t<meta name=\"twitter:data2\" content=\"2 minutos\" \/>\n<script type=\"application\/ld+json\" class=\"yoast-schema-graph\">{\"@context\":\"https:\/\/schema.org\",\"@graph\":[{\"@type\":\"WebPage\",\"@id\":\"https:\/\/aeronoticias.com.pe\/noticiero\/27\/el-uso-de-la-motocicleta-como-herramienta-de-trabajo-para-mujeres\/\",\"url\":\"https:\/\/aeronoticias.com.pe\/noticiero\/27\/el-uso-de-la-motocicleta-como-herramienta-de-trabajo-para-mujeres\/\",\"name\":\"El uso de la motocicleta como herramienta de trabajo para mujeres\",\"isPartOf\":{\"@id\":\"https:\/\/aeronoticias.com.pe\/noticiero\/#website\"},\"datePublished\":\"2020-03-18T17:10:45+00:00\",\"author\":{\"@id\":\"https:\/\/aeronoticias.com.pe\/noticiero\/#\/schema\/person\/fc1e5d578f4b62ba1cf7ac2bba1170a0\"},\"description\":\"Portal de noticias del Per\u00fa sobre el transporte a\u00e9reo, aviaci\u00f3n, turismo, hoteleria, actualidad.\",\"breadcrumb\":{\"@id\":\"https:\/\/aeronoticias.com.pe\/noticiero\/27\/el-uso-de-la-motocicleta-como-herramienta-de-trabajo-para-mujeres\/#breadcrumb\"},\"inLanguage\":\"es\",\"potentialAction\":[{\"@type\":\"ReadAction\",\"target\":[\"https:\/\/aeronoticias.com.pe\/noticiero\/27\/el-uso-de-la-motocicleta-como-herramienta-de-trabajo-para-mujeres\/\"]}]},{\"@type\":\"BreadcrumbList\",\"@id\":\"https:\/\/aeronoticias.com.pe\/noticiero\/27\/el-uso-de-la-motocicleta-como-herramienta-de-trabajo-para-mujeres\/#breadcrumb\",\"itemListElement\":[{\"@type\":\"ListItem\",\"position\":1,\"name\":\"Portada\",\"item\":\"https:\/\/aeronoticias.com.pe\/noticiero\/\"},{\"@type\":\"ListItem\",\"position\":2,\"name\":\"El uso de la motocicleta como herramienta de trabajo para mujeres\"}]},{\"@type\":\"WebSite\",\"@id\":\"https:\/\/aeronoticias.com.pe\/noticiero\/#website\",\"url\":\"https:\/\/aeronoticias.com.pe\/noticiero\/\",\"name\":\"Aeronoticias.com.pe\",\"description\":\"Noticias de tranporte aereo, turismo, hoteles, gastronomia, actualidad, internacional\",\"potentialAction\":[{\"@type\":\"SearchAction\",\"target\":{\"@type\":\"EntryPoint\",\"urlTemplate\":\"https:\/\/aeronoticias.com.pe\/noticiero\/?s={search_term_string}\"},\"query-input\":{\"@type\":\"PropertyValueSpecification\",\"valueRequired\":true,\"valueName\":\"search_term_string\"}}],\"inLanguage\":\"es\"},{\"@type\":\"Person\",\"@id\":\"https:\/\/aeronoticias.com.pe\/noticiero\/#\/schema\/person\/fc1e5d578f4b62ba1cf7ac2bba1170a0\",\"name\":\"Redacci\u00f3n Aeronoticias\",\"url\":\"https:\/\/aeronoticias.com.pe\/noticiero\/author\/piloto\/\"}]}<\/script>\n<!-- \/ Yoast SEO plugin. -->","yoast_head_json":{"title":"El uso de la motocicleta como herramienta de trabajo para mujeres","description":"Portal de noticias del Per\u00fa sobre el transporte a\u00e9reo, aviaci\u00f3n, turismo, hoteleria, actualidad.","robots":{"index":"index","follow":"follow","max-snippet":"max-snippet:-1","max-image-preview":"max-image-preview:large","max-video-preview":"max-video-preview:-1"},"canonical":"https:\/\/aeronoticias.com.pe\/noticiero\/27\/el-uso-de-la-motocicleta-como-herramienta-de-trabajo-para-mujeres\/","og_locale":"es_ES","og_type":"article","og_title":"El uso de la motocicleta como herramienta de trabajo para mujeres","og_description":"Portal de noticias del Per\u00fa sobre el transporte a\u00e9reo, aviaci\u00f3n, turismo, hoteleria, actualidad.","og_url":"https:\/\/aeronoticias.com.pe\/noticiero\/27\/el-uso-de-la-motocicleta-como-herramienta-de-trabajo-para-mujeres\/","og_site_name":"Aeronoticias.com.pe","article_publisher":"https:\/\/www.facebook.com\/Aeronoticias.com.pe\/","article_published_time":"2020-03-18T17:10:45+00:00","author":"Redacci\u00f3n Aeronoticias","twitter_card":"summary_large_image","twitter_creator":"@aeronoticias","twitter_site":"@aeronoticias","twitter_misc":{"Escrito por":"Redacci\u00f3n Aeronoticias","Tiempo de lectura":"2 minutos"},"schema":{"@context":"https:\/\/schema.org","@graph":[{"@type":"WebPage","@id":"https:\/\/aeronoticias.com.pe\/noticiero\/27\/el-uso-de-la-motocicleta-como-herramienta-de-trabajo-para-mujeres\/","url":"https:\/\/aeronoticias.com.pe\/noticiero\/27\/el-uso-de-la-motocicleta-como-herramienta-de-trabajo-para-mujeres\/","name":"El uso de la motocicleta como herramienta de trabajo para mujeres","isPartOf":{"@id":"https:\/\/aeronoticias.com.pe\/noticiero\/#website"},"datePublished":"2020-03-18T17:10:45+00:00","author":{"@id":"https:\/\/aeronoticias.com.pe\/noticiero\/#\/schema\/person\/fc1e5d578f4b62ba1cf7ac2bba1170a0"},"description":"Portal de noticias del Per\u00fa sobre el transporte a\u00e9reo, aviaci\u00f3n, turismo, hoteleria, actualidad.","breadcrumb":{"@id":"https:\/\/aeronoticias.com.pe\/noticiero\/27\/el-uso-de-la-motocicleta-como-herramienta-de-trabajo-para-mujeres\/#breadcrumb"},"inLanguage":"es","potentialAction":[{"@type":"ReadAction","target":["https:\/\/aeronoticias.com.pe\/noticiero\/27\/el-uso-de-la-motocicleta-como-herramienta-de-trabajo-para-mujeres\/"]}]},{"@type":"BreadcrumbList","@id":"https:\/\/aeronoticias.com.pe\/noticiero\/27\/el-uso-de-la-motocicleta-como-herramienta-de-trabajo-para-mujeres\/#breadcrumb","itemListElement":[{"@type":"ListItem","position":1,"name":"Portada","item":"https:\/\/aeronoticias.com.pe\/noticiero\/"},{"@type":"ListItem","position":2,"name":"El uso de la motocicleta como herramienta de trabajo para mujeres"}]},{"@type":"WebSite","@id":"https:\/\/aeronoticias.com.pe\/noticiero\/#website","url":"https:\/\/aeronoticias.com.pe\/noticiero\/","name":"Aeronoticias.com.pe","description":"Noticias de tranporte aereo, turismo, hoteles, gastronomia, actualidad, internacional","potentialAction":[{"@type":"SearchAction","target":{"@type":"EntryPoint","urlTemplate":"https:\/\/aeronoticias.com.pe\/noticiero\/?s={search_term_string}"},"query-input":{"@type":"PropertyValueSpecification","valueRequired":true,"valueName":"search_term_string"}}],"inLanguage":"es"},{"@type":"Person","@id":"https:\/\/aeronoticias.com.pe\/noticiero\/#\/schema\/person\/fc1e5d578f4b62ba1cf7ac2bba1170a0","name":"Redacci\u00f3n Aeronoticias","url":"https:\/\/aeronoticias.com.pe\/noticiero\/author\/piloto\/"}]}},"_links":{"self":[{"href":"https:\/\/aeronoticias.com.pe\/noticiero\/wp-json\/wp\/v2\/posts\/59550","targetHints":{"allow":["GET"]}}],"collection":[{"href":"https:\/\/aeronoticias.com.pe\/noticiero\/wp-json\/wp\/v2\/posts"}],"about":[{"href":"https:\/\/aeronoticias.com.pe\/noticiero\/wp-json\/wp\/v2\/types\/post"}],"author":[{"embeddable":true,"href":"https:\/\/aeronoticias.com.pe\/noticiero\/wp-json\/wp\/v2\/users\/1"}],"replies":[{"embeddable":true,"href":"https:\/\/aeronoticias.com.pe\/noticiero\/wp-json\/wp\/v2\/comments?post=59550"}],"version-history":[{"count":0,"href":"https:\/\/aeronoticias.com.pe\/noticiero\/wp-json\/wp\/v2\/posts\/59550\/revisions"}],"wp:attachment":[{"href":"https:\/\/aeronoticias.com.pe\/noticiero\/wp-json\/wp\/v2\/media?parent=59550"}],"wp:term":[{"taxonomy":"category","embeddable":true,"href":"https:\/\/aeronoticias.com.pe\/noticiero\/wp-json\/wp\/v2\/categories?post=59550"},{"taxonomy":"post_tag","embeddable":true,"href":"https:\/\/aeronoticias.com.pe\/noticiero\/wp-json\/wp\/v2\/tags?post=59550"}],"curies":[{"name":"wp","href":"https:\/\/api.w.org\/{rel}","templated":true}]}}