{"id":59553,"date":"2020-03-18T17:31:34","date_gmt":"2020-03-18T17:31:34","guid":{"rendered":"http:\/\/desarrollo.mcvicious.com\/aero2020\/2020\/03\/18\/norwegian-se-dispara-en-bolsa-ante-la-posibilidad-de-una-nacionalizacion\/"},"modified":"2020-11-08T22:24:24","modified_gmt":"2020-11-09T03:24:24","slug":"norwegian-se-dispara-en-bolsa-ante-la-posibilidad-de-una-nacionalizacion","status":"publish","type":"post","link":"https:\/\/aeronoticias.com.pe\/noticiero\/transporte-aereo\/internacional\/norwegian-se-dispara-en-bolsa-ante-la-posibilidad-de-una-nacionalizacion\/","title":{"rendered":"Norwegian se dispara en Bolsa ante la posibilidad de una nacionalizaci\u00f3n"},"content":{"rendered":"\n<p>La prensa escandinava habla de \u201cnegociaciones informales\u201d sobre una posible entrada en el capital del Estado en la aerol\u00ednea, que ha anunciado un ERE temporal para el 90% de su plantilla.<\/p>\n\n\n\n<p class=\"p1\">La aerol\u00ednea<strong> Norwegian Air Shuttle<\/strong> sube esta ma\u00f1ana m\u00e1s de un 20% por la posibilidad de que el Estado noruego pueda entrar en el capital y nacionalizarla parcial o totalmente. Su capitalizaci\u00f3n actual es de apenas 125 millones de euros al cambio.<\/p>\n\n\n\n<p class=\"p1\">Esta evoluci\u00f3n contrasta con el nuevo desplome de IAG. El h\u00f3lding de British Airways, Iberia, Vueling y Level vuelve a ser el que m\u00e1s cae del Ibex y a media ma\u00f1ana se deja casi un 8%.<\/p>\n\n\n\n<p class=\"p1\">La agencia NTB ha informado esta ma\u00f1ana de que existen \u201cnegociaciones informales\u201d referidas a la compra de acciones en Norwegian como una posible alternativa para asegurar la supervivencia de la aerol\u00ednea.<\/p>\n\n\n\n<p class=\"p1\">\u201cLa principal pol\u00edtica de SV no pasa por comprar aerol\u00edneas, pero estamos analiz\u00e1ndolo seriamente para asegurar empleos y una importante infraestructura\u201d, ha asegurado un portavoz del Sosialistisk Venstreparti (SV), formaci\u00f3n pol\u00edtica que est\u00e1 en la oposici\u00f3n, informa el portal e24. La decisi\u00f3n deber\u00eda contar con un amplio apoyo parlamentario, de ah\u00ed que la informaci\u00f3n haya surgido de un partido fuera del Gobierno de Erna Solberg.<\/p>\n\n\n\n<p class=\"p1\">El director de informaci\u00f3n de Norwegian, Lasse Sandaker-Nielsen, ha afirmado: \u201cNo queremos entrar en un debate con representantes de las autoridades que han sido, afortunadamente, claros en que lo que quieren es asegurar infraestructuras cr\u00edticas de Noruega, la creaci\u00f3n de valor y el empleo en el futuro\u201d.<\/p>\n\n\n\n<p class=\"p1\">Noruega ha sido uno de los pa\u00edses que ha reaccionado de forma m\u00e1s r\u00e1pida ante la crisis del coronavirus. El pasado viernes, de hecho, aprob\u00f3 medidas por 100.000 millones de coronas (9.000 millones de euros).<\/p>\n\n\n\n<p class=\"p1\">Norwegian es una de las aerol\u00edneas m\u00e1s tocadas por la crisis del Covid-19 y a la que los analistas se\u00f1alan como la m\u00e1s d\u00e9bil, tras la quiebra de la brit\u00e1nica Flybe. De hecho, la compa\u00f1\u00eda reconoci\u00f3 la semana pasada que estaba al borde de la quiebra.<\/p>\n\n\n\n<p class=\"p1\"><strong>ERTE que afecta a Espa\u00f1a<\/strong><\/p>\n\n\n\n<p class=\"p1\">La compa\u00f1\u00eda ha anunciado un expediente de regulaci\u00f3n temporal de empleo (ERTE) para 7.300 personas, el 90% de la plantilla, que afectar\u00eda en la misma proporci\u00f3n a los 2.200 empleados que el grupo tiene en Espa\u00f1a.<\/p>\n\n\n\n<p class=\"p1\">Norwegian suspender\u00e1 el 85% de sus operaciones a partir del 21 de marzo. En Espa\u00f1a apenas tendr\u00e1 actividad y ha dejar\u00e1 de operar todos sus vuelos intercontinentales desde Barcelona y Madrid.<\/p>\n\n\n\n<p class=\"p1\">Las tres principales alianzas de aerol\u00edneas del mundo exigieron ayer una intervenci\u00f3n decidida de los gobiernos y de sus accionistas para evitar que la mayor\u00eda de compa\u00f1\u00edas del sector quiebre antes de finales de mayo ante el desplome generalizado de las reservas.<\/p>\n\n\n\n<p class=\"p1\">Fuente: <span style=\"text-decoration: underline;\"><em><strong>Expansi\u00f3n<\/strong><\/em><\/span>.<\/p>\n","protected":false},"excerpt":{"rendered":"<p>La prensa escandinava habla de \u201cnegociaciones informales\u201d sobre una posible entrada en el capital del Estado en la aerol\u00ednea, que ha anunciado un ERE temporal para el 90% de su plantilla. La aerol\u00ednea Norwegian Air Shuttle sube esta ma\u00f1ana m\u00e1s de un 20% por la posibilidad de que el Estado noruego pueda entrar en el [&hellip;]<\/p>\n","protected":false},"author":1,"featured_media":64709,"comment_status":"open","ping_status":"open","sticky":false,"template":"","format":"standard","meta":{"tdm_status":"","tdm_grid_status":"","footnotes":""},"categories":[32,11],"tags":[456,270,298,545],"class_list":{"0":"post-59553","1":"post","2":"type-post","3":"status-publish","4":"format-standard","5":"has-post-thumbnail","7":"category-internacional","8":"category-transporte-aereo","9":"tag-barcelona","10":"tag-madrid","11":"tag-norwegian","12":"tag-norwegian-air-shuttle"},"yoast_head":"<!-- This site is optimized with the Yoast SEO plugin v25.1 - https:\/\/yoast.com\/wordpress\/plugins\/seo\/ -->\n<title>Norwegian se dispara en Bolsa ante la posibilidad de una nacionalizaci\u00f3n<\/title>\n<meta name=\"description\" content=\"La prensa escandinava habla de \u201cnegociaciones informales\u201d sobre una posible entrada en el capital del Estado en la aerol\u00ednea, que ha anunciado un ERE temporal para el 90% de su plantilla.\" \/>\n<meta name=\"robots\" content=\"index, follow, max-snippet:-1, max-image-preview:large, max-video-preview:-1\" \/>\n<link rel=\"canonical\" href=\"https:\/\/aeronoticias.com.pe\/noticiero\/transporte-aereo\/internacional\/norwegian-se-dispara-en-bolsa-ante-la-posibilidad-de-una-nacionalizacion\/\" \/>\n<meta property=\"og:locale\" content=\"es_ES\" \/>\n<meta property=\"og:type\" content=\"article\" \/>\n<meta property=\"og:title\" content=\"Norwegian se dispara en Bolsa ante la posibilidad de una nacionalizaci\u00f3n\" \/>\n<meta property=\"og:description\" content=\"La prensa escandinava habla de \u201cnegociaciones informales\u201d sobre una posible entrada en el capital del Estado en la aerol\u00ednea, que ha anunciado un ERE temporal para el 90% de su plantilla.\" \/>\n<meta property=\"og:url\" content=\"https:\/\/aeronoticias.com.pe\/noticiero\/transporte-aereo\/internacional\/norwegian-se-dispara-en-bolsa-ante-la-posibilidad-de-una-nacionalizacion\/\" \/>\n<meta property=\"og:site_name\" content=\"Aeronoticias.com.pe\" \/>\n<meta property=\"article:publisher\" content=\"https:\/\/www.facebook.com\/Aeronoticias.com.pe\/\" \/>\n<meta property=\"article:published_time\" content=\"2020-03-18T17:31:34+00:00\" \/>\n<meta property=\"article:modified_time\" content=\"2020-11-09T03:24:24+00:00\" \/>\n<meta property=\"og:image\" content=\"https:\/\/aeronoticias.com.pe\/noticiero\/wp-content\/uploads\/2020\/03\/Norwegian-Air-Shuttle.jpg\" \/>\n\t<meta property=\"og:image:width\" content=\"311\" \/>\n\t<meta property=\"og:image:height\" content=\"162\" \/>\n\t<meta property=\"og:image:type\" content=\"image\/jpeg\" \/>\n<meta name=\"author\" content=\"Redacci\u00f3n Aeronoticias\" \/>\n<meta name=\"twitter:card\" content=\"summary_large_image\" \/>\n<meta name=\"twitter:creator\" content=\"@aeronoticias\" \/>\n<meta name=\"twitter:site\" content=\"@aeronoticias\" \/>\n<meta name=\"twitter:label1\" content=\"Escrito por\" \/>\n\t<meta name=\"twitter:data1\" content=\"Redacci\u00f3n Aeronoticias\" \/>\n\t<meta name=\"twitter:label2\" content=\"Tiempo de lectura\" \/>\n\t<meta name=\"twitter:data2\" content=\"2 minutos\" \/>\n<script type=\"application\/ld+json\" class=\"yoast-schema-graph\">{\"@context\":\"https:\/\/schema.org\",\"@graph\":[{\"@type\":\"WebPage\",\"@id\":\"https:\/\/aeronoticias.com.pe\/noticiero\/transporte-aereo\/internacional\/norwegian-se-dispara-en-bolsa-ante-la-posibilidad-de-una-nacionalizacion\/\",\"url\":\"https:\/\/aeronoticias.com.pe\/noticiero\/transporte-aereo\/internacional\/norwegian-se-dispara-en-bolsa-ante-la-posibilidad-de-una-nacionalizacion\/\",\"name\":\"Norwegian se dispara en Bolsa ante la posibilidad de una nacionalizaci\u00f3n\",\"isPartOf\":{\"@id\":\"https:\/\/aeronoticias.com.pe\/noticiero\/#website\"},\"primaryImageOfPage\":{\"@id\":\"https:\/\/aeronoticias.com.pe\/noticiero\/transporte-aereo\/internacional\/norwegian-se-dispara-en-bolsa-ante-la-posibilidad-de-una-nacionalizacion\/#primaryimage\"},\"image\":{\"@id\":\"https:\/\/aeronoticias.com.pe\/noticiero\/transporte-aereo\/internacional\/norwegian-se-dispara-en-bolsa-ante-la-posibilidad-de-una-nacionalizacion\/#primaryimage\"},\"thumbnailUrl\":\"https:\/\/aeronoticias.com.pe\/noticiero\/wp-content\/uploads\/2020\/03\/Norwegian-Air-Shuttle.jpg\",\"datePublished\":\"2020-03-18T17:31:34+00:00\",\"dateModified\":\"2020-11-09T03:24:24+00:00\",\"author\":{\"@id\":\"https:\/\/aeronoticias.com.pe\/noticiero\/#\/schema\/person\/fc1e5d578f4b62ba1cf7ac2bba1170a0\"},\"description\":\"La prensa escandinava habla de \u201cnegociaciones informales\u201d sobre una posible entrada en el capital del Estado en la aerol\u00ednea, que ha anunciado un ERE temporal para el 90% de su plantilla.\",\"breadcrumb\":{\"@id\":\"https:\/\/aeronoticias.com.pe\/noticiero\/transporte-aereo\/internacional\/norwegian-se-dispara-en-bolsa-ante-la-posibilidad-de-una-nacionalizacion\/#breadcrumb\"},\"inLanguage\":\"es\",\"potentialAction\":[{\"@type\":\"ReadAction\",\"target\":[\"https:\/\/aeronoticias.com.pe\/noticiero\/transporte-aereo\/internacional\/norwegian-se-dispara-en-bolsa-ante-la-posibilidad-de-una-nacionalizacion\/\"]}]},{\"@type\":\"ImageObject\",\"inLanguage\":\"es\",\"@id\":\"https:\/\/aeronoticias.com.pe\/noticiero\/transporte-aereo\/internacional\/norwegian-se-dispara-en-bolsa-ante-la-posibilidad-de-una-nacionalizacion\/#primaryimage\",\"url\":\"https:\/\/aeronoticias.com.pe\/noticiero\/wp-content\/uploads\/2020\/03\/Norwegian-Air-Shuttle.jpg\",\"contentUrl\":\"https:\/\/aeronoticias.com.pe\/noticiero\/wp-content\/uploads\/2020\/03\/Norwegian-Air-Shuttle.jpg\",\"width\":311,\"height\":162},{\"@type\":\"BreadcrumbList\",\"@id\":\"https:\/\/aeronoticias.com.pe\/noticiero\/transporte-aereo\/internacional\/norwegian-se-dispara-en-bolsa-ante-la-posibilidad-de-una-nacionalizacion\/#breadcrumb\",\"itemListElement\":[{\"@type\":\"ListItem\",\"position\":1,\"name\":\"Portada\",\"item\":\"https:\/\/aeronoticias.com.pe\/noticiero\/\"},{\"@type\":\"ListItem\",\"position\":2,\"name\":\"Norwegian se dispara en Bolsa ante la posibilidad de una nacionalizaci\u00f3n\"}]},{\"@type\":\"WebSite\",\"@id\":\"https:\/\/aeronoticias.com.pe\/noticiero\/#website\",\"url\":\"https:\/\/aeronoticias.com.pe\/noticiero\/\",\"name\":\"Aeronoticias.com.pe\",\"description\":\"Noticias de tranporte aereo, turismo, hoteles, gastronomia, actualidad, internacional\",\"potentialAction\":[{\"@type\":\"SearchAction\",\"target\":{\"@type\":\"EntryPoint\",\"urlTemplate\":\"https:\/\/aeronoticias.com.pe\/noticiero\/?s={search_term_string}\"},\"query-input\":{\"@type\":\"PropertyValueSpecification\",\"valueRequired\":true,\"valueName\":\"search_term_string\"}}],\"inLanguage\":\"es\"},{\"@type\":\"Person\",\"@id\":\"https:\/\/aeronoticias.com.pe\/noticiero\/#\/schema\/person\/fc1e5d578f4b62ba1cf7ac2bba1170a0\",\"name\":\"Redacci\u00f3n Aeronoticias\",\"url\":\"https:\/\/aeronoticias.com.pe\/noticiero\/author\/piloto\/\"}]}<\/script>\n<!-- \/ Yoast SEO plugin. -->","yoast_head_json":{"title":"Norwegian se dispara en Bolsa ante la posibilidad de una nacionalizaci\u00f3n","description":"La prensa escandinava habla de \u201cnegociaciones informales\u201d sobre una posible entrada en el capital del Estado en la aerol\u00ednea, que ha anunciado un ERE temporal para el 90% de su plantilla.","robots":{"index":"index","follow":"follow","max-snippet":"max-snippet:-1","max-image-preview":"max-image-preview:large","max-video-preview":"max-video-preview:-1"},"canonical":"https:\/\/aeronoticias.com.pe\/noticiero\/transporte-aereo\/internacional\/norwegian-se-dispara-en-bolsa-ante-la-posibilidad-de-una-nacionalizacion\/","og_locale":"es_ES","og_type":"article","og_title":"Norwegian se dispara en Bolsa ante la posibilidad de una nacionalizaci\u00f3n","og_description":"La prensa escandinava habla de \u201cnegociaciones informales\u201d sobre una posible entrada en el capital del Estado en la aerol\u00ednea, que ha anunciado un ERE temporal para el 90% de su plantilla.","og_url":"https:\/\/aeronoticias.com.pe\/noticiero\/transporte-aereo\/internacional\/norwegian-se-dispara-en-bolsa-ante-la-posibilidad-de-una-nacionalizacion\/","og_site_name":"Aeronoticias.com.pe","article_publisher":"https:\/\/www.facebook.com\/Aeronoticias.com.pe\/","article_published_time":"2020-03-18T17:31:34+00:00","article_modified_time":"2020-11-09T03:24:24+00:00","og_image":[{"width":311,"height":162,"url":"https:\/\/aeronoticias.com.pe\/noticiero\/wp-content\/uploads\/2020\/03\/Norwegian-Air-Shuttle.jpg","type":"image\/jpeg"}],"author":"Redacci\u00f3n Aeronoticias","twitter_card":"summary_large_image","twitter_creator":"@aeronoticias","twitter_site":"@aeronoticias","twitter_misc":{"Escrito por":"Redacci\u00f3n Aeronoticias","Tiempo de lectura":"2 minutos"},"schema":{"@context":"https:\/\/schema.org","@graph":[{"@type":"WebPage","@id":"https:\/\/aeronoticias.com.pe\/noticiero\/transporte-aereo\/internacional\/norwegian-se-dispara-en-bolsa-ante-la-posibilidad-de-una-nacionalizacion\/","url":"https:\/\/aeronoticias.com.pe\/noticiero\/transporte-aereo\/internacional\/norwegian-se-dispara-en-bolsa-ante-la-posibilidad-de-una-nacionalizacion\/","name":"Norwegian se dispara en Bolsa ante la posibilidad de una nacionalizaci\u00f3n","isPartOf":{"@id":"https:\/\/aeronoticias.com.pe\/noticiero\/#website"},"primaryImageOfPage":{"@id":"https:\/\/aeronoticias.com.pe\/noticiero\/transporte-aereo\/internacional\/norwegian-se-dispara-en-bolsa-ante-la-posibilidad-de-una-nacionalizacion\/#primaryimage"},"image":{"@id":"https:\/\/aeronoticias.com.pe\/noticiero\/transporte-aereo\/internacional\/norwegian-se-dispara-en-bolsa-ante-la-posibilidad-de-una-nacionalizacion\/#primaryimage"},"thumbnailUrl":"https:\/\/aeronoticias.com.pe\/noticiero\/wp-content\/uploads\/2020\/03\/Norwegian-Air-Shuttle.jpg","datePublished":"2020-03-18T17:31:34+00:00","dateModified":"2020-11-09T03:24:24+00:00","author":{"@id":"https:\/\/aeronoticias.com.pe\/noticiero\/#\/schema\/person\/fc1e5d578f4b62ba1cf7ac2bba1170a0"},"description":"La prensa escandinava habla de \u201cnegociaciones informales\u201d sobre una posible entrada en el capital del Estado en la aerol\u00ednea, que ha anunciado un ERE temporal para el 90% de su plantilla.","breadcrumb":{"@id":"https:\/\/aeronoticias.com.pe\/noticiero\/transporte-aereo\/internacional\/norwegian-se-dispara-en-bolsa-ante-la-posibilidad-de-una-nacionalizacion\/#breadcrumb"},"inLanguage":"es","potentialAction":[{"@type":"ReadAction","target":["https:\/\/aeronoticias.com.pe\/noticiero\/transporte-aereo\/internacional\/norwegian-se-dispara-en-bolsa-ante-la-posibilidad-de-una-nacionalizacion\/"]}]},{"@type":"ImageObject","inLanguage":"es","@id":"https:\/\/aeronoticias.com.pe\/noticiero\/transporte-aereo\/internacional\/norwegian-se-dispara-en-bolsa-ante-la-posibilidad-de-una-nacionalizacion\/#primaryimage","url":"https:\/\/aeronoticias.com.pe\/noticiero\/wp-content\/uploads\/2020\/03\/Norwegian-Air-Shuttle.jpg","contentUrl":"https:\/\/aeronoticias.com.pe\/noticiero\/wp-content\/uploads\/2020\/03\/Norwegian-Air-Shuttle.jpg","width":311,"height":162},{"@type":"BreadcrumbList","@id":"https:\/\/aeronoticias.com.pe\/noticiero\/transporte-aereo\/internacional\/norwegian-se-dispara-en-bolsa-ante-la-posibilidad-de-una-nacionalizacion\/#breadcrumb","itemListElement":[{"@type":"ListItem","position":1,"name":"Portada","item":"https:\/\/aeronoticias.com.pe\/noticiero\/"},{"@type":"ListItem","position":2,"name":"Norwegian se dispara en Bolsa ante la posibilidad de una nacionalizaci\u00f3n"}]},{"@type":"WebSite","@id":"https:\/\/aeronoticias.com.pe\/noticiero\/#website","url":"https:\/\/aeronoticias.com.pe\/noticiero\/","name":"Aeronoticias.com.pe","description":"Noticias de tranporte aereo, turismo, hoteles, gastronomia, actualidad, internacional","potentialAction":[{"@type":"SearchAction","target":{"@type":"EntryPoint","urlTemplate":"https:\/\/aeronoticias.com.pe\/noticiero\/?s={search_term_string}"},"query-input":{"@type":"PropertyValueSpecification","valueRequired":true,"valueName":"search_term_string"}}],"inLanguage":"es"},{"@type":"Person","@id":"https:\/\/aeronoticias.com.pe\/noticiero\/#\/schema\/person\/fc1e5d578f4b62ba1cf7ac2bba1170a0","name":"Redacci\u00f3n Aeronoticias","url":"https:\/\/aeronoticias.com.pe\/noticiero\/author\/piloto\/"}]}},"_links":{"self":[{"href":"https:\/\/aeronoticias.com.pe\/noticiero\/wp-json\/wp\/v2\/posts\/59553","targetHints":{"allow":["GET"]}}],"collection":[{"href":"https:\/\/aeronoticias.com.pe\/noticiero\/wp-json\/wp\/v2\/posts"}],"about":[{"href":"https:\/\/aeronoticias.com.pe\/noticiero\/wp-json\/wp\/v2\/types\/post"}],"author":[{"embeddable":true,"href":"https:\/\/aeronoticias.com.pe\/noticiero\/wp-json\/wp\/v2\/users\/1"}],"replies":[{"embeddable":true,"href":"https:\/\/aeronoticias.com.pe\/noticiero\/wp-json\/wp\/v2\/comments?post=59553"}],"version-history":[{"count":0,"href":"https:\/\/aeronoticias.com.pe\/noticiero\/wp-json\/wp\/v2\/posts\/59553\/revisions"}],"wp:featuredmedia":[{"embeddable":true,"href":"https:\/\/aeronoticias.com.pe\/noticiero\/wp-json\/wp\/v2\/media\/64709"}],"wp:attachment":[{"href":"https:\/\/aeronoticias.com.pe\/noticiero\/wp-json\/wp\/v2\/media?parent=59553"}],"wp:term":[{"taxonomy":"category","embeddable":true,"href":"https:\/\/aeronoticias.com.pe\/noticiero\/wp-json\/wp\/v2\/categories?post=59553"},{"taxonomy":"post_tag","embeddable":true,"href":"https:\/\/aeronoticias.com.pe\/noticiero\/wp-json\/wp\/v2\/tags?post=59553"}],"curies":[{"name":"wp","href":"https:\/\/api.w.org\/{rel}","templated":true}]}}