{"id":59556,"date":"2020-03-19T20:21:13","date_gmt":"2020-03-19T20:21:13","guid":{"rendered":"http:\/\/desarrollo.mcvicious.com\/aero2020\/2020\/03\/19\/grupo-lufthansa-dejara-en-tierra-700-de-sus-763-aviones-hasta-el-19-de-abril\/"},"modified":"2020-03-19T20:21:13","modified_gmt":"2020-03-19T20:21:13","slug":"grupo-lufthansa-dejara-en-tierra-700-de-sus-763-aviones-hasta-el-19-de-abril","status":"publish","type":"post","link":"https:\/\/aeronoticias.com.pe\/noticiero\/internacionales\/grupo-lufthansa-dejara-en-tierra-700-de-sus-763-aviones-hasta-el-19-de-abril\/","title":{"rendered":"Grupo Lufthansa dejar\u00e1 en tierra 700 de sus 763 aviones hasta el 19 de abril"},"content":{"rendered":"<p style=\"text-align: justify;\"><strong>(Aeronoticias).<\/strong>&#8211;\u00a0<span style=\"color: #454545; font-family: Helvetica; font-size: 12px;\">El mayor holding europeo de aerol\u00edneas, Lufthansa Group, se ve incapacitado para establecer estimaciones operativas o econ\u00f3micas para este a\u00f1o ante la incertidumbre generada por el coronavirus. <\/span><\/p>\n<p style=\"text-align: justify;\"><span style=\"color: #454545; font-family: Helvetica; font-size: 12px;\">Como es regla com\u00fan en todo el sector se act\u00faa al minuto y a la defensiva ante el derrumbamiento de las reservas y las prohibiciones de vuelo. La compa\u00f1\u00eda, que agrupa a Lufthansa, Eurowings, Swiss, Austrian Airlines, Brussels Airlines y Edelweiss, ha develado esta ma\u00f1ana, en el marco de la presentaci\u00f3n de los resultados de 2019, que tiene parados 700 de sus 763 aviones.<\/span><\/p>\n<p class=\"p1\" style=\"margin: 0px; font-variant-numeric: normal; font-variant-east-asian: normal; font-stretch: normal; font-size: 12px; line-height: normal; font-family: Helvetica; color: #454545; text-align: justify;\">El grupo solo mantiene un 5% de sus vuelos regulares, adem\u00e1s de contadas operaciones para repatriar ciudadanos. \u201cLa propagaci\u00f3n del coronavirus ha llevado a la econom\u00eda mundial y a nuestra empresa a un estado de excepci\u00f3n hasta ahora desconocido\u201d, ha declarado el presidente del holding, Carsten Spohr, \u201ctenemos que contrarrestar esta situaci\u00f3n extraordinaria con medidas dr\u00e1sticas y, a veces, dolorosas\u201d.<\/p>\n<p class=\"p1\" style=\"margin: 0px; font-variant-numeric: normal; font-variant-east-asian: normal; font-stretch: normal; font-size: 12px; line-height: normal; font-family: Helvetica; color: #454545; text-align: justify;\">\u00a0<\/p>\n<p class=\"p1\" style=\"margin: 0px; font-variant-numeric: normal; font-variant-east-asian: normal; font-stretch: normal; font-size: 12px; line-height: normal; font-family: Helvetica; color: #454545; text-align: justify;\">Otros gigantes de la aviaci\u00f3n europea tambi\u00e9n, como Ryanair o Easyjet, tambi\u00e9n se plantean dejar sus flotas en los aeropuertos a la espera de que remita la pandemia.<\/p>\n<p class=\"p1\" style=\"margin: 0px; font-variant-numeric: normal; font-variant-east-asian: normal; font-stretch: normal; font-size: 12px; line-height: normal; font-family: Helvetica; color: #454545; text-align: justify;\">\u00a0<\/p>\n<p class=\"p1\" style=\"margin: 0px; font-variant-numeric: normal; font-variant-east-asian: normal; font-stretch: normal; font-size: 12px; line-height: normal; font-family: Helvetica; color: #454545; text-align: justify;\"><strong>Salvavidas estatal<\/strong><\/p>\n<p class=\"p1\" style=\"margin: 0px; font-variant-numeric: normal; font-variant-east-asian: normal; font-stretch: normal; font-size: 12px; line-height: normal; font-family: Helvetica; color: #454545; text-align: justify;\">El primer ejecutivo de Lufthansa ha hecho suyo esta ma\u00f1ana un mensaje ya global en el sector a\u00e9reo, el de la petici\u00f3n de ayudas estatales para que las aerol\u00edneas puedan soportar una crisis sin precedentes y con consecuencias a\u00fan por determinar.<\/p>\n<p class=\"p1\" style=\"margin: 0px; font-variant-numeric: normal; font-variant-east-asian: normal; font-stretch: normal; font-size: 12px; line-height: normal; font-family: Helvetica; color: #454545; text-align: justify;\">\u00a0<\/p>\n<p class=\"p1\" style=\"margin: 0px; font-variant-numeric: normal; font-variant-east-asian: normal; font-stretch: normal; font-size: 12px; line-height: normal; font-family: Helvetica; color: #454545; text-align: justify;\">Las grandes compa\u00f1\u00edas europeas guardan un total de 26.000 millones en la caja para afrontar este tsunami que arrasa el negocio, pero aerol\u00edneas independientes est\u00e1n expuestas a quiebras inminentes. Desde Iata se estima que tres cuartas partes del sector apenas aguantar\u00e1 tres meses con sus niveles de efectivo.<\/p>\n<p class=\"p1\" style=\"margin: 0px; font-variant-numeric: normal; font-variant-east-asian: normal; font-stretch: normal; font-size: 12px; line-height: normal; font-family: Helvetica; color: #454545; text-align: justify;\">\u00a0<\/p>\n<p class=\"p1\" style=\"margin: 0px; font-variant-numeric: normal; font-variant-east-asian: normal; font-stretch: normal; font-size: 12px; line-height: normal; font-family: Helvetica; color: #454545; text-align: justify;\">Lufthansa tambi\u00e9n ha activado vuelos espec\u00edficos para atender el transporte de carga y evitar la inanici\u00f3n de las cadenas de suministro.<\/p>\n<p class=\"p1\" style=\"margin: 0px; font-variant-numeric: normal; font-variant-east-asian: normal; font-stretch: normal; font-size: 12px; line-height: normal; font-family: Helvetica; color: #454545; text-align: justify;\">\u00a0<\/p>\n<p class=\"p1\" style=\"margin: 0px; font-variant-numeric: normal; font-variant-east-asian: normal; font-stretch: normal; font-size: 12px; line-height: normal; font-family: Helvetica; color: #454545; text-align: justify;\">Respeto al plan de ajustes, tras el anuncio de la cancelaci\u00f3n del dividendo el grupo asegura que est\u00e1 implantando medidas de ahorro y el citado tijeretazo a la producci\u00f3n.<\/p>\n<p class=\"p3\" style=\"margin: 0px; font-variant-numeric: normal; font-variant-east-asian: normal; font-stretch: normal; font-size: 12px; line-height: normal; font-family: Helvetica; color: #454545; min-height: 14px; text-align: justify;\">\u00a0<\/p>\n<p class=\"p1\" style=\"margin: 0px; font-variant-numeric: normal; font-variant-east-asian: normal; font-stretch: normal; font-size: 12px; line-height: normal; font-family: Helvetica; color: #454545; text-align: justify;\"><strong>Desplome del beneficio en 2019<\/strong><\/p>\n<p class=\"p1\" style=\"margin: 0px; font-variant-numeric: normal; font-variant-east-asian: normal; font-stretch: normal; font-size: 12px; line-height: normal; font-family: Helvetica; color: #454545; text-align: justify;\">Lufthansa cerr\u00f3 2019 afectada por un enfriamiento de la demanda y un alza de 600 millones en el coste por combustible. Los ingresos del grupo aumentaron en un 2,5%, hasta los 36.400 millones, mientras que ajustado alcanz\u00f3 2.000 millones. El margen de ebit ajustado fue del 5,6% frente al 8% de 2018. El beneficio neto consolidado cay\u00f3 un 44%, hasta los 1.200 millones de euros (2.200 millones de euros en 2018).<\/p>\n<p class=\"p1\" style=\"margin: 0px; font-variant-numeric: normal; font-variant-east-asian: normal; font-stretch: normal; font-size: 12px; line-height: normal; font-family: Helvetica; color: #454545; text-align: justify;\">\u00a0<\/p>\n<p class=\"p1\" style=\"margin: 0px; font-variant-numeric: normal; font-variant-east-asian: normal; font-stretch: normal; font-size: 12px; line-height: normal; font-family: Helvetica; color: #454545; text-align: justify;\">Los ingresos unitarios de las aerol\u00edneas del grupo cayeron un 2,5%, ajustados por los efectos del tipo de cambio, \u201cdebido a la sobrecapacidad en los mercados de origen del Grupo Lufthansa\u201d, explica la empresa. Al mismo tiempo, los costes unitarios ajustados por los efectos del combustible y la moneda se redujeron en un 1,5% en 2019.<\/p>\n<p class=\"p1\" style=\"margin: 0px; font-variant-numeric: normal; font-variant-east-asian: normal; font-stretch: normal; font-size: 12px; line-height: normal; font-family: Helvetica; color: #454545; text-align: justify;\">\u00a0<\/p>\n<p class=\"p1\" style=\"margin: 0px; font-variant-numeric: normal; font-variant-east-asian: normal; font-stretch: normal; font-size: 12px; line-height: normal; font-family: Helvetica; color: #454545; text-align: justify;\">Las inversiones en 2019, de 3.600 millones de euros estuvieron 200 millones por debajo de las efectuadas en el ejercicio precedente. Gran parte del esfuerzo fue para aviones nuevos. El flujo de caja libre ajustado cay\u00f3 a 203 millones de euros (288 millones de euros en 2018) debido a las menores ganancias y mayores pagos de impuestos.<\/p>\n<p class=\"p1\" style=\"margin: 0px; font-variant-numeric: normal; font-variant-east-asian: normal; font-stretch: normal; font-size: 12px; line-height: normal; font-family: Helvetica; color: #454545; text-align: justify;\">\u00a0<\/p>\n<p class=\"p1\" style=\"margin: 0px; font-variant-numeric: normal; font-variant-east-asian: normal; font-stretch: normal; font-size: 12px; line-height: normal; font-family: Helvetica; color: #454545; text-align: justify;\">El rendimiento del capital empleado (ROCE ajustado) despu\u00e9s de impuestos disminuy\u00f3 al 6,6% en comparaci\u00f3n con el 10,8% de 2018.<\/p>\n<p class=\"p2\" style=\"margin: 0px; text-align: justify; font-variant-numeric: normal; font-variant-east-asian: normal; font-stretch: normal; font-size: 12px; line-height: normal; font-family: Helvetica; color: #454545; min-height: 14px;\">\u00a0<\/p>\n<p class=\"p1\" style=\"margin: 0px; font-variant-numeric: normal; font-variant-east-asian: normal; font-stretch: normal; font-size: 12px; line-height: normal; font-family: Helvetica; color: #454545; text-align: justify;\">El grupo Lufthansa presenta un pasico neto de 4.300 millones de euros, incluidos los pasivos por arrendamiento por 2.400 millones de euros. Su deuda neta pr\u00e1cticamente se duplic\u00f3 en 2019, hasta los 6.700 millones de euros.<\/p>\n<p class=\"p1\" style=\"margin: 0px; font-variant-numeric: normal; font-variant-east-asian: normal; font-stretch: normal; font-size: 12px; line-height: normal; font-family: Helvetica; color: #454545; text-align: justify;\">\u00a0<\/p>\n<p class=\"p1\" style=\"margin: 0px; font-variant-numeric: normal; font-variant-east-asian: normal; font-stretch: normal; font-size: 12px; line-height: normal; font-family: Helvetica; color: #454545; text-align: justify;\">La compa\u00f1\u00eda cuenta con 4.300 millones de liquidez despu\u00e9s de recaudar 600 millones en las \u00faltimas semanas en fondos adicionales. Adem\u00e1s, dice contar con l\u00edneas de cr\u00e9dito no dispuestas por 800 millones.<\/p>\n<p class=\"p1\" style=\"margin: 0px; font-variant-numeric: normal; font-variant-east-asian: normal; font-stretch: normal; font-size: 12px; line-height: normal; font-family: Helvetica; color: #454545; text-align: justify;\">\u00a0<\/p>\n<p class=\"p1\" style=\"margin: 0px; font-variant-numeric: normal; font-variant-east-asian: normal; font-stretch: normal; font-size: 12px; line-height: normal; font-family: Helvetica; color: #454545; text-align: justify;\">Fuente: <span style=\"text-decoration: underline;\"><em><strong>Cinco D\u00edas.<\/strong><\/em><\/span><\/p>\n<p class=\"p1\" style=\"margin: 0px; font-variant-numeric: normal; font-variant-east-asian: normal; font-stretch: normal; font-size: 12px; line-height: normal; font-family: Helvetica; color: #454545; text-align: justify;\">\u00a0<\/p>\n<p class=\"p1\" style=\"margin: 0px; font-variant-numeric: normal; font-variant-east-asian: normal; font-stretch: normal; font-size: 12px; line-height: normal; font-family: Helvetica; color: #454545; text-align: justify;\"><span style=\"text-decoration: underline;\"><em><strong><img decoding=\"async\" src=\"images\/stories\/lufthansa.jpg\" border=\"0\" \/><br \/><\/strong><\/em><\/span><\/p>\n","protected":false},"excerpt":{"rendered":"<p>(Aeronoticias).&#8211;\u00a0El mayor holding europeo de aerol\u00edneas, Lufthansa Group, se ve incapacitado para establecer estimaciones operativas o econ\u00f3micas para este a\u00f1o ante la incertidumbre generada por el coronavirus. Como es regla com\u00fan en todo el sector se act\u00faa al minuto y a la defensiva ante el derrumbamiento de las reservas y las prohibiciones de vuelo. La [&hellip;]<\/p>\n","protected":false},"author":1,"featured_media":0,"comment_status":"open","ping_status":"open","sticky":false,"template":"","format":"standard","meta":{"tdm_status":"","tdm_grid_status":"","footnotes":""},"categories":[34],"tags":[],"class_list":{"0":"post-59556","1":"post","2":"type-post","3":"status-publish","4":"format-standard","6":"category-internacionales"},"yoast_head":"<!-- This site is optimized with the Yoast SEO plugin v25.1 - https:\/\/yoast.com\/wordpress\/plugins\/seo\/ -->\n<title>Grupo Lufthansa dejar\u00e1 en tierra 700 de sus 763 aviones hasta el 19 de abril<\/title>\n<meta name=\"description\" content=\"Portal de noticias del Per\u00fa sobre el transporte a\u00e9reo, aviaci\u00f3n, turismo, hoteleria, actualidad.\" \/>\n<meta name=\"robots\" content=\"index, follow, max-snippet:-1, max-image-preview:large, max-video-preview:-1\" \/>\n<link rel=\"canonical\" href=\"https:\/\/aeronoticias.com.pe\/noticiero\/internacionales\/grupo-lufthansa-dejara-en-tierra-700-de-sus-763-aviones-hasta-el-19-de-abril\/\" \/>\n<meta property=\"og:locale\" content=\"es_ES\" \/>\n<meta property=\"og:type\" content=\"article\" \/>\n<meta property=\"og:title\" content=\"Grupo Lufthansa dejar\u00e1 en tierra 700 de sus 763 aviones hasta el 19 de abril\" \/>\n<meta property=\"og:description\" content=\"Portal de noticias del Per\u00fa sobre el transporte a\u00e9reo, aviaci\u00f3n, turismo, hoteleria, actualidad.\" \/>\n<meta property=\"og:url\" content=\"https:\/\/aeronoticias.com.pe\/noticiero\/internacionales\/grupo-lufthansa-dejara-en-tierra-700-de-sus-763-aviones-hasta-el-19-de-abril\/\" \/>\n<meta property=\"og:site_name\" content=\"Aeronoticias.com.pe\" \/>\n<meta property=\"article:publisher\" content=\"https:\/\/www.facebook.com\/Aeronoticias.com.pe\/\" \/>\n<meta property=\"article:published_time\" content=\"2020-03-19T20:21:13+00:00\" \/>\n<meta name=\"author\" content=\"Redacci\u00f3n Aeronoticias\" \/>\n<meta name=\"twitter:card\" content=\"summary_large_image\" \/>\n<meta name=\"twitter:creator\" content=\"@aeronoticias\" \/>\n<meta name=\"twitter:site\" content=\"@aeronoticias\" \/>\n<meta name=\"twitter:label1\" content=\"Escrito por\" \/>\n\t<meta name=\"twitter:data1\" content=\"Redacci\u00f3n Aeronoticias\" \/>\n\t<meta name=\"twitter:label2\" content=\"Tiempo de lectura\" \/>\n\t<meta name=\"twitter:data2\" content=\"3 minutos\" \/>\n<script type=\"application\/ld+json\" class=\"yoast-schema-graph\">{\"@context\":\"https:\/\/schema.org\",\"@graph\":[{\"@type\":\"WebPage\",\"@id\":\"https:\/\/aeronoticias.com.pe\/noticiero\/internacionales\/grupo-lufthansa-dejara-en-tierra-700-de-sus-763-aviones-hasta-el-19-de-abril\/\",\"url\":\"https:\/\/aeronoticias.com.pe\/noticiero\/internacionales\/grupo-lufthansa-dejara-en-tierra-700-de-sus-763-aviones-hasta-el-19-de-abril\/\",\"name\":\"Grupo Lufthansa dejar\u00e1 en tierra 700 de sus 763 aviones hasta el 19 de abril\",\"isPartOf\":{\"@id\":\"https:\/\/aeronoticias.com.pe\/noticiero\/#website\"},\"datePublished\":\"2020-03-19T20:21:13+00:00\",\"author\":{\"@id\":\"https:\/\/aeronoticias.com.pe\/noticiero\/#\/schema\/person\/fc1e5d578f4b62ba1cf7ac2bba1170a0\"},\"description\":\"Portal de noticias del Per\u00fa sobre el transporte a\u00e9reo, aviaci\u00f3n, turismo, hoteleria, actualidad.\",\"breadcrumb\":{\"@id\":\"https:\/\/aeronoticias.com.pe\/noticiero\/internacionales\/grupo-lufthansa-dejara-en-tierra-700-de-sus-763-aviones-hasta-el-19-de-abril\/#breadcrumb\"},\"inLanguage\":\"es\",\"potentialAction\":[{\"@type\":\"ReadAction\",\"target\":[\"https:\/\/aeronoticias.com.pe\/noticiero\/internacionales\/grupo-lufthansa-dejara-en-tierra-700-de-sus-763-aviones-hasta-el-19-de-abril\/\"]}]},{\"@type\":\"BreadcrumbList\",\"@id\":\"https:\/\/aeronoticias.com.pe\/noticiero\/internacionales\/grupo-lufthansa-dejara-en-tierra-700-de-sus-763-aviones-hasta-el-19-de-abril\/#breadcrumb\",\"itemListElement\":[{\"@type\":\"ListItem\",\"position\":1,\"name\":\"Portada\",\"item\":\"https:\/\/aeronoticias.com.pe\/noticiero\/\"},{\"@type\":\"ListItem\",\"position\":2,\"name\":\"Grupo Lufthansa dejar\u00e1 en tierra 700 de sus 763 aviones hasta el 19 de abril\"}]},{\"@type\":\"WebSite\",\"@id\":\"https:\/\/aeronoticias.com.pe\/noticiero\/#website\",\"url\":\"https:\/\/aeronoticias.com.pe\/noticiero\/\",\"name\":\"Aeronoticias.com.pe\",\"description\":\"Noticias de tranporte aereo, turismo, hoteles, gastronomia, actualidad, internacional\",\"potentialAction\":[{\"@type\":\"SearchAction\",\"target\":{\"@type\":\"EntryPoint\",\"urlTemplate\":\"https:\/\/aeronoticias.com.pe\/noticiero\/?s={search_term_string}\"},\"query-input\":{\"@type\":\"PropertyValueSpecification\",\"valueRequired\":true,\"valueName\":\"search_term_string\"}}],\"inLanguage\":\"es\"},{\"@type\":\"Person\",\"@id\":\"https:\/\/aeronoticias.com.pe\/noticiero\/#\/schema\/person\/fc1e5d578f4b62ba1cf7ac2bba1170a0\",\"name\":\"Redacci\u00f3n Aeronoticias\",\"url\":\"https:\/\/aeronoticias.com.pe\/noticiero\/author\/piloto\/\"}]}<\/script>\n<!-- \/ Yoast SEO plugin. -->","yoast_head_json":{"title":"Grupo Lufthansa dejar\u00e1 en tierra 700 de sus 763 aviones hasta el 19 de abril","description":"Portal de noticias del Per\u00fa sobre el transporte a\u00e9reo, aviaci\u00f3n, turismo, hoteleria, actualidad.","robots":{"index":"index","follow":"follow","max-snippet":"max-snippet:-1","max-image-preview":"max-image-preview:large","max-video-preview":"max-video-preview:-1"},"canonical":"https:\/\/aeronoticias.com.pe\/noticiero\/internacionales\/grupo-lufthansa-dejara-en-tierra-700-de-sus-763-aviones-hasta-el-19-de-abril\/","og_locale":"es_ES","og_type":"article","og_title":"Grupo Lufthansa dejar\u00e1 en tierra 700 de sus 763 aviones hasta el 19 de abril","og_description":"Portal de noticias del Per\u00fa sobre el transporte a\u00e9reo, aviaci\u00f3n, turismo, hoteleria, actualidad.","og_url":"https:\/\/aeronoticias.com.pe\/noticiero\/internacionales\/grupo-lufthansa-dejara-en-tierra-700-de-sus-763-aviones-hasta-el-19-de-abril\/","og_site_name":"Aeronoticias.com.pe","article_publisher":"https:\/\/www.facebook.com\/Aeronoticias.com.pe\/","article_published_time":"2020-03-19T20:21:13+00:00","author":"Redacci\u00f3n Aeronoticias","twitter_card":"summary_large_image","twitter_creator":"@aeronoticias","twitter_site":"@aeronoticias","twitter_misc":{"Escrito por":"Redacci\u00f3n Aeronoticias","Tiempo de lectura":"3 minutos"},"schema":{"@context":"https:\/\/schema.org","@graph":[{"@type":"WebPage","@id":"https:\/\/aeronoticias.com.pe\/noticiero\/internacionales\/grupo-lufthansa-dejara-en-tierra-700-de-sus-763-aviones-hasta-el-19-de-abril\/","url":"https:\/\/aeronoticias.com.pe\/noticiero\/internacionales\/grupo-lufthansa-dejara-en-tierra-700-de-sus-763-aviones-hasta-el-19-de-abril\/","name":"Grupo Lufthansa dejar\u00e1 en tierra 700 de sus 763 aviones hasta el 19 de abril","isPartOf":{"@id":"https:\/\/aeronoticias.com.pe\/noticiero\/#website"},"datePublished":"2020-03-19T20:21:13+00:00","author":{"@id":"https:\/\/aeronoticias.com.pe\/noticiero\/#\/schema\/person\/fc1e5d578f4b62ba1cf7ac2bba1170a0"},"description":"Portal de noticias del Per\u00fa sobre el transporte a\u00e9reo, aviaci\u00f3n, turismo, hoteleria, actualidad.","breadcrumb":{"@id":"https:\/\/aeronoticias.com.pe\/noticiero\/internacionales\/grupo-lufthansa-dejara-en-tierra-700-de-sus-763-aviones-hasta-el-19-de-abril\/#breadcrumb"},"inLanguage":"es","potentialAction":[{"@type":"ReadAction","target":["https:\/\/aeronoticias.com.pe\/noticiero\/internacionales\/grupo-lufthansa-dejara-en-tierra-700-de-sus-763-aviones-hasta-el-19-de-abril\/"]}]},{"@type":"BreadcrumbList","@id":"https:\/\/aeronoticias.com.pe\/noticiero\/internacionales\/grupo-lufthansa-dejara-en-tierra-700-de-sus-763-aviones-hasta-el-19-de-abril\/#breadcrumb","itemListElement":[{"@type":"ListItem","position":1,"name":"Portada","item":"https:\/\/aeronoticias.com.pe\/noticiero\/"},{"@type":"ListItem","position":2,"name":"Grupo Lufthansa dejar\u00e1 en tierra 700 de sus 763 aviones hasta el 19 de abril"}]},{"@type":"WebSite","@id":"https:\/\/aeronoticias.com.pe\/noticiero\/#website","url":"https:\/\/aeronoticias.com.pe\/noticiero\/","name":"Aeronoticias.com.pe","description":"Noticias de tranporte aereo, turismo, hoteles, gastronomia, actualidad, internacional","potentialAction":[{"@type":"SearchAction","target":{"@type":"EntryPoint","urlTemplate":"https:\/\/aeronoticias.com.pe\/noticiero\/?s={search_term_string}"},"query-input":{"@type":"PropertyValueSpecification","valueRequired":true,"valueName":"search_term_string"}}],"inLanguage":"es"},{"@type":"Person","@id":"https:\/\/aeronoticias.com.pe\/noticiero\/#\/schema\/person\/fc1e5d578f4b62ba1cf7ac2bba1170a0","name":"Redacci\u00f3n Aeronoticias","url":"https:\/\/aeronoticias.com.pe\/noticiero\/author\/piloto\/"}]}},"_links":{"self":[{"href":"https:\/\/aeronoticias.com.pe\/noticiero\/wp-json\/wp\/v2\/posts\/59556","targetHints":{"allow":["GET"]}}],"collection":[{"href":"https:\/\/aeronoticias.com.pe\/noticiero\/wp-json\/wp\/v2\/posts"}],"about":[{"href":"https:\/\/aeronoticias.com.pe\/noticiero\/wp-json\/wp\/v2\/types\/post"}],"author":[{"embeddable":true,"href":"https:\/\/aeronoticias.com.pe\/noticiero\/wp-json\/wp\/v2\/users\/1"}],"replies":[{"embeddable":true,"href":"https:\/\/aeronoticias.com.pe\/noticiero\/wp-json\/wp\/v2\/comments?post=59556"}],"version-history":[{"count":0,"href":"https:\/\/aeronoticias.com.pe\/noticiero\/wp-json\/wp\/v2\/posts\/59556\/revisions"}],"wp:attachment":[{"href":"https:\/\/aeronoticias.com.pe\/noticiero\/wp-json\/wp\/v2\/media?parent=59556"}],"wp:term":[{"taxonomy":"category","embeddable":true,"href":"https:\/\/aeronoticias.com.pe\/noticiero\/wp-json\/wp\/v2\/categories?post=59556"},{"taxonomy":"post_tag","embeddable":true,"href":"https:\/\/aeronoticias.com.pe\/noticiero\/wp-json\/wp\/v2\/tags?post=59556"}],"curies":[{"name":"wp","href":"https:\/\/api.w.org\/{rel}","templated":true}]}}