{"id":59558,"date":"2020-03-19T20:30:24","date_gmt":"2020-03-19T20:30:24","guid":{"rendered":"http:\/\/desarrollo.mcvicious.com\/aero2020\/2020\/03\/19\/sky-cancelara-el-100-de-sus-vuelos-internacionales-y-reducira-hasta-la-mitad-sus-trayectos-a-nivel-local\/"},"modified":"2020-11-08T18:40:57","modified_gmt":"2020-11-08T23:40:57","slug":"sky-cancelara-el-100-de-sus-vuelos-internacionales-y-reducira-hasta-la-mitad-sus-trayectos-a-nivel-local","status":"publish","type":"post","link":"https:\/\/aeronoticias.com.pe\/noticiero\/transporte-aereo\/internacional\/sky-cancelara-el-100-de-sus-vuelos-internacionales-y-reducira-hasta-la-mitad-sus-trayectos-a-nivel-local\/","title":{"rendered":"Sky cancelar\u00e1 el 100% de sus vuelos internacionales y reducir\u00e1 hasta la mitad sus trayectos a nivel local"},"content":{"rendered":"\n<p class=\"p1\">Cancelaci\u00f3n de todos sus vuelos internacionales, la mitad de sus trayectos a nivel local, reajuste de presupuesto y postergaci\u00f3n de nuevas rutas es el panorama para la aerol\u00ednea <strong>Sky<\/strong> tras la fuerte llegada del coronavirus (Covid-19), tanto en Chile como para la regi\u00f3n.<\/p>\n\n\n\n<p class=\"p1\">Sky, por medio de un comunicado, dijo que la baja en sus trayectos comenzar\u00e1 entre desde el 21 hasta el 31 de marzo y que ser\u00e1n Iquique, Antofagasta, Calama, Concepci\u00f3n y Temuco los destinos m\u00e1s afectados por la medida. \u201cArica y Punta Arenas fueron protegidas para no perjudicar la conectividad entre las zonas extremas del pa\u00eds\u201d, dijo la empresa low cost.<\/p>\n\n\n\n<p class=\"p1\">Sobre las nuevas rutas que quedan postergadas son las que ten\u00edan destino a Bogot\u00e1, Punta Cana y Canc\u00fan.<\/p>\n\n\n\n<p class=\"p1\">Adem\u00e1s, la aerol\u00ednea reajust\u00f3 su presupuesto que estaba proyectado para ese a\u00f1o y \u201ca disminuci\u00f3n temporal de un porcentaje de las remuneraciones de su equipo de ejecutivos.<\/p>\n\n\n\n<p class=\"p1\">Sky tambi\u00e9n dio cuenta que se encuentra impulsando una serie de iniciativas de \u201capoyo para los pasajeros afectados por el impacto del coronavirus\u201d, las cuales se pueden encontrar en su p\u00e1gina web.<\/p>\n\n\n\n<p class=\"p3\">Fuente: <span style=\"text-decoration: underline;\"><em><strong>La Tercera<\/strong><\/em><\/span>.<\/p>\n","protected":false},"excerpt":{"rendered":"<p>Cancelaci\u00f3n de todos sus vuelos internacionales, la mitad de sus trayectos a nivel local, reajuste de presupuesto y postergaci\u00f3n de nuevas rutas es el panorama para la aerol\u00ednea Sky tras la fuerte llegada del coronavirus (Covid-19), tanto en Chile como para la regi\u00f3n. Sky, por medio de un comunicado, dijo que la baja en sus [&hellip;]<\/p>\n","protected":false},"author":1,"featured_media":64686,"comment_status":"open","ping_status":"open","sticky":false,"template":"","format":"standard","meta":{"tdm_status":"","tdm_grid_status":"","footnotes":""},"categories":[32],"tags":[163,110,107,178],"class_list":{"0":"post-59558","1":"post","2":"type-post","3":"status-publish","4":"format-standard","5":"has-post-thumbnail","7":"category-internacional","8":"tag-coronavirus","9":"tag-covid-19","10":"tag-covid19","11":"tag-sky-airlines"},"yoast_head":"<!-- This site is optimized with the Yoast SEO plugin v25.1 - https:\/\/yoast.com\/wordpress\/plugins\/seo\/ -->\n<title>Sky cancelar\u00e1 el 100% de sus vuelos internacionales y reducir\u00e1 hasta la mitad sus trayectos a nivel local<\/title>\n<meta name=\"description\" content=\"Cancelaci\u00f3n de todos sus vuelos internacionales, la mitad de sus trayectos a nivel local, reajuste de presupuesto y postergaci\u00f3n de nuevas rutas es el panorama para la aerol\u00ednea Sky tras la fuerte llegada del coronavirus (Covid-19), tanto en Chile como para la regi\u00f3n\" \/>\n<meta name=\"robots\" content=\"index, follow, max-snippet:-1, max-image-preview:large, max-video-preview:-1\" \/>\n<link rel=\"canonical\" href=\"https:\/\/aeronoticias.com.pe\/noticiero\/transporte-aereo\/internacional\/sky-cancelara-el-100-de-sus-vuelos-internacionales-y-reducira-hasta-la-mitad-sus-trayectos-a-nivel-local\/\" \/>\n<meta property=\"og:locale\" content=\"es_ES\" \/>\n<meta property=\"og:type\" content=\"article\" \/>\n<meta property=\"og:title\" content=\"Sky cancelar\u00e1 el 100% de sus vuelos internacionales y reducir\u00e1 hasta la mitad sus trayectos a nivel local\" \/>\n<meta property=\"og:description\" content=\"Cancelaci\u00f3n de todos sus vuelos internacionales, la mitad de sus trayectos a nivel local, reajuste de presupuesto y postergaci\u00f3n de nuevas rutas es el panorama para la aerol\u00ednea Sky tras la fuerte llegada del coronavirus (Covid-19), tanto en Chile como para la regi\u00f3n\" \/>\n<meta property=\"og:url\" content=\"https:\/\/aeronoticias.com.pe\/noticiero\/transporte-aereo\/internacional\/sky-cancelara-el-100-de-sus-vuelos-internacionales-y-reducira-hasta-la-mitad-sus-trayectos-a-nivel-local\/\" \/>\n<meta property=\"og:site_name\" content=\"Aeronoticias.com.pe\" \/>\n<meta property=\"article:publisher\" content=\"https:\/\/www.facebook.com\/Aeronoticias.com.pe\/\" \/>\n<meta property=\"article:published_time\" content=\"2020-03-19T20:30:24+00:00\" \/>\n<meta property=\"article:modified_time\" content=\"2020-11-08T23:40:57+00:00\" \/>\n<meta property=\"og:image\" content=\"https:\/\/aeronoticias.com.pe\/noticiero\/wp-content\/uploads\/2020\/03\/Sky-Airline-1.jpg\" \/>\n\t<meta property=\"og:image:width\" content=\"1024\" \/>\n\t<meta property=\"og:image:height\" content=\"681\" \/>\n\t<meta property=\"og:image:type\" content=\"image\/jpeg\" \/>\n<meta name=\"author\" content=\"Redacci\u00f3n Aeronoticias\" \/>\n<meta name=\"twitter:card\" content=\"summary_large_image\" \/>\n<meta name=\"twitter:creator\" content=\"@aeronoticias\" \/>\n<meta name=\"twitter:site\" content=\"@aeronoticias\" \/>\n<meta name=\"twitter:label1\" content=\"Escrito por\" \/>\n\t<meta name=\"twitter:data1\" content=\"Redacci\u00f3n Aeronoticias\" \/>\n\t<meta name=\"twitter:label2\" content=\"Tiempo de lectura\" \/>\n\t<meta name=\"twitter:data2\" content=\"1 minuto\" \/>\n<script type=\"application\/ld+json\" class=\"yoast-schema-graph\">{\"@context\":\"https:\/\/schema.org\",\"@graph\":[{\"@type\":\"WebPage\",\"@id\":\"https:\/\/aeronoticias.com.pe\/noticiero\/transporte-aereo\/internacional\/sky-cancelara-el-100-de-sus-vuelos-internacionales-y-reducira-hasta-la-mitad-sus-trayectos-a-nivel-local\/\",\"url\":\"https:\/\/aeronoticias.com.pe\/noticiero\/transporte-aereo\/internacional\/sky-cancelara-el-100-de-sus-vuelos-internacionales-y-reducira-hasta-la-mitad-sus-trayectos-a-nivel-local\/\",\"name\":\"Sky cancelar\u00e1 el 100% de sus vuelos internacionales y reducir\u00e1 hasta la mitad sus trayectos a nivel local\",\"isPartOf\":{\"@id\":\"https:\/\/aeronoticias.com.pe\/noticiero\/#website\"},\"primaryImageOfPage\":{\"@id\":\"https:\/\/aeronoticias.com.pe\/noticiero\/transporte-aereo\/internacional\/sky-cancelara-el-100-de-sus-vuelos-internacionales-y-reducira-hasta-la-mitad-sus-trayectos-a-nivel-local\/#primaryimage\"},\"image\":{\"@id\":\"https:\/\/aeronoticias.com.pe\/noticiero\/transporte-aereo\/internacional\/sky-cancelara-el-100-de-sus-vuelos-internacionales-y-reducira-hasta-la-mitad-sus-trayectos-a-nivel-local\/#primaryimage\"},\"thumbnailUrl\":\"https:\/\/aeronoticias.com.pe\/noticiero\/wp-content\/uploads\/2020\/03\/Sky-Airline-1.jpg\",\"datePublished\":\"2020-03-19T20:30:24+00:00\",\"dateModified\":\"2020-11-08T23:40:57+00:00\",\"author\":{\"@id\":\"https:\/\/aeronoticias.com.pe\/noticiero\/#\/schema\/person\/fc1e5d578f4b62ba1cf7ac2bba1170a0\"},\"description\":\"Cancelaci\u00f3n de todos sus vuelos internacionales, la mitad de sus trayectos a nivel local, reajuste de presupuesto y postergaci\u00f3n de nuevas rutas es el panorama para la aerol\u00ednea Sky tras la fuerte llegada del coronavirus (Covid-19), tanto en Chile como para la regi\u00f3n\",\"breadcrumb\":{\"@id\":\"https:\/\/aeronoticias.com.pe\/noticiero\/transporte-aereo\/internacional\/sky-cancelara-el-100-de-sus-vuelos-internacionales-y-reducira-hasta-la-mitad-sus-trayectos-a-nivel-local\/#breadcrumb\"},\"inLanguage\":\"es\",\"potentialAction\":[{\"@type\":\"ReadAction\",\"target\":[\"https:\/\/aeronoticias.com.pe\/noticiero\/transporte-aereo\/internacional\/sky-cancelara-el-100-de-sus-vuelos-internacionales-y-reducira-hasta-la-mitad-sus-trayectos-a-nivel-local\/\"]}]},{\"@type\":\"ImageObject\",\"inLanguage\":\"es\",\"@id\":\"https:\/\/aeronoticias.com.pe\/noticiero\/transporte-aereo\/internacional\/sky-cancelara-el-100-de-sus-vuelos-internacionales-y-reducira-hasta-la-mitad-sus-trayectos-a-nivel-local\/#primaryimage\",\"url\":\"https:\/\/aeronoticias.com.pe\/noticiero\/wp-content\/uploads\/2020\/03\/Sky-Airline-1.jpg\",\"contentUrl\":\"https:\/\/aeronoticias.com.pe\/noticiero\/wp-content\/uploads\/2020\/03\/Sky-Airline-1.jpg\",\"width\":1024,\"height\":681},{\"@type\":\"BreadcrumbList\",\"@id\":\"https:\/\/aeronoticias.com.pe\/noticiero\/transporte-aereo\/internacional\/sky-cancelara-el-100-de-sus-vuelos-internacionales-y-reducira-hasta-la-mitad-sus-trayectos-a-nivel-local\/#breadcrumb\",\"itemListElement\":[{\"@type\":\"ListItem\",\"position\":1,\"name\":\"Portada\",\"item\":\"https:\/\/aeronoticias.com.pe\/noticiero\/\"},{\"@type\":\"ListItem\",\"position\":2,\"name\":\"Sky cancelar\u00e1 el 100% de sus vuelos internacionales y reducir\u00e1 hasta la mitad sus trayectos a nivel local\"}]},{\"@type\":\"WebSite\",\"@id\":\"https:\/\/aeronoticias.com.pe\/noticiero\/#website\",\"url\":\"https:\/\/aeronoticias.com.pe\/noticiero\/\",\"name\":\"Aeronoticias.com.pe\",\"description\":\"Noticias de tranporte aereo, turismo, hoteles, gastronomia, actualidad, internacional\",\"potentialAction\":[{\"@type\":\"SearchAction\",\"target\":{\"@type\":\"EntryPoint\",\"urlTemplate\":\"https:\/\/aeronoticias.com.pe\/noticiero\/?s={search_term_string}\"},\"query-input\":{\"@type\":\"PropertyValueSpecification\",\"valueRequired\":true,\"valueName\":\"search_term_string\"}}],\"inLanguage\":\"es\"},{\"@type\":\"Person\",\"@id\":\"https:\/\/aeronoticias.com.pe\/noticiero\/#\/schema\/person\/fc1e5d578f4b62ba1cf7ac2bba1170a0\",\"name\":\"Redacci\u00f3n Aeronoticias\",\"url\":\"https:\/\/aeronoticias.com.pe\/noticiero\/author\/piloto\/\"}]}<\/script>\n<!-- \/ Yoast SEO plugin. -->","yoast_head_json":{"title":"Sky cancelar\u00e1 el 100% de sus vuelos internacionales y reducir\u00e1 hasta la mitad sus trayectos a nivel local","description":"Cancelaci\u00f3n de todos sus vuelos internacionales, la mitad de sus trayectos a nivel local, reajuste de presupuesto y postergaci\u00f3n de nuevas rutas es el panorama para la aerol\u00ednea Sky tras la fuerte llegada del coronavirus (Covid-19), tanto en Chile como para la regi\u00f3n","robots":{"index":"index","follow":"follow","max-snippet":"max-snippet:-1","max-image-preview":"max-image-preview:large","max-video-preview":"max-video-preview:-1"},"canonical":"https:\/\/aeronoticias.com.pe\/noticiero\/transporte-aereo\/internacional\/sky-cancelara-el-100-de-sus-vuelos-internacionales-y-reducira-hasta-la-mitad-sus-trayectos-a-nivel-local\/","og_locale":"es_ES","og_type":"article","og_title":"Sky cancelar\u00e1 el 100% de sus vuelos internacionales y reducir\u00e1 hasta la mitad sus trayectos a nivel local","og_description":"Cancelaci\u00f3n de todos sus vuelos internacionales, la mitad de sus trayectos a nivel local, reajuste de presupuesto y postergaci\u00f3n de nuevas rutas es el panorama para la aerol\u00ednea Sky tras la fuerte llegada del coronavirus (Covid-19), tanto en Chile como para la regi\u00f3n","og_url":"https:\/\/aeronoticias.com.pe\/noticiero\/transporte-aereo\/internacional\/sky-cancelara-el-100-de-sus-vuelos-internacionales-y-reducira-hasta-la-mitad-sus-trayectos-a-nivel-local\/","og_site_name":"Aeronoticias.com.pe","article_publisher":"https:\/\/www.facebook.com\/Aeronoticias.com.pe\/","article_published_time":"2020-03-19T20:30:24+00:00","article_modified_time":"2020-11-08T23:40:57+00:00","og_image":[{"width":1024,"height":681,"url":"https:\/\/aeronoticias.com.pe\/noticiero\/wp-content\/uploads\/2020\/03\/Sky-Airline-1.jpg","type":"image\/jpeg"}],"author":"Redacci\u00f3n Aeronoticias","twitter_card":"summary_large_image","twitter_creator":"@aeronoticias","twitter_site":"@aeronoticias","twitter_misc":{"Escrito por":"Redacci\u00f3n Aeronoticias","Tiempo de lectura":"1 minuto"},"schema":{"@context":"https:\/\/schema.org","@graph":[{"@type":"WebPage","@id":"https:\/\/aeronoticias.com.pe\/noticiero\/transporte-aereo\/internacional\/sky-cancelara-el-100-de-sus-vuelos-internacionales-y-reducira-hasta-la-mitad-sus-trayectos-a-nivel-local\/","url":"https:\/\/aeronoticias.com.pe\/noticiero\/transporte-aereo\/internacional\/sky-cancelara-el-100-de-sus-vuelos-internacionales-y-reducira-hasta-la-mitad-sus-trayectos-a-nivel-local\/","name":"Sky cancelar\u00e1 el 100% de sus vuelos internacionales y reducir\u00e1 hasta la mitad sus trayectos a nivel local","isPartOf":{"@id":"https:\/\/aeronoticias.com.pe\/noticiero\/#website"},"primaryImageOfPage":{"@id":"https:\/\/aeronoticias.com.pe\/noticiero\/transporte-aereo\/internacional\/sky-cancelara-el-100-de-sus-vuelos-internacionales-y-reducira-hasta-la-mitad-sus-trayectos-a-nivel-local\/#primaryimage"},"image":{"@id":"https:\/\/aeronoticias.com.pe\/noticiero\/transporte-aereo\/internacional\/sky-cancelara-el-100-de-sus-vuelos-internacionales-y-reducira-hasta-la-mitad-sus-trayectos-a-nivel-local\/#primaryimage"},"thumbnailUrl":"https:\/\/aeronoticias.com.pe\/noticiero\/wp-content\/uploads\/2020\/03\/Sky-Airline-1.jpg","datePublished":"2020-03-19T20:30:24+00:00","dateModified":"2020-11-08T23:40:57+00:00","author":{"@id":"https:\/\/aeronoticias.com.pe\/noticiero\/#\/schema\/person\/fc1e5d578f4b62ba1cf7ac2bba1170a0"},"description":"Cancelaci\u00f3n de todos sus vuelos internacionales, la mitad de sus trayectos a nivel local, reajuste de presupuesto y postergaci\u00f3n de nuevas rutas es el panorama para la aerol\u00ednea Sky tras la fuerte llegada del coronavirus (Covid-19), tanto en Chile como para la regi\u00f3n","breadcrumb":{"@id":"https:\/\/aeronoticias.com.pe\/noticiero\/transporte-aereo\/internacional\/sky-cancelara-el-100-de-sus-vuelos-internacionales-y-reducira-hasta-la-mitad-sus-trayectos-a-nivel-local\/#breadcrumb"},"inLanguage":"es","potentialAction":[{"@type":"ReadAction","target":["https:\/\/aeronoticias.com.pe\/noticiero\/transporte-aereo\/internacional\/sky-cancelara-el-100-de-sus-vuelos-internacionales-y-reducira-hasta-la-mitad-sus-trayectos-a-nivel-local\/"]}]},{"@type":"ImageObject","inLanguage":"es","@id":"https:\/\/aeronoticias.com.pe\/noticiero\/transporte-aereo\/internacional\/sky-cancelara-el-100-de-sus-vuelos-internacionales-y-reducira-hasta-la-mitad-sus-trayectos-a-nivel-local\/#primaryimage","url":"https:\/\/aeronoticias.com.pe\/noticiero\/wp-content\/uploads\/2020\/03\/Sky-Airline-1.jpg","contentUrl":"https:\/\/aeronoticias.com.pe\/noticiero\/wp-content\/uploads\/2020\/03\/Sky-Airline-1.jpg","width":1024,"height":681},{"@type":"BreadcrumbList","@id":"https:\/\/aeronoticias.com.pe\/noticiero\/transporte-aereo\/internacional\/sky-cancelara-el-100-de-sus-vuelos-internacionales-y-reducira-hasta-la-mitad-sus-trayectos-a-nivel-local\/#breadcrumb","itemListElement":[{"@type":"ListItem","position":1,"name":"Portada","item":"https:\/\/aeronoticias.com.pe\/noticiero\/"},{"@type":"ListItem","position":2,"name":"Sky cancelar\u00e1 el 100% de sus vuelos internacionales y reducir\u00e1 hasta la mitad sus trayectos a nivel local"}]},{"@type":"WebSite","@id":"https:\/\/aeronoticias.com.pe\/noticiero\/#website","url":"https:\/\/aeronoticias.com.pe\/noticiero\/","name":"Aeronoticias.com.pe","description":"Noticias de tranporte aereo, turismo, hoteles, gastronomia, actualidad, internacional","potentialAction":[{"@type":"SearchAction","target":{"@type":"EntryPoint","urlTemplate":"https:\/\/aeronoticias.com.pe\/noticiero\/?s={search_term_string}"},"query-input":{"@type":"PropertyValueSpecification","valueRequired":true,"valueName":"search_term_string"}}],"inLanguage":"es"},{"@type":"Person","@id":"https:\/\/aeronoticias.com.pe\/noticiero\/#\/schema\/person\/fc1e5d578f4b62ba1cf7ac2bba1170a0","name":"Redacci\u00f3n Aeronoticias","url":"https:\/\/aeronoticias.com.pe\/noticiero\/author\/piloto\/"}]}},"_links":{"self":[{"href":"https:\/\/aeronoticias.com.pe\/noticiero\/wp-json\/wp\/v2\/posts\/59558","targetHints":{"allow":["GET"]}}],"collection":[{"href":"https:\/\/aeronoticias.com.pe\/noticiero\/wp-json\/wp\/v2\/posts"}],"about":[{"href":"https:\/\/aeronoticias.com.pe\/noticiero\/wp-json\/wp\/v2\/types\/post"}],"author":[{"embeddable":true,"href":"https:\/\/aeronoticias.com.pe\/noticiero\/wp-json\/wp\/v2\/users\/1"}],"replies":[{"embeddable":true,"href":"https:\/\/aeronoticias.com.pe\/noticiero\/wp-json\/wp\/v2\/comments?post=59558"}],"version-history":[{"count":0,"href":"https:\/\/aeronoticias.com.pe\/noticiero\/wp-json\/wp\/v2\/posts\/59558\/revisions"}],"wp:featuredmedia":[{"embeddable":true,"href":"https:\/\/aeronoticias.com.pe\/noticiero\/wp-json\/wp\/v2\/media\/64686"}],"wp:attachment":[{"href":"https:\/\/aeronoticias.com.pe\/noticiero\/wp-json\/wp\/v2\/media?parent=59558"}],"wp:term":[{"taxonomy":"category","embeddable":true,"href":"https:\/\/aeronoticias.com.pe\/noticiero\/wp-json\/wp\/v2\/categories?post=59558"},{"taxonomy":"post_tag","embeddable":true,"href":"https:\/\/aeronoticias.com.pe\/noticiero\/wp-json\/wp\/v2\/tags?post=59558"}],"curies":[{"name":"wp","href":"https:\/\/api.w.org\/{rel}","templated":true}]}}