{"id":59626,"date":"2020-04-07T22:22:27","date_gmt":"2020-04-07T22:22:27","guid":{"rendered":"http:\/\/desarrollo.mcvicious.com\/aero2020\/2020\/04\/07\/pasajera-de-latam-denuncia-que-pago-mas-de-mil-dolares-por-vuelo-que-no-se-concreto\/"},"modified":"2020-11-07T17:49:11","modified_gmt":"2020-11-07T22:49:11","slug":"pasajera-de-latam-denuncia-que-pago-mas-de-mil-dolares-por-vuelo-que-no-se-concreto","status":"publish","type":"post","link":"https:\/\/aeronoticias.com.pe\/noticiero\/transporte-aereo\/internacional\/pasajera-de-latam-denuncia-que-pago-mas-de-mil-dolares-por-vuelo-que-no-se-concreto\/","title":{"rendered":"Pasajera de Latam denuncia que pag\u00f3 m\u00e1s de mil d\u00f3lares por vuelo que no se concret\u00f3"},"content":{"rendered":"\n<p class=\"p1\">Una pasajera que se encontraba en la ciudad de Orlando tom\u00f3 un vuelo a Miami; sin embargo, debido a la situaci\u00f3n que atraviesan decenas de aerol\u00edneas y aeropuertos de todo el mundo por la pandemia del coronavirus, el vuelo programado que ten\u00eda para trasladarse en la aerol\u00ednea Latam y por el cual ya hab\u00eda pagado la suma de 1200 d\u00f3lares fue cancelado, dej\u00e1ndola no solo varada y en el desconcierto sino que junto a ella tambi\u00e9n a decenas de pasajeros.<\/p>\n\n\n\n<p class=\"p1\">Al igual que en otros lugares, durante la emergencia, la aerol\u00ednea no brind\u00f3 ninguna explicaci\u00f3n al suceso, desconociendo adem\u00e1s las condiciones tarifarias y de reembolso y, dejando a los pasajeros varados en el aeropuerto de Orlando por un promedio de cuatro horas. Tras ello tuvo que programar otro vuelo en American Airlines en donde finalmente pudo realizar su viaje.<\/p>\n\n\n\n<p class=\"p1\"><strong><em>EXPERIENCIA CON EL BICARBONATO Y LIM\u00d3N<\/em><\/strong><\/p>\n\n\n\n<p class=\"p1\">A su regreso a Lima, la pasajera comenz\u00f3 sentir s\u00edntomas como dolor de cabeza, dolor de garganta y malestar generalizado, previamente menciona que estuvo expuesta en diversos lugares de riesgo debido a la concurrencia de personas.<\/p>\n\n\n\n<p class=\"p1\">Seg\u00fan su experiencia y debido a la desesperaci\u00f3n y sospecha de haber adquirido alguna probable infecci\u00f3n respiratoria comenz\u00f3 a usar una f\u00f3rmula casera de bicarbonato y lim\u00f3n durante tres d\u00edas consecutivos, ello gener\u00f3 alivio a su malestar hasta que finalmente logr\u00f3 la desaparici\u00f3n de los s\u00edntomas, motivo por el cual ya no consider\u00f3 necesario consultar a los profesionales de la salud para que analizaran su situaci\u00f3n.<\/p>\n","protected":false},"excerpt":{"rendered":"<p>Una pasajera que se encontraba en la ciudad de Orlando tom\u00f3 un vuelo a Miami; sin embargo, debido a la situaci\u00f3n que atraviesan decenas de aerol\u00edneas y aeropuertos de todo el mundo por la pandemia del coronavirus, el vuelo programado que ten\u00eda para trasladarse en la aerol\u00ednea Latam y por el cual ya hab\u00eda pagado [&hellip;]<\/p>\n","protected":false},"author":1,"featured_media":64553,"comment_status":"open","ping_status":"open","sticky":false,"template":"","format":"standard","meta":{"tdm_status":"","tdm_grid_status":"","footnotes":""},"categories":[32],"tags":[163,110,107,102,252,316],"class_list":{"0":"post-59626","1":"post","2":"type-post","3":"status-publish","4":"format-standard","5":"has-post-thumbnail","7":"category-internacional","8":"tag-coronavirus","9":"tag-covid-19","10":"tag-covid19","11":"tag-latam","12":"tag-latam-airlines","13":"tag-pandemia"},"yoast_head":"<!-- This site is optimized with the Yoast SEO plugin v25.1 - https:\/\/yoast.com\/wordpress\/plugins\/seo\/ -->\n<title>Pasajera de Latam denuncia que pag\u00f3 m\u00e1s de mil d\u00f3lares por vuelo que no se concret\u00f3<\/title>\n<meta name=\"description\" content=\"Una pasajera que se encontraba en la ciudad de Orlando tom\u00f3 un vuelo a Miami; sin embargo, debido a la situaci\u00f3n que atraviesan decenas de aerol\u00edneas y aeropuertos de todo el mundo por la pandemia del coronavirus, el vuelo programado que ten\u00eda para trasladarse en la aerol\u00ednea Latam y por el cual ya hab\u00eda pagado la suma de 1200 d\u00f3lares fue cancelado, dej\u00e1ndola no solo varada y en el desconcierto sino que junto a ella tambi\u00e9n a decenas de pasajeros.\" \/>\n<meta name=\"robots\" content=\"index, follow, max-snippet:-1, max-image-preview:large, max-video-preview:-1\" \/>\n<link rel=\"canonical\" href=\"https:\/\/aeronoticias.com.pe\/noticiero\/transporte-aereo\/internacional\/pasajera-de-latam-denuncia-que-pago-mas-de-mil-dolares-por-vuelo-que-no-se-concreto\/\" \/>\n<meta property=\"og:locale\" content=\"es_ES\" \/>\n<meta property=\"og:type\" content=\"article\" \/>\n<meta property=\"og:title\" content=\"Pasajera de Latam denuncia que pag\u00f3 m\u00e1s de mil d\u00f3lares por vuelo que no se concret\u00f3\" \/>\n<meta property=\"og:description\" content=\"Una pasajera que se encontraba en la ciudad de Orlando tom\u00f3 un vuelo a Miami; sin embargo, debido a la situaci\u00f3n que atraviesan decenas de aerol\u00edneas y aeropuertos de todo el mundo por la pandemia del coronavirus, el vuelo programado que ten\u00eda para trasladarse en la aerol\u00ednea Latam y por el cual ya hab\u00eda pagado la suma de 1200 d\u00f3lares fue cancelado, dej\u00e1ndola no solo varada y en el desconcierto sino que junto a ella tambi\u00e9n a decenas de pasajeros.\" \/>\n<meta property=\"og:url\" content=\"https:\/\/aeronoticias.com.pe\/noticiero\/transporte-aereo\/internacional\/pasajera-de-latam-denuncia-que-pago-mas-de-mil-dolares-por-vuelo-que-no-se-concreto\/\" \/>\n<meta property=\"og:site_name\" content=\"Aeronoticias.com.pe\" \/>\n<meta property=\"article:publisher\" content=\"https:\/\/www.facebook.com\/Aeronoticias.com.pe\/\" \/>\n<meta property=\"article:published_time\" content=\"2020-04-07T22:22:27+00:00\" \/>\n<meta property=\"article:modified_time\" content=\"2020-11-07T22:49:11+00:00\" \/>\n<meta property=\"og:image\" content=\"https:\/\/aeronoticias.com.pe\/noticiero\/wp-content\/uploads\/2020\/04\/271217_f003-1.jpg\" \/>\n\t<meta property=\"og:image:width\" content=\"1069\" \/>\n\t<meta property=\"og:image:height\" content=\"600\" \/>\n\t<meta property=\"og:image:type\" content=\"image\/jpeg\" \/>\n<meta name=\"author\" content=\"Redacci\u00f3n Aeronoticias\" \/>\n<meta name=\"twitter:card\" content=\"summary_large_image\" \/>\n<meta name=\"twitter:creator\" content=\"@aeronoticias\" \/>\n<meta name=\"twitter:site\" content=\"@aeronoticias\" \/>\n<meta name=\"twitter:label1\" content=\"Escrito por\" \/>\n\t<meta name=\"twitter:data1\" content=\"Redacci\u00f3n Aeronoticias\" \/>\n\t<meta name=\"twitter:label2\" content=\"Tiempo de lectura\" \/>\n\t<meta name=\"twitter:data2\" content=\"1 minuto\" \/>\n<script type=\"application\/ld+json\" class=\"yoast-schema-graph\">{\"@context\":\"https:\/\/schema.org\",\"@graph\":[{\"@type\":\"WebPage\",\"@id\":\"https:\/\/aeronoticias.com.pe\/noticiero\/transporte-aereo\/internacional\/pasajera-de-latam-denuncia-que-pago-mas-de-mil-dolares-por-vuelo-que-no-se-concreto\/\",\"url\":\"https:\/\/aeronoticias.com.pe\/noticiero\/transporte-aereo\/internacional\/pasajera-de-latam-denuncia-que-pago-mas-de-mil-dolares-por-vuelo-que-no-se-concreto\/\",\"name\":\"Pasajera de Latam denuncia que pag\u00f3 m\u00e1s de mil d\u00f3lares por vuelo que no se concret\u00f3\",\"isPartOf\":{\"@id\":\"https:\/\/aeronoticias.com.pe\/noticiero\/#website\"},\"primaryImageOfPage\":{\"@id\":\"https:\/\/aeronoticias.com.pe\/noticiero\/transporte-aereo\/internacional\/pasajera-de-latam-denuncia-que-pago-mas-de-mil-dolares-por-vuelo-que-no-se-concreto\/#primaryimage\"},\"image\":{\"@id\":\"https:\/\/aeronoticias.com.pe\/noticiero\/transporte-aereo\/internacional\/pasajera-de-latam-denuncia-que-pago-mas-de-mil-dolares-por-vuelo-que-no-se-concreto\/#primaryimage\"},\"thumbnailUrl\":\"https:\/\/aeronoticias.com.pe\/noticiero\/wp-content\/uploads\/2020\/04\/271217_f003-1.jpg\",\"datePublished\":\"2020-04-07T22:22:27+00:00\",\"dateModified\":\"2020-11-07T22:49:11+00:00\",\"author\":{\"@id\":\"https:\/\/aeronoticias.com.pe\/noticiero\/#\/schema\/person\/fc1e5d578f4b62ba1cf7ac2bba1170a0\"},\"description\":\"Una pasajera que se encontraba en la ciudad de Orlando tom\u00f3 un vuelo a Miami; sin embargo, debido a la situaci\u00f3n que atraviesan decenas de aerol\u00edneas y aeropuertos de todo el mundo por la pandemia del coronavirus, el vuelo programado que ten\u00eda para trasladarse en la aerol\u00ednea Latam y por el cual ya hab\u00eda pagado la suma de 1200 d\u00f3lares fue cancelado, dej\u00e1ndola no solo varada y en el desconcierto sino que junto a ella tambi\u00e9n a decenas de pasajeros.\",\"breadcrumb\":{\"@id\":\"https:\/\/aeronoticias.com.pe\/noticiero\/transporte-aereo\/internacional\/pasajera-de-latam-denuncia-que-pago-mas-de-mil-dolares-por-vuelo-que-no-se-concreto\/#breadcrumb\"},\"inLanguage\":\"es\",\"potentialAction\":[{\"@type\":\"ReadAction\",\"target\":[\"https:\/\/aeronoticias.com.pe\/noticiero\/transporte-aereo\/internacional\/pasajera-de-latam-denuncia-que-pago-mas-de-mil-dolares-por-vuelo-que-no-se-concreto\/\"]}]},{\"@type\":\"ImageObject\",\"inLanguage\":\"es\",\"@id\":\"https:\/\/aeronoticias.com.pe\/noticiero\/transporte-aereo\/internacional\/pasajera-de-latam-denuncia-que-pago-mas-de-mil-dolares-por-vuelo-que-no-se-concreto\/#primaryimage\",\"url\":\"https:\/\/aeronoticias.com.pe\/noticiero\/wp-content\/uploads\/2020\/04\/271217_f003-1.jpg\",\"contentUrl\":\"https:\/\/aeronoticias.com.pe\/noticiero\/wp-content\/uploads\/2020\/04\/271217_f003-1.jpg\",\"width\":1069,\"height\":600},{\"@type\":\"BreadcrumbList\",\"@id\":\"https:\/\/aeronoticias.com.pe\/noticiero\/transporte-aereo\/internacional\/pasajera-de-latam-denuncia-que-pago-mas-de-mil-dolares-por-vuelo-que-no-se-concreto\/#breadcrumb\",\"itemListElement\":[{\"@type\":\"ListItem\",\"position\":1,\"name\":\"Portada\",\"item\":\"https:\/\/aeronoticias.com.pe\/noticiero\/\"},{\"@type\":\"ListItem\",\"position\":2,\"name\":\"Pasajera de Latam denuncia que pag\u00f3 m\u00e1s de mil d\u00f3lares por vuelo que no se concret\u00f3\"}]},{\"@type\":\"WebSite\",\"@id\":\"https:\/\/aeronoticias.com.pe\/noticiero\/#website\",\"url\":\"https:\/\/aeronoticias.com.pe\/noticiero\/\",\"name\":\"Aeronoticias.com.pe\",\"description\":\"Noticias de tranporte aereo, turismo, hoteles, gastronomia, actualidad, internacional\",\"potentialAction\":[{\"@type\":\"SearchAction\",\"target\":{\"@type\":\"EntryPoint\",\"urlTemplate\":\"https:\/\/aeronoticias.com.pe\/noticiero\/?s={search_term_string}\"},\"query-input\":{\"@type\":\"PropertyValueSpecification\",\"valueRequired\":true,\"valueName\":\"search_term_string\"}}],\"inLanguage\":\"es\"},{\"@type\":\"Person\",\"@id\":\"https:\/\/aeronoticias.com.pe\/noticiero\/#\/schema\/person\/fc1e5d578f4b62ba1cf7ac2bba1170a0\",\"name\":\"Redacci\u00f3n Aeronoticias\",\"url\":\"https:\/\/aeronoticias.com.pe\/noticiero\/author\/piloto\/\"}]}<\/script>\n<!-- \/ Yoast SEO plugin. -->","yoast_head_json":{"title":"Pasajera de Latam denuncia que pag\u00f3 m\u00e1s de mil d\u00f3lares por vuelo que no se concret\u00f3","description":"Una pasajera que se encontraba en la ciudad de Orlando tom\u00f3 un vuelo a Miami; sin embargo, debido a la situaci\u00f3n que atraviesan decenas de aerol\u00edneas y aeropuertos de todo el mundo por la pandemia del coronavirus, el vuelo programado que ten\u00eda para trasladarse en la aerol\u00ednea Latam y por el cual ya hab\u00eda pagado la suma de 1200 d\u00f3lares fue cancelado, dej\u00e1ndola no solo varada y en el desconcierto sino que junto a ella tambi\u00e9n a decenas de pasajeros.","robots":{"index":"index","follow":"follow","max-snippet":"max-snippet:-1","max-image-preview":"max-image-preview:large","max-video-preview":"max-video-preview:-1"},"canonical":"https:\/\/aeronoticias.com.pe\/noticiero\/transporte-aereo\/internacional\/pasajera-de-latam-denuncia-que-pago-mas-de-mil-dolares-por-vuelo-que-no-se-concreto\/","og_locale":"es_ES","og_type":"article","og_title":"Pasajera de Latam denuncia que pag\u00f3 m\u00e1s de mil d\u00f3lares por vuelo que no se concret\u00f3","og_description":"Una pasajera que se encontraba en la ciudad de Orlando tom\u00f3 un vuelo a Miami; sin embargo, debido a la situaci\u00f3n que atraviesan decenas de aerol\u00edneas y aeropuertos de todo el mundo por la pandemia del coronavirus, el vuelo programado que ten\u00eda para trasladarse en la aerol\u00ednea Latam y por el cual ya hab\u00eda pagado la suma de 1200 d\u00f3lares fue cancelado, dej\u00e1ndola no solo varada y en el desconcierto sino que junto a ella tambi\u00e9n a decenas de pasajeros.","og_url":"https:\/\/aeronoticias.com.pe\/noticiero\/transporte-aereo\/internacional\/pasajera-de-latam-denuncia-que-pago-mas-de-mil-dolares-por-vuelo-que-no-se-concreto\/","og_site_name":"Aeronoticias.com.pe","article_publisher":"https:\/\/www.facebook.com\/Aeronoticias.com.pe\/","article_published_time":"2020-04-07T22:22:27+00:00","article_modified_time":"2020-11-07T22:49:11+00:00","og_image":[{"width":1069,"height":600,"url":"https:\/\/aeronoticias.com.pe\/noticiero\/wp-content\/uploads\/2020\/04\/271217_f003-1.jpg","type":"image\/jpeg"}],"author":"Redacci\u00f3n Aeronoticias","twitter_card":"summary_large_image","twitter_creator":"@aeronoticias","twitter_site":"@aeronoticias","twitter_misc":{"Escrito por":"Redacci\u00f3n Aeronoticias","Tiempo de lectura":"1 minuto"},"schema":{"@context":"https:\/\/schema.org","@graph":[{"@type":"WebPage","@id":"https:\/\/aeronoticias.com.pe\/noticiero\/transporte-aereo\/internacional\/pasajera-de-latam-denuncia-que-pago-mas-de-mil-dolares-por-vuelo-que-no-se-concreto\/","url":"https:\/\/aeronoticias.com.pe\/noticiero\/transporte-aereo\/internacional\/pasajera-de-latam-denuncia-que-pago-mas-de-mil-dolares-por-vuelo-que-no-se-concreto\/","name":"Pasajera de Latam denuncia que pag\u00f3 m\u00e1s de mil d\u00f3lares por vuelo que no se concret\u00f3","isPartOf":{"@id":"https:\/\/aeronoticias.com.pe\/noticiero\/#website"},"primaryImageOfPage":{"@id":"https:\/\/aeronoticias.com.pe\/noticiero\/transporte-aereo\/internacional\/pasajera-de-latam-denuncia-que-pago-mas-de-mil-dolares-por-vuelo-que-no-se-concreto\/#primaryimage"},"image":{"@id":"https:\/\/aeronoticias.com.pe\/noticiero\/transporte-aereo\/internacional\/pasajera-de-latam-denuncia-que-pago-mas-de-mil-dolares-por-vuelo-que-no-se-concreto\/#primaryimage"},"thumbnailUrl":"https:\/\/aeronoticias.com.pe\/noticiero\/wp-content\/uploads\/2020\/04\/271217_f003-1.jpg","datePublished":"2020-04-07T22:22:27+00:00","dateModified":"2020-11-07T22:49:11+00:00","author":{"@id":"https:\/\/aeronoticias.com.pe\/noticiero\/#\/schema\/person\/fc1e5d578f4b62ba1cf7ac2bba1170a0"},"description":"Una pasajera que se encontraba en la ciudad de Orlando tom\u00f3 un vuelo a Miami; sin embargo, debido a la situaci\u00f3n que atraviesan decenas de aerol\u00edneas y aeropuertos de todo el mundo por la pandemia del coronavirus, el vuelo programado que ten\u00eda para trasladarse en la aerol\u00ednea Latam y por el cual ya hab\u00eda pagado la suma de 1200 d\u00f3lares fue cancelado, dej\u00e1ndola no solo varada y en el desconcierto sino que junto a ella tambi\u00e9n a decenas de pasajeros.","breadcrumb":{"@id":"https:\/\/aeronoticias.com.pe\/noticiero\/transporte-aereo\/internacional\/pasajera-de-latam-denuncia-que-pago-mas-de-mil-dolares-por-vuelo-que-no-se-concreto\/#breadcrumb"},"inLanguage":"es","potentialAction":[{"@type":"ReadAction","target":["https:\/\/aeronoticias.com.pe\/noticiero\/transporte-aereo\/internacional\/pasajera-de-latam-denuncia-que-pago-mas-de-mil-dolares-por-vuelo-que-no-se-concreto\/"]}]},{"@type":"ImageObject","inLanguage":"es","@id":"https:\/\/aeronoticias.com.pe\/noticiero\/transporte-aereo\/internacional\/pasajera-de-latam-denuncia-que-pago-mas-de-mil-dolares-por-vuelo-que-no-se-concreto\/#primaryimage","url":"https:\/\/aeronoticias.com.pe\/noticiero\/wp-content\/uploads\/2020\/04\/271217_f003-1.jpg","contentUrl":"https:\/\/aeronoticias.com.pe\/noticiero\/wp-content\/uploads\/2020\/04\/271217_f003-1.jpg","width":1069,"height":600},{"@type":"BreadcrumbList","@id":"https:\/\/aeronoticias.com.pe\/noticiero\/transporte-aereo\/internacional\/pasajera-de-latam-denuncia-que-pago-mas-de-mil-dolares-por-vuelo-que-no-se-concreto\/#breadcrumb","itemListElement":[{"@type":"ListItem","position":1,"name":"Portada","item":"https:\/\/aeronoticias.com.pe\/noticiero\/"},{"@type":"ListItem","position":2,"name":"Pasajera de Latam denuncia que pag\u00f3 m\u00e1s de mil d\u00f3lares por vuelo que no se concret\u00f3"}]},{"@type":"WebSite","@id":"https:\/\/aeronoticias.com.pe\/noticiero\/#website","url":"https:\/\/aeronoticias.com.pe\/noticiero\/","name":"Aeronoticias.com.pe","description":"Noticias de tranporte aereo, turismo, hoteles, gastronomia, actualidad, internacional","potentialAction":[{"@type":"SearchAction","target":{"@type":"EntryPoint","urlTemplate":"https:\/\/aeronoticias.com.pe\/noticiero\/?s={search_term_string}"},"query-input":{"@type":"PropertyValueSpecification","valueRequired":true,"valueName":"search_term_string"}}],"inLanguage":"es"},{"@type":"Person","@id":"https:\/\/aeronoticias.com.pe\/noticiero\/#\/schema\/person\/fc1e5d578f4b62ba1cf7ac2bba1170a0","name":"Redacci\u00f3n Aeronoticias","url":"https:\/\/aeronoticias.com.pe\/noticiero\/author\/piloto\/"}]}},"_links":{"self":[{"href":"https:\/\/aeronoticias.com.pe\/noticiero\/wp-json\/wp\/v2\/posts\/59626","targetHints":{"allow":["GET"]}}],"collection":[{"href":"https:\/\/aeronoticias.com.pe\/noticiero\/wp-json\/wp\/v2\/posts"}],"about":[{"href":"https:\/\/aeronoticias.com.pe\/noticiero\/wp-json\/wp\/v2\/types\/post"}],"author":[{"embeddable":true,"href":"https:\/\/aeronoticias.com.pe\/noticiero\/wp-json\/wp\/v2\/users\/1"}],"replies":[{"embeddable":true,"href":"https:\/\/aeronoticias.com.pe\/noticiero\/wp-json\/wp\/v2\/comments?post=59626"}],"version-history":[{"count":0,"href":"https:\/\/aeronoticias.com.pe\/noticiero\/wp-json\/wp\/v2\/posts\/59626\/revisions"}],"wp:featuredmedia":[{"embeddable":true,"href":"https:\/\/aeronoticias.com.pe\/noticiero\/wp-json\/wp\/v2\/media\/64553"}],"wp:attachment":[{"href":"https:\/\/aeronoticias.com.pe\/noticiero\/wp-json\/wp\/v2\/media?parent=59626"}],"wp:term":[{"taxonomy":"category","embeddable":true,"href":"https:\/\/aeronoticias.com.pe\/noticiero\/wp-json\/wp\/v2\/categories?post=59626"},{"taxonomy":"post_tag","embeddable":true,"href":"https:\/\/aeronoticias.com.pe\/noticiero\/wp-json\/wp\/v2\/tags?post=59626"}],"curies":[{"name":"wp","href":"https:\/\/api.w.org\/{rel}","templated":true}]}}