{"id":59629,"date":"2020-04-08T23:18:13","date_gmt":"2020-04-08T23:18:13","guid":{"rendered":"http:\/\/desarrollo.mcvicious.com\/aero2020\/2020\/04\/08\/aerolineas-mexicanas-podrian-dejar-en-tierra-310-aviones-por-coronavirus\/"},"modified":"2020-11-07T17:42:02","modified_gmt":"2020-11-07T22:42:02","slug":"aerolineas-mexicanas-podrian-dejar-en-tierra-310-aviones-por-coronavirus","status":"publish","type":"post","link":"https:\/\/aeronoticias.com.pe\/noticiero\/transporte-aereo\/internacional\/aerolineas-mexicanas-podrian-dejar-en-tierra-310-aviones-por-coronavirus\/","title":{"rendered":"Aerol\u00edneas mexicanas podr\u00edan dejar en tierra 310 aviones por coronavirus"},"content":{"rendered":"\n<p class=\"p1\">Las aerol\u00edneas mexicanas se encuentran en la peor crisis de su historia contempor\u00e1nea. El cierre de fronteras por COVID-19 oblig\u00f3 a las l\u00edneas a\u00e9reas a reducir sus operaciones de forma vertiginosa y, para esta semana que inicia, se prev\u00e9 que algunas de ellas pongan en tierra la totalidad de sus flotas.<\/p>\n\n\n\n<p class=\"p1\">Los aer\u00f3dromos comenzar\u00e1n a ser grandes estacionamientos de aeronaves, en donde unas pocas continuar\u00e1n con vuelos humanitarios y vuelos de carga para suministrar medicamentos, alimentos y otros insumos, advirti\u00f3 la C\u00e1mara Nacional de Aerotransportes (Canaero).<\/p>\n\n\n\n<p class=\"p1\">\u201cComo pa\u00eds estamos con una ca\u00edda de 80 por ciento, hay l\u00edneas a\u00e9reas que est\u00e1n operando incluso por debajo de este 20 por ciento de operaciones, y que, posiblemente esta semana estar\u00e1n cerrando, dejando el 100 por ciento de sus aeronaves en tierra\u201d, se\u00f1al\u00f3 Luis Osorio, director general de la Canaero.<\/p>\n\n\n\n<p class=\"p1\">El da\u00f1o para la industria a\u00e9rea mexicana \u2013que aporta el 3 por ciento del PIB\u2013 ser\u00e1 de por lo menos 30 mil millones de pesos, de acuerdo con informaci\u00f3n revelada por la Canaero a El Financiero.<\/p>\n\n\n\n<p class=\"p1\">El escenario de la segunda semana de abril para Aerom\u00e9xico, Aerom\u00e9xico Connect, Interjet, Volaris y Viva Aerobus contempla la posibilidad de la suspensi\u00f3n de todas sus operaciones, por lo que algunas de estas aerol\u00edneas deber\u00e1n poner en tierra todas sus aeronaves.<\/p>\n\n\n\n<p class=\"p1\">De acuerdo con la Agencia Federal de Aviaci\u00f3n Civil (AFAC), el alto total en el tr\u00e1nsito a\u00e9reo implicar\u00eda bajar del aire 310 aeronaves de las principales aerol\u00edneas, de las cuales, Grupo Aerom\u00e9xico tiene 125, Volaris 79, Interjet 69, Viva Aerobus 37.<\/p>\n\n\n\n<p class=\"p1\">Hasta ahora, Volaris es la aerol\u00ednea con la mayor reducci\u00f3n de operaciones anunciada para el cuarto mes del a\u00f1o: ocho de cada 10 vuelos presupuestados por la aerol\u00ednea de bajo costo no operar\u00e1n.<\/p>\n\n\n\n<p class=\"p1\">Si bien la compa\u00f1\u00eda dirigida por Enrique Beltranena tiene una menor dependencia a las rutas internacionales, la disminuci\u00f3n de demanda de vuelos nacionales la ha forzado a disminuir dram\u00e1ticamente sus frecuencias.<\/p>\n\n\n\n<p class=\"p1\">\u201cLa declaratoria de emergencia y las medidas de seguridad sanitarias anunciadas, tales como la suspensi\u00f3n de actividades no esenciales en los sectores p\u00fablico, privado y social (\u2026) impactar\u00e1n la demanda del transporte a\u00e9reo de pasajeros\u201d, indic\u00f3 Volaris tras el anuncio de un nuevo recorte en sus operaciones.<\/p>\n\n\n\n<p class=\"p1\">Viva Aerobus redujo hasta 70 por ciento de sus operaciones para este mes, mientras que Aerom\u00e9xico mantiene alrededor del 40 por ciento de sus vuelos e Interjet el 50 por ciento.<\/p>\n\n\n\n<p class=\"p1\">Las fuertes reducciones complican los m\u00ednimos m\u00e1rgenes con los que operan las aerol\u00edneas en el mercado mexicano, as\u00ed como los pronunciados apalancamientos con los que operan. En los \u00faltimos cinco a\u00f1os, Volaris y Aerom\u00e9xico \u2013las \u00fanicas que cotizan en Bolsa\u2013 han tenido m\u00e1rgenes de apenas 9.8 por ciento, muy por debajo de lo Grupos Aeroportuarios.<\/p>\n\n\n\n<p class=\"p1\">Con el cese de operaciones y sin un plan de apoyo gubernamental delineado para contrarrestar las millonarias p\u00e9rdidas, las aerol\u00edneas se encuentran volando hacia la bancarrota.<\/p>\n\n\n\n<p class=\"p1\">\u201cEl elevado nivel de apalancamiento (de las aerol\u00edneas), una depreciaci\u00f3n en el peso mexicano, y una elevada volatilidad en el precio del combustible, presionar\u00edan de manera importante la operaci\u00f3n de las aerol\u00edneas. Hacia futuro, la bancarrota de \u00e9stas\u201d, advirti\u00f3 Brian Rodr\u00edguez, analista del sector a\u00e9reo de Monex Casa de Bolsa.<\/p>\n\n\n\n<p class=\"p1\">En el mundo operan m\u00e1s de 290 aerol\u00edneas, de \u00e9stas, solo 30 tienen viabilidad financiera. En M\u00e9xico, las condiciones de \u2018quiebra\u2019 no son ajenas, reconoci\u00f3 el director general de la Canaero, quien advirti\u00f3 que las condiciones en el pa\u00eds y en la regi\u00f3n de Am\u00e9rica Latina agravan la situaci\u00f3n econ\u00f3mica.<\/p>\n\n\n\n<p class=\"p1\">\u201cM\u00e9xico no tiene una se\u00f1alizaci\u00f3n diferente, aqu\u00ed la problem\u00e1tica en condiciones financieras es m\u00e1s grave que en otros lados del mundo, aqu\u00ed ver\u00edamos ese panorama, lo tenemos en frente, eso es lo que nos preocupa. Con ello viene la quiebra, los recortes de personal. Tratamos de sobrevivir, comprometidos con la planta laboral y dif\u00edcilmente lo podremos hacer sin apoyo\u201d, agreg\u00f3 Osorio.<\/p>\n\n\n\n<p class=\"p1\"><strong>Tr\u00e1fico se desploma en marzo<\/strong><\/p>\n\n\n\n<p class=\"p1\">En M\u00e9xico, el avance de COVID-19 se acentu\u00f3 durante marzo, mes en el que las aerol\u00edneas registraron cancelaciones masivas y cierre de fronteras a nivel mundial.<\/p>\n\n\n\n<p class=\"p1\">Muestra de ello es la ca\u00edda del 35.8 por ciento que Grupo Aeroportuario del Sureste registr\u00f3 durante el tercer mes del a\u00f1o, esto en comparaci\u00f3n con igual periodo del a\u00f1o anterior.<\/p>\n\n\n\n<p class=\"p1\">Canc\u00fan es el puerto a\u00e9reo m\u00e1s importante en cuanto a tr\u00e1fico internacional de la red de ASUR: en marzo perdi\u00f3 43.1 por ciento de pasajeros respecto al mismo mes del 2019.<\/p>\n\n\n\n<p class=\"p3\">Fuente: <span style=\"text-decoration: underline;\"><em><strong>El Financiero<\/strong><\/em><\/span>.<\/p>\n","protected":false},"excerpt":{"rendered":"<p>Las aerol\u00edneas mexicanas se encuentran en la peor crisis de su historia contempor\u00e1nea. El cierre de fronteras por COVID-19 oblig\u00f3 a las l\u00edneas a\u00e9reas a reducir sus operaciones de forma vertiginosa y, para esta semana que inicia, se prev\u00e9 que algunas de ellas pongan en tierra la totalidad de sus flotas. Los aer\u00f3dromos comenzar\u00e1n a [&hellip;]<\/p>\n","protected":false},"author":1,"featured_media":64546,"comment_status":"open","ping_status":"open","sticky":false,"template":"","format":"standard","meta":{"tdm_status":"","tdm_grid_status":"","footnotes":""},"categories":[32],"tags":[234,163,110,107,304],"class_list":{"0":"post-59629","1":"post","2":"type-post","3":"status-publish","4":"format-standard","5":"has-post-thumbnail","7":"category-internacional","8":"tag-aerolineas-mexicanas","9":"tag-coronavirus","10":"tag-covid-19","11":"tag-covid19","12":"tag-mexico-2"},"yoast_head":"<!-- This site is optimized with the Yoast SEO plugin v25.1 - https:\/\/yoast.com\/wordpress\/plugins\/seo\/ -->\n<title>Aerol\u00edneas mexicanas podr\u00edan dejar en tierra 310 aviones por coronavirus<\/title>\n<meta name=\"description\" content=\"Las aerol\u00edneas mexicanas se encuentran en la peor crisis de su historia contempor\u00e1nea. El cierre de fronteras por COVID-19 oblig\u00f3 a las l\u00edneas a\u00e9reas a reducir sus operaciones de forma vertiginosa y, para esta semana que inicia, se prev\u00e9 que algunas de ellas pongan en tierra la totalidad de sus flotas.\" \/>\n<meta name=\"robots\" content=\"index, follow, max-snippet:-1, max-image-preview:large, max-video-preview:-1\" \/>\n<link rel=\"canonical\" href=\"https:\/\/aeronoticias.com.pe\/noticiero\/transporte-aereo\/internacional\/aerolineas-mexicanas-podrian-dejar-en-tierra-310-aviones-por-coronavirus\/\" \/>\n<meta property=\"og:locale\" content=\"es_ES\" \/>\n<meta property=\"og:type\" content=\"article\" \/>\n<meta property=\"og:title\" content=\"Aerol\u00edneas mexicanas podr\u00edan dejar en tierra 310 aviones por coronavirus\" \/>\n<meta property=\"og:description\" content=\"Las aerol\u00edneas mexicanas se encuentran en la peor crisis de su historia contempor\u00e1nea. El cierre de fronteras por COVID-19 oblig\u00f3 a las l\u00edneas a\u00e9reas a reducir sus operaciones de forma vertiginosa y, para esta semana que inicia, se prev\u00e9 que algunas de ellas pongan en tierra la totalidad de sus flotas.\" \/>\n<meta property=\"og:url\" content=\"https:\/\/aeronoticias.com.pe\/noticiero\/transporte-aereo\/internacional\/aerolineas-mexicanas-podrian-dejar-en-tierra-310-aviones-por-coronavirus\/\" \/>\n<meta property=\"og:site_name\" content=\"Aeronoticias.com.pe\" \/>\n<meta property=\"article:publisher\" content=\"https:\/\/www.facebook.com\/Aeronoticias.com.pe\/\" \/>\n<meta property=\"article:published_time\" content=\"2020-04-08T23:18:13+00:00\" \/>\n<meta property=\"article:modified_time\" content=\"2020-11-07T22:42:02+00:00\" \/>\n<meta property=\"og:image\" content=\"https:\/\/aeronoticias.com.pe\/noticiero\/wp-content\/uploads\/2020\/04\/Aeromexico-Boeing.jpg\" \/>\n\t<meta property=\"og:image:width\" content=\"770\" \/>\n\t<meta property=\"og:image:height\" content=\"420\" \/>\n\t<meta property=\"og:image:type\" content=\"image\/jpeg\" \/>\n<meta name=\"author\" content=\"Redacci\u00f3n Aeronoticias\" \/>\n<meta name=\"twitter:card\" content=\"summary_large_image\" \/>\n<meta name=\"twitter:creator\" content=\"@aeronoticias\" \/>\n<meta name=\"twitter:site\" content=\"@aeronoticias\" \/>\n<meta name=\"twitter:label1\" content=\"Escrito por\" \/>\n\t<meta name=\"twitter:data1\" content=\"Redacci\u00f3n Aeronoticias\" \/>\n\t<meta name=\"twitter:label2\" content=\"Tiempo de lectura\" \/>\n\t<meta name=\"twitter:data2\" content=\"4 minutos\" \/>\n<script type=\"application\/ld+json\" class=\"yoast-schema-graph\">{\"@context\":\"https:\/\/schema.org\",\"@graph\":[{\"@type\":\"WebPage\",\"@id\":\"https:\/\/aeronoticias.com.pe\/noticiero\/transporte-aereo\/internacional\/aerolineas-mexicanas-podrian-dejar-en-tierra-310-aviones-por-coronavirus\/\",\"url\":\"https:\/\/aeronoticias.com.pe\/noticiero\/transporte-aereo\/internacional\/aerolineas-mexicanas-podrian-dejar-en-tierra-310-aviones-por-coronavirus\/\",\"name\":\"Aerol\u00edneas mexicanas podr\u00edan dejar en tierra 310 aviones por coronavirus\",\"isPartOf\":{\"@id\":\"https:\/\/aeronoticias.com.pe\/noticiero\/#website\"},\"primaryImageOfPage\":{\"@id\":\"https:\/\/aeronoticias.com.pe\/noticiero\/transporte-aereo\/internacional\/aerolineas-mexicanas-podrian-dejar-en-tierra-310-aviones-por-coronavirus\/#primaryimage\"},\"image\":{\"@id\":\"https:\/\/aeronoticias.com.pe\/noticiero\/transporte-aereo\/internacional\/aerolineas-mexicanas-podrian-dejar-en-tierra-310-aviones-por-coronavirus\/#primaryimage\"},\"thumbnailUrl\":\"https:\/\/aeronoticias.com.pe\/noticiero\/wp-content\/uploads\/2020\/04\/Aeromexico-Boeing.jpg\",\"datePublished\":\"2020-04-08T23:18:13+00:00\",\"dateModified\":\"2020-11-07T22:42:02+00:00\",\"author\":{\"@id\":\"https:\/\/aeronoticias.com.pe\/noticiero\/#\/schema\/person\/fc1e5d578f4b62ba1cf7ac2bba1170a0\"},\"description\":\"Las aerol\u00edneas mexicanas se encuentran en la peor crisis de su historia contempor\u00e1nea. El cierre de fronteras por COVID-19 oblig\u00f3 a las l\u00edneas a\u00e9reas a reducir sus operaciones de forma vertiginosa y, para esta semana que inicia, se prev\u00e9 que algunas de ellas pongan en tierra la totalidad de sus flotas.\",\"breadcrumb\":{\"@id\":\"https:\/\/aeronoticias.com.pe\/noticiero\/transporte-aereo\/internacional\/aerolineas-mexicanas-podrian-dejar-en-tierra-310-aviones-por-coronavirus\/#breadcrumb\"},\"inLanguage\":\"es\",\"potentialAction\":[{\"@type\":\"ReadAction\",\"target\":[\"https:\/\/aeronoticias.com.pe\/noticiero\/transporte-aereo\/internacional\/aerolineas-mexicanas-podrian-dejar-en-tierra-310-aviones-por-coronavirus\/\"]}]},{\"@type\":\"ImageObject\",\"inLanguage\":\"es\",\"@id\":\"https:\/\/aeronoticias.com.pe\/noticiero\/transporte-aereo\/internacional\/aerolineas-mexicanas-podrian-dejar-en-tierra-310-aviones-por-coronavirus\/#primaryimage\",\"url\":\"https:\/\/aeronoticias.com.pe\/noticiero\/wp-content\/uploads\/2020\/04\/Aeromexico-Boeing.jpg\",\"contentUrl\":\"https:\/\/aeronoticias.com.pe\/noticiero\/wp-content\/uploads\/2020\/04\/Aeromexico-Boeing.jpg\",\"width\":770,\"height\":420},{\"@type\":\"BreadcrumbList\",\"@id\":\"https:\/\/aeronoticias.com.pe\/noticiero\/transporte-aereo\/internacional\/aerolineas-mexicanas-podrian-dejar-en-tierra-310-aviones-por-coronavirus\/#breadcrumb\",\"itemListElement\":[{\"@type\":\"ListItem\",\"position\":1,\"name\":\"Portada\",\"item\":\"https:\/\/aeronoticias.com.pe\/noticiero\/\"},{\"@type\":\"ListItem\",\"position\":2,\"name\":\"Aerol\u00edneas mexicanas podr\u00edan dejar en tierra 310 aviones por coronavirus\"}]},{\"@type\":\"WebSite\",\"@id\":\"https:\/\/aeronoticias.com.pe\/noticiero\/#website\",\"url\":\"https:\/\/aeronoticias.com.pe\/noticiero\/\",\"name\":\"Aeronoticias.com.pe\",\"description\":\"Noticias de tranporte aereo, turismo, hoteles, gastronomia, actualidad, internacional\",\"potentialAction\":[{\"@type\":\"SearchAction\",\"target\":{\"@type\":\"EntryPoint\",\"urlTemplate\":\"https:\/\/aeronoticias.com.pe\/noticiero\/?s={search_term_string}\"},\"query-input\":{\"@type\":\"PropertyValueSpecification\",\"valueRequired\":true,\"valueName\":\"search_term_string\"}}],\"inLanguage\":\"es\"},{\"@type\":\"Person\",\"@id\":\"https:\/\/aeronoticias.com.pe\/noticiero\/#\/schema\/person\/fc1e5d578f4b62ba1cf7ac2bba1170a0\",\"name\":\"Redacci\u00f3n Aeronoticias\",\"url\":\"https:\/\/aeronoticias.com.pe\/noticiero\/author\/piloto\/\"}]}<\/script>\n<!-- \/ Yoast SEO plugin. -->","yoast_head_json":{"title":"Aerol\u00edneas mexicanas podr\u00edan dejar en tierra 310 aviones por coronavirus","description":"Las aerol\u00edneas mexicanas se encuentran en la peor crisis de su historia contempor\u00e1nea. El cierre de fronteras por COVID-19 oblig\u00f3 a las l\u00edneas a\u00e9reas a reducir sus operaciones de forma vertiginosa y, para esta semana que inicia, se prev\u00e9 que algunas de ellas pongan en tierra la totalidad de sus flotas.","robots":{"index":"index","follow":"follow","max-snippet":"max-snippet:-1","max-image-preview":"max-image-preview:large","max-video-preview":"max-video-preview:-1"},"canonical":"https:\/\/aeronoticias.com.pe\/noticiero\/transporte-aereo\/internacional\/aerolineas-mexicanas-podrian-dejar-en-tierra-310-aviones-por-coronavirus\/","og_locale":"es_ES","og_type":"article","og_title":"Aerol\u00edneas mexicanas podr\u00edan dejar en tierra 310 aviones por coronavirus","og_description":"Las aerol\u00edneas mexicanas se encuentran en la peor crisis de su historia contempor\u00e1nea. El cierre de fronteras por COVID-19 oblig\u00f3 a las l\u00edneas a\u00e9reas a reducir sus operaciones de forma vertiginosa y, para esta semana que inicia, se prev\u00e9 que algunas de ellas pongan en tierra la totalidad de sus flotas.","og_url":"https:\/\/aeronoticias.com.pe\/noticiero\/transporte-aereo\/internacional\/aerolineas-mexicanas-podrian-dejar-en-tierra-310-aviones-por-coronavirus\/","og_site_name":"Aeronoticias.com.pe","article_publisher":"https:\/\/www.facebook.com\/Aeronoticias.com.pe\/","article_published_time":"2020-04-08T23:18:13+00:00","article_modified_time":"2020-11-07T22:42:02+00:00","og_image":[{"width":770,"height":420,"url":"https:\/\/aeronoticias.com.pe\/noticiero\/wp-content\/uploads\/2020\/04\/Aeromexico-Boeing.jpg","type":"image\/jpeg"}],"author":"Redacci\u00f3n Aeronoticias","twitter_card":"summary_large_image","twitter_creator":"@aeronoticias","twitter_site":"@aeronoticias","twitter_misc":{"Escrito por":"Redacci\u00f3n Aeronoticias","Tiempo de lectura":"4 minutos"},"schema":{"@context":"https:\/\/schema.org","@graph":[{"@type":"WebPage","@id":"https:\/\/aeronoticias.com.pe\/noticiero\/transporte-aereo\/internacional\/aerolineas-mexicanas-podrian-dejar-en-tierra-310-aviones-por-coronavirus\/","url":"https:\/\/aeronoticias.com.pe\/noticiero\/transporte-aereo\/internacional\/aerolineas-mexicanas-podrian-dejar-en-tierra-310-aviones-por-coronavirus\/","name":"Aerol\u00edneas mexicanas podr\u00edan dejar en tierra 310 aviones por coronavirus","isPartOf":{"@id":"https:\/\/aeronoticias.com.pe\/noticiero\/#website"},"primaryImageOfPage":{"@id":"https:\/\/aeronoticias.com.pe\/noticiero\/transporte-aereo\/internacional\/aerolineas-mexicanas-podrian-dejar-en-tierra-310-aviones-por-coronavirus\/#primaryimage"},"image":{"@id":"https:\/\/aeronoticias.com.pe\/noticiero\/transporte-aereo\/internacional\/aerolineas-mexicanas-podrian-dejar-en-tierra-310-aviones-por-coronavirus\/#primaryimage"},"thumbnailUrl":"https:\/\/aeronoticias.com.pe\/noticiero\/wp-content\/uploads\/2020\/04\/Aeromexico-Boeing.jpg","datePublished":"2020-04-08T23:18:13+00:00","dateModified":"2020-11-07T22:42:02+00:00","author":{"@id":"https:\/\/aeronoticias.com.pe\/noticiero\/#\/schema\/person\/fc1e5d578f4b62ba1cf7ac2bba1170a0"},"description":"Las aerol\u00edneas mexicanas se encuentran en la peor crisis de su historia contempor\u00e1nea. El cierre de fronteras por COVID-19 oblig\u00f3 a las l\u00edneas a\u00e9reas a reducir sus operaciones de forma vertiginosa y, para esta semana que inicia, se prev\u00e9 que algunas de ellas pongan en tierra la totalidad de sus flotas.","breadcrumb":{"@id":"https:\/\/aeronoticias.com.pe\/noticiero\/transporte-aereo\/internacional\/aerolineas-mexicanas-podrian-dejar-en-tierra-310-aviones-por-coronavirus\/#breadcrumb"},"inLanguage":"es","potentialAction":[{"@type":"ReadAction","target":["https:\/\/aeronoticias.com.pe\/noticiero\/transporte-aereo\/internacional\/aerolineas-mexicanas-podrian-dejar-en-tierra-310-aviones-por-coronavirus\/"]}]},{"@type":"ImageObject","inLanguage":"es","@id":"https:\/\/aeronoticias.com.pe\/noticiero\/transporte-aereo\/internacional\/aerolineas-mexicanas-podrian-dejar-en-tierra-310-aviones-por-coronavirus\/#primaryimage","url":"https:\/\/aeronoticias.com.pe\/noticiero\/wp-content\/uploads\/2020\/04\/Aeromexico-Boeing.jpg","contentUrl":"https:\/\/aeronoticias.com.pe\/noticiero\/wp-content\/uploads\/2020\/04\/Aeromexico-Boeing.jpg","width":770,"height":420},{"@type":"BreadcrumbList","@id":"https:\/\/aeronoticias.com.pe\/noticiero\/transporte-aereo\/internacional\/aerolineas-mexicanas-podrian-dejar-en-tierra-310-aviones-por-coronavirus\/#breadcrumb","itemListElement":[{"@type":"ListItem","position":1,"name":"Portada","item":"https:\/\/aeronoticias.com.pe\/noticiero\/"},{"@type":"ListItem","position":2,"name":"Aerol\u00edneas mexicanas podr\u00edan dejar en tierra 310 aviones por coronavirus"}]},{"@type":"WebSite","@id":"https:\/\/aeronoticias.com.pe\/noticiero\/#website","url":"https:\/\/aeronoticias.com.pe\/noticiero\/","name":"Aeronoticias.com.pe","description":"Noticias de tranporte aereo, turismo, hoteles, gastronomia, actualidad, internacional","potentialAction":[{"@type":"SearchAction","target":{"@type":"EntryPoint","urlTemplate":"https:\/\/aeronoticias.com.pe\/noticiero\/?s={search_term_string}"},"query-input":{"@type":"PropertyValueSpecification","valueRequired":true,"valueName":"search_term_string"}}],"inLanguage":"es"},{"@type":"Person","@id":"https:\/\/aeronoticias.com.pe\/noticiero\/#\/schema\/person\/fc1e5d578f4b62ba1cf7ac2bba1170a0","name":"Redacci\u00f3n Aeronoticias","url":"https:\/\/aeronoticias.com.pe\/noticiero\/author\/piloto\/"}]}},"_links":{"self":[{"href":"https:\/\/aeronoticias.com.pe\/noticiero\/wp-json\/wp\/v2\/posts\/59629","targetHints":{"allow":["GET"]}}],"collection":[{"href":"https:\/\/aeronoticias.com.pe\/noticiero\/wp-json\/wp\/v2\/posts"}],"about":[{"href":"https:\/\/aeronoticias.com.pe\/noticiero\/wp-json\/wp\/v2\/types\/post"}],"author":[{"embeddable":true,"href":"https:\/\/aeronoticias.com.pe\/noticiero\/wp-json\/wp\/v2\/users\/1"}],"replies":[{"embeddable":true,"href":"https:\/\/aeronoticias.com.pe\/noticiero\/wp-json\/wp\/v2\/comments?post=59629"}],"version-history":[{"count":0,"href":"https:\/\/aeronoticias.com.pe\/noticiero\/wp-json\/wp\/v2\/posts\/59629\/revisions"}],"wp:featuredmedia":[{"embeddable":true,"href":"https:\/\/aeronoticias.com.pe\/noticiero\/wp-json\/wp\/v2\/media\/64546"}],"wp:attachment":[{"href":"https:\/\/aeronoticias.com.pe\/noticiero\/wp-json\/wp\/v2\/media?parent=59629"}],"wp:term":[{"taxonomy":"category","embeddable":true,"href":"https:\/\/aeronoticias.com.pe\/noticiero\/wp-json\/wp\/v2\/categories?post=59629"},{"taxonomy":"post_tag","embeddable":true,"href":"https:\/\/aeronoticias.com.pe\/noticiero\/wp-json\/wp\/v2\/tags?post=59629"}],"curies":[{"name":"wp","href":"https:\/\/api.w.org\/{rel}","templated":true}]}}