{"id":59630,"date":"2020-04-08T23:33:47","date_gmt":"2020-04-08T23:33:47","guid":{"rendered":"http:\/\/desarrollo.mcvicious.com\/aero2020\/2020\/04\/08\/airbus-reduce-un-tercio-la-produccion-de-aviones-por-la-crisis-del-coronavirus\/"},"modified":"2020-04-08T23:33:47","modified_gmt":"2020-04-08T23:33:47","slug":"airbus-reduce-un-tercio-la-produccion-de-aviones-por-la-crisis-del-coronavirus","status":"publish","type":"post","link":"https:\/\/aeronoticias.com.pe\/noticiero\/economia\/airbus-reduce-un-tercio-la-produccion-de-aviones-por-la-crisis-del-coronavirus\/","title":{"rendered":"Airbus reduce un tercio la producci\u00f3n de aviones por la crisis del coronavirus"},"content":{"rendered":"<p style=\"text-align: justify;\"><strong>(Aeronoticias).<\/strong>&#8211;\u00a0<span style=\"color: #454545; font-family: Helvetica; font-size: 12px;\">El fabricante aeron\u00e1utico Airbus ha informado este mi\u00e9rcoles de que reducir\u00e1 la candencia de producci\u00f3n de aviones en un tercio ante el impacto de la crisis del coronavirus.<\/span><\/p>\n<p class=\"p1\" style=\"margin: 0px; font-variant-numeric: normal; font-variant-east-asian: normal; font-stretch: normal; font-size: 12px; line-height: normal; font-family: Helvetica; color: #454545; text-align: justify;\">Con esta decisi\u00f3n, los nuevos promedios de producci\u00f3n por mes ser\u00e1n de 40 aviones A320, seis A350 y dos aparatos A330. \u201cCon estas nuevas tasas, Airbus conserva su capacidad de satisfacer la demanda de los clientes, al tiempo que protege su capacidad de seguir adapt\u00e1ndose a medida que evoluciona el mercado mundial\u201d, ha argumentado la compa\u00f1\u00eda.<\/p>\n<p class=\"p1\" style=\"margin: 0px; font-variant-numeric: normal; font-variant-east-asian: normal; font-stretch: normal; font-size: 12px; line-height: normal; font-family: Helvetica; color: #454545; text-align: justify;\">\u00a0<\/p>\n<p class=\"p1\" style=\"margin: 0px; font-variant-numeric: normal; font-variant-east-asian: normal; font-stretch: normal; font-size: 12px; line-height: normal; font-family: Helvetica; color: #454545; text-align: justify;\">Tras un \u201cs\u00f3lido\u201d rendimiento comercial e industrial a principios de a\u00f1o, Airbus ha revisado sus tasas de producci\u00f3n a la baja para adaptarse al mercado ante la crisis del coronavirus.<\/p>\n<p class=\"p1\" style=\"margin: 0px; font-variant-numeric: normal; font-variant-east-asian: normal; font-stretch: normal; font-size: 12px; line-height: normal; font-family: Helvetica; color: #454545; text-align: justify;\">\u00a0<\/p>\n<p class=\"p1\" style=\"margin: 0px; font-variant-numeric: normal; font-variant-east-asian: normal; font-stretch: normal; font-size: 12px; line-height: normal; font-family: Helvetica; color: #454545; text-align: justify;\">\u201cEl impacto de esta pandemia no tiene precedentes. Estamos en constante di\u00e1logo con nuestros clientes y socios de la cadena de suministro, ya que todos juntos estamos pasando por estos dif\u00edciles momentos\u201d, ha asegurado el consejero delegado de Airbus, Guillaume Faury.<\/p>\n<p class=\"p1\" style=\"margin: 0px; font-variant-numeric: normal; font-variant-east-asian: normal; font-stretch: normal; font-size: 12px; line-height: normal; font-family: Helvetica; color: #454545; text-align: justify;\">\u00a0<\/p>\n<p class=\"p1\" style=\"margin: 0px; font-variant-numeric: normal; font-variant-east-asian: normal; font-stretch: normal; font-size: 12px; line-height: normal; font-family: Helvetica; color: #454545; text-align: justify;\">En marzo se entregaron 36 aviones, frente a 55 en febrero de 2020, lo que refleja las solicitudes de los clientes de aplazar las entregas, ante la actual pandemia de Covid-19. En cuanto a los pedidos en el mes, se registraron 21 nuevas \u00f3rdenes.<\/p>\n<p class=\"p1\" style=\"margin: 0px; font-variant-numeric: normal; font-variant-east-asian: normal; font-stretch: normal; font-size: 12px; line-height: normal; font-family: Helvetica; color: #454545; text-align: justify;\">\u00a0<\/p>\n<p class=\"p1\" style=\"margin: 0px; font-variant-numeric: normal; font-variant-east-asian: normal; font-stretch: normal; font-size: 12px; line-height: normal; font-family: Helvetica; color: #454545; text-align: justify;\">Respecto al primer trimestre de 2020, Airbus registr\u00f3 290 pedidos netos de aviones comerciales y entreg\u00f3 122 aviones. Durante el trimestre se fabricaron 60 aviones, aunque seg\u00fan ha se\u00f1alado la compa\u00f1\u00eda siguen sin ser entregados debido a la evoluci\u00f3n de la pandemia del Covid-19.<\/p>\n<p class=\"p3\" style=\"margin: 0px; font-variant-numeric: normal; font-variant-east-asian: normal; font-stretch: normal; font-size: 12px; line-height: normal; font-family: Helvetica; color: #454545; min-height: 14px; text-align: justify;\">\u00a0<\/p>\n<p class=\"p1\" style=\"margin: 0px; font-variant-numeric: normal; font-variant-east-asian: normal; font-stretch: normal; font-size: 12px; line-height: normal; font-family: Helvetica; color: #454545; text-align: justify;\">\u201cNuestros clientes de aerol\u00edneas est\u00e1n muy afectados por la crisis de Covid-19. Estamos adaptando activamente nuestra producci\u00f3n a su nueva situaci\u00f3n y trabajando en medidas de mitigaci\u00f3n operativas y financieras para hacer frente a la realidad\u201d, ha remarcado Faury.<\/p>\n<p class=\"p1\" style=\"margin: 0px; font-variant-numeric: normal; font-variant-east-asian: normal; font-stretch: normal; font-size: 12px; line-height: normal; font-family: Helvetica; color: #454545; text-align: justify;\">\u00a0<\/p>\n<p class=\"p1\" style=\"margin: 0px; font-variant-numeric: normal; font-variant-east-asian: normal; font-stretch: normal; font-size: 12px; line-height: normal; font-family: Helvetica; color: #454545; text-align: justify;\">Adem\u00e1s, la compa\u00f1\u00eda ha asegurado que trabaja en colaboraci\u00f3n con sus interlocutores sociales para definir cu\u00e1les son las medidas sociales \u201cm\u00e1s adecuadas\u201d para poder adaptarse a esta situaci\u00f3n. La empresa tambi\u00e9n ha puesto en marcha un plan de contenci\u00f3n del efectivo a corto plazo as\u00ed como la adaptaci\u00f3n de su estructura de costes a largo plazo.<\/p>\n<p class=\"p1\" style=\"margin: 0px; font-variant-numeric: normal; font-variant-east-asian: normal; font-stretch: normal; font-size: 12px; line-height: normal; font-family: Helvetica; color: #454545; text-align: justify;\">\u00a0<\/p>\n<p class=\"p1\" style=\"margin: 0px; font-variant-numeric: normal; font-variant-east-asian: normal; font-stretch: normal; font-size: 12px; line-height: normal; font-family: Helvetica; color: #454545; text-align: justify;\">Fuente: <span style=\"text-decoration: underline;\"><em><strong>Europa Press<\/strong><\/em><\/span>.<\/p>\n<p class=\"p1\" style=\"margin: 0px; font-variant-numeric: normal; font-variant-east-asian: normal; font-stretch: normal; font-size: 12px; line-height: normal; font-family: Helvetica; color: #454545; text-align: justify;\">\u00a0<\/p>\n<p class=\"p1\" style=\"margin: 0px; font-variant-numeric: normal; font-variant-east-asian: normal; font-stretch: normal; font-size: 12px; line-height: normal; font-family: Helvetica; color: #454545; text-align: justify;\"><img decoding=\"async\" src=\"images\/stories\/airbus aaa380.jpg\" border=\"0\" \/><\/p>\n","protected":false},"excerpt":{"rendered":"<p>(Aeronoticias).&#8211;\u00a0El fabricante aeron\u00e1utico Airbus ha informado este mi\u00e9rcoles de que reducir\u00e1 la candencia de producci\u00f3n de aviones en un tercio ante el impacto de la crisis del coronavirus. Con esta decisi\u00f3n, los nuevos promedios de producci\u00f3n por mes ser\u00e1n de 40 aviones A320, seis A350 y dos aparatos A330. \u201cCon estas nuevas tasas, Airbus conserva [&hellip;]<\/p>\n","protected":false},"author":1,"featured_media":0,"comment_status":"open","ping_status":"open","sticky":false,"template":"","format":"standard","meta":{"tdm_status":"","tdm_grid_status":"","footnotes":""},"categories":[33],"tags":[],"class_list":{"0":"post-59630","1":"post","2":"type-post","3":"status-publish","4":"format-standard","6":"category-economia"},"yoast_head":"<!-- This site is optimized with the Yoast SEO plugin v25.1 - https:\/\/yoast.com\/wordpress\/plugins\/seo\/ -->\n<title>Airbus reduce un tercio la producci\u00f3n de aviones por la crisis del coronavirus<\/title>\n<meta name=\"description\" content=\"Portal de noticias del Per\u00fa sobre el transporte a\u00e9reo, aviaci\u00f3n, turismo, hoteleria, actualidad.\" \/>\n<meta name=\"robots\" content=\"index, follow, max-snippet:-1, max-image-preview:large, max-video-preview:-1\" \/>\n<link rel=\"canonical\" href=\"https:\/\/aeronoticias.com.pe\/noticiero\/economia\/airbus-reduce-un-tercio-la-produccion-de-aviones-por-la-crisis-del-coronavirus\/\" \/>\n<meta property=\"og:locale\" content=\"es_ES\" \/>\n<meta property=\"og:type\" content=\"article\" \/>\n<meta property=\"og:title\" content=\"Airbus reduce un tercio la producci\u00f3n de aviones por la crisis del coronavirus\" \/>\n<meta property=\"og:description\" content=\"Portal de noticias del Per\u00fa sobre el transporte a\u00e9reo, aviaci\u00f3n, turismo, hoteleria, actualidad.\" \/>\n<meta property=\"og:url\" content=\"https:\/\/aeronoticias.com.pe\/noticiero\/economia\/airbus-reduce-un-tercio-la-produccion-de-aviones-por-la-crisis-del-coronavirus\/\" \/>\n<meta property=\"og:site_name\" content=\"Aeronoticias.com.pe\" \/>\n<meta property=\"article:publisher\" content=\"https:\/\/www.facebook.com\/Aeronoticias.com.pe\/\" \/>\n<meta property=\"article:published_time\" content=\"2020-04-08T23:33:47+00:00\" \/>\n<meta name=\"author\" content=\"Redacci\u00f3n Aeronoticias\" \/>\n<meta name=\"twitter:card\" content=\"summary_large_image\" \/>\n<meta name=\"twitter:creator\" content=\"@aeronoticias\" \/>\n<meta name=\"twitter:site\" content=\"@aeronoticias\" \/>\n<meta name=\"twitter:label1\" content=\"Escrito por\" \/>\n\t<meta name=\"twitter:data1\" content=\"Redacci\u00f3n Aeronoticias\" \/>\n\t<meta name=\"twitter:label2\" content=\"Tiempo de lectura\" \/>\n\t<meta name=\"twitter:data2\" content=\"2 minutos\" \/>\n<script type=\"application\/ld+json\" class=\"yoast-schema-graph\">{\"@context\":\"https:\/\/schema.org\",\"@graph\":[{\"@type\":\"WebPage\",\"@id\":\"https:\/\/aeronoticias.com.pe\/noticiero\/economia\/airbus-reduce-un-tercio-la-produccion-de-aviones-por-la-crisis-del-coronavirus\/\",\"url\":\"https:\/\/aeronoticias.com.pe\/noticiero\/economia\/airbus-reduce-un-tercio-la-produccion-de-aviones-por-la-crisis-del-coronavirus\/\",\"name\":\"Airbus reduce un tercio la producci\u00f3n de aviones por la crisis del coronavirus\",\"isPartOf\":{\"@id\":\"https:\/\/aeronoticias.com.pe\/noticiero\/#website\"},\"datePublished\":\"2020-04-08T23:33:47+00:00\",\"author\":{\"@id\":\"https:\/\/aeronoticias.com.pe\/noticiero\/#\/schema\/person\/fc1e5d578f4b62ba1cf7ac2bba1170a0\"},\"description\":\"Portal de noticias del Per\u00fa sobre el transporte a\u00e9reo, aviaci\u00f3n, turismo, hoteleria, actualidad.\",\"breadcrumb\":{\"@id\":\"https:\/\/aeronoticias.com.pe\/noticiero\/economia\/airbus-reduce-un-tercio-la-produccion-de-aviones-por-la-crisis-del-coronavirus\/#breadcrumb\"},\"inLanguage\":\"es\",\"potentialAction\":[{\"@type\":\"ReadAction\",\"target\":[\"https:\/\/aeronoticias.com.pe\/noticiero\/economia\/airbus-reduce-un-tercio-la-produccion-de-aviones-por-la-crisis-del-coronavirus\/\"]}]},{\"@type\":\"BreadcrumbList\",\"@id\":\"https:\/\/aeronoticias.com.pe\/noticiero\/economia\/airbus-reduce-un-tercio-la-produccion-de-aviones-por-la-crisis-del-coronavirus\/#breadcrumb\",\"itemListElement\":[{\"@type\":\"ListItem\",\"position\":1,\"name\":\"Portada\",\"item\":\"https:\/\/aeronoticias.com.pe\/noticiero\/\"},{\"@type\":\"ListItem\",\"position\":2,\"name\":\"Airbus reduce un tercio la producci\u00f3n de aviones por la crisis del coronavirus\"}]},{\"@type\":\"WebSite\",\"@id\":\"https:\/\/aeronoticias.com.pe\/noticiero\/#website\",\"url\":\"https:\/\/aeronoticias.com.pe\/noticiero\/\",\"name\":\"Aeronoticias.com.pe\",\"description\":\"Noticias de tranporte aereo, turismo, hoteles, gastronomia, actualidad, internacional\",\"potentialAction\":[{\"@type\":\"SearchAction\",\"target\":{\"@type\":\"EntryPoint\",\"urlTemplate\":\"https:\/\/aeronoticias.com.pe\/noticiero\/?s={search_term_string}\"},\"query-input\":{\"@type\":\"PropertyValueSpecification\",\"valueRequired\":true,\"valueName\":\"search_term_string\"}}],\"inLanguage\":\"es\"},{\"@type\":\"Person\",\"@id\":\"https:\/\/aeronoticias.com.pe\/noticiero\/#\/schema\/person\/fc1e5d578f4b62ba1cf7ac2bba1170a0\",\"name\":\"Redacci\u00f3n Aeronoticias\",\"url\":\"https:\/\/aeronoticias.com.pe\/noticiero\/author\/piloto\/\"}]}<\/script>\n<!-- \/ Yoast SEO plugin. -->","yoast_head_json":{"title":"Airbus reduce un tercio la producci\u00f3n de aviones por la crisis del coronavirus","description":"Portal de noticias del Per\u00fa sobre el transporte a\u00e9reo, aviaci\u00f3n, turismo, hoteleria, actualidad.","robots":{"index":"index","follow":"follow","max-snippet":"max-snippet:-1","max-image-preview":"max-image-preview:large","max-video-preview":"max-video-preview:-1"},"canonical":"https:\/\/aeronoticias.com.pe\/noticiero\/economia\/airbus-reduce-un-tercio-la-produccion-de-aviones-por-la-crisis-del-coronavirus\/","og_locale":"es_ES","og_type":"article","og_title":"Airbus reduce un tercio la producci\u00f3n de aviones por la crisis del coronavirus","og_description":"Portal de noticias del Per\u00fa sobre el transporte a\u00e9reo, aviaci\u00f3n, turismo, hoteleria, actualidad.","og_url":"https:\/\/aeronoticias.com.pe\/noticiero\/economia\/airbus-reduce-un-tercio-la-produccion-de-aviones-por-la-crisis-del-coronavirus\/","og_site_name":"Aeronoticias.com.pe","article_publisher":"https:\/\/www.facebook.com\/Aeronoticias.com.pe\/","article_published_time":"2020-04-08T23:33:47+00:00","author":"Redacci\u00f3n Aeronoticias","twitter_card":"summary_large_image","twitter_creator":"@aeronoticias","twitter_site":"@aeronoticias","twitter_misc":{"Escrito por":"Redacci\u00f3n Aeronoticias","Tiempo de lectura":"2 minutos"},"schema":{"@context":"https:\/\/schema.org","@graph":[{"@type":"WebPage","@id":"https:\/\/aeronoticias.com.pe\/noticiero\/economia\/airbus-reduce-un-tercio-la-produccion-de-aviones-por-la-crisis-del-coronavirus\/","url":"https:\/\/aeronoticias.com.pe\/noticiero\/economia\/airbus-reduce-un-tercio-la-produccion-de-aviones-por-la-crisis-del-coronavirus\/","name":"Airbus reduce un tercio la producci\u00f3n de aviones por la crisis del coronavirus","isPartOf":{"@id":"https:\/\/aeronoticias.com.pe\/noticiero\/#website"},"datePublished":"2020-04-08T23:33:47+00:00","author":{"@id":"https:\/\/aeronoticias.com.pe\/noticiero\/#\/schema\/person\/fc1e5d578f4b62ba1cf7ac2bba1170a0"},"description":"Portal de noticias del Per\u00fa sobre el transporte a\u00e9reo, aviaci\u00f3n, turismo, hoteleria, actualidad.","breadcrumb":{"@id":"https:\/\/aeronoticias.com.pe\/noticiero\/economia\/airbus-reduce-un-tercio-la-produccion-de-aviones-por-la-crisis-del-coronavirus\/#breadcrumb"},"inLanguage":"es","potentialAction":[{"@type":"ReadAction","target":["https:\/\/aeronoticias.com.pe\/noticiero\/economia\/airbus-reduce-un-tercio-la-produccion-de-aviones-por-la-crisis-del-coronavirus\/"]}]},{"@type":"BreadcrumbList","@id":"https:\/\/aeronoticias.com.pe\/noticiero\/economia\/airbus-reduce-un-tercio-la-produccion-de-aviones-por-la-crisis-del-coronavirus\/#breadcrumb","itemListElement":[{"@type":"ListItem","position":1,"name":"Portada","item":"https:\/\/aeronoticias.com.pe\/noticiero\/"},{"@type":"ListItem","position":2,"name":"Airbus reduce un tercio la producci\u00f3n de aviones por la crisis del coronavirus"}]},{"@type":"WebSite","@id":"https:\/\/aeronoticias.com.pe\/noticiero\/#website","url":"https:\/\/aeronoticias.com.pe\/noticiero\/","name":"Aeronoticias.com.pe","description":"Noticias de tranporte aereo, turismo, hoteles, gastronomia, actualidad, internacional","potentialAction":[{"@type":"SearchAction","target":{"@type":"EntryPoint","urlTemplate":"https:\/\/aeronoticias.com.pe\/noticiero\/?s={search_term_string}"},"query-input":{"@type":"PropertyValueSpecification","valueRequired":true,"valueName":"search_term_string"}}],"inLanguage":"es"},{"@type":"Person","@id":"https:\/\/aeronoticias.com.pe\/noticiero\/#\/schema\/person\/fc1e5d578f4b62ba1cf7ac2bba1170a0","name":"Redacci\u00f3n Aeronoticias","url":"https:\/\/aeronoticias.com.pe\/noticiero\/author\/piloto\/"}]}},"_links":{"self":[{"href":"https:\/\/aeronoticias.com.pe\/noticiero\/wp-json\/wp\/v2\/posts\/59630","targetHints":{"allow":["GET"]}}],"collection":[{"href":"https:\/\/aeronoticias.com.pe\/noticiero\/wp-json\/wp\/v2\/posts"}],"about":[{"href":"https:\/\/aeronoticias.com.pe\/noticiero\/wp-json\/wp\/v2\/types\/post"}],"author":[{"embeddable":true,"href":"https:\/\/aeronoticias.com.pe\/noticiero\/wp-json\/wp\/v2\/users\/1"}],"replies":[{"embeddable":true,"href":"https:\/\/aeronoticias.com.pe\/noticiero\/wp-json\/wp\/v2\/comments?post=59630"}],"version-history":[{"count":0,"href":"https:\/\/aeronoticias.com.pe\/noticiero\/wp-json\/wp\/v2\/posts\/59630\/revisions"}],"wp:attachment":[{"href":"https:\/\/aeronoticias.com.pe\/noticiero\/wp-json\/wp\/v2\/media?parent=59630"}],"wp:term":[{"taxonomy":"category","embeddable":true,"href":"https:\/\/aeronoticias.com.pe\/noticiero\/wp-json\/wp\/v2\/categories?post=59630"},{"taxonomy":"post_tag","embeddable":true,"href":"https:\/\/aeronoticias.com.pe\/noticiero\/wp-json\/wp\/v2\/tags?post=59630"}],"curies":[{"name":"wp","href":"https:\/\/api.w.org\/{rel}","templated":true}]}}