{"id":59631,"date":"2020-04-08T23:38:09","date_gmt":"2020-04-08T23:38:09","guid":{"rendered":"http:\/\/desarrollo.mcvicious.com\/aero2020\/2020\/04\/08\/espana-cierran-5-aeropuertos-regionales-y-pasan-a-operar-bajo-demanda\/"},"modified":"2020-11-07T17:37:17","modified_gmt":"2020-11-07T22:37:17","slug":"espana-cierran-5-aeropuertos-regionales-y-pasan-a-operar-bajo-demanda","status":"publish","type":"post","link":"https:\/\/aeronoticias.com.pe\/noticiero\/transporte-aereo\/internacional\/espana-cierran-5-aeropuertos-regionales-y-pasan-a-operar-bajo-demanda\/","title":{"rendered":"Espa\u00f1a: Cierran 5 aeropuertos regionales y pasan a operar bajo demanda"},"content":{"rendered":"\n<p class=\"p1\">Cinco aeropuertos regionales ya han cerrado sus instalaciones, de forma que s\u00f3lo operan vuelos bajo demanda, ante la ca\u00edda de actividad de transporte a\u00e9reo derivada del estado de alarma y de las medidas de restricci\u00f3n de movimiento de los ciudadanos implantadas para contener el coronavirus.<\/p>\n\n\n\n<p class=\"p1\">Se trata de los aer\u00f3dromos de Granada-Ja\u00e9n, A Coru\u00f1a, Vigo, Asturias y Santander, seg\u00fan inform\u00f3 la secretaria general de Transportes, Mar\u00eda Jes\u00fas Rallo.<\/p>\n\n\n\n<p class=\"p1\">Estos aeropuertos s\u00f3lo estar\u00e1n operativos cuando una aerol\u00ednea solicite expresamente realizar una operaci\u00f3n de aterrizaje o despegue desde sus instalaciones, una petici\u00f3n que tendr\u00e1 que realizar con al menos tres horas de antelaci\u00f3n.<\/p>\n\n\n\n<p class=\"p1\">Se trata de una de las medidas que Aena est\u00e1 tomando para reajustar la capacidad de la red de aeropuertos al desplome de la actividad de transporte a\u00e9reo, por la que, en el caso de Madrid y Barcelona, ya procedi\u00f3 a cerrar todas sus respectivas terminales salvo una.<\/p>\n\n\n\n<p class=\"p1\">En concreto, este martes se operaron en Espa\u00f1a 323 vuelos, m\u00e1s de un 90% inferior de lo que suele ser habitual en fechas normales, especialmente en v\u00edsperas de festividades como es la de Semana Santa.<\/p>\n\n\n\n<p class=\"p1\">De estos vuelos, 72 correspondieron a trayectos desde la Pen\u00ednsula hasta las islas, o entre las islas, otros 114 a destinos de la UE y los 55 restantes, a otros destinos internacionales.<\/p>\n\n\n\n<p class=\"p1\">En la comparecencia diaria del comit\u00e9 t\u00e9cnico de gesti\u00f3n de la crisis, la secretaria de Transportes facilit\u00f3 datos de movimiento de pasajeros entre las islas de los dos archipi\u00e9lagos.<\/p>\n\n\n\n<p class=\"p1\">As\u00ed, en el caso de Baleares este martes viajaron entre las distintas islas 53 personas, frente al tr\u00e1nsito habitual de 2.500 pasajeros. Respecto a Canarias, se trasladaron entre islas 328 ciudadanos, frente a los 12.500 que acostumbran a hacerlo.<\/p>\n\n\n\n<p class=\"p1\">\u201cSon cifras que indican una reducci\u00f3n muy significativa y que seguramente ha contribuido a que en las islas el n\u00famero de contagios sea inferior a la media\u201d, indic\u00f3.<\/p>\n\n\n\n<p class=\"p1\"><strong>Cientos de aviones estacionados<\/strong><\/p>\n\n\n\n<p class=\"p1\">La \u2018alto cargo\u2019 de Transportes se refiri\u00f3 adem\u00e1s a otra de las im\u00e1genes que dejan la crisis y evidencian el grado en el que se ha reducido la movilidad de los viajeros.<\/p>\n\n\n\n<p class=\"p1\">Se trata de la \u201cpanor\u00e1mica\u201d de filas de centenares aviones que en vez de volar est\u00e1n estacionados en los aeropuertos, \u201cconvertidos as\u00ed en grandes aparcamientos\u201d, seg\u00fan apunt\u00f3 Rallo.<\/p>\n\n\n\n<p class=\"p1\">La secretaria general detall\u00f3 que en caso del aer\u00f3dromo Adolfo Su\u00e1rez Madrid-Barajas actualmente cuenta con 197 aviones estacionados en sus instalaciones, mientras que Barcelona El Prat ya suma 90 aeronaves \u2018varadas\u2019.<\/p>\n\n\n\n<p class=\"p3\">Fuente: <em><span style=\"text-decoration: underline;\"><strong>El Espa<\/strong><\/span><strong><span style=\"text-decoration: underline;\">\u00f1o<\/span>l.<\/strong><\/em><\/p>\n","protected":false},"excerpt":{"rendered":"<p>Cinco aeropuertos regionales ya han cerrado sus instalaciones, de forma que s\u00f3lo operan vuelos bajo demanda, ante la ca\u00edda de actividad de transporte a\u00e9reo derivada del estado de alarma y de las medidas de restricci\u00f3n de movimiento de los ciudadanos implantadas para contener el coronavirus. Se trata de los aer\u00f3dromos de Granada-Ja\u00e9n, A Coru\u00f1a, Vigo, [&hellip;]<\/p>\n","protected":false},"author":1,"featured_media":64543,"comment_status":"open","ping_status":"open","sticky":false,"template":"","format":"standard","meta":{"tdm_status":"","tdm_grid_status":"","footnotes":""},"categories":[32],"tags":[110,107,451],"class_list":{"0":"post-59631","1":"post","2":"type-post","3":"status-publish","4":"format-standard","5":"has-post-thumbnail","7":"category-internacional","8":"tag-covid-19","10":"tag-espana"},"yoast_head":"<!-- This site is optimized with the Yoast SEO plugin v25.1 - https:\/\/yoast.com\/wordpress\/plugins\/seo\/ -->\n<title>Espa\u00f1a: Cierran 5 aeropuertos regionales y pasan a operar bajo demanda<\/title>\n<meta name=\"description\" content=\"Cinco aeropuertos regionales ya han cerrado sus instalaciones, de forma que s\u00f3lo operan vuelos bajo demanda, ante la ca\u00edda de actividad de transporte a\u00e9reo derivada del estado de alarma y de las medidas de restricci\u00f3n de movimiento de los ciudadanos implantadas para contener el coronavirus.\" \/>\n<meta name=\"robots\" content=\"index, follow, max-snippet:-1, max-image-preview:large, max-video-preview:-1\" \/>\n<link rel=\"canonical\" href=\"https:\/\/aeronoticias.com.pe\/noticiero\/transporte-aereo\/internacional\/espana-cierran-5-aeropuertos-regionales-y-pasan-a-operar-bajo-demanda\/\" \/>\n<meta property=\"og:locale\" content=\"es_ES\" \/>\n<meta property=\"og:type\" content=\"article\" \/>\n<meta property=\"og:title\" content=\"Espa\u00f1a: Cierran 5 aeropuertos regionales y pasan a operar bajo demanda\" \/>\n<meta property=\"og:description\" content=\"Cinco aeropuertos regionales ya han cerrado sus instalaciones, de forma que s\u00f3lo operan vuelos bajo demanda, ante la ca\u00edda de actividad de transporte a\u00e9reo derivada del estado de alarma y de las medidas de restricci\u00f3n de movimiento de los ciudadanos implantadas para contener el coronavirus.\" \/>\n<meta property=\"og:url\" content=\"https:\/\/aeronoticias.com.pe\/noticiero\/transporte-aereo\/internacional\/espana-cierran-5-aeropuertos-regionales-y-pasan-a-operar-bajo-demanda\/\" \/>\n<meta property=\"og:site_name\" content=\"Aeronoticias.com.pe\" \/>\n<meta property=\"article:publisher\" content=\"https:\/\/www.facebook.com\/Aeronoticias.com.pe\/\" \/>\n<meta property=\"article:published_time\" content=\"2020-04-08T23:38:09+00:00\" \/>\n<meta property=\"article:modified_time\" content=\"2020-11-07T22:37:17+00:00\" \/>\n<meta property=\"og:image\" content=\"https:\/\/aeronoticias.com.pe\/noticiero\/wp-content\/uploads\/2020\/04\/aeropuerto-madrid-barajas-t4_4_732x400.jpeg\" \/>\n\t<meta property=\"og:image:width\" content=\"732\" \/>\n\t<meta property=\"og:image:height\" content=\"400\" \/>\n\t<meta property=\"og:image:type\" content=\"image\/jpeg\" \/>\n<meta name=\"author\" content=\"Redacci\u00f3n Aeronoticias\" \/>\n<meta name=\"twitter:card\" content=\"summary_large_image\" \/>\n<meta name=\"twitter:creator\" content=\"@aeronoticias\" \/>\n<meta name=\"twitter:site\" content=\"@aeronoticias\" \/>\n<meta name=\"twitter:label1\" content=\"Escrito por\" \/>\n\t<meta name=\"twitter:data1\" content=\"Redacci\u00f3n Aeronoticias\" \/>\n\t<meta name=\"twitter:label2\" content=\"Tiempo de lectura\" \/>\n\t<meta name=\"twitter:data2\" content=\"2 minutos\" \/>\n<script type=\"application\/ld+json\" class=\"yoast-schema-graph\">{\"@context\":\"https:\/\/schema.org\",\"@graph\":[{\"@type\":\"WebPage\",\"@id\":\"https:\/\/aeronoticias.com.pe\/noticiero\/transporte-aereo\/internacional\/espana-cierran-5-aeropuertos-regionales-y-pasan-a-operar-bajo-demanda\/\",\"url\":\"https:\/\/aeronoticias.com.pe\/noticiero\/transporte-aereo\/internacional\/espana-cierran-5-aeropuertos-regionales-y-pasan-a-operar-bajo-demanda\/\",\"name\":\"Espa\u00f1a: Cierran 5 aeropuertos regionales y pasan a operar bajo demanda\",\"isPartOf\":{\"@id\":\"https:\/\/aeronoticias.com.pe\/noticiero\/#website\"},\"primaryImageOfPage\":{\"@id\":\"https:\/\/aeronoticias.com.pe\/noticiero\/transporte-aereo\/internacional\/espana-cierran-5-aeropuertos-regionales-y-pasan-a-operar-bajo-demanda\/#primaryimage\"},\"image\":{\"@id\":\"https:\/\/aeronoticias.com.pe\/noticiero\/transporte-aereo\/internacional\/espana-cierran-5-aeropuertos-regionales-y-pasan-a-operar-bajo-demanda\/#primaryimage\"},\"thumbnailUrl\":\"https:\/\/aeronoticias.com.pe\/noticiero\/wp-content\/uploads\/2020\/04\/aeropuerto-madrid-barajas-t4_4_732x400.jpeg\",\"datePublished\":\"2020-04-08T23:38:09+00:00\",\"dateModified\":\"2020-11-07T22:37:17+00:00\",\"author\":{\"@id\":\"https:\/\/aeronoticias.com.pe\/noticiero\/#\/schema\/person\/fc1e5d578f4b62ba1cf7ac2bba1170a0\"},\"description\":\"Cinco aeropuertos regionales ya han cerrado sus instalaciones, de forma que s\u00f3lo operan vuelos bajo demanda, ante la ca\u00edda de actividad de transporte a\u00e9reo derivada del estado de alarma y de las medidas de restricci\u00f3n de movimiento de los ciudadanos implantadas para contener el coronavirus.\",\"breadcrumb\":{\"@id\":\"https:\/\/aeronoticias.com.pe\/noticiero\/transporte-aereo\/internacional\/espana-cierran-5-aeropuertos-regionales-y-pasan-a-operar-bajo-demanda\/#breadcrumb\"},\"inLanguage\":\"es\",\"potentialAction\":[{\"@type\":\"ReadAction\",\"target\":[\"https:\/\/aeronoticias.com.pe\/noticiero\/transporte-aereo\/internacional\/espana-cierran-5-aeropuertos-regionales-y-pasan-a-operar-bajo-demanda\/\"]}]},{\"@type\":\"ImageObject\",\"inLanguage\":\"es\",\"@id\":\"https:\/\/aeronoticias.com.pe\/noticiero\/transporte-aereo\/internacional\/espana-cierran-5-aeropuertos-regionales-y-pasan-a-operar-bajo-demanda\/#primaryimage\",\"url\":\"https:\/\/aeronoticias.com.pe\/noticiero\/wp-content\/uploads\/2020\/04\/aeropuerto-madrid-barajas-t4_4_732x400.jpeg\",\"contentUrl\":\"https:\/\/aeronoticias.com.pe\/noticiero\/wp-content\/uploads\/2020\/04\/aeropuerto-madrid-barajas-t4_4_732x400.jpeg\",\"width\":732,\"height\":400},{\"@type\":\"BreadcrumbList\",\"@id\":\"https:\/\/aeronoticias.com.pe\/noticiero\/transporte-aereo\/internacional\/espana-cierran-5-aeropuertos-regionales-y-pasan-a-operar-bajo-demanda\/#breadcrumb\",\"itemListElement\":[{\"@type\":\"ListItem\",\"position\":1,\"name\":\"Portada\",\"item\":\"https:\/\/aeronoticias.com.pe\/noticiero\/\"},{\"@type\":\"ListItem\",\"position\":2,\"name\":\"Espa\u00f1a: Cierran 5 aeropuertos regionales y pasan a operar bajo demanda\"}]},{\"@type\":\"WebSite\",\"@id\":\"https:\/\/aeronoticias.com.pe\/noticiero\/#website\",\"url\":\"https:\/\/aeronoticias.com.pe\/noticiero\/\",\"name\":\"Aeronoticias.com.pe\",\"description\":\"Noticias de tranporte aereo, turismo, hoteles, gastronomia, actualidad, internacional\",\"potentialAction\":[{\"@type\":\"SearchAction\",\"target\":{\"@type\":\"EntryPoint\",\"urlTemplate\":\"https:\/\/aeronoticias.com.pe\/noticiero\/?s={search_term_string}\"},\"query-input\":{\"@type\":\"PropertyValueSpecification\",\"valueRequired\":true,\"valueName\":\"search_term_string\"}}],\"inLanguage\":\"es\"},{\"@type\":\"Person\",\"@id\":\"https:\/\/aeronoticias.com.pe\/noticiero\/#\/schema\/person\/fc1e5d578f4b62ba1cf7ac2bba1170a0\",\"name\":\"Redacci\u00f3n Aeronoticias\",\"url\":\"https:\/\/aeronoticias.com.pe\/noticiero\/author\/piloto\/\"}]}<\/script>\n<!-- \/ Yoast SEO plugin. -->","yoast_head_json":{"title":"Espa\u00f1a: Cierran 5 aeropuertos regionales y pasan a operar bajo demanda","description":"Cinco aeropuertos regionales ya han cerrado sus instalaciones, de forma que s\u00f3lo operan vuelos bajo demanda, ante la ca\u00edda de actividad de transporte a\u00e9reo derivada del estado de alarma y de las medidas de restricci\u00f3n de movimiento de los ciudadanos implantadas para contener el coronavirus.","robots":{"index":"index","follow":"follow","max-snippet":"max-snippet:-1","max-image-preview":"max-image-preview:large","max-video-preview":"max-video-preview:-1"},"canonical":"https:\/\/aeronoticias.com.pe\/noticiero\/transporte-aereo\/internacional\/espana-cierran-5-aeropuertos-regionales-y-pasan-a-operar-bajo-demanda\/","og_locale":"es_ES","og_type":"article","og_title":"Espa\u00f1a: Cierran 5 aeropuertos regionales y pasan a operar bajo demanda","og_description":"Cinco aeropuertos regionales ya han cerrado sus instalaciones, de forma que s\u00f3lo operan vuelos bajo demanda, ante la ca\u00edda de actividad de transporte a\u00e9reo derivada del estado de alarma y de las medidas de restricci\u00f3n de movimiento de los ciudadanos implantadas para contener el coronavirus.","og_url":"https:\/\/aeronoticias.com.pe\/noticiero\/transporte-aereo\/internacional\/espana-cierran-5-aeropuertos-regionales-y-pasan-a-operar-bajo-demanda\/","og_site_name":"Aeronoticias.com.pe","article_publisher":"https:\/\/www.facebook.com\/Aeronoticias.com.pe\/","article_published_time":"2020-04-08T23:38:09+00:00","article_modified_time":"2020-11-07T22:37:17+00:00","og_image":[{"width":732,"height":400,"url":"https:\/\/aeronoticias.com.pe\/noticiero\/wp-content\/uploads\/2020\/04\/aeropuerto-madrid-barajas-t4_4_732x400.jpeg","type":"image\/jpeg"}],"author":"Redacci\u00f3n Aeronoticias","twitter_card":"summary_large_image","twitter_creator":"@aeronoticias","twitter_site":"@aeronoticias","twitter_misc":{"Escrito por":"Redacci\u00f3n Aeronoticias","Tiempo de lectura":"2 minutos"},"schema":{"@context":"https:\/\/schema.org","@graph":[{"@type":"WebPage","@id":"https:\/\/aeronoticias.com.pe\/noticiero\/transporte-aereo\/internacional\/espana-cierran-5-aeropuertos-regionales-y-pasan-a-operar-bajo-demanda\/","url":"https:\/\/aeronoticias.com.pe\/noticiero\/transporte-aereo\/internacional\/espana-cierran-5-aeropuertos-regionales-y-pasan-a-operar-bajo-demanda\/","name":"Espa\u00f1a: Cierran 5 aeropuertos regionales y pasan a operar bajo demanda","isPartOf":{"@id":"https:\/\/aeronoticias.com.pe\/noticiero\/#website"},"primaryImageOfPage":{"@id":"https:\/\/aeronoticias.com.pe\/noticiero\/transporte-aereo\/internacional\/espana-cierran-5-aeropuertos-regionales-y-pasan-a-operar-bajo-demanda\/#primaryimage"},"image":{"@id":"https:\/\/aeronoticias.com.pe\/noticiero\/transporte-aereo\/internacional\/espana-cierran-5-aeropuertos-regionales-y-pasan-a-operar-bajo-demanda\/#primaryimage"},"thumbnailUrl":"https:\/\/aeronoticias.com.pe\/noticiero\/wp-content\/uploads\/2020\/04\/aeropuerto-madrid-barajas-t4_4_732x400.jpeg","datePublished":"2020-04-08T23:38:09+00:00","dateModified":"2020-11-07T22:37:17+00:00","author":{"@id":"https:\/\/aeronoticias.com.pe\/noticiero\/#\/schema\/person\/fc1e5d578f4b62ba1cf7ac2bba1170a0"},"description":"Cinco aeropuertos regionales ya han cerrado sus instalaciones, de forma que s\u00f3lo operan vuelos bajo demanda, ante la ca\u00edda de actividad de transporte a\u00e9reo derivada del estado de alarma y de las medidas de restricci\u00f3n de movimiento de los ciudadanos implantadas para contener el coronavirus.","breadcrumb":{"@id":"https:\/\/aeronoticias.com.pe\/noticiero\/transporte-aereo\/internacional\/espana-cierran-5-aeropuertos-regionales-y-pasan-a-operar-bajo-demanda\/#breadcrumb"},"inLanguage":"es","potentialAction":[{"@type":"ReadAction","target":["https:\/\/aeronoticias.com.pe\/noticiero\/transporte-aereo\/internacional\/espana-cierran-5-aeropuertos-regionales-y-pasan-a-operar-bajo-demanda\/"]}]},{"@type":"ImageObject","inLanguage":"es","@id":"https:\/\/aeronoticias.com.pe\/noticiero\/transporte-aereo\/internacional\/espana-cierran-5-aeropuertos-regionales-y-pasan-a-operar-bajo-demanda\/#primaryimage","url":"https:\/\/aeronoticias.com.pe\/noticiero\/wp-content\/uploads\/2020\/04\/aeropuerto-madrid-barajas-t4_4_732x400.jpeg","contentUrl":"https:\/\/aeronoticias.com.pe\/noticiero\/wp-content\/uploads\/2020\/04\/aeropuerto-madrid-barajas-t4_4_732x400.jpeg","width":732,"height":400},{"@type":"BreadcrumbList","@id":"https:\/\/aeronoticias.com.pe\/noticiero\/transporte-aereo\/internacional\/espana-cierran-5-aeropuertos-regionales-y-pasan-a-operar-bajo-demanda\/#breadcrumb","itemListElement":[{"@type":"ListItem","position":1,"name":"Portada","item":"https:\/\/aeronoticias.com.pe\/noticiero\/"},{"@type":"ListItem","position":2,"name":"Espa\u00f1a: Cierran 5 aeropuertos regionales y pasan a operar bajo demanda"}]},{"@type":"WebSite","@id":"https:\/\/aeronoticias.com.pe\/noticiero\/#website","url":"https:\/\/aeronoticias.com.pe\/noticiero\/","name":"Aeronoticias.com.pe","description":"Noticias de tranporte aereo, turismo, hoteles, gastronomia, actualidad, internacional","potentialAction":[{"@type":"SearchAction","target":{"@type":"EntryPoint","urlTemplate":"https:\/\/aeronoticias.com.pe\/noticiero\/?s={search_term_string}"},"query-input":{"@type":"PropertyValueSpecification","valueRequired":true,"valueName":"search_term_string"}}],"inLanguage":"es"},{"@type":"Person","@id":"https:\/\/aeronoticias.com.pe\/noticiero\/#\/schema\/person\/fc1e5d578f4b62ba1cf7ac2bba1170a0","name":"Redacci\u00f3n Aeronoticias","url":"https:\/\/aeronoticias.com.pe\/noticiero\/author\/piloto\/"}]}},"_links":{"self":[{"href":"https:\/\/aeronoticias.com.pe\/noticiero\/wp-json\/wp\/v2\/posts\/59631","targetHints":{"allow":["GET"]}}],"collection":[{"href":"https:\/\/aeronoticias.com.pe\/noticiero\/wp-json\/wp\/v2\/posts"}],"about":[{"href":"https:\/\/aeronoticias.com.pe\/noticiero\/wp-json\/wp\/v2\/types\/post"}],"author":[{"embeddable":true,"href":"https:\/\/aeronoticias.com.pe\/noticiero\/wp-json\/wp\/v2\/users\/1"}],"replies":[{"embeddable":true,"href":"https:\/\/aeronoticias.com.pe\/noticiero\/wp-json\/wp\/v2\/comments?post=59631"}],"version-history":[{"count":0,"href":"https:\/\/aeronoticias.com.pe\/noticiero\/wp-json\/wp\/v2\/posts\/59631\/revisions"}],"wp:featuredmedia":[{"embeddable":true,"href":"https:\/\/aeronoticias.com.pe\/noticiero\/wp-json\/wp\/v2\/media\/64543"}],"wp:attachment":[{"href":"https:\/\/aeronoticias.com.pe\/noticiero\/wp-json\/wp\/v2\/media?parent=59631"}],"wp:term":[{"taxonomy":"category","embeddable":true,"href":"https:\/\/aeronoticias.com.pe\/noticiero\/wp-json\/wp\/v2\/categories?post=59631"},{"taxonomy":"post_tag","embeddable":true,"href":"https:\/\/aeronoticias.com.pe\/noticiero\/wp-json\/wp\/v2\/tags?post=59631"}],"curies":[{"name":"wp","href":"https:\/\/api.w.org\/{rel}","templated":true}]}}