{"id":59639,"date":"2020-04-12T20:57:09","date_gmt":"2020-04-12T20:57:09","guid":{"rendered":"http:\/\/desarrollo.mcvicious.com\/aero2020\/2020\/04\/12\/boeing-reabrira-parcialmente-en-seattle\/"},"modified":"2020-11-07T14:25:35","modified_gmt":"2020-11-07T19:25:35","slug":"boeing-reabrira-parcialmente-en-seattle","status":"publish","type":"post","link":"https:\/\/aeronoticias.com.pe\/noticiero\/transporte-aereo\/internacional\/boeing-reabrira-parcialmente-en-seattle\/","title":{"rendered":"Boeing reabrir\u00e1 parcialmente en Seattle"},"content":{"rendered":"\n<p class=\"p1\">Boeing ha decidido retomar determinados trabajos en sus factor\u00edas del \u00e1rea de Seattle y en Moses Lake, principalmente los relacionados con los P-8 y KC-46, as\u00ed como de mantenimiento de los 737 MAX almacenados en ambas zonas.<\/p>\n\n\n\n<p class=\"p1\">La decisi\u00f3n se ha tomado despu\u00e9s de que el Departamento de Defensa haya declarado como cr\u00edtica y un asunto de seguridad nacional los trabajos de Boeing en su apoyo.<\/p>\n\n\n\n<p class=\"p1\">Tambi\u00e9n se retomar\u00e1n los trabajos en algunos otros departamentos que se han considerado tambi\u00e9n cr\u00edticos por su apoyo a las fuerzas armadas, tanto de Estados Unidos como de sus clientes.<\/p>\n\n\n\n<p class=\"p1\">Para ello, Boeing ha avisado a unos 2.500 de sus empleados de que el pr\u00f3ximo lunes 13 de marzo deber\u00e1n presentarse en sus puestos de trabajo, donde se adoptar\u00e1n medidas especiales para evitar contagios por el COVID-19 como que dispongan de equipos de protecci\u00f3n, una revisi\u00f3n m\u00e9dica al inicio de cada turno, marcas en el suelo para poder mantener la distancia entre trabajadores y entrada escalonada en los centros de trabajo para evitar aglomeraciones en los controles la ingresar.<\/p>\n\n\n\n<p class=\"p1\">Fuente: <span style=\"text-decoration: underline;\"><em><strong>Fly News<\/strong><\/em><\/span>.<\/p>\n","protected":false},"excerpt":{"rendered":"<p>Boeing ha decidido retomar determinados trabajos en sus factor\u00edas del \u00e1rea de Seattle y en Moses Lake, principalmente los relacionados con los P-8 y KC-46, as\u00ed como de mantenimiento de los 737 MAX almacenados en ambas zonas. La decisi\u00f3n se ha tomado despu\u00e9s de que el Departamento de Defensa haya declarado como cr\u00edtica y un [&hellip;]<\/p>\n","protected":false},"author":1,"featured_media":64517,"comment_status":"open","ping_status":"open","sticky":false,"template":"","format":"standard","meta":{"tdm_status":"","tdm_grid_status":"","footnotes":""},"categories":[32],"tags":[118,110,107],"class_list":{"0":"post-59639","1":"post","2":"type-post","3":"status-publish","4":"format-standard","5":"has-post-thumbnail","7":"category-internacional","8":"tag-boeing","9":"tag-covid-19","10":"tag-covid19"},"yoast_head":"<!-- This site is optimized with the Yoast SEO plugin v25.1 - https:\/\/yoast.com\/wordpress\/plugins\/seo\/ -->\n<title>Boeing reabrir\u00e1 parcialmente en Seattle<\/title>\n<meta name=\"description\" content=\"Boeing ha decidido retomar determinados trabajos en sus factor\u00edas del \u00e1rea de Seattle y en Moses Lake, principalmente los relacionados con los P-8 y KC-46, as\u00ed como de mantenimiento de los 737 MAX almacenados en ambas zonas.\" \/>\n<meta name=\"robots\" content=\"index, follow, max-snippet:-1, max-image-preview:large, max-video-preview:-1\" \/>\n<link rel=\"canonical\" href=\"https:\/\/aeronoticias.com.pe\/noticiero\/transporte-aereo\/internacional\/boeing-reabrira-parcialmente-en-seattle\/\" \/>\n<meta property=\"og:locale\" content=\"es_ES\" \/>\n<meta property=\"og:type\" content=\"article\" \/>\n<meta property=\"og:title\" content=\"Boeing reabrir\u00e1 parcialmente en Seattle\" \/>\n<meta property=\"og:description\" content=\"Boeing ha decidido retomar determinados trabajos en sus factor\u00edas del \u00e1rea de Seattle y en Moses Lake, principalmente los relacionados con los P-8 y KC-46, as\u00ed como de mantenimiento de los 737 MAX almacenados en ambas zonas.\" \/>\n<meta property=\"og:url\" content=\"https:\/\/aeronoticias.com.pe\/noticiero\/transporte-aereo\/internacional\/boeing-reabrira-parcialmente-en-seattle\/\" \/>\n<meta property=\"og:site_name\" content=\"Aeronoticias.com.pe\" \/>\n<meta property=\"article:publisher\" content=\"https:\/\/www.facebook.com\/Aeronoticias.com.pe\/\" \/>\n<meta property=\"article:published_time\" content=\"2020-04-12T20:57:09+00:00\" \/>\n<meta property=\"article:modified_time\" content=\"2020-11-07T19:25:35+00:00\" \/>\n<meta property=\"og:image\" content=\"https:\/\/aeronoticias.com.pe\/noticiero\/wp-content\/uploads\/2020\/04\/Boeing-1-1.jpg\" \/>\n\t<meta property=\"og:image:width\" content=\"1000\" \/>\n\t<meta property=\"og:image:height\" content=\"600\" \/>\n\t<meta property=\"og:image:type\" content=\"image\/jpeg\" \/>\n<meta name=\"author\" content=\"Redacci\u00f3n Aeronoticias\" \/>\n<meta name=\"twitter:card\" content=\"summary_large_image\" \/>\n<meta name=\"twitter:creator\" content=\"@aeronoticias\" \/>\n<meta name=\"twitter:site\" content=\"@aeronoticias\" \/>\n<meta name=\"twitter:label1\" content=\"Escrito por\" \/>\n\t<meta name=\"twitter:data1\" content=\"Redacci\u00f3n Aeronoticias\" \/>\n\t<meta name=\"twitter:label2\" content=\"Tiempo de lectura\" \/>\n\t<meta name=\"twitter:data2\" content=\"1 minuto\" \/>\n<script type=\"application\/ld+json\" class=\"yoast-schema-graph\">{\"@context\":\"https:\/\/schema.org\",\"@graph\":[{\"@type\":\"WebPage\",\"@id\":\"https:\/\/aeronoticias.com.pe\/noticiero\/transporte-aereo\/internacional\/boeing-reabrira-parcialmente-en-seattle\/\",\"url\":\"https:\/\/aeronoticias.com.pe\/noticiero\/transporte-aereo\/internacional\/boeing-reabrira-parcialmente-en-seattle\/\",\"name\":\"Boeing reabrir\u00e1 parcialmente en Seattle\",\"isPartOf\":{\"@id\":\"https:\/\/aeronoticias.com.pe\/noticiero\/#website\"},\"primaryImageOfPage\":{\"@id\":\"https:\/\/aeronoticias.com.pe\/noticiero\/transporte-aereo\/internacional\/boeing-reabrira-parcialmente-en-seattle\/#primaryimage\"},\"image\":{\"@id\":\"https:\/\/aeronoticias.com.pe\/noticiero\/transporte-aereo\/internacional\/boeing-reabrira-parcialmente-en-seattle\/#primaryimage\"},\"thumbnailUrl\":\"https:\/\/aeronoticias.com.pe\/noticiero\/wp-content\/uploads\/2020\/04\/Boeing-1-1.jpg\",\"datePublished\":\"2020-04-12T20:57:09+00:00\",\"dateModified\":\"2020-11-07T19:25:35+00:00\",\"author\":{\"@id\":\"https:\/\/aeronoticias.com.pe\/noticiero\/#\/schema\/person\/fc1e5d578f4b62ba1cf7ac2bba1170a0\"},\"description\":\"Boeing ha decidido retomar determinados trabajos en sus factor\u00edas del \u00e1rea de Seattle y en Moses Lake, principalmente los relacionados con los P-8 y KC-46, as\u00ed como de mantenimiento de los 737 MAX almacenados en ambas zonas.\",\"breadcrumb\":{\"@id\":\"https:\/\/aeronoticias.com.pe\/noticiero\/transporte-aereo\/internacional\/boeing-reabrira-parcialmente-en-seattle\/#breadcrumb\"},\"inLanguage\":\"es\",\"potentialAction\":[{\"@type\":\"ReadAction\",\"target\":[\"https:\/\/aeronoticias.com.pe\/noticiero\/transporte-aereo\/internacional\/boeing-reabrira-parcialmente-en-seattle\/\"]}]},{\"@type\":\"ImageObject\",\"inLanguage\":\"es\",\"@id\":\"https:\/\/aeronoticias.com.pe\/noticiero\/transporte-aereo\/internacional\/boeing-reabrira-parcialmente-en-seattle\/#primaryimage\",\"url\":\"https:\/\/aeronoticias.com.pe\/noticiero\/wp-content\/uploads\/2020\/04\/Boeing-1-1.jpg\",\"contentUrl\":\"https:\/\/aeronoticias.com.pe\/noticiero\/wp-content\/uploads\/2020\/04\/Boeing-1-1.jpg\",\"width\":1000,\"height\":600},{\"@type\":\"BreadcrumbList\",\"@id\":\"https:\/\/aeronoticias.com.pe\/noticiero\/transporte-aereo\/internacional\/boeing-reabrira-parcialmente-en-seattle\/#breadcrumb\",\"itemListElement\":[{\"@type\":\"ListItem\",\"position\":1,\"name\":\"Portada\",\"item\":\"https:\/\/aeronoticias.com.pe\/noticiero\/\"},{\"@type\":\"ListItem\",\"position\":2,\"name\":\"Boeing reabrir\u00e1 parcialmente en Seattle\"}]},{\"@type\":\"WebSite\",\"@id\":\"https:\/\/aeronoticias.com.pe\/noticiero\/#website\",\"url\":\"https:\/\/aeronoticias.com.pe\/noticiero\/\",\"name\":\"Aeronoticias.com.pe\",\"description\":\"Noticias de tranporte aereo, turismo, hoteles, gastronomia, actualidad, internacional\",\"potentialAction\":[{\"@type\":\"SearchAction\",\"target\":{\"@type\":\"EntryPoint\",\"urlTemplate\":\"https:\/\/aeronoticias.com.pe\/noticiero\/?s={search_term_string}\"},\"query-input\":{\"@type\":\"PropertyValueSpecification\",\"valueRequired\":true,\"valueName\":\"search_term_string\"}}],\"inLanguage\":\"es\"},{\"@type\":\"Person\",\"@id\":\"https:\/\/aeronoticias.com.pe\/noticiero\/#\/schema\/person\/fc1e5d578f4b62ba1cf7ac2bba1170a0\",\"name\":\"Redacci\u00f3n Aeronoticias\",\"url\":\"https:\/\/aeronoticias.com.pe\/noticiero\/author\/piloto\/\"}]}<\/script>\n<!-- \/ Yoast SEO plugin. -->","yoast_head_json":{"title":"Boeing reabrir\u00e1 parcialmente en Seattle","description":"Boeing ha decidido retomar determinados trabajos en sus factor\u00edas del \u00e1rea de Seattle y en Moses Lake, principalmente los relacionados con los P-8 y KC-46, as\u00ed como de mantenimiento de los 737 MAX almacenados en ambas zonas.","robots":{"index":"index","follow":"follow","max-snippet":"max-snippet:-1","max-image-preview":"max-image-preview:large","max-video-preview":"max-video-preview:-1"},"canonical":"https:\/\/aeronoticias.com.pe\/noticiero\/transporte-aereo\/internacional\/boeing-reabrira-parcialmente-en-seattle\/","og_locale":"es_ES","og_type":"article","og_title":"Boeing reabrir\u00e1 parcialmente en Seattle","og_description":"Boeing ha decidido retomar determinados trabajos en sus factor\u00edas del \u00e1rea de Seattle y en Moses Lake, principalmente los relacionados con los P-8 y KC-46, as\u00ed como de mantenimiento de los 737 MAX almacenados en ambas zonas.","og_url":"https:\/\/aeronoticias.com.pe\/noticiero\/transporte-aereo\/internacional\/boeing-reabrira-parcialmente-en-seattle\/","og_site_name":"Aeronoticias.com.pe","article_publisher":"https:\/\/www.facebook.com\/Aeronoticias.com.pe\/","article_published_time":"2020-04-12T20:57:09+00:00","article_modified_time":"2020-11-07T19:25:35+00:00","og_image":[{"width":1000,"height":600,"url":"https:\/\/aeronoticias.com.pe\/noticiero\/wp-content\/uploads\/2020\/04\/Boeing-1-1.jpg","type":"image\/jpeg"}],"author":"Redacci\u00f3n Aeronoticias","twitter_card":"summary_large_image","twitter_creator":"@aeronoticias","twitter_site":"@aeronoticias","twitter_misc":{"Escrito por":"Redacci\u00f3n Aeronoticias","Tiempo de lectura":"1 minuto"},"schema":{"@context":"https:\/\/schema.org","@graph":[{"@type":"WebPage","@id":"https:\/\/aeronoticias.com.pe\/noticiero\/transporte-aereo\/internacional\/boeing-reabrira-parcialmente-en-seattle\/","url":"https:\/\/aeronoticias.com.pe\/noticiero\/transporte-aereo\/internacional\/boeing-reabrira-parcialmente-en-seattle\/","name":"Boeing reabrir\u00e1 parcialmente en Seattle","isPartOf":{"@id":"https:\/\/aeronoticias.com.pe\/noticiero\/#website"},"primaryImageOfPage":{"@id":"https:\/\/aeronoticias.com.pe\/noticiero\/transporte-aereo\/internacional\/boeing-reabrira-parcialmente-en-seattle\/#primaryimage"},"image":{"@id":"https:\/\/aeronoticias.com.pe\/noticiero\/transporte-aereo\/internacional\/boeing-reabrira-parcialmente-en-seattle\/#primaryimage"},"thumbnailUrl":"https:\/\/aeronoticias.com.pe\/noticiero\/wp-content\/uploads\/2020\/04\/Boeing-1-1.jpg","datePublished":"2020-04-12T20:57:09+00:00","dateModified":"2020-11-07T19:25:35+00:00","author":{"@id":"https:\/\/aeronoticias.com.pe\/noticiero\/#\/schema\/person\/fc1e5d578f4b62ba1cf7ac2bba1170a0"},"description":"Boeing ha decidido retomar determinados trabajos en sus factor\u00edas del \u00e1rea de Seattle y en Moses Lake, principalmente los relacionados con los P-8 y KC-46, as\u00ed como de mantenimiento de los 737 MAX almacenados en ambas zonas.","breadcrumb":{"@id":"https:\/\/aeronoticias.com.pe\/noticiero\/transporte-aereo\/internacional\/boeing-reabrira-parcialmente-en-seattle\/#breadcrumb"},"inLanguage":"es","potentialAction":[{"@type":"ReadAction","target":["https:\/\/aeronoticias.com.pe\/noticiero\/transporte-aereo\/internacional\/boeing-reabrira-parcialmente-en-seattle\/"]}]},{"@type":"ImageObject","inLanguage":"es","@id":"https:\/\/aeronoticias.com.pe\/noticiero\/transporte-aereo\/internacional\/boeing-reabrira-parcialmente-en-seattle\/#primaryimage","url":"https:\/\/aeronoticias.com.pe\/noticiero\/wp-content\/uploads\/2020\/04\/Boeing-1-1.jpg","contentUrl":"https:\/\/aeronoticias.com.pe\/noticiero\/wp-content\/uploads\/2020\/04\/Boeing-1-1.jpg","width":1000,"height":600},{"@type":"BreadcrumbList","@id":"https:\/\/aeronoticias.com.pe\/noticiero\/transporte-aereo\/internacional\/boeing-reabrira-parcialmente-en-seattle\/#breadcrumb","itemListElement":[{"@type":"ListItem","position":1,"name":"Portada","item":"https:\/\/aeronoticias.com.pe\/noticiero\/"},{"@type":"ListItem","position":2,"name":"Boeing reabrir\u00e1 parcialmente en Seattle"}]},{"@type":"WebSite","@id":"https:\/\/aeronoticias.com.pe\/noticiero\/#website","url":"https:\/\/aeronoticias.com.pe\/noticiero\/","name":"Aeronoticias.com.pe","description":"Noticias de tranporte aereo, turismo, hoteles, gastronomia, actualidad, internacional","potentialAction":[{"@type":"SearchAction","target":{"@type":"EntryPoint","urlTemplate":"https:\/\/aeronoticias.com.pe\/noticiero\/?s={search_term_string}"},"query-input":{"@type":"PropertyValueSpecification","valueRequired":true,"valueName":"search_term_string"}}],"inLanguage":"es"},{"@type":"Person","@id":"https:\/\/aeronoticias.com.pe\/noticiero\/#\/schema\/person\/fc1e5d578f4b62ba1cf7ac2bba1170a0","name":"Redacci\u00f3n Aeronoticias","url":"https:\/\/aeronoticias.com.pe\/noticiero\/author\/piloto\/"}]}},"_links":{"self":[{"href":"https:\/\/aeronoticias.com.pe\/noticiero\/wp-json\/wp\/v2\/posts\/59639","targetHints":{"allow":["GET"]}}],"collection":[{"href":"https:\/\/aeronoticias.com.pe\/noticiero\/wp-json\/wp\/v2\/posts"}],"about":[{"href":"https:\/\/aeronoticias.com.pe\/noticiero\/wp-json\/wp\/v2\/types\/post"}],"author":[{"embeddable":true,"href":"https:\/\/aeronoticias.com.pe\/noticiero\/wp-json\/wp\/v2\/users\/1"}],"replies":[{"embeddable":true,"href":"https:\/\/aeronoticias.com.pe\/noticiero\/wp-json\/wp\/v2\/comments?post=59639"}],"version-history":[{"count":0,"href":"https:\/\/aeronoticias.com.pe\/noticiero\/wp-json\/wp\/v2\/posts\/59639\/revisions"}],"wp:featuredmedia":[{"embeddable":true,"href":"https:\/\/aeronoticias.com.pe\/noticiero\/wp-json\/wp\/v2\/media\/64517"}],"wp:attachment":[{"href":"https:\/\/aeronoticias.com.pe\/noticiero\/wp-json\/wp\/v2\/media?parent=59639"}],"wp:term":[{"taxonomy":"category","embeddable":true,"href":"https:\/\/aeronoticias.com.pe\/noticiero\/wp-json\/wp\/v2\/categories?post=59639"},{"taxonomy":"post_tag","embeddable":true,"href":"https:\/\/aeronoticias.com.pe\/noticiero\/wp-json\/wp\/v2\/tags?post=59639"}],"curies":[{"name":"wp","href":"https:\/\/api.w.org\/{rel}","templated":true}]}}