{"id":59641,"date":"2020-04-13T20:10:03","date_gmt":"2020-04-13T20:10:03","guid":{"rendered":"http:\/\/desarrollo.mcvicious.com\/aero2020\/2020\/04\/13\/coronavirus-100-sobrecargos-de-american-airlines-dan-positivo-ante-contagio\/"},"modified":"2020-11-07T14:20:09","modified_gmt":"2020-11-07T19:20:09","slug":"coronavirus-100-sobrecargos-de-american-airlines-dan-positivo-ante-contagio","status":"publish","type":"post","link":"https:\/\/aeronoticias.com.pe\/noticiero\/transporte-aereo\/internacional\/coronavirus-100-sobrecargos-de-american-airlines-dan-positivo-ante-contagio\/","title":{"rendered":"Coronavirus: 100 sobrecargos de American Airlines dan positivo ante contagio"},"content":{"rendered":"\n<p><span style=\"font-size: 12.16px;\">Por lo menos 100 sobrecargos de American Airlines han dado positivo en la prueba de COVID-19 de acuerdo a la Uni\u00f3n de la Asociaci\u00f3n de Auxiliares de Vuelo Profesionales. La cifra representa menos del 1% de las 25,000 sobrecargos.<\/span><\/p>\n\n\n\n<p><span style=\"font-size: 12.16px;\">La compa\u00f1\u00eda hasta el momento no ha dado a conocer cu\u00e1ntos de sus trabajadores han contra\u00eddo el COVID-19 que ha dejado a la gran mayor\u00eda de los vuelos en tierra.<\/span><\/p>\n\n\n\n<!--more-->\n\n\n\n<p><span style=\"font-size: 12.16px;\">La compa\u00f1\u00eda tambi\u00e9n difundi\u00f3 que un piloto de la aerol\u00ednea y un encargado de equipajes del Aeropuerto Internacional de DFW tambi\u00e9n dio positivo as\u00ed como tres agentes de la Administraci\u00f3n de Seguridad del Transporte de Dallas \u2013 Fort Worth. <\/span><\/p>\n\n\n\n<p><span style=\"font-size: 12.16px;\">El sindicato de sobrecargos inform\u00f3 a trav\u00e9s de una carta a sus integrantes que \u201cnecesita hacer que todos se den cuenta de la gravedad de esta amenaza\u201d. <\/span><\/p>\n\n\n\n<p><span style=\"font-size: 12.16px;\">En el documento, se menciona que el \u201cCOVID-19 es una pandemia mundial mortal y est\u00e1 teniendo impacto negativo en nuestra salud, y ahora en nuestro sustento financiero\u201d dijo el sindicato que advirti\u00f3 que \u201clos n\u00fameros de sobrecargos infectados aumentar\u00e1 durante los pr\u00f3ximos d\u00edas\u201d. <\/span><\/p>\n\n\n\n<p><span style=\"font-size: 12.16px;\">Los sobrecargo de American Airlines han estado presionando desde el inicio del a\u00f1o para que se proteja la salud desde que el COVID-19 se convirti\u00f3 en una amenaza primero en vuelos internacionales y despu\u00e9s en los vuelos dom\u00e9sticos. <\/span><\/p>\n\n\n\n<p><span style=\"font-size: 12.16px;\">La compa\u00f1\u00eda permiti\u00f3 el uso de guantes y mascarillas para ayudar a reducir el riesgo de propagaci\u00f3n. Como medidas adicionales la compa\u00f1\u00eda bloqueo los asientos que se encuentran cerca de los sobrecargos, reducido la distribuci\u00f3n de alimentos y bebidas abordo y otorgado a los pasajeros la posibilidad de moverse entre los asientos. <\/span><\/p>\n\n\n\n<p><span style=\"font-size: 12.16px;\">\u201cLa seguridad de nuestros clientes e integrantes de nuestro equipo es nuestra principal prioridad\u201d dijo al peri\u00f3dico The Dallas Morning News Ross Feinstein, portavoz de la compa\u00f1\u00eda quien asegur\u00f3 que est\u00e1n en contacto con los Centros para el Control y la Prevenci\u00f3n de Enfermedades y los Funcionarios de Salud P\u00fablica. <\/span><\/p>\n\n\n\n<p><span style=\"font-size: 12.16px;\">La compa\u00f1\u00eda est\u00e1 contactando a los empleados que han estado expuestos a casos confirmados y solicitando que que los trabajadores se pongan en cuarentena por lo menos durante dos semanas. <\/span><\/p>\n\n\n\n<p><span style=\"font-size: 12.16px;\">El sindicato indic\u00f3 que espera que s\u00f3lo una de cada cuatro de sus azafatas podr\u00e1 volar el pr\u00f3ximo mes de mayo, debido a los recortes de los horarios de la aerol\u00ednea.<\/span><\/p>\n\n\n\n<p><span style=\"font-size: 12.16px;\">Debido a los t\u00e9rminos de la ley de Alivio del Coronavirus que espera otorgar $25,000 millones de d\u00f3lares en subvenciones a las aerol\u00edneas de pasajeros impide que las l\u00edneas a\u00e9reas despidan a cualquier empleado durante los pr\u00f3ximos 6 meses. <\/span><\/p>\n\n\n\n<p><span style=\"font-size: 12.16px;\">Doug Parker, el CEO de American Airlines advirti\u00f3 hace una semana a CNN que muchos de los empleados \u201ctendr\u00e1n un m\u00ednimo de horas pagadas durante los pr\u00f3ximos meses\u201d.<\/span><\/p>\n\n\n\n<p><span style=\"font-size: 12.16px;\">Fuente: Laopinion.com<\/span><\/p>\n","protected":false},"excerpt":{"rendered":"<p>Por lo menos 100 sobrecargos de American Airlines han dado positivo en la prueba de COVID-19 de acuerdo a la Uni\u00f3n de la Asociaci\u00f3n de Auxiliares de Vuelo Profesionales. La cifra representa menos del 1% de las 25,000 sobrecargos. La compa\u00f1\u00eda hasta el momento no ha dado a conocer cu\u00e1ntos de sus trabajadores han contra\u00eddo [&hellip;]<\/p>\n","protected":false},"author":1,"featured_media":64514,"comment_status":"open","ping_status":"open","sticky":false,"template":"","format":"standard","meta":{"tdm_status":"","tdm_grid_status":"","footnotes":""},"categories":[32],"tags":[213,110,107],"class_list":{"0":"post-59641","1":"post","2":"type-post","3":"status-publish","4":"format-standard","5":"has-post-thumbnail","7":"category-internacional","8":"tag-american-airlines","9":"tag-covid-19","10":"tag-covid19"},"yoast_head":"<!-- This site is optimized with the Yoast SEO plugin v25.1 - https:\/\/yoast.com\/wordpress\/plugins\/seo\/ -->\n<title>Coronavirus: 100 sobrecargos de American Airlines dan positivo ante contagio<\/title>\n<meta name=\"description\" content=\"Por lo menos 100 sobrecargos de American Airlines han dado positivo en la prueba de COVID-19 de acuerdo a la Uni\u00f3n de la Asociaci\u00f3n de Auxiliares de Vuelo Profesionales. La cifra representa menos del 1% de las 25,000 sobrecargos.\" \/>\n<meta name=\"robots\" content=\"index, follow, max-snippet:-1, max-image-preview:large, max-video-preview:-1\" \/>\n<link rel=\"canonical\" href=\"https:\/\/aeronoticias.com.pe\/noticiero\/transporte-aereo\/internacional\/coronavirus-100-sobrecargos-de-american-airlines-dan-positivo-ante-contagio\/\" \/>\n<meta property=\"og:locale\" content=\"es_ES\" \/>\n<meta property=\"og:type\" content=\"article\" \/>\n<meta property=\"og:title\" content=\"Coronavirus: 100 sobrecargos de American Airlines dan positivo ante contagio\" \/>\n<meta property=\"og:description\" content=\"Por lo menos 100 sobrecargos de American Airlines han dado positivo en la prueba de COVID-19 de acuerdo a la Uni\u00f3n de la Asociaci\u00f3n de Auxiliares de Vuelo Profesionales. La cifra representa menos del 1% de las 25,000 sobrecargos.\" \/>\n<meta property=\"og:url\" content=\"https:\/\/aeronoticias.com.pe\/noticiero\/transporte-aereo\/internacional\/coronavirus-100-sobrecargos-de-american-airlines-dan-positivo-ante-contagio\/\" \/>\n<meta property=\"og:site_name\" content=\"Aeronoticias.com.pe\" \/>\n<meta property=\"article:publisher\" content=\"https:\/\/www.facebook.com\/Aeronoticias.com.pe\/\" \/>\n<meta property=\"article:published_time\" content=\"2020-04-13T20:10:03+00:00\" \/>\n<meta property=\"article:modified_time\" content=\"2020-11-07T19:20:09+00:00\" \/>\n<meta property=\"og:image\" content=\"https:\/\/aeronoticias.com.pe\/noticiero\/wp-content\/uploads\/2020\/04\/Airplane-1.png\" \/>\n\t<meta property=\"og:image:width\" content=\"1100\" \/>\n\t<meta property=\"og:image:height\" content=\"594\" \/>\n\t<meta property=\"og:image:type\" content=\"image\/png\" \/>\n<meta name=\"author\" content=\"Redacci\u00f3n Aeronoticias\" \/>\n<meta name=\"twitter:card\" content=\"summary_large_image\" \/>\n<meta name=\"twitter:creator\" content=\"@aeronoticias\" \/>\n<meta name=\"twitter:site\" content=\"@aeronoticias\" \/>\n<meta name=\"twitter:label1\" content=\"Escrito por\" \/>\n\t<meta name=\"twitter:data1\" content=\"Redacci\u00f3n Aeronoticias\" \/>\n\t<meta name=\"twitter:label2\" content=\"Tiempo de lectura\" \/>\n\t<meta name=\"twitter:data2\" content=\"2 minutos\" \/>\n<script type=\"application\/ld+json\" class=\"yoast-schema-graph\">{\"@context\":\"https:\/\/schema.org\",\"@graph\":[{\"@type\":\"WebPage\",\"@id\":\"https:\/\/aeronoticias.com.pe\/noticiero\/transporte-aereo\/internacional\/coronavirus-100-sobrecargos-de-american-airlines-dan-positivo-ante-contagio\/\",\"url\":\"https:\/\/aeronoticias.com.pe\/noticiero\/transporte-aereo\/internacional\/coronavirus-100-sobrecargos-de-american-airlines-dan-positivo-ante-contagio\/\",\"name\":\"Coronavirus: 100 sobrecargos de American Airlines dan positivo ante contagio\",\"isPartOf\":{\"@id\":\"https:\/\/aeronoticias.com.pe\/noticiero\/#website\"},\"primaryImageOfPage\":{\"@id\":\"https:\/\/aeronoticias.com.pe\/noticiero\/transporte-aereo\/internacional\/coronavirus-100-sobrecargos-de-american-airlines-dan-positivo-ante-contagio\/#primaryimage\"},\"image\":{\"@id\":\"https:\/\/aeronoticias.com.pe\/noticiero\/transporte-aereo\/internacional\/coronavirus-100-sobrecargos-de-american-airlines-dan-positivo-ante-contagio\/#primaryimage\"},\"thumbnailUrl\":\"https:\/\/aeronoticias.com.pe\/noticiero\/wp-content\/uploads\/2020\/04\/Airplane-1.png\",\"datePublished\":\"2020-04-13T20:10:03+00:00\",\"dateModified\":\"2020-11-07T19:20:09+00:00\",\"author\":{\"@id\":\"https:\/\/aeronoticias.com.pe\/noticiero\/#\/schema\/person\/fc1e5d578f4b62ba1cf7ac2bba1170a0\"},\"description\":\"Por lo menos 100 sobrecargos de American Airlines han dado positivo en la prueba de COVID-19 de acuerdo a la Uni\u00f3n de la Asociaci\u00f3n de Auxiliares de Vuelo Profesionales. La cifra representa menos del 1% de las 25,000 sobrecargos.\",\"breadcrumb\":{\"@id\":\"https:\/\/aeronoticias.com.pe\/noticiero\/transporte-aereo\/internacional\/coronavirus-100-sobrecargos-de-american-airlines-dan-positivo-ante-contagio\/#breadcrumb\"},\"inLanguage\":\"es\",\"potentialAction\":[{\"@type\":\"ReadAction\",\"target\":[\"https:\/\/aeronoticias.com.pe\/noticiero\/transporte-aereo\/internacional\/coronavirus-100-sobrecargos-de-american-airlines-dan-positivo-ante-contagio\/\"]}]},{\"@type\":\"ImageObject\",\"inLanguage\":\"es\",\"@id\":\"https:\/\/aeronoticias.com.pe\/noticiero\/transporte-aereo\/internacional\/coronavirus-100-sobrecargos-de-american-airlines-dan-positivo-ante-contagio\/#primaryimage\",\"url\":\"https:\/\/aeronoticias.com.pe\/noticiero\/wp-content\/uploads\/2020\/04\/Airplane-1.png\",\"contentUrl\":\"https:\/\/aeronoticias.com.pe\/noticiero\/wp-content\/uploads\/2020\/04\/Airplane-1.png\",\"width\":1100,\"height\":594},{\"@type\":\"BreadcrumbList\",\"@id\":\"https:\/\/aeronoticias.com.pe\/noticiero\/transporte-aereo\/internacional\/coronavirus-100-sobrecargos-de-american-airlines-dan-positivo-ante-contagio\/#breadcrumb\",\"itemListElement\":[{\"@type\":\"ListItem\",\"position\":1,\"name\":\"Portada\",\"item\":\"https:\/\/aeronoticias.com.pe\/noticiero\/\"},{\"@type\":\"ListItem\",\"position\":2,\"name\":\"Coronavirus: 100 sobrecargos de American Airlines dan positivo ante contagio\"}]},{\"@type\":\"WebSite\",\"@id\":\"https:\/\/aeronoticias.com.pe\/noticiero\/#website\",\"url\":\"https:\/\/aeronoticias.com.pe\/noticiero\/\",\"name\":\"Aeronoticias.com.pe\",\"description\":\"Noticias de tranporte aereo, turismo, hoteles, gastronomia, actualidad, internacional\",\"potentialAction\":[{\"@type\":\"SearchAction\",\"target\":{\"@type\":\"EntryPoint\",\"urlTemplate\":\"https:\/\/aeronoticias.com.pe\/noticiero\/?s={search_term_string}\"},\"query-input\":{\"@type\":\"PropertyValueSpecification\",\"valueRequired\":true,\"valueName\":\"search_term_string\"}}],\"inLanguage\":\"es\"},{\"@type\":\"Person\",\"@id\":\"https:\/\/aeronoticias.com.pe\/noticiero\/#\/schema\/person\/fc1e5d578f4b62ba1cf7ac2bba1170a0\",\"name\":\"Redacci\u00f3n Aeronoticias\",\"url\":\"https:\/\/aeronoticias.com.pe\/noticiero\/author\/piloto\/\"}]}<\/script>\n<!-- \/ Yoast SEO plugin. -->","yoast_head_json":{"title":"Coronavirus: 100 sobrecargos de American Airlines dan positivo ante contagio","description":"Por lo menos 100 sobrecargos de American Airlines han dado positivo en la prueba de COVID-19 de acuerdo a la Uni\u00f3n de la Asociaci\u00f3n de Auxiliares de Vuelo Profesionales. La cifra representa menos del 1% de las 25,000 sobrecargos.","robots":{"index":"index","follow":"follow","max-snippet":"max-snippet:-1","max-image-preview":"max-image-preview:large","max-video-preview":"max-video-preview:-1"},"canonical":"https:\/\/aeronoticias.com.pe\/noticiero\/transporte-aereo\/internacional\/coronavirus-100-sobrecargos-de-american-airlines-dan-positivo-ante-contagio\/","og_locale":"es_ES","og_type":"article","og_title":"Coronavirus: 100 sobrecargos de American Airlines dan positivo ante contagio","og_description":"Por lo menos 100 sobrecargos de American Airlines han dado positivo en la prueba de COVID-19 de acuerdo a la Uni\u00f3n de la Asociaci\u00f3n de Auxiliares de Vuelo Profesionales. La cifra representa menos del 1% de las 25,000 sobrecargos.","og_url":"https:\/\/aeronoticias.com.pe\/noticiero\/transporte-aereo\/internacional\/coronavirus-100-sobrecargos-de-american-airlines-dan-positivo-ante-contagio\/","og_site_name":"Aeronoticias.com.pe","article_publisher":"https:\/\/www.facebook.com\/Aeronoticias.com.pe\/","article_published_time":"2020-04-13T20:10:03+00:00","article_modified_time":"2020-11-07T19:20:09+00:00","og_image":[{"width":1100,"height":594,"url":"https:\/\/aeronoticias.com.pe\/noticiero\/wp-content\/uploads\/2020\/04\/Airplane-1.png","type":"image\/png"}],"author":"Redacci\u00f3n Aeronoticias","twitter_card":"summary_large_image","twitter_creator":"@aeronoticias","twitter_site":"@aeronoticias","twitter_misc":{"Escrito por":"Redacci\u00f3n Aeronoticias","Tiempo de lectura":"2 minutos"},"schema":{"@context":"https:\/\/schema.org","@graph":[{"@type":"WebPage","@id":"https:\/\/aeronoticias.com.pe\/noticiero\/transporte-aereo\/internacional\/coronavirus-100-sobrecargos-de-american-airlines-dan-positivo-ante-contagio\/","url":"https:\/\/aeronoticias.com.pe\/noticiero\/transporte-aereo\/internacional\/coronavirus-100-sobrecargos-de-american-airlines-dan-positivo-ante-contagio\/","name":"Coronavirus: 100 sobrecargos de American Airlines dan positivo ante contagio","isPartOf":{"@id":"https:\/\/aeronoticias.com.pe\/noticiero\/#website"},"primaryImageOfPage":{"@id":"https:\/\/aeronoticias.com.pe\/noticiero\/transporte-aereo\/internacional\/coronavirus-100-sobrecargos-de-american-airlines-dan-positivo-ante-contagio\/#primaryimage"},"image":{"@id":"https:\/\/aeronoticias.com.pe\/noticiero\/transporte-aereo\/internacional\/coronavirus-100-sobrecargos-de-american-airlines-dan-positivo-ante-contagio\/#primaryimage"},"thumbnailUrl":"https:\/\/aeronoticias.com.pe\/noticiero\/wp-content\/uploads\/2020\/04\/Airplane-1.png","datePublished":"2020-04-13T20:10:03+00:00","dateModified":"2020-11-07T19:20:09+00:00","author":{"@id":"https:\/\/aeronoticias.com.pe\/noticiero\/#\/schema\/person\/fc1e5d578f4b62ba1cf7ac2bba1170a0"},"description":"Por lo menos 100 sobrecargos de American Airlines han dado positivo en la prueba de COVID-19 de acuerdo a la Uni\u00f3n de la Asociaci\u00f3n de Auxiliares de Vuelo Profesionales. La cifra representa menos del 1% de las 25,000 sobrecargos.","breadcrumb":{"@id":"https:\/\/aeronoticias.com.pe\/noticiero\/transporte-aereo\/internacional\/coronavirus-100-sobrecargos-de-american-airlines-dan-positivo-ante-contagio\/#breadcrumb"},"inLanguage":"es","potentialAction":[{"@type":"ReadAction","target":["https:\/\/aeronoticias.com.pe\/noticiero\/transporte-aereo\/internacional\/coronavirus-100-sobrecargos-de-american-airlines-dan-positivo-ante-contagio\/"]}]},{"@type":"ImageObject","inLanguage":"es","@id":"https:\/\/aeronoticias.com.pe\/noticiero\/transporte-aereo\/internacional\/coronavirus-100-sobrecargos-de-american-airlines-dan-positivo-ante-contagio\/#primaryimage","url":"https:\/\/aeronoticias.com.pe\/noticiero\/wp-content\/uploads\/2020\/04\/Airplane-1.png","contentUrl":"https:\/\/aeronoticias.com.pe\/noticiero\/wp-content\/uploads\/2020\/04\/Airplane-1.png","width":1100,"height":594},{"@type":"BreadcrumbList","@id":"https:\/\/aeronoticias.com.pe\/noticiero\/transporte-aereo\/internacional\/coronavirus-100-sobrecargos-de-american-airlines-dan-positivo-ante-contagio\/#breadcrumb","itemListElement":[{"@type":"ListItem","position":1,"name":"Portada","item":"https:\/\/aeronoticias.com.pe\/noticiero\/"},{"@type":"ListItem","position":2,"name":"Coronavirus: 100 sobrecargos de American Airlines dan positivo ante contagio"}]},{"@type":"WebSite","@id":"https:\/\/aeronoticias.com.pe\/noticiero\/#website","url":"https:\/\/aeronoticias.com.pe\/noticiero\/","name":"Aeronoticias.com.pe","description":"Noticias de tranporte aereo, turismo, hoteles, gastronomia, actualidad, internacional","potentialAction":[{"@type":"SearchAction","target":{"@type":"EntryPoint","urlTemplate":"https:\/\/aeronoticias.com.pe\/noticiero\/?s={search_term_string}"},"query-input":{"@type":"PropertyValueSpecification","valueRequired":true,"valueName":"search_term_string"}}],"inLanguage":"es"},{"@type":"Person","@id":"https:\/\/aeronoticias.com.pe\/noticiero\/#\/schema\/person\/fc1e5d578f4b62ba1cf7ac2bba1170a0","name":"Redacci\u00f3n Aeronoticias","url":"https:\/\/aeronoticias.com.pe\/noticiero\/author\/piloto\/"}]}},"_links":{"self":[{"href":"https:\/\/aeronoticias.com.pe\/noticiero\/wp-json\/wp\/v2\/posts\/59641","targetHints":{"allow":["GET"]}}],"collection":[{"href":"https:\/\/aeronoticias.com.pe\/noticiero\/wp-json\/wp\/v2\/posts"}],"about":[{"href":"https:\/\/aeronoticias.com.pe\/noticiero\/wp-json\/wp\/v2\/types\/post"}],"author":[{"embeddable":true,"href":"https:\/\/aeronoticias.com.pe\/noticiero\/wp-json\/wp\/v2\/users\/1"}],"replies":[{"embeddable":true,"href":"https:\/\/aeronoticias.com.pe\/noticiero\/wp-json\/wp\/v2\/comments?post=59641"}],"version-history":[{"count":0,"href":"https:\/\/aeronoticias.com.pe\/noticiero\/wp-json\/wp\/v2\/posts\/59641\/revisions"}],"wp:featuredmedia":[{"embeddable":true,"href":"https:\/\/aeronoticias.com.pe\/noticiero\/wp-json\/wp\/v2\/media\/64514"}],"wp:attachment":[{"href":"https:\/\/aeronoticias.com.pe\/noticiero\/wp-json\/wp\/v2\/media?parent=59641"}],"wp:term":[{"taxonomy":"category","embeddable":true,"href":"https:\/\/aeronoticias.com.pe\/noticiero\/wp-json\/wp\/v2\/categories?post=59641"},{"taxonomy":"post_tag","embeddable":true,"href":"https:\/\/aeronoticias.com.pe\/noticiero\/wp-json\/wp\/v2\/tags?post=59641"}],"curies":[{"name":"wp","href":"https:\/\/api.w.org\/{rel}","templated":true}]}}