{"id":59642,"date":"2020-04-13T23:14:12","date_gmt":"2020-04-13T23:14:12","guid":{"rendered":"http:\/\/desarrollo.mcvicious.com\/aero2020\/2020\/04\/13\/boeing-se-une-a-la-fabricacion-de-protectores-contra-el-coronavirus\/"},"modified":"2020-11-07T14:17:05","modified_gmt":"2020-11-07T19:17:05","slug":"boeing-se-une-a-la-fabricacion-de-protectores-contra-el-coronavirus","status":"publish","type":"post","link":"https:\/\/aeronoticias.com.pe\/noticiero\/transporte-aereo\/internacional\/boeing-se-une-a-la-fabricacion-de-protectores-contra-el-coronavirus\/","title":{"rendered":"Boeing se une a la fabricaci\u00f3n de protectores contra el coronavirus"},"content":{"rendered":"\n<p>La firma aeron\u00e1utica, Boeing, se une a la demanda de productos m\u00e9dicos necesarios ante la propagaci\u00f3n del Covid-19. En la ciudad de Mesa, la empresa est\u00e1 produciendo protectores faciales con impresoras 3D.<\/p>\n\n\n\n<p><span style=\"font-size: 12.16px;\">Boeing se asoci\u00f3 con Design that Matters en el dise\u00f1o que incluye un marco impreso en 3D con una diadema ajustable que permite que una careta de pl\u00e1stico transparente se encaje en el marco.<\/span><\/p>\n\n\n\n<!--more-->\n\n\n\n<p><span style=\"font-size: 12.16px;\">Solvay, un proveedor de Boeing, est\u00e1 proporcionando el pl\u00e1stico transparente. \u201cOtro proveedor, Trelleborg Sealing Solutions, est\u00e1 donando las tiras necesarias para la diadema ajustable\u201d, agreg\u00f3 Boeing en un comunicado de prensa.<\/span><\/p>\n\n\n\n<p><span style=\"font-size: 12.16px;\">El primer env\u00edo de 2,300 m\u00e1scaras se entreg\u00f3 el viernes por la ma\u00f1ana al Departamento de Salud y Servicios Humanos, en cual la Agencia Federal para el Manejo de Emergencias entregar\u00e1 los escudos al Centro de Convenciones Kay Bailey Hutchison en Dallas, Texas, que se ha establecido como un sitio de atenci\u00f3n alternativa para tratar a pacientes con COVID-19, seg\u00fan el sitio web de la empresa.<\/span><\/p>\n\n\n\n<p><span style=\"font-size: 12.16px;\">Fuente: Univision<\/span><\/p>\n","protected":false},"excerpt":{"rendered":"<p>La firma aeron\u00e1utica, Boeing, se une a la demanda de productos m\u00e9dicos necesarios ante la propagaci\u00f3n del Covid-19. En la ciudad de Mesa, la empresa est\u00e1 produciendo protectores faciales con impresoras 3D. Boeing se asoci\u00f3 con Design that Matters en el dise\u00f1o que incluye un marco impreso en 3D con una diadema ajustable que permite [&hellip;]<\/p>\n","protected":false},"author":1,"featured_media":64510,"comment_status":"open","ping_status":"open","sticky":false,"template":"","format":"standard","meta":{"tdm_status":"","tdm_grid_status":"","footnotes":""},"categories":[32],"tags":[118,110,107,501],"class_list":{"0":"post-59642","1":"post","2":"type-post","3":"status-publish","4":"format-standard","5":"has-post-thumbnail","7":"category-internacional","8":"tag-boeing","9":"tag-covid-19","10":"tag-covid19","11":"tag-protectores-faciales"},"yoast_head":"<!-- This site is optimized with the Yoast SEO plugin v25.1 - https:\/\/yoast.com\/wordpress\/plugins\/seo\/ -->\n<title>Boeing se une a la fabricaci\u00f3n de protectores contra el coronavirus<\/title>\n<meta name=\"description\" content=\"La firma aeron\u00e1utica, Boeing, se une a la demanda de productos m\u00e9dicos necesarios ante la propagaci\u00f3n del Covid-19. En la ciudad de Mesa, la empresa est\u00e1 produciendo protectores faciales con impresoras 3D.\" \/>\n<meta name=\"robots\" content=\"index, follow, max-snippet:-1, max-image-preview:large, max-video-preview:-1\" \/>\n<link rel=\"canonical\" href=\"https:\/\/aeronoticias.com.pe\/noticiero\/transporte-aereo\/internacional\/boeing-se-une-a-la-fabricacion-de-protectores-contra-el-coronavirus\/\" \/>\n<meta property=\"og:locale\" content=\"es_ES\" \/>\n<meta property=\"og:type\" content=\"article\" \/>\n<meta property=\"og:title\" content=\"Boeing se une a la fabricaci\u00f3n de protectores contra el coronavirus\" \/>\n<meta property=\"og:description\" content=\"La firma aeron\u00e1utica, Boeing, se une a la demanda de productos m\u00e9dicos necesarios ante la propagaci\u00f3n del Covid-19. En la ciudad de Mesa, la empresa est\u00e1 produciendo protectores faciales con impresoras 3D.\" \/>\n<meta property=\"og:url\" content=\"https:\/\/aeronoticias.com.pe\/noticiero\/transporte-aereo\/internacional\/boeing-se-une-a-la-fabricacion-de-protectores-contra-el-coronavirus\/\" \/>\n<meta property=\"og:site_name\" content=\"Aeronoticias.com.pe\" \/>\n<meta property=\"article:publisher\" content=\"https:\/\/www.facebook.com\/Aeronoticias.com.pe\/\" \/>\n<meta property=\"article:published_time\" content=\"2020-04-13T23:14:12+00:00\" \/>\n<meta property=\"article:modified_time\" content=\"2020-11-07T19:17:05+00:00\" \/>\n<meta property=\"og:image\" content=\"https:\/\/aeronoticias.com.pe\/noticiero\/wp-content\/uploads\/2020\/04\/BOENG-CARETAS.jpg\" \/>\n\t<meta property=\"og:image:width\" content=\"1024\" \/>\n\t<meta property=\"og:image:height\" content=\"579\" \/>\n\t<meta property=\"og:image:type\" content=\"image\/jpeg\" \/>\n<meta name=\"author\" content=\"Redacci\u00f3n Aeronoticias\" \/>\n<meta name=\"twitter:card\" content=\"summary_large_image\" \/>\n<meta name=\"twitter:creator\" content=\"@aeronoticias\" \/>\n<meta name=\"twitter:site\" content=\"@aeronoticias\" \/>\n<meta name=\"twitter:label1\" content=\"Escrito por\" \/>\n\t<meta name=\"twitter:data1\" content=\"Redacci\u00f3n Aeronoticias\" \/>\n\t<meta name=\"twitter:label2\" content=\"Tiempo de lectura\" \/>\n\t<meta name=\"twitter:data2\" content=\"1 minuto\" \/>\n<script type=\"application\/ld+json\" class=\"yoast-schema-graph\">{\"@context\":\"https:\/\/schema.org\",\"@graph\":[{\"@type\":\"WebPage\",\"@id\":\"https:\/\/aeronoticias.com.pe\/noticiero\/transporte-aereo\/internacional\/boeing-se-une-a-la-fabricacion-de-protectores-contra-el-coronavirus\/\",\"url\":\"https:\/\/aeronoticias.com.pe\/noticiero\/transporte-aereo\/internacional\/boeing-se-une-a-la-fabricacion-de-protectores-contra-el-coronavirus\/\",\"name\":\"Boeing se une a la fabricaci\u00f3n de protectores contra el coronavirus\",\"isPartOf\":{\"@id\":\"https:\/\/aeronoticias.com.pe\/noticiero\/#website\"},\"primaryImageOfPage\":{\"@id\":\"https:\/\/aeronoticias.com.pe\/noticiero\/transporte-aereo\/internacional\/boeing-se-une-a-la-fabricacion-de-protectores-contra-el-coronavirus\/#primaryimage\"},\"image\":{\"@id\":\"https:\/\/aeronoticias.com.pe\/noticiero\/transporte-aereo\/internacional\/boeing-se-une-a-la-fabricacion-de-protectores-contra-el-coronavirus\/#primaryimage\"},\"thumbnailUrl\":\"https:\/\/aeronoticias.com.pe\/noticiero\/wp-content\/uploads\/2020\/04\/BOENG-CARETAS.jpg\",\"datePublished\":\"2020-04-13T23:14:12+00:00\",\"dateModified\":\"2020-11-07T19:17:05+00:00\",\"author\":{\"@id\":\"https:\/\/aeronoticias.com.pe\/noticiero\/#\/schema\/person\/fc1e5d578f4b62ba1cf7ac2bba1170a0\"},\"description\":\"La firma aeron\u00e1utica, Boeing, se une a la demanda de productos m\u00e9dicos necesarios ante la propagaci\u00f3n del Covid-19. En la ciudad de Mesa, la empresa est\u00e1 produciendo protectores faciales con impresoras 3D.\",\"breadcrumb\":{\"@id\":\"https:\/\/aeronoticias.com.pe\/noticiero\/transporte-aereo\/internacional\/boeing-se-une-a-la-fabricacion-de-protectores-contra-el-coronavirus\/#breadcrumb\"},\"inLanguage\":\"es\",\"potentialAction\":[{\"@type\":\"ReadAction\",\"target\":[\"https:\/\/aeronoticias.com.pe\/noticiero\/transporte-aereo\/internacional\/boeing-se-une-a-la-fabricacion-de-protectores-contra-el-coronavirus\/\"]}]},{\"@type\":\"ImageObject\",\"inLanguage\":\"es\",\"@id\":\"https:\/\/aeronoticias.com.pe\/noticiero\/transporte-aereo\/internacional\/boeing-se-une-a-la-fabricacion-de-protectores-contra-el-coronavirus\/#primaryimage\",\"url\":\"https:\/\/aeronoticias.com.pe\/noticiero\/wp-content\/uploads\/2020\/04\/BOENG-CARETAS.jpg\",\"contentUrl\":\"https:\/\/aeronoticias.com.pe\/noticiero\/wp-content\/uploads\/2020\/04\/BOENG-CARETAS.jpg\",\"width\":1024,\"height\":579},{\"@type\":\"BreadcrumbList\",\"@id\":\"https:\/\/aeronoticias.com.pe\/noticiero\/transporte-aereo\/internacional\/boeing-se-une-a-la-fabricacion-de-protectores-contra-el-coronavirus\/#breadcrumb\",\"itemListElement\":[{\"@type\":\"ListItem\",\"position\":1,\"name\":\"Portada\",\"item\":\"https:\/\/aeronoticias.com.pe\/noticiero\/\"},{\"@type\":\"ListItem\",\"position\":2,\"name\":\"Boeing se une a la fabricaci\u00f3n de protectores contra el coronavirus\"}]},{\"@type\":\"WebSite\",\"@id\":\"https:\/\/aeronoticias.com.pe\/noticiero\/#website\",\"url\":\"https:\/\/aeronoticias.com.pe\/noticiero\/\",\"name\":\"Aeronoticias.com.pe\",\"description\":\"Noticias de tranporte aereo, turismo, hoteles, gastronomia, actualidad, internacional\",\"potentialAction\":[{\"@type\":\"SearchAction\",\"target\":{\"@type\":\"EntryPoint\",\"urlTemplate\":\"https:\/\/aeronoticias.com.pe\/noticiero\/?s={search_term_string}\"},\"query-input\":{\"@type\":\"PropertyValueSpecification\",\"valueRequired\":true,\"valueName\":\"search_term_string\"}}],\"inLanguage\":\"es\"},{\"@type\":\"Person\",\"@id\":\"https:\/\/aeronoticias.com.pe\/noticiero\/#\/schema\/person\/fc1e5d578f4b62ba1cf7ac2bba1170a0\",\"name\":\"Redacci\u00f3n Aeronoticias\",\"url\":\"https:\/\/aeronoticias.com.pe\/noticiero\/author\/piloto\/\"}]}<\/script>\n<!-- \/ Yoast SEO plugin. -->","yoast_head_json":{"title":"Boeing se une a la fabricaci\u00f3n de protectores contra el coronavirus","description":"La firma aeron\u00e1utica, Boeing, se une a la demanda de productos m\u00e9dicos necesarios ante la propagaci\u00f3n del Covid-19. En la ciudad de Mesa, la empresa est\u00e1 produciendo protectores faciales con impresoras 3D.","robots":{"index":"index","follow":"follow","max-snippet":"max-snippet:-1","max-image-preview":"max-image-preview:large","max-video-preview":"max-video-preview:-1"},"canonical":"https:\/\/aeronoticias.com.pe\/noticiero\/transporte-aereo\/internacional\/boeing-se-une-a-la-fabricacion-de-protectores-contra-el-coronavirus\/","og_locale":"es_ES","og_type":"article","og_title":"Boeing se une a la fabricaci\u00f3n de protectores contra el coronavirus","og_description":"La firma aeron\u00e1utica, Boeing, se une a la demanda de productos m\u00e9dicos necesarios ante la propagaci\u00f3n del Covid-19. En la ciudad de Mesa, la empresa est\u00e1 produciendo protectores faciales con impresoras 3D.","og_url":"https:\/\/aeronoticias.com.pe\/noticiero\/transporte-aereo\/internacional\/boeing-se-une-a-la-fabricacion-de-protectores-contra-el-coronavirus\/","og_site_name":"Aeronoticias.com.pe","article_publisher":"https:\/\/www.facebook.com\/Aeronoticias.com.pe\/","article_published_time":"2020-04-13T23:14:12+00:00","article_modified_time":"2020-11-07T19:17:05+00:00","og_image":[{"width":1024,"height":579,"url":"https:\/\/aeronoticias.com.pe\/noticiero\/wp-content\/uploads\/2020\/04\/BOENG-CARETAS.jpg","type":"image\/jpeg"}],"author":"Redacci\u00f3n Aeronoticias","twitter_card":"summary_large_image","twitter_creator":"@aeronoticias","twitter_site":"@aeronoticias","twitter_misc":{"Escrito por":"Redacci\u00f3n Aeronoticias","Tiempo de lectura":"1 minuto"},"schema":{"@context":"https:\/\/schema.org","@graph":[{"@type":"WebPage","@id":"https:\/\/aeronoticias.com.pe\/noticiero\/transporte-aereo\/internacional\/boeing-se-une-a-la-fabricacion-de-protectores-contra-el-coronavirus\/","url":"https:\/\/aeronoticias.com.pe\/noticiero\/transporte-aereo\/internacional\/boeing-se-une-a-la-fabricacion-de-protectores-contra-el-coronavirus\/","name":"Boeing se une a la fabricaci\u00f3n de protectores contra el coronavirus","isPartOf":{"@id":"https:\/\/aeronoticias.com.pe\/noticiero\/#website"},"primaryImageOfPage":{"@id":"https:\/\/aeronoticias.com.pe\/noticiero\/transporte-aereo\/internacional\/boeing-se-une-a-la-fabricacion-de-protectores-contra-el-coronavirus\/#primaryimage"},"image":{"@id":"https:\/\/aeronoticias.com.pe\/noticiero\/transporte-aereo\/internacional\/boeing-se-une-a-la-fabricacion-de-protectores-contra-el-coronavirus\/#primaryimage"},"thumbnailUrl":"https:\/\/aeronoticias.com.pe\/noticiero\/wp-content\/uploads\/2020\/04\/BOENG-CARETAS.jpg","datePublished":"2020-04-13T23:14:12+00:00","dateModified":"2020-11-07T19:17:05+00:00","author":{"@id":"https:\/\/aeronoticias.com.pe\/noticiero\/#\/schema\/person\/fc1e5d578f4b62ba1cf7ac2bba1170a0"},"description":"La firma aeron\u00e1utica, Boeing, se une a la demanda de productos m\u00e9dicos necesarios ante la propagaci\u00f3n del Covid-19. En la ciudad de Mesa, la empresa est\u00e1 produciendo protectores faciales con impresoras 3D.","breadcrumb":{"@id":"https:\/\/aeronoticias.com.pe\/noticiero\/transporte-aereo\/internacional\/boeing-se-une-a-la-fabricacion-de-protectores-contra-el-coronavirus\/#breadcrumb"},"inLanguage":"es","potentialAction":[{"@type":"ReadAction","target":["https:\/\/aeronoticias.com.pe\/noticiero\/transporte-aereo\/internacional\/boeing-se-une-a-la-fabricacion-de-protectores-contra-el-coronavirus\/"]}]},{"@type":"ImageObject","inLanguage":"es","@id":"https:\/\/aeronoticias.com.pe\/noticiero\/transporte-aereo\/internacional\/boeing-se-une-a-la-fabricacion-de-protectores-contra-el-coronavirus\/#primaryimage","url":"https:\/\/aeronoticias.com.pe\/noticiero\/wp-content\/uploads\/2020\/04\/BOENG-CARETAS.jpg","contentUrl":"https:\/\/aeronoticias.com.pe\/noticiero\/wp-content\/uploads\/2020\/04\/BOENG-CARETAS.jpg","width":1024,"height":579},{"@type":"BreadcrumbList","@id":"https:\/\/aeronoticias.com.pe\/noticiero\/transporte-aereo\/internacional\/boeing-se-une-a-la-fabricacion-de-protectores-contra-el-coronavirus\/#breadcrumb","itemListElement":[{"@type":"ListItem","position":1,"name":"Portada","item":"https:\/\/aeronoticias.com.pe\/noticiero\/"},{"@type":"ListItem","position":2,"name":"Boeing se une a la fabricaci\u00f3n de protectores contra el coronavirus"}]},{"@type":"WebSite","@id":"https:\/\/aeronoticias.com.pe\/noticiero\/#website","url":"https:\/\/aeronoticias.com.pe\/noticiero\/","name":"Aeronoticias.com.pe","description":"Noticias de tranporte aereo, turismo, hoteles, gastronomia, actualidad, internacional","potentialAction":[{"@type":"SearchAction","target":{"@type":"EntryPoint","urlTemplate":"https:\/\/aeronoticias.com.pe\/noticiero\/?s={search_term_string}"},"query-input":{"@type":"PropertyValueSpecification","valueRequired":true,"valueName":"search_term_string"}}],"inLanguage":"es"},{"@type":"Person","@id":"https:\/\/aeronoticias.com.pe\/noticiero\/#\/schema\/person\/fc1e5d578f4b62ba1cf7ac2bba1170a0","name":"Redacci\u00f3n Aeronoticias","url":"https:\/\/aeronoticias.com.pe\/noticiero\/author\/piloto\/"}]}},"_links":{"self":[{"href":"https:\/\/aeronoticias.com.pe\/noticiero\/wp-json\/wp\/v2\/posts\/59642","targetHints":{"allow":["GET"]}}],"collection":[{"href":"https:\/\/aeronoticias.com.pe\/noticiero\/wp-json\/wp\/v2\/posts"}],"about":[{"href":"https:\/\/aeronoticias.com.pe\/noticiero\/wp-json\/wp\/v2\/types\/post"}],"author":[{"embeddable":true,"href":"https:\/\/aeronoticias.com.pe\/noticiero\/wp-json\/wp\/v2\/users\/1"}],"replies":[{"embeddable":true,"href":"https:\/\/aeronoticias.com.pe\/noticiero\/wp-json\/wp\/v2\/comments?post=59642"}],"version-history":[{"count":0,"href":"https:\/\/aeronoticias.com.pe\/noticiero\/wp-json\/wp\/v2\/posts\/59642\/revisions"}],"wp:featuredmedia":[{"embeddable":true,"href":"https:\/\/aeronoticias.com.pe\/noticiero\/wp-json\/wp\/v2\/media\/64510"}],"wp:attachment":[{"href":"https:\/\/aeronoticias.com.pe\/noticiero\/wp-json\/wp\/v2\/media?parent=59642"}],"wp:term":[{"taxonomy":"category","embeddable":true,"href":"https:\/\/aeronoticias.com.pe\/noticiero\/wp-json\/wp\/v2\/categories?post=59642"},{"taxonomy":"post_tag","embeddable":true,"href":"https:\/\/aeronoticias.com.pe\/noticiero\/wp-json\/wp\/v2\/tags?post=59642"}],"curies":[{"name":"wp","href":"https:\/\/api.w.org\/{rel}","templated":true}]}}