{"id":59643,"date":"2020-04-14T13:32:43","date_gmt":"2020-04-14T13:32:43","guid":{"rendered":"http:\/\/desarrollo.mcvicious.com\/aero2020\/2020\/04\/14\/latam-cargo-anuncia-vuelos-diarios-entre-sudamerica-y-europa\/"},"modified":"2020-11-07T14:11:04","modified_gmt":"2020-11-07T19:11:04","slug":"latam-cargo-anuncia-vuelos-diarios-entre-sudamerica-y-europa","status":"publish","type":"post","link":"https:\/\/aeronoticias.com.pe\/noticiero\/transporte-aereo\/internacional\/latam-cargo-anuncia-vuelos-diarios-entre-sudamerica-y-europa\/","title":{"rendered":"Latam Cargo anuncia vuelos diarios entre Sudam\u00e9rica y Europa"},"content":{"rendered":"\n<p class=\"p1\">Para enfrentar los efectos que el COVID-19 ha generado en la industria a\u00e9rea \u2013que ha implicado la cancelaci\u00f3n de vuelos de pasajeros a nivel internacional y la consiguiente restricci\u00f3n de la oferta belly-, el Grupo LATAM Cargo ha llevado a cabo modificaciones en su operaci\u00f3n a nivel global, en sus mercados dom\u00e9sticos e internacionales.<\/p>\n\n\n\n<p class=\"p1\">Con ello busca maximizar el uso de su flota carguera y generar mayor capacidad para mitigar el impacto en sus clientes.<\/p>\n\n\n\n<p class=\"p1\">En esta oportunidad el Grupo LATAM Cargo anunci\u00f3 modificaciones en su itinerario para robustecer su oferta entre Sudam\u00e9rica y Europa. En concreto, a\u00f1adi\u00f3 una s\u00e9ptima frecuencia semanal en su operaci\u00f3n, totalizando un incremento en un 40% de su oferta en comparaci\u00f3n al periodo previo a la pandemia.<\/p>\n\n\n\n<p class=\"p1\">\u201cLa dram\u00e1tica reducci\u00f3n de las operaciones de pasajeros ha impactado significativamente la gama de opciones de transporte a\u00e9reo disponibles para nuestros clientes. Esto es particularmente significativo para los clientes que confiaron en la frecuencia y el menor costo de la capacidad belly. Con el fin de apoyar a todas las cadenas de suministro, y muy espec\u00edficamente a aquellas que se ocupan de ayuda, nos estamos enfocando en agregar m\u00e1s capacidad en rutas cr\u00edticas. Proporcionar un vuelo diario entre Europa y Am\u00e9rica Latina es una prueba tangible de este compromiso\u201d, coment\u00f3 Andr\u00e9s Bianchi.<\/p>\n\n\n\n<p class=\"p1\">Con el nuevo itinerario, \u00c1msterdam, capital de Los Pa\u00edses Bajos, se posiciona como la principal puerta de entrada al continente europeo, beneficiando a los exportadores de perecibles de Latinoam\u00e9rica como es el caso de los productos de Chile, Per\u00fa, Ecuador, Guatemala y Brasil, aunque la ruta est\u00e1 disponible para todos los interesados.<\/p>\n\n\n\n<p class=\"p1\">La ruta de retorno tendr\u00e1 origen en Frankfurt, Alemania, ciudad desde donde se exportar\u00e1n equipos e insumos m\u00e9dicos, art\u00edculos electr\u00f3nicos, repuestos de autos y carga general, entre otros tipos de embarques con destino a Sudam\u00e9rica. Adicionalmente, diversific\u00f3 los puntos de entrada hacia la regi\u00f3n al llegar al aeropuerto de Guarulhos, Brasil, tres veces por semana. De este modo, la compa\u00f1\u00eda entrega una soluci\u00f3n a clientes que antes operaban en belly llegando a este aeropuerto.<\/p>\n\n\n\n<p class=\"p1\"><strong>Itinerario desde y hacia Norteam\u00e9rica tambi\u00e9n es optimizado<\/strong><\/p>\n\n\n\n<p class=\"p1\">El Grupo LATAM Cargo tambi\u00e9n ha llevado a cabo reformulaciones en su oferta entre Norte Am\u00e9rica y Sudam\u00e9rica para satisfacer a los clientes de estos mercados. Recientemente comunic\u00f3 el aumento en un 15% de su oferta desde Miami a Sudam\u00e9rica, pasando de 23 a 26 frecuencias semanales, y tambi\u00e9n incorpor\u00f3 escalas en Guarulhos para entregar una soluci\u00f3n a clientes que al operar en belly requer\u00edan de una alternativa.<\/p>\n\n\n\n<p class=\"p1\">Otra medida adoptada por la compa\u00f1\u00eda fue robustecer su conectividad en Am\u00e9rica al a\u00f1adir a su red las ciudades de Los \u00c1ngeles, Estados Unidos, y Ciudad de M\u00e9xico, M\u00e9xico, como destinos exclusivos para vuelos cargueros desde y hacia Sudam\u00e9rica.<\/p>\n\n\n\n<p class=\"p1\">Por otro lado, y para brindar una soluci\u00f3n robusta a los exportadores de salm\u00f3n de Chile, la compa\u00f1\u00eda quintuplic\u00f3 su oferta desde Santiago hacia Miami, alcanzando 31 frecuencias semanales.<\/p>\n\n\n\n<p class=\"p1\">Fuente:&nbsp;<span style=\"text-decoration: underline;\"><em><strong>Aviaci\u00f3n al d\u00eda<\/strong><\/em><\/span>.<\/p>\n","protected":false},"excerpt":{"rendered":"<p>Para enfrentar los efectos que el COVID-19 ha generado en la industria a\u00e9rea \u2013que ha implicado la cancelaci\u00f3n de vuelos de pasajeros a nivel internacional y la consiguiente restricci\u00f3n de la oferta belly-, el Grupo LATAM Cargo ha llevado a cabo modificaciones en su operaci\u00f3n a nivel global, en sus mercados dom\u00e9sticos e internacionales. Con [&hellip;]<\/p>\n","protected":false},"author":1,"featured_media":64506,"comment_status":"open","ping_status":"open","sticky":false,"template":"","format":"standard","meta":{"tdm_status":"","tdm_grid_status":"","footnotes":""},"categories":[32],"tags":[110,107,500],"class_list":{"0":"post-59643","1":"post","2":"type-post","3":"status-publish","4":"format-standard","5":"has-post-thumbnail","7":"category-internacional","8":"tag-covid-19","9":"tag-covid19","10":"tag-latam-cargo"},"yoast_head":"<!-- This site is optimized with the Yoast SEO plugin v25.1 - https:\/\/yoast.com\/wordpress\/plugins\/seo\/ -->\n<title>Latam Cargo anuncia vuelos diarios entre Sudam\u00e9rica y Europa<\/title>\n<meta name=\"description\" content=\"Para enfrentar los efectos que el COVID-19 ha generado en la industria a\u00e9rea \u2013que ha implicado la cancelaci\u00f3n de vuelos de pasajeros a nivel internacional y la consiguiente restricci\u00f3n de la oferta belly-, el Grupo LATAM Cargo ha llevado a cabo modificaciones en su operaci\u00f3n a nivel global, en sus mercados dom\u00e9sticos e internacionales.\" \/>\n<meta name=\"robots\" content=\"index, follow, max-snippet:-1, max-image-preview:large, max-video-preview:-1\" \/>\n<link rel=\"canonical\" href=\"https:\/\/aeronoticias.com.pe\/noticiero\/transporte-aereo\/internacional\/latam-cargo-anuncia-vuelos-diarios-entre-sudamerica-y-europa\/\" \/>\n<meta property=\"og:locale\" content=\"es_ES\" \/>\n<meta property=\"og:type\" content=\"article\" \/>\n<meta property=\"og:title\" content=\"Latam Cargo anuncia vuelos diarios entre Sudam\u00e9rica y Europa\" \/>\n<meta property=\"og:description\" content=\"Para enfrentar los efectos que el COVID-19 ha generado en la industria a\u00e9rea \u2013que ha implicado la cancelaci\u00f3n de vuelos de pasajeros a nivel internacional y la consiguiente restricci\u00f3n de la oferta belly-, el Grupo LATAM Cargo ha llevado a cabo modificaciones en su operaci\u00f3n a nivel global, en sus mercados dom\u00e9sticos e internacionales.\" \/>\n<meta property=\"og:url\" content=\"https:\/\/aeronoticias.com.pe\/noticiero\/transporte-aereo\/internacional\/latam-cargo-anuncia-vuelos-diarios-entre-sudamerica-y-europa\/\" \/>\n<meta property=\"og:site_name\" content=\"Aeronoticias.com.pe\" \/>\n<meta property=\"article:publisher\" content=\"https:\/\/www.facebook.com\/Aeronoticias.com.pe\/\" \/>\n<meta property=\"article:published_time\" content=\"2020-04-14T13:32:43+00:00\" \/>\n<meta property=\"article:modified_time\" content=\"2020-11-07T19:11:04+00:00\" \/>\n<meta property=\"og:image\" content=\"https:\/\/aeronoticias.com.pe\/noticiero\/wp-content\/uploads\/2020\/04\/02142019_LATAM_Cargo_B763F_N534LA_KMIA_NASEDIT_47110424102.jpg\" \/>\n\t<meta property=\"og:image:width\" content=\"2048\" \/>\n\t<meta property=\"og:image:height\" content=\"1152\" \/>\n\t<meta property=\"og:image:type\" content=\"image\/jpeg\" \/>\n<meta name=\"author\" content=\"Redacci\u00f3n Aeronoticias\" \/>\n<meta name=\"twitter:card\" content=\"summary_large_image\" \/>\n<meta name=\"twitter:creator\" content=\"@aeronoticias\" \/>\n<meta name=\"twitter:site\" content=\"@aeronoticias\" \/>\n<meta name=\"twitter:label1\" content=\"Escrito por\" \/>\n\t<meta name=\"twitter:data1\" content=\"Redacci\u00f3n Aeronoticias\" \/>\n\t<meta name=\"twitter:label2\" content=\"Tiempo de lectura\" \/>\n\t<meta name=\"twitter:data2\" content=\"3 minutos\" \/>\n<script type=\"application\/ld+json\" class=\"yoast-schema-graph\">{\"@context\":\"https:\/\/schema.org\",\"@graph\":[{\"@type\":\"WebPage\",\"@id\":\"https:\/\/aeronoticias.com.pe\/noticiero\/transporte-aereo\/internacional\/latam-cargo-anuncia-vuelos-diarios-entre-sudamerica-y-europa\/\",\"url\":\"https:\/\/aeronoticias.com.pe\/noticiero\/transporte-aereo\/internacional\/latam-cargo-anuncia-vuelos-diarios-entre-sudamerica-y-europa\/\",\"name\":\"Latam Cargo anuncia vuelos diarios entre Sudam\u00e9rica y Europa\",\"isPartOf\":{\"@id\":\"https:\/\/aeronoticias.com.pe\/noticiero\/#website\"},\"primaryImageOfPage\":{\"@id\":\"https:\/\/aeronoticias.com.pe\/noticiero\/transporte-aereo\/internacional\/latam-cargo-anuncia-vuelos-diarios-entre-sudamerica-y-europa\/#primaryimage\"},\"image\":{\"@id\":\"https:\/\/aeronoticias.com.pe\/noticiero\/transporte-aereo\/internacional\/latam-cargo-anuncia-vuelos-diarios-entre-sudamerica-y-europa\/#primaryimage\"},\"thumbnailUrl\":\"https:\/\/aeronoticias.com.pe\/noticiero\/wp-content\/uploads\/2020\/04\/02142019_LATAM_Cargo_B763F_N534LA_KMIA_NASEDIT_47110424102.jpg\",\"datePublished\":\"2020-04-14T13:32:43+00:00\",\"dateModified\":\"2020-11-07T19:11:04+00:00\",\"author\":{\"@id\":\"https:\/\/aeronoticias.com.pe\/noticiero\/#\/schema\/person\/fc1e5d578f4b62ba1cf7ac2bba1170a0\"},\"description\":\"Para enfrentar los efectos que el COVID-19 ha generado en la industria a\u00e9rea \u2013que ha implicado la cancelaci\u00f3n de vuelos de pasajeros a nivel internacional y la consiguiente restricci\u00f3n de la oferta belly-, el Grupo LATAM Cargo ha llevado a cabo modificaciones en su operaci\u00f3n a nivel global, en sus mercados dom\u00e9sticos e internacionales.\",\"breadcrumb\":{\"@id\":\"https:\/\/aeronoticias.com.pe\/noticiero\/transporte-aereo\/internacional\/latam-cargo-anuncia-vuelos-diarios-entre-sudamerica-y-europa\/#breadcrumb\"},\"inLanguage\":\"es\",\"potentialAction\":[{\"@type\":\"ReadAction\",\"target\":[\"https:\/\/aeronoticias.com.pe\/noticiero\/transporte-aereo\/internacional\/latam-cargo-anuncia-vuelos-diarios-entre-sudamerica-y-europa\/\"]}]},{\"@type\":\"ImageObject\",\"inLanguage\":\"es\",\"@id\":\"https:\/\/aeronoticias.com.pe\/noticiero\/transporte-aereo\/internacional\/latam-cargo-anuncia-vuelos-diarios-entre-sudamerica-y-europa\/#primaryimage\",\"url\":\"https:\/\/aeronoticias.com.pe\/noticiero\/wp-content\/uploads\/2020\/04\/02142019_LATAM_Cargo_B763F_N534LA_KMIA_NASEDIT_47110424102.jpg\",\"contentUrl\":\"https:\/\/aeronoticias.com.pe\/noticiero\/wp-content\/uploads\/2020\/04\/02142019_LATAM_Cargo_B763F_N534LA_KMIA_NASEDIT_47110424102.jpg\",\"width\":2048,\"height\":1152},{\"@type\":\"BreadcrumbList\",\"@id\":\"https:\/\/aeronoticias.com.pe\/noticiero\/transporte-aereo\/internacional\/latam-cargo-anuncia-vuelos-diarios-entre-sudamerica-y-europa\/#breadcrumb\",\"itemListElement\":[{\"@type\":\"ListItem\",\"position\":1,\"name\":\"Portada\",\"item\":\"https:\/\/aeronoticias.com.pe\/noticiero\/\"},{\"@type\":\"ListItem\",\"position\":2,\"name\":\"Latam Cargo anuncia vuelos diarios entre Sudam\u00e9rica y Europa\"}]},{\"@type\":\"WebSite\",\"@id\":\"https:\/\/aeronoticias.com.pe\/noticiero\/#website\",\"url\":\"https:\/\/aeronoticias.com.pe\/noticiero\/\",\"name\":\"Aeronoticias.com.pe\",\"description\":\"Noticias de tranporte aereo, turismo, hoteles, gastronomia, actualidad, internacional\",\"potentialAction\":[{\"@type\":\"SearchAction\",\"target\":{\"@type\":\"EntryPoint\",\"urlTemplate\":\"https:\/\/aeronoticias.com.pe\/noticiero\/?s={search_term_string}\"},\"query-input\":{\"@type\":\"PropertyValueSpecification\",\"valueRequired\":true,\"valueName\":\"search_term_string\"}}],\"inLanguage\":\"es\"},{\"@type\":\"Person\",\"@id\":\"https:\/\/aeronoticias.com.pe\/noticiero\/#\/schema\/person\/fc1e5d578f4b62ba1cf7ac2bba1170a0\",\"name\":\"Redacci\u00f3n Aeronoticias\",\"url\":\"https:\/\/aeronoticias.com.pe\/noticiero\/author\/piloto\/\"}]}<\/script>\n<!-- \/ Yoast SEO plugin. -->","yoast_head_json":{"title":"Latam Cargo anuncia vuelos diarios entre Sudam\u00e9rica y Europa","description":"Para enfrentar los efectos que el COVID-19 ha generado en la industria a\u00e9rea \u2013que ha implicado la cancelaci\u00f3n de vuelos de pasajeros a nivel internacional y la consiguiente restricci\u00f3n de la oferta belly-, el Grupo LATAM Cargo ha llevado a cabo modificaciones en su operaci\u00f3n a nivel global, en sus mercados dom\u00e9sticos e internacionales.","robots":{"index":"index","follow":"follow","max-snippet":"max-snippet:-1","max-image-preview":"max-image-preview:large","max-video-preview":"max-video-preview:-1"},"canonical":"https:\/\/aeronoticias.com.pe\/noticiero\/transporte-aereo\/internacional\/latam-cargo-anuncia-vuelos-diarios-entre-sudamerica-y-europa\/","og_locale":"es_ES","og_type":"article","og_title":"Latam Cargo anuncia vuelos diarios entre Sudam\u00e9rica y Europa","og_description":"Para enfrentar los efectos que el COVID-19 ha generado en la industria a\u00e9rea \u2013que ha implicado la cancelaci\u00f3n de vuelos de pasajeros a nivel internacional y la consiguiente restricci\u00f3n de la oferta belly-, el Grupo LATAM Cargo ha llevado a cabo modificaciones en su operaci\u00f3n a nivel global, en sus mercados dom\u00e9sticos e internacionales.","og_url":"https:\/\/aeronoticias.com.pe\/noticiero\/transporte-aereo\/internacional\/latam-cargo-anuncia-vuelos-diarios-entre-sudamerica-y-europa\/","og_site_name":"Aeronoticias.com.pe","article_publisher":"https:\/\/www.facebook.com\/Aeronoticias.com.pe\/","article_published_time":"2020-04-14T13:32:43+00:00","article_modified_time":"2020-11-07T19:11:04+00:00","og_image":[{"width":2048,"height":1152,"url":"https:\/\/aeronoticias.com.pe\/noticiero\/wp-content\/uploads\/2020\/04\/02142019_LATAM_Cargo_B763F_N534LA_KMIA_NASEDIT_47110424102.jpg","type":"image\/jpeg"}],"author":"Redacci\u00f3n Aeronoticias","twitter_card":"summary_large_image","twitter_creator":"@aeronoticias","twitter_site":"@aeronoticias","twitter_misc":{"Escrito por":"Redacci\u00f3n Aeronoticias","Tiempo de lectura":"3 minutos"},"schema":{"@context":"https:\/\/schema.org","@graph":[{"@type":"WebPage","@id":"https:\/\/aeronoticias.com.pe\/noticiero\/transporte-aereo\/internacional\/latam-cargo-anuncia-vuelos-diarios-entre-sudamerica-y-europa\/","url":"https:\/\/aeronoticias.com.pe\/noticiero\/transporte-aereo\/internacional\/latam-cargo-anuncia-vuelos-diarios-entre-sudamerica-y-europa\/","name":"Latam Cargo anuncia vuelos diarios entre Sudam\u00e9rica y Europa","isPartOf":{"@id":"https:\/\/aeronoticias.com.pe\/noticiero\/#website"},"primaryImageOfPage":{"@id":"https:\/\/aeronoticias.com.pe\/noticiero\/transporte-aereo\/internacional\/latam-cargo-anuncia-vuelos-diarios-entre-sudamerica-y-europa\/#primaryimage"},"image":{"@id":"https:\/\/aeronoticias.com.pe\/noticiero\/transporte-aereo\/internacional\/latam-cargo-anuncia-vuelos-diarios-entre-sudamerica-y-europa\/#primaryimage"},"thumbnailUrl":"https:\/\/aeronoticias.com.pe\/noticiero\/wp-content\/uploads\/2020\/04\/02142019_LATAM_Cargo_B763F_N534LA_KMIA_NASEDIT_47110424102.jpg","datePublished":"2020-04-14T13:32:43+00:00","dateModified":"2020-11-07T19:11:04+00:00","author":{"@id":"https:\/\/aeronoticias.com.pe\/noticiero\/#\/schema\/person\/fc1e5d578f4b62ba1cf7ac2bba1170a0"},"description":"Para enfrentar los efectos que el COVID-19 ha generado en la industria a\u00e9rea \u2013que ha implicado la cancelaci\u00f3n de vuelos de pasajeros a nivel internacional y la consiguiente restricci\u00f3n de la oferta belly-, el Grupo LATAM Cargo ha llevado a cabo modificaciones en su operaci\u00f3n a nivel global, en sus mercados dom\u00e9sticos e internacionales.","breadcrumb":{"@id":"https:\/\/aeronoticias.com.pe\/noticiero\/transporte-aereo\/internacional\/latam-cargo-anuncia-vuelos-diarios-entre-sudamerica-y-europa\/#breadcrumb"},"inLanguage":"es","potentialAction":[{"@type":"ReadAction","target":["https:\/\/aeronoticias.com.pe\/noticiero\/transporte-aereo\/internacional\/latam-cargo-anuncia-vuelos-diarios-entre-sudamerica-y-europa\/"]}]},{"@type":"ImageObject","inLanguage":"es","@id":"https:\/\/aeronoticias.com.pe\/noticiero\/transporte-aereo\/internacional\/latam-cargo-anuncia-vuelos-diarios-entre-sudamerica-y-europa\/#primaryimage","url":"https:\/\/aeronoticias.com.pe\/noticiero\/wp-content\/uploads\/2020\/04\/02142019_LATAM_Cargo_B763F_N534LA_KMIA_NASEDIT_47110424102.jpg","contentUrl":"https:\/\/aeronoticias.com.pe\/noticiero\/wp-content\/uploads\/2020\/04\/02142019_LATAM_Cargo_B763F_N534LA_KMIA_NASEDIT_47110424102.jpg","width":2048,"height":1152},{"@type":"BreadcrumbList","@id":"https:\/\/aeronoticias.com.pe\/noticiero\/transporte-aereo\/internacional\/latam-cargo-anuncia-vuelos-diarios-entre-sudamerica-y-europa\/#breadcrumb","itemListElement":[{"@type":"ListItem","position":1,"name":"Portada","item":"https:\/\/aeronoticias.com.pe\/noticiero\/"},{"@type":"ListItem","position":2,"name":"Latam Cargo anuncia vuelos diarios entre Sudam\u00e9rica y Europa"}]},{"@type":"WebSite","@id":"https:\/\/aeronoticias.com.pe\/noticiero\/#website","url":"https:\/\/aeronoticias.com.pe\/noticiero\/","name":"Aeronoticias.com.pe","description":"Noticias de tranporte aereo, turismo, hoteles, gastronomia, actualidad, internacional","potentialAction":[{"@type":"SearchAction","target":{"@type":"EntryPoint","urlTemplate":"https:\/\/aeronoticias.com.pe\/noticiero\/?s={search_term_string}"},"query-input":{"@type":"PropertyValueSpecification","valueRequired":true,"valueName":"search_term_string"}}],"inLanguage":"es"},{"@type":"Person","@id":"https:\/\/aeronoticias.com.pe\/noticiero\/#\/schema\/person\/fc1e5d578f4b62ba1cf7ac2bba1170a0","name":"Redacci\u00f3n Aeronoticias","url":"https:\/\/aeronoticias.com.pe\/noticiero\/author\/piloto\/"}]}},"_links":{"self":[{"href":"https:\/\/aeronoticias.com.pe\/noticiero\/wp-json\/wp\/v2\/posts\/59643","targetHints":{"allow":["GET"]}}],"collection":[{"href":"https:\/\/aeronoticias.com.pe\/noticiero\/wp-json\/wp\/v2\/posts"}],"about":[{"href":"https:\/\/aeronoticias.com.pe\/noticiero\/wp-json\/wp\/v2\/types\/post"}],"author":[{"embeddable":true,"href":"https:\/\/aeronoticias.com.pe\/noticiero\/wp-json\/wp\/v2\/users\/1"}],"replies":[{"embeddable":true,"href":"https:\/\/aeronoticias.com.pe\/noticiero\/wp-json\/wp\/v2\/comments?post=59643"}],"version-history":[{"count":0,"href":"https:\/\/aeronoticias.com.pe\/noticiero\/wp-json\/wp\/v2\/posts\/59643\/revisions"}],"wp:featuredmedia":[{"embeddable":true,"href":"https:\/\/aeronoticias.com.pe\/noticiero\/wp-json\/wp\/v2\/media\/64506"}],"wp:attachment":[{"href":"https:\/\/aeronoticias.com.pe\/noticiero\/wp-json\/wp\/v2\/media?parent=59643"}],"wp:term":[{"taxonomy":"category","embeddable":true,"href":"https:\/\/aeronoticias.com.pe\/noticiero\/wp-json\/wp\/v2\/categories?post=59643"},{"taxonomy":"post_tag","embeddable":true,"href":"https:\/\/aeronoticias.com.pe\/noticiero\/wp-json\/wp\/v2\/tags?post=59643"}],"curies":[{"name":"wp","href":"https:\/\/api.w.org\/{rel}","templated":true}]}}