{"id":59647,"date":"2020-04-15T03:19:44","date_gmt":"2020-04-15T03:19:44","guid":{"rendered":"http:\/\/desarrollo.mcvicious.com\/aero2020\/2020\/04\/15\/peru-sector-turismo-lanzara-campana-en-julio-para-reactivarse\/"},"modified":"2020-04-15T03:19:44","modified_gmt":"2020-04-15T03:19:44","slug":"peru-sector-turismo-lanzara-campana-en-julio-para-reactivarse","status":"publish","type":"post","link":"https:\/\/aeronoticias.com.pe\/noticiero\/turismo\/13\/peru-sector-turismo-lanzara-campana-en-julio-para-reactivarse\/","title":{"rendered":"Per\u00fa: Sector turismo lanzar\u00e1 campa\u00f1a en julio para reactivarse"},"content":{"rendered":"<p style=\"text-align: justify;\">(Aeronoticias).- El presidente de la C\u00e1mara Nacional de Turismo de Per\u00fa (Canatur), Carlos Canales, adelant\u00f3 que elaboran los lineamientos sectoriales en coordinaci\u00f3n con Promper\u00fa para lanzar una campa\u00f1a en julio del presente a\u00f1o para reactivar el turismo en el pa\u00eds.<\/p>\n<p style=\"text-align: justify;\"><span style=\"font-size: 12.16px;\">Asimismo, en entrevista con el diario oficial El Peruano, indic\u00f3 que la estrategia tiene como fortaleza precios por debajo del 50%, y a estos beneficios se sumar\u00edan las l\u00edneas de cr\u00e9dito con tasas entre 5% y 6% para las empresas tur\u00edsticas<\/span><\/p>\n<p>  <!--more-->  <\/p>\n<p style=\"text-align: justify;\"><span style=\"font-size: 12.16px;\">\u00bfC\u00f3mo eval\u00faa las medidas del Gobierno para disminuir el impacto econ\u00f3mico de la pandemia en el pa\u00eds?<\/span><\/p>\n<p style=\"text-align: justify;\"><span style=\"font-size: 12.16px;\">Me parecen correctas las acciones que dict\u00f3 el Gobierno, como el Fondo de Apoyo Empresarial a la Mype (FAE-Mype), el Programa Reactiva Per\u00fa, el subsidio para que el Estado financie el 35% de los salarios de los trabajadores formales que ganen hasta 1.500 soles (US$443).<\/span><\/p>\n<p style=\"text-align: justify;\"><span style=\"font-size: 12.16px;\">En el caso del sector turismo, deber\u00edan tener otro enfoque. Calculamos que el cierre de las fronteras internacionales y aeropuertos culminar\u00e1 en julio de este a\u00f1o. Sin embargo, es posible que en la quincena de mayo se puedan movilizar los peruanos que viven en provincias, que se quedaron en Lima por la emergencia sanitaria, al igual que la reanudaci\u00f3n de los servicios de los restaurantes.<\/span><\/p>\n<p style=\"text-align: justify;\"><span style=\"font-size: 12.16px;\">\u00bfC\u00f3mo afecta al sector turismo la propagaci\u00f3n del coronavirus?<\/span><\/p>\n<p style=\"text-align: justify;\"><span style=\"font-size: 12.16px;\">En principio, los hoteles se quedaron sin hu\u00e9spedes, las agencias de viajes, los gu\u00edas y las empresas de transporte de turistas no tienen clientes.<\/span><\/p>\n<p style=\"text-align: justify;\"><span style=\"font-size: 12.16px;\">Somos conscientes de que este a\u00f1o no tendremos un gran flujo de turistas internacionales m\u00e1s all\u00e1 de los 750.000 que se registraron hasta el 15 de marzo, y posiblemente entre 250.000 y 300.000 visitantes ingresen en el \u00faltimo trimestre por temas laborales y t\u00e9cnicos.<\/span><\/p>\n<p style=\"text-align: justify;\"><span style=\"font-size: 12.16px;\">Esto significa que al concluir el a\u00f1o ingresar\u00edan al Per\u00fa cerca de un mill\u00f3n de turistas extranjeros, cifra similar a la registrada en el 2000. Entre tanto, el nivel de ingresos deber\u00eda bordear los US$1.000 millones de d\u00f3lares. Ante esta situaci\u00f3n le solicitamos una intervenci\u00f3n al ministro de Comercio Exterior y Turismo, Edgar V\u00e1squez, para que se establezcan medidas diferenciadas para el sector turismo, que est\u00e1 paralizado.<\/span><\/p>\n<p style=\"text-align: justify;\"><span style=\"font-size: 12.16px;\">\u00bfCu\u00e1l es la propuesta que las empresas del rubro tur\u00edstico hicieron al Ejecutivo?<\/span><\/p>\n<p style=\"text-align: justify;\"><span style=\"font-size: 12.16px;\">Planteamos que el Estado aplique un subsidio del 80% del salario de los trabajadores en el sector turismo, mientras que el 20% lo cubrir\u00edan las empresas mediante pr\u00e9stamos al sistema financiero. Con esta medida se podr\u00e1 sostener el empleo en los pr\u00f3ximos tres o cuatro meses, mientras se regularizan las actividades del turismo interno.<\/span><\/p>\n<p style=\"text-align: justify;\"><span style=\"font-size: 12.16px;\">La otra medida que propusimos es que se nos permita declarar el impuesto general a las ventas (IGV) pero no depositarlo. Una vez que se reactive la actividad tur\u00edstica y con la generaci\u00f3n de recursos se le transferir\u00eda, en cuotas, el monto adeudado a la Superintendencia Nacional de Aduanas y de Administraci\u00f3n Tributaria (Sunat).<\/span><\/p>\n<p style=\"text-align: justify;\"><span style=\"font-size: 12.16px;\">\u00bfEval\u00faan implementar una estrategia para dinamizar la actividad tur\u00edstica luego de la emergencia sanitaria?<\/span><\/p>\n<p style=\"text-align: justify;\"><span style=\"font-size: 12.16px;\">S\u00ed. A partir de julio lanzaremos una ambiciosa campa\u00f1a, para la cual ya se elaboran los lineamientos sectoriales en coordinaci\u00f3n con la Comisi\u00f3n de Promoci\u00f3n del Per\u00fa para la Exportaci\u00f3n y el Turismo (Promper\u00fa). Ya tenemos una mesa de trabajo instalada y efectuamos la tercera reuni\u00f3n.<\/span><\/p>\n<p style=\"text-align: justify;\"><span style=\"font-size: 12.16px;\">En mayo, asimismo, tendremos los productos detallados y c\u00f3mo participar. Eso es lo \u00fanico que ayudar\u00e1 a reactivar el turismo interno, que tuvo un buen desempe\u00f1o en enero y febrero por la temporada de playa.<\/span><\/p>\n<p style=\"text-align: justify;\"><span style=\"font-size: 12.16px;\">Se espera que a partir de las Fiestas Patrias se movilicen turistas peruanos que generen por lo menos US$2500 millones, teniendo en cuenta que el a\u00f1o pasado se registraron US$6.500 millones. Creemos que podemos salvar el a\u00f1o basado en el turismo interno.<\/span><\/p>\n<p style=\"text-align: justify;\"><span style=\"font-size: 12.16px;\">Estrategia. El producto que se implementar\u00e1 para reactivar el sector es \u2018Turismo para todos\u2019, cuya fortaleza son los precios atractivos y por debajo del 50% de las listas anteriores, de tal manera que incentivar\u00e1 a que las personas tengan la oportunidad de viajar con sus familias a todo el Per\u00fa, adelant\u00f3 Canales.<\/span><\/p>\n<p style=\"text-align: justify;\"><span style=\"font-size: 12.16px;\">En estas ofertas, precis\u00f3, estar\u00e1n incluidos los servicios de buses interprovinciales y aerol\u00edneas con tarifas bajas.<\/span><\/p>\n<p style=\"text-align: justify;\"><span style=\"font-size: 12.16px;\">\u201cAl paquete reactivador se sumar\u00edan las l\u00edneas de cr\u00e9dito de la banca comercial con tasas entre 5% y 6%, que solicitaremos sean canalizadas por las l\u00edneas de Cofide (Banco de Desarrollo del Per\u00fa). Podr\u00eda participar tambi\u00e9n el Banco de la Naci\u00f3n (BN) como entidad de fomento a bajos costos para trabajadores del sector p\u00fablico\u201d, precis\u00f3.<\/span><\/p>\n<p style=\"text-align: justify;\"><span style=\"font-size: 12.16px;\">Fuente: America Economia<\/span><\/p>\n<p style=\"text-align: justify;\"><span style=\"font-size: 12.16px;\"><img decoding=\"async\" src=\"https:\/\/aeronoticias.com.pe\/noticiero\/images\/stories\/14\/09\/160914\/cusco.jpg\" border=\"0\" title=\"Per\u00fa: Sector turismo lanzar\u00e1 campa\u00f1a en julio para reactivarse\" \/><br \/><\/span><\/p>\n","protected":false},"excerpt":{"rendered":"<p>(Aeronoticias).- El presidente de la C\u00e1mara Nacional de Turismo de Per\u00fa (Canatur), Carlos Canales, adelant\u00f3 que elaboran los lineamientos sectoriales en coordinaci\u00f3n con Promper\u00fa para lanzar una campa\u00f1a en julio del presente a\u00f1o para reactivar el turismo en el pa\u00eds. Asimismo, en entrevista con el diario oficial El Peruano, indic\u00f3 que la estrategia tiene como [&hellip;]<\/p>\n","protected":false},"author":1,"featured_media":0,"comment_status":"open","ping_status":"open","sticky":false,"template":"","format":"standard","meta":{"tdm_status":"","tdm_grid_status":"","footnotes":""},"categories":[31],"tags":[],"class_list":{"0":"post-59647","1":"post","2":"type-post","3":"status-publish","4":"format-standard","6":"category-31"},"yoast_head":"<!-- This site is optimized with the Yoast SEO plugin v25.1 - https:\/\/yoast.com\/wordpress\/plugins\/seo\/ -->\n<title>Per\u00fa: Sector turismo lanzar\u00e1 campa\u00f1a en julio para reactivarse<\/title>\n<meta name=\"description\" content=\"Portal de noticias del Per\u00fa sobre el transporte a\u00e9reo, aviaci\u00f3n, turismo, hoteleria, actualidad.\" \/>\n<meta name=\"robots\" content=\"index, follow, max-snippet:-1, max-image-preview:large, max-video-preview:-1\" \/>\n<link rel=\"canonical\" href=\"https:\/\/aeronoticias.com.pe\/noticiero\/turismo\/13\/peru-sector-turismo-lanzara-campana-en-julio-para-reactivarse\/\" \/>\n<meta property=\"og:locale\" content=\"es_ES\" \/>\n<meta property=\"og:type\" content=\"article\" \/>\n<meta property=\"og:title\" content=\"Per\u00fa: Sector turismo lanzar\u00e1 campa\u00f1a en julio para reactivarse\" \/>\n<meta property=\"og:description\" content=\"Portal de noticias del Per\u00fa sobre el transporte a\u00e9reo, aviaci\u00f3n, turismo, hoteleria, actualidad.\" \/>\n<meta property=\"og:url\" content=\"https:\/\/aeronoticias.com.pe\/noticiero\/turismo\/13\/peru-sector-turismo-lanzara-campana-en-julio-para-reactivarse\/\" \/>\n<meta property=\"og:site_name\" content=\"Aeronoticias.com.pe\" \/>\n<meta property=\"article:publisher\" content=\"https:\/\/www.facebook.com\/Aeronoticias.com.pe\/\" \/>\n<meta property=\"article:published_time\" content=\"2020-04-15T03:19:44+00:00\" \/>\n<meta property=\"og:image\" content=\"https:\/\/aeronoticias.com.pe\/noticiero\/images\/stories\/14\/09\/160914\/cusco.jpg\" \/>\n<meta name=\"author\" content=\"Redacci\u00f3n Aeronoticias\" \/>\n<meta name=\"twitter:card\" content=\"summary_large_image\" \/>\n<meta name=\"twitter:creator\" content=\"@aeronoticias\" \/>\n<meta name=\"twitter:site\" content=\"@aeronoticias\" \/>\n<meta name=\"twitter:label1\" content=\"Escrito por\" \/>\n\t<meta name=\"twitter:data1\" content=\"Redacci\u00f3n Aeronoticias\" \/>\n\t<meta name=\"twitter:label2\" content=\"Tiempo de lectura\" \/>\n\t<meta name=\"twitter:data2\" content=\"4 minutos\" \/>\n<script type=\"application\/ld+json\" class=\"yoast-schema-graph\">{\"@context\":\"https:\/\/schema.org\",\"@graph\":[{\"@type\":\"WebPage\",\"@id\":\"https:\/\/aeronoticias.com.pe\/noticiero\/turismo\/13\/peru-sector-turismo-lanzara-campana-en-julio-para-reactivarse\/\",\"url\":\"https:\/\/aeronoticias.com.pe\/noticiero\/turismo\/13\/peru-sector-turismo-lanzara-campana-en-julio-para-reactivarse\/\",\"name\":\"Per\u00fa: Sector turismo lanzar\u00e1 campa\u00f1a en julio para reactivarse\",\"isPartOf\":{\"@id\":\"https:\/\/aeronoticias.com.pe\/noticiero\/#website\"},\"primaryImageOfPage\":{\"@id\":\"https:\/\/aeronoticias.com.pe\/noticiero\/turismo\/13\/peru-sector-turismo-lanzara-campana-en-julio-para-reactivarse\/#primaryimage\"},\"image\":{\"@id\":\"https:\/\/aeronoticias.com.pe\/noticiero\/turismo\/13\/peru-sector-turismo-lanzara-campana-en-julio-para-reactivarse\/#primaryimage\"},\"thumbnailUrl\":\"https:\/\/aeronoticias.com.pe\/noticiero\/images\/stories\/14\/09\/160914\/cusco.jpg\",\"datePublished\":\"2020-04-15T03:19:44+00:00\",\"author\":{\"@id\":\"https:\/\/aeronoticias.com.pe\/noticiero\/#\/schema\/person\/fc1e5d578f4b62ba1cf7ac2bba1170a0\"},\"description\":\"Portal de noticias del Per\u00fa sobre el transporte a\u00e9reo, aviaci\u00f3n, turismo, hoteleria, actualidad.\",\"breadcrumb\":{\"@id\":\"https:\/\/aeronoticias.com.pe\/noticiero\/turismo\/13\/peru-sector-turismo-lanzara-campana-en-julio-para-reactivarse\/#breadcrumb\"},\"inLanguage\":\"es\",\"potentialAction\":[{\"@type\":\"ReadAction\",\"target\":[\"https:\/\/aeronoticias.com.pe\/noticiero\/turismo\/13\/peru-sector-turismo-lanzara-campana-en-julio-para-reactivarse\/\"]}]},{\"@type\":\"ImageObject\",\"inLanguage\":\"es\",\"@id\":\"https:\/\/aeronoticias.com.pe\/noticiero\/turismo\/13\/peru-sector-turismo-lanzara-campana-en-julio-para-reactivarse\/#primaryimage\",\"url\":\"https:\/\/aeronoticias.com.pe\/noticiero\/images\/stories\/14\/09\/160914\/cusco.jpg\",\"contentUrl\":\"https:\/\/aeronoticias.com.pe\/noticiero\/images\/stories\/14\/09\/160914\/cusco.jpg\"},{\"@type\":\"BreadcrumbList\",\"@id\":\"https:\/\/aeronoticias.com.pe\/noticiero\/turismo\/13\/peru-sector-turismo-lanzara-campana-en-julio-para-reactivarse\/#breadcrumb\",\"itemListElement\":[{\"@type\":\"ListItem\",\"position\":1,\"name\":\"Portada\",\"item\":\"https:\/\/aeronoticias.com.pe\/noticiero\/\"},{\"@type\":\"ListItem\",\"position\":2,\"name\":\"Per\u00fa: Sector turismo lanzar\u00e1 campa\u00f1a en julio para reactivarse\"}]},{\"@type\":\"WebSite\",\"@id\":\"https:\/\/aeronoticias.com.pe\/noticiero\/#website\",\"url\":\"https:\/\/aeronoticias.com.pe\/noticiero\/\",\"name\":\"Aeronoticias.com.pe\",\"description\":\"Noticias de tranporte aereo, turismo, hoteles, gastronomia, actualidad, internacional\",\"potentialAction\":[{\"@type\":\"SearchAction\",\"target\":{\"@type\":\"EntryPoint\",\"urlTemplate\":\"https:\/\/aeronoticias.com.pe\/noticiero\/?s={search_term_string}\"},\"query-input\":{\"@type\":\"PropertyValueSpecification\",\"valueRequired\":true,\"valueName\":\"search_term_string\"}}],\"inLanguage\":\"es\"},{\"@type\":\"Person\",\"@id\":\"https:\/\/aeronoticias.com.pe\/noticiero\/#\/schema\/person\/fc1e5d578f4b62ba1cf7ac2bba1170a0\",\"name\":\"Redacci\u00f3n Aeronoticias\",\"url\":\"https:\/\/aeronoticias.com.pe\/noticiero\/author\/piloto\/\"}]}<\/script>\n<!-- \/ Yoast SEO plugin. -->","yoast_head_json":{"title":"Per\u00fa: Sector turismo lanzar\u00e1 campa\u00f1a en julio para reactivarse","description":"Portal de noticias del Per\u00fa sobre el transporte a\u00e9reo, aviaci\u00f3n, turismo, hoteleria, actualidad.","robots":{"index":"index","follow":"follow","max-snippet":"max-snippet:-1","max-image-preview":"max-image-preview:large","max-video-preview":"max-video-preview:-1"},"canonical":"https:\/\/aeronoticias.com.pe\/noticiero\/turismo\/13\/peru-sector-turismo-lanzara-campana-en-julio-para-reactivarse\/","og_locale":"es_ES","og_type":"article","og_title":"Per\u00fa: Sector turismo lanzar\u00e1 campa\u00f1a en julio para reactivarse","og_description":"Portal de noticias del Per\u00fa sobre el transporte a\u00e9reo, aviaci\u00f3n, turismo, hoteleria, actualidad.","og_url":"https:\/\/aeronoticias.com.pe\/noticiero\/turismo\/13\/peru-sector-turismo-lanzara-campana-en-julio-para-reactivarse\/","og_site_name":"Aeronoticias.com.pe","article_publisher":"https:\/\/www.facebook.com\/Aeronoticias.com.pe\/","article_published_time":"2020-04-15T03:19:44+00:00","og_image":[{"url":"https:\/\/aeronoticias.com.pe\/noticiero\/images\/stories\/14\/09\/160914\/cusco.jpg","type":"","width":"","height":""}],"author":"Redacci\u00f3n Aeronoticias","twitter_card":"summary_large_image","twitter_creator":"@aeronoticias","twitter_site":"@aeronoticias","twitter_misc":{"Escrito por":"Redacci\u00f3n Aeronoticias","Tiempo de lectura":"4 minutos"},"schema":{"@context":"https:\/\/schema.org","@graph":[{"@type":"WebPage","@id":"https:\/\/aeronoticias.com.pe\/noticiero\/turismo\/13\/peru-sector-turismo-lanzara-campana-en-julio-para-reactivarse\/","url":"https:\/\/aeronoticias.com.pe\/noticiero\/turismo\/13\/peru-sector-turismo-lanzara-campana-en-julio-para-reactivarse\/","name":"Per\u00fa: Sector turismo lanzar\u00e1 campa\u00f1a en julio para reactivarse","isPartOf":{"@id":"https:\/\/aeronoticias.com.pe\/noticiero\/#website"},"primaryImageOfPage":{"@id":"https:\/\/aeronoticias.com.pe\/noticiero\/turismo\/13\/peru-sector-turismo-lanzara-campana-en-julio-para-reactivarse\/#primaryimage"},"image":{"@id":"https:\/\/aeronoticias.com.pe\/noticiero\/turismo\/13\/peru-sector-turismo-lanzara-campana-en-julio-para-reactivarse\/#primaryimage"},"thumbnailUrl":"https:\/\/aeronoticias.com.pe\/noticiero\/images\/stories\/14\/09\/160914\/cusco.jpg","datePublished":"2020-04-15T03:19:44+00:00","author":{"@id":"https:\/\/aeronoticias.com.pe\/noticiero\/#\/schema\/person\/fc1e5d578f4b62ba1cf7ac2bba1170a0"},"description":"Portal de noticias del Per\u00fa sobre el transporte a\u00e9reo, aviaci\u00f3n, turismo, hoteleria, actualidad.","breadcrumb":{"@id":"https:\/\/aeronoticias.com.pe\/noticiero\/turismo\/13\/peru-sector-turismo-lanzara-campana-en-julio-para-reactivarse\/#breadcrumb"},"inLanguage":"es","potentialAction":[{"@type":"ReadAction","target":["https:\/\/aeronoticias.com.pe\/noticiero\/turismo\/13\/peru-sector-turismo-lanzara-campana-en-julio-para-reactivarse\/"]}]},{"@type":"ImageObject","inLanguage":"es","@id":"https:\/\/aeronoticias.com.pe\/noticiero\/turismo\/13\/peru-sector-turismo-lanzara-campana-en-julio-para-reactivarse\/#primaryimage","url":"https:\/\/aeronoticias.com.pe\/noticiero\/images\/stories\/14\/09\/160914\/cusco.jpg","contentUrl":"https:\/\/aeronoticias.com.pe\/noticiero\/images\/stories\/14\/09\/160914\/cusco.jpg"},{"@type":"BreadcrumbList","@id":"https:\/\/aeronoticias.com.pe\/noticiero\/turismo\/13\/peru-sector-turismo-lanzara-campana-en-julio-para-reactivarse\/#breadcrumb","itemListElement":[{"@type":"ListItem","position":1,"name":"Portada","item":"https:\/\/aeronoticias.com.pe\/noticiero\/"},{"@type":"ListItem","position":2,"name":"Per\u00fa: Sector turismo lanzar\u00e1 campa\u00f1a en julio para reactivarse"}]},{"@type":"WebSite","@id":"https:\/\/aeronoticias.com.pe\/noticiero\/#website","url":"https:\/\/aeronoticias.com.pe\/noticiero\/","name":"Aeronoticias.com.pe","description":"Noticias de tranporte aereo, turismo, hoteles, gastronomia, actualidad, internacional","potentialAction":[{"@type":"SearchAction","target":{"@type":"EntryPoint","urlTemplate":"https:\/\/aeronoticias.com.pe\/noticiero\/?s={search_term_string}"},"query-input":{"@type":"PropertyValueSpecification","valueRequired":true,"valueName":"search_term_string"}}],"inLanguage":"es"},{"@type":"Person","@id":"https:\/\/aeronoticias.com.pe\/noticiero\/#\/schema\/person\/fc1e5d578f4b62ba1cf7ac2bba1170a0","name":"Redacci\u00f3n Aeronoticias","url":"https:\/\/aeronoticias.com.pe\/noticiero\/author\/piloto\/"}]}},"_links":{"self":[{"href":"https:\/\/aeronoticias.com.pe\/noticiero\/wp-json\/wp\/v2\/posts\/59647","targetHints":{"allow":["GET"]}}],"collection":[{"href":"https:\/\/aeronoticias.com.pe\/noticiero\/wp-json\/wp\/v2\/posts"}],"about":[{"href":"https:\/\/aeronoticias.com.pe\/noticiero\/wp-json\/wp\/v2\/types\/post"}],"author":[{"embeddable":true,"href":"https:\/\/aeronoticias.com.pe\/noticiero\/wp-json\/wp\/v2\/users\/1"}],"replies":[{"embeddable":true,"href":"https:\/\/aeronoticias.com.pe\/noticiero\/wp-json\/wp\/v2\/comments?post=59647"}],"version-history":[{"count":0,"href":"https:\/\/aeronoticias.com.pe\/noticiero\/wp-json\/wp\/v2\/posts\/59647\/revisions"}],"wp:attachment":[{"href":"https:\/\/aeronoticias.com.pe\/noticiero\/wp-json\/wp\/v2\/media?parent=59647"}],"wp:term":[{"taxonomy":"category","embeddable":true,"href":"https:\/\/aeronoticias.com.pe\/noticiero\/wp-json\/wp\/v2\/categories?post=59647"},{"taxonomy":"post_tag","embeddable":true,"href":"https:\/\/aeronoticias.com.pe\/noticiero\/wp-json\/wp\/v2\/tags?post=59647"}],"curies":[{"name":"wp","href":"https:\/\/api.w.org\/{rel}","templated":true}]}}