{"id":59654,"date":"2020-04-16T23:53:14","date_gmt":"2020-04-16T23:53:14","guid":{"rendered":"http:\/\/desarrollo.mcvicious.com\/aero2020\/2020\/04\/16\/colombia-bajara-costo-de-tiquetes-de-avion-hasta-2021\/"},"modified":"2020-11-07T13:21:22","modified_gmt":"2020-11-07T18:21:22","slug":"colombia-bajara-costo-de-tiquetes-de-avion-hasta-2021","status":"publish","type":"post","link":"https:\/\/aeronoticias.com.pe\/noticiero\/transporte-aereo\/internacional\/colombia-bajara-costo-de-tiquetes-de-avion-hasta-2021\/","title":{"rendered":"Colombia: Bajar\u00e1 costo de tiquetes de avi\u00f3n hasta 2021"},"content":{"rendered":"\n<p class=\"p1\">Una vez se reactive el transporte a\u00e9reo de pasajeros, proceso que seguramente comenzar\u00e1 por el mercado dom\u00e9stico, los tiquetes a\u00e9reos reflejar\u00e1n una reducci\u00f3n en su costo, toda vez que como parte de las medidas tomadas por el Gobierno al amparo de la emergencia econ\u00f3mica y social, los tiquetes tendr\u00e1n una reducci\u00f3n sustancial en el IVA.<\/p>\n\n\n\n<p class=\"p1\">As\u00ed qued\u00f3 establecido en el decreto legislativo 575, expedido en la noche de este mi\u00e9rcoles por el Ministerio de Transporte, seg\u00fan el cual para el transporte a\u00e9reo de pasajeros la tarifa de este impuesto bajar\u00e1 del 19 por ciento al 5 por ciento hasta diciembre del a\u00f1o 2021.<\/p>\n\n\n\n<p class=\"p1\">Esta solicitud hab\u00eda sido hecha por las aerol\u00edneas, representadas por la Asociaci\u00f3n Internacional de Transporte A\u00e9reo (Iata), como medida para impulsar la reactivaci\u00f3n de un sector cuya demanda volver\u00e1 muy progresivamente, seg\u00fan el presidente de Viva Air, F\u00e9lix Antelo.<\/p>\n\n\n\n<p class=\"p1\">Asimismo, como parte de las medidas de est\u00edmulo econ\u00f3mico para el sector una vez pase el chaparr\u00f3n econ\u00f3mico que ocasione la cuarentena, el combustible de avi\u00f3n tambi\u00e9n pagar\u00e1 una tarifa del 5 por ciento de IVA hasta el 2021, la cual hoy tambi\u00e9n es del 19 por ciento.<\/p>\n\n\n\n<p class=\"p1\">Igualmente, para estimular la inversi\u00f3n en un sector que quedar\u00e1 duramente golpeado por el cierre de operaciones obligado, se incluy\u00f3 un importante alivio tributario que consiste en que entre las rentas exentas por inversiones se incluir\u00e1n las hechas por los contribuyentes del impuesto sobre la renta y complementarios que realicen nuevas inversiones en el sector aeron\u00e1utico nacional por un valor igual o superior a dos millones de unidades de valor tributario (UVT), un poco m\u00e1s de 71.000 millones de pesos para el 2020.<\/p>\n\n\n\n<p class=\"p1\">Dicho beneficio consiste fundamentalmente en que la tarifa de impuestos de renta ser\u00e1 de 27 por ciento y la no inclusi\u00f3n de la inversi\u00f3n en el impuesto al patrimonio.<\/p>\n\n\n\n<p class=\"p1\"><strong>Otras medidas<\/strong><\/p>\n\n\n\n<p class=\"p1\">Por otra parte, en el decreto legislativo 569, el Ministerio de Transporte determin\u00f3 que durante la emergencia sanitaria se suspender\u00e1 la aplicaci\u00f3n de nuevos cobros relacionados con la infraestructura aeroportuaria y la suspensi\u00f3n transitoria del arrendamiento de los espacios objeto de explotaci\u00f3n comercial ubicados en los aeropuertos y aer\u00f3dromos no concesionados administrados por la Unidad Administrativa Especial Aeron\u00e1utica Civil, \u00fanicamente durante el per\u00edodo en que se mantenga la emergencia sanitaria.<\/p>\n\n\n\n<p class=\"p1\">Seg\u00fan esto, la medida no aplica para los que tienen negocios en terminales concesionadas, como El Dorado de Bogot\u00e1.<\/p>\n\n\n\n<p class=\"p1\">Igualmente, la norma suspendi\u00f3 de forma transitoria, durante la emergencia sanitaria, las restricciones de horario de tipo ambiental establecidas a la operaci\u00f3n de las pistas los aeropuertos nacionales y \/ o internacionales en el territorio nacional.<\/p>\n\n\n\n<p class=\"p3\">Fuente: <span style=\"text-decoration: underline;\"><em><strong>El Tiempo<\/strong><\/em><\/span>.<\/p>\n","protected":false},"excerpt":{"rendered":"<p>Una vez se reactive el transporte a\u00e9reo de pasajeros, proceso que seguramente comenzar\u00e1 por el mercado dom\u00e9stico, los tiquetes a\u00e9reos reflejar\u00e1n una reducci\u00f3n en su costo, toda vez que como parte de las medidas tomadas por el Gobierno al amparo de la emergencia econ\u00f3mica y social, los tiquetes tendr\u00e1n una reducci\u00f3n sustancial en el IVA. [&hellip;]<\/p>\n","protected":false},"author":1,"featured_media":64483,"comment_status":"open","ping_status":"open","sticky":false,"template":"","format":"standard","meta":{"tdm_status":"","tdm_grid_status":"","footnotes":""},"categories":[32],"tags":[398,140,110,107,296],"class_list":{"0":"post-59654","1":"post","2":"type-post","3":"status-publish","4":"format-standard","5":"has-post-thumbnail","7":"category-internacional","8":"tag-aerolineas-colombianas","9":"tag-colombia","10":"tag-covid-19","11":"tag-covid19","12":"tag-iata"},"yoast_head":"<!-- This site is optimized with the Yoast SEO plugin v25.1 - https:\/\/yoast.com\/wordpress\/plugins\/seo\/ -->\n<title>Colombia: Bajar\u00e1 costo de tiquetes de avi\u00f3n hasta 2021<\/title>\n<meta name=\"description\" content=\"As\u00ed qued\u00f3 establecido en el decreto legislativo 575, expedido en la noche de este mi\u00e9rcoles por el Ministerio de Transporte, seg\u00fan el cual para el transporte a\u00e9reo de pasajeros la tarifa de este impuesto bajar\u00e1 del 19 por ciento al 5 por ciento hasta diciembre del a\u00f1o 2021.\" \/>\n<meta name=\"robots\" content=\"index, follow, max-snippet:-1, max-image-preview:large, max-video-preview:-1\" \/>\n<link rel=\"canonical\" href=\"https:\/\/aeronoticias.com.pe\/noticiero\/transporte-aereo\/internacional\/colombia-bajara-costo-de-tiquetes-de-avion-hasta-2021\/\" \/>\n<meta property=\"og:locale\" content=\"es_ES\" \/>\n<meta property=\"og:type\" content=\"article\" \/>\n<meta property=\"og:title\" content=\"Colombia: Bajar\u00e1 costo de tiquetes de avi\u00f3n hasta 2021\" \/>\n<meta property=\"og:description\" content=\"As\u00ed qued\u00f3 establecido en el decreto legislativo 575, expedido en la noche de este mi\u00e9rcoles por el Ministerio de Transporte, seg\u00fan el cual para el transporte a\u00e9reo de pasajeros la tarifa de este impuesto bajar\u00e1 del 19 por ciento al 5 por ciento hasta diciembre del a\u00f1o 2021.\" \/>\n<meta property=\"og:url\" content=\"https:\/\/aeronoticias.com.pe\/noticiero\/transporte-aereo\/internacional\/colombia-bajara-costo-de-tiquetes-de-avion-hasta-2021\/\" \/>\n<meta property=\"og:site_name\" content=\"Aeronoticias.com.pe\" \/>\n<meta property=\"article:publisher\" content=\"https:\/\/www.facebook.com\/Aeronoticias.com.pe\/\" \/>\n<meta property=\"article:published_time\" content=\"2020-04-16T23:53:14+00:00\" \/>\n<meta property=\"article:modified_time\" content=\"2020-11-07T18:21:22+00:00\" \/>\n<meta property=\"og:image\" content=\"https:\/\/aeronoticias.com.pe\/noticiero\/wp-content\/uploads\/2020\/04\/5d27bb8661fc3-scaled.jpeg\" \/>\n\t<meta property=\"og:image:width\" content=\"2560\" \/>\n\t<meta property=\"og:image:height\" content=\"1600\" \/>\n\t<meta property=\"og:image:type\" content=\"image\/jpeg\" \/>\n<meta name=\"author\" content=\"Redacci\u00f3n Aeronoticias\" \/>\n<meta name=\"twitter:card\" content=\"summary_large_image\" \/>\n<meta name=\"twitter:creator\" content=\"@aeronoticias\" \/>\n<meta name=\"twitter:site\" content=\"@aeronoticias\" \/>\n<meta name=\"twitter:label1\" content=\"Escrito por\" \/>\n\t<meta name=\"twitter:data1\" content=\"Redacci\u00f3n Aeronoticias\" \/>\n\t<meta name=\"twitter:label2\" content=\"Tiempo de lectura\" \/>\n\t<meta name=\"twitter:data2\" content=\"2 minutos\" \/>\n<script type=\"application\/ld+json\" class=\"yoast-schema-graph\">{\"@context\":\"https:\/\/schema.org\",\"@graph\":[{\"@type\":\"WebPage\",\"@id\":\"https:\/\/aeronoticias.com.pe\/noticiero\/transporte-aereo\/internacional\/colombia-bajara-costo-de-tiquetes-de-avion-hasta-2021\/\",\"url\":\"https:\/\/aeronoticias.com.pe\/noticiero\/transporte-aereo\/internacional\/colombia-bajara-costo-de-tiquetes-de-avion-hasta-2021\/\",\"name\":\"Colombia: Bajar\u00e1 costo de tiquetes de avi\u00f3n hasta 2021\",\"isPartOf\":{\"@id\":\"https:\/\/aeronoticias.com.pe\/noticiero\/#website\"},\"primaryImageOfPage\":{\"@id\":\"https:\/\/aeronoticias.com.pe\/noticiero\/transporte-aereo\/internacional\/colombia-bajara-costo-de-tiquetes-de-avion-hasta-2021\/#primaryimage\"},\"image\":{\"@id\":\"https:\/\/aeronoticias.com.pe\/noticiero\/transporte-aereo\/internacional\/colombia-bajara-costo-de-tiquetes-de-avion-hasta-2021\/#primaryimage\"},\"thumbnailUrl\":\"https:\/\/aeronoticias.com.pe\/noticiero\/wp-content\/uploads\/2020\/04\/5d27bb8661fc3-scaled.jpeg\",\"datePublished\":\"2020-04-16T23:53:14+00:00\",\"dateModified\":\"2020-11-07T18:21:22+00:00\",\"author\":{\"@id\":\"https:\/\/aeronoticias.com.pe\/noticiero\/#\/schema\/person\/fc1e5d578f4b62ba1cf7ac2bba1170a0\"},\"description\":\"As\u00ed qued\u00f3 establecido en el decreto legislativo 575, expedido en la noche de este mi\u00e9rcoles por el Ministerio de Transporte, seg\u00fan el cual para el transporte a\u00e9reo de pasajeros la tarifa de este impuesto bajar\u00e1 del 19 por ciento al 5 por ciento hasta diciembre del a\u00f1o 2021.\",\"breadcrumb\":{\"@id\":\"https:\/\/aeronoticias.com.pe\/noticiero\/transporte-aereo\/internacional\/colombia-bajara-costo-de-tiquetes-de-avion-hasta-2021\/#breadcrumb\"},\"inLanguage\":\"es\",\"potentialAction\":[{\"@type\":\"ReadAction\",\"target\":[\"https:\/\/aeronoticias.com.pe\/noticiero\/transporte-aereo\/internacional\/colombia-bajara-costo-de-tiquetes-de-avion-hasta-2021\/\"]}]},{\"@type\":\"ImageObject\",\"inLanguage\":\"es\",\"@id\":\"https:\/\/aeronoticias.com.pe\/noticiero\/transporte-aereo\/internacional\/colombia-bajara-costo-de-tiquetes-de-avion-hasta-2021\/#primaryimage\",\"url\":\"https:\/\/aeronoticias.com.pe\/noticiero\/wp-content\/uploads\/2020\/04\/5d27bb8661fc3-scaled.jpeg\",\"contentUrl\":\"https:\/\/aeronoticias.com.pe\/noticiero\/wp-content\/uploads\/2020\/04\/5d27bb8661fc3-scaled.jpeg\",\"width\":2560,\"height\":1600},{\"@type\":\"BreadcrumbList\",\"@id\":\"https:\/\/aeronoticias.com.pe\/noticiero\/transporte-aereo\/internacional\/colombia-bajara-costo-de-tiquetes-de-avion-hasta-2021\/#breadcrumb\",\"itemListElement\":[{\"@type\":\"ListItem\",\"position\":1,\"name\":\"Portada\",\"item\":\"https:\/\/aeronoticias.com.pe\/noticiero\/\"},{\"@type\":\"ListItem\",\"position\":2,\"name\":\"Colombia: Bajar\u00e1 costo de tiquetes de avi\u00f3n hasta 2021\"}]},{\"@type\":\"WebSite\",\"@id\":\"https:\/\/aeronoticias.com.pe\/noticiero\/#website\",\"url\":\"https:\/\/aeronoticias.com.pe\/noticiero\/\",\"name\":\"Aeronoticias.com.pe\",\"description\":\"Noticias de tranporte aereo, turismo, hoteles, gastronomia, actualidad, internacional\",\"potentialAction\":[{\"@type\":\"SearchAction\",\"target\":{\"@type\":\"EntryPoint\",\"urlTemplate\":\"https:\/\/aeronoticias.com.pe\/noticiero\/?s={search_term_string}\"},\"query-input\":{\"@type\":\"PropertyValueSpecification\",\"valueRequired\":true,\"valueName\":\"search_term_string\"}}],\"inLanguage\":\"es\"},{\"@type\":\"Person\",\"@id\":\"https:\/\/aeronoticias.com.pe\/noticiero\/#\/schema\/person\/fc1e5d578f4b62ba1cf7ac2bba1170a0\",\"name\":\"Redacci\u00f3n Aeronoticias\",\"url\":\"https:\/\/aeronoticias.com.pe\/noticiero\/author\/piloto\/\"}]}<\/script>\n<!-- \/ Yoast SEO plugin. -->","yoast_head_json":{"title":"Colombia: Bajar\u00e1 costo de tiquetes de avi\u00f3n hasta 2021","description":"As\u00ed qued\u00f3 establecido en el decreto legislativo 575, expedido en la noche de este mi\u00e9rcoles por el Ministerio de Transporte, seg\u00fan el cual para el transporte a\u00e9reo de pasajeros la tarifa de este impuesto bajar\u00e1 del 19 por ciento al 5 por ciento hasta diciembre del a\u00f1o 2021.","robots":{"index":"index","follow":"follow","max-snippet":"max-snippet:-1","max-image-preview":"max-image-preview:large","max-video-preview":"max-video-preview:-1"},"canonical":"https:\/\/aeronoticias.com.pe\/noticiero\/transporte-aereo\/internacional\/colombia-bajara-costo-de-tiquetes-de-avion-hasta-2021\/","og_locale":"es_ES","og_type":"article","og_title":"Colombia: Bajar\u00e1 costo de tiquetes de avi\u00f3n hasta 2021","og_description":"As\u00ed qued\u00f3 establecido en el decreto legislativo 575, expedido en la noche de este mi\u00e9rcoles por el Ministerio de Transporte, seg\u00fan el cual para el transporte a\u00e9reo de pasajeros la tarifa de este impuesto bajar\u00e1 del 19 por ciento al 5 por ciento hasta diciembre del a\u00f1o 2021.","og_url":"https:\/\/aeronoticias.com.pe\/noticiero\/transporte-aereo\/internacional\/colombia-bajara-costo-de-tiquetes-de-avion-hasta-2021\/","og_site_name":"Aeronoticias.com.pe","article_publisher":"https:\/\/www.facebook.com\/Aeronoticias.com.pe\/","article_published_time":"2020-04-16T23:53:14+00:00","article_modified_time":"2020-11-07T18:21:22+00:00","og_image":[{"width":2560,"height":1600,"url":"https:\/\/aeronoticias.com.pe\/noticiero\/wp-content\/uploads\/2020\/04\/5d27bb8661fc3-scaled.jpeg","type":"image\/jpeg"}],"author":"Redacci\u00f3n Aeronoticias","twitter_card":"summary_large_image","twitter_creator":"@aeronoticias","twitter_site":"@aeronoticias","twitter_misc":{"Escrito por":"Redacci\u00f3n Aeronoticias","Tiempo de lectura":"2 minutos"},"schema":{"@context":"https:\/\/schema.org","@graph":[{"@type":"WebPage","@id":"https:\/\/aeronoticias.com.pe\/noticiero\/transporte-aereo\/internacional\/colombia-bajara-costo-de-tiquetes-de-avion-hasta-2021\/","url":"https:\/\/aeronoticias.com.pe\/noticiero\/transporte-aereo\/internacional\/colombia-bajara-costo-de-tiquetes-de-avion-hasta-2021\/","name":"Colombia: Bajar\u00e1 costo de tiquetes de avi\u00f3n hasta 2021","isPartOf":{"@id":"https:\/\/aeronoticias.com.pe\/noticiero\/#website"},"primaryImageOfPage":{"@id":"https:\/\/aeronoticias.com.pe\/noticiero\/transporte-aereo\/internacional\/colombia-bajara-costo-de-tiquetes-de-avion-hasta-2021\/#primaryimage"},"image":{"@id":"https:\/\/aeronoticias.com.pe\/noticiero\/transporte-aereo\/internacional\/colombia-bajara-costo-de-tiquetes-de-avion-hasta-2021\/#primaryimage"},"thumbnailUrl":"https:\/\/aeronoticias.com.pe\/noticiero\/wp-content\/uploads\/2020\/04\/5d27bb8661fc3-scaled.jpeg","datePublished":"2020-04-16T23:53:14+00:00","dateModified":"2020-11-07T18:21:22+00:00","author":{"@id":"https:\/\/aeronoticias.com.pe\/noticiero\/#\/schema\/person\/fc1e5d578f4b62ba1cf7ac2bba1170a0"},"description":"As\u00ed qued\u00f3 establecido en el decreto legislativo 575, expedido en la noche de este mi\u00e9rcoles por el Ministerio de Transporte, seg\u00fan el cual para el transporte a\u00e9reo de pasajeros la tarifa de este impuesto bajar\u00e1 del 19 por ciento al 5 por ciento hasta diciembre del a\u00f1o 2021.","breadcrumb":{"@id":"https:\/\/aeronoticias.com.pe\/noticiero\/transporte-aereo\/internacional\/colombia-bajara-costo-de-tiquetes-de-avion-hasta-2021\/#breadcrumb"},"inLanguage":"es","potentialAction":[{"@type":"ReadAction","target":["https:\/\/aeronoticias.com.pe\/noticiero\/transporte-aereo\/internacional\/colombia-bajara-costo-de-tiquetes-de-avion-hasta-2021\/"]}]},{"@type":"ImageObject","inLanguage":"es","@id":"https:\/\/aeronoticias.com.pe\/noticiero\/transporte-aereo\/internacional\/colombia-bajara-costo-de-tiquetes-de-avion-hasta-2021\/#primaryimage","url":"https:\/\/aeronoticias.com.pe\/noticiero\/wp-content\/uploads\/2020\/04\/5d27bb8661fc3-scaled.jpeg","contentUrl":"https:\/\/aeronoticias.com.pe\/noticiero\/wp-content\/uploads\/2020\/04\/5d27bb8661fc3-scaled.jpeg","width":2560,"height":1600},{"@type":"BreadcrumbList","@id":"https:\/\/aeronoticias.com.pe\/noticiero\/transporte-aereo\/internacional\/colombia-bajara-costo-de-tiquetes-de-avion-hasta-2021\/#breadcrumb","itemListElement":[{"@type":"ListItem","position":1,"name":"Portada","item":"https:\/\/aeronoticias.com.pe\/noticiero\/"},{"@type":"ListItem","position":2,"name":"Colombia: Bajar\u00e1 costo de tiquetes de avi\u00f3n hasta 2021"}]},{"@type":"WebSite","@id":"https:\/\/aeronoticias.com.pe\/noticiero\/#website","url":"https:\/\/aeronoticias.com.pe\/noticiero\/","name":"Aeronoticias.com.pe","description":"Noticias de tranporte aereo, turismo, hoteles, gastronomia, actualidad, internacional","potentialAction":[{"@type":"SearchAction","target":{"@type":"EntryPoint","urlTemplate":"https:\/\/aeronoticias.com.pe\/noticiero\/?s={search_term_string}"},"query-input":{"@type":"PropertyValueSpecification","valueRequired":true,"valueName":"search_term_string"}}],"inLanguage":"es"},{"@type":"Person","@id":"https:\/\/aeronoticias.com.pe\/noticiero\/#\/schema\/person\/fc1e5d578f4b62ba1cf7ac2bba1170a0","name":"Redacci\u00f3n Aeronoticias","url":"https:\/\/aeronoticias.com.pe\/noticiero\/author\/piloto\/"}]}},"_links":{"self":[{"href":"https:\/\/aeronoticias.com.pe\/noticiero\/wp-json\/wp\/v2\/posts\/59654","targetHints":{"allow":["GET"]}}],"collection":[{"href":"https:\/\/aeronoticias.com.pe\/noticiero\/wp-json\/wp\/v2\/posts"}],"about":[{"href":"https:\/\/aeronoticias.com.pe\/noticiero\/wp-json\/wp\/v2\/types\/post"}],"author":[{"embeddable":true,"href":"https:\/\/aeronoticias.com.pe\/noticiero\/wp-json\/wp\/v2\/users\/1"}],"replies":[{"embeddable":true,"href":"https:\/\/aeronoticias.com.pe\/noticiero\/wp-json\/wp\/v2\/comments?post=59654"}],"version-history":[{"count":0,"href":"https:\/\/aeronoticias.com.pe\/noticiero\/wp-json\/wp\/v2\/posts\/59654\/revisions"}],"wp:featuredmedia":[{"embeddable":true,"href":"https:\/\/aeronoticias.com.pe\/noticiero\/wp-json\/wp\/v2\/media\/64483"}],"wp:attachment":[{"href":"https:\/\/aeronoticias.com.pe\/noticiero\/wp-json\/wp\/v2\/media?parent=59654"}],"wp:term":[{"taxonomy":"category","embeddable":true,"href":"https:\/\/aeronoticias.com.pe\/noticiero\/wp-json\/wp\/v2\/categories?post=59654"},{"taxonomy":"post_tag","embeddable":true,"href":"https:\/\/aeronoticias.com.pe\/noticiero\/wp-json\/wp\/v2\/tags?post=59654"}],"curies":[{"name":"wp","href":"https:\/\/api.w.org\/{rel}","templated":true}]}}