{"id":59669,"date":"2020-04-22T02:47:51","date_gmt":"2020-04-22T02:47:51","guid":{"rendered":"http:\/\/desarrollo.mcvicious.com\/aero2020\/2020\/04\/22\/de-piloto-de-avion-a-repartidor-debido-a-coronavirus\/"},"modified":"2020-04-22T02:47:51","modified_gmt":"2020-04-22T02:47:51","slug":"de-piloto-de-avion-a-repartidor-debido-a-coronavirus","status":"publish","type":"post","link":"https:\/\/aeronoticias.com.pe\/noticiero\/mundo\/mundo-mundo-2\/de-piloto-de-avion-a-repartidor-debido-a-coronavirus\/","title":{"rendered":"De piloto de avi\u00f3n a repartidor debido a Coronavirus"},"content":{"rendered":"<p style=\"text-align: justify;\"><strong>(Aeronoticias).-<\/strong> El tailand\u00e9s Thanun Khantatatbumroong ha pasado en el plazo de un mes de ganarse la vida pilotando un avi\u00f3n de pasajeros a repartir comida y paquetes a domicilio a lomos de su moto en Bangkok debido a la crisis de la COVID-19.<\/p>\n<p style=\"text-align: justify;\"><span style=\"font-size: 12.16px;\">\u00abEl mes pasado mi aerol\u00ednea me baj\u00f3 el salario el 75 % durante seis meses, por lo que ahora solo cobro el 25 %. Por eso decid\u00ed buscarme un trabajo temporal\u00bb, explic\u00f3 a Efe Thanun, un capit\u00e1n con m\u00e1s de 18 a\u00f1os de experiencia como piloto y 18.000 horas de vuelo.<\/span><\/p>\n<p>  <!--more-->  <\/p>\n<p style=\"text-align: justify;\"><span style=\"font-size: 12.16px;\">El piloto, de 48 a\u00f1os, explica que, pese a conservar una parte de su salario, necesita m\u00e1s ingresos para hacer frente a sus gastos, pr\u00e9stamos del banco y tambi\u00e9n los salarios de dos trabajadores de un restaurante que abri\u00f3 este a\u00f1o.<\/span><\/p>\n<p style=\"text-align: justify;\"><span style=\"font-size: 12.16px;\">El local cerr\u00f3 debido a la pandemia y los dos empleados solo venden ensalada de papaya o \u00absomtam\u00bb para llevar, pero no hacen reparto.<\/span><\/p>\n<p style=\"text-align: justify;\"><span style=\"font-size: 12.16px;\">Las aerol\u00edneas tailandesas se han visto seriamente afectadas por las restricciones de viaje durante la pandemia, mientras que los restaurantes solo pueden entregar comida a domicilio en medio de una cuarentena parcial en toda Tailandia.<\/span><\/p>\n<p style=\"text-align: justify;\"><span style=\"font-size: 12.16px;\">Todas las ma\u00f1anas, Thanun se pone la chaqueta verde con el logotipo de Grab, la compa\u00f1\u00eda de reparto a domicilio, y sale a las calles de Bangkok con su BMW, que contrasta con las motos de menor cilindrada de otros repartidores.<\/span><\/p>\n<p style=\"text-align: justify;\"><span style=\"font-size: 12.16px;\">Reconoce que uno de sus objetivos es desmontar la idea de que los pilotos tienen \u00abmucho ego\u00bb y no se rebajan a hacer trabajos no cualificados.<\/span><\/p>\n<p style=\"text-align: justify;\"><span style=\"font-size: 12.16px;\">De su nuevo empleo como repartidor, el capit\u00e1n, que prefiere no desvelar para que aerol\u00ednea trabajaba, asegura que lo m\u00e1s dif\u00edcil es aguantar el calor tropical, ya que abril es el mes m\u00e1s caluroso del a\u00f1o en Tailandia, y tambi\u00e9n encontrar algunas direcciones en las intrincadas calles de Bangkok.<\/span><\/p>\n<p style=\"text-align: justify;\"><span style=\"font-size: 12.16px;\">\u00abA veces el mapa de Google no es muy exacto\u00bb, se lamenta Thanon.<\/span><\/p>\n<p style=\"text-align: justify;\"><span style=\"font-size: 12.16px;\">El tailand\u00e9s afirma que trabaja siete d\u00edas a la semana y gana unos 1.500 bat (unos 46 d\u00f3lares o 42 euros) brutos al d\u00eda, aunque ha llegado a sacarse el doble en una buena jornada.<\/span><\/p>\n<p style=\"text-align: justify;\"><span style=\"font-size: 12.16px;\">Estas cantidades no son desde\u00f1ables en Tailandia, donde el salario m\u00ednimo diario no llega a los 10 d\u00f3lares (unos 9 euros), pero palidecen en comparaci\u00f3n con su salario base mensual como piloto: unos 200.000 bat (6.100 d\u00f3lares o 5.600 euros) brutos.<\/span><\/p>\n<p style=\"text-align: justify;\"><span style=\"font-size: 12.16px;\">No obstante, explica que \u00e9l pagaba un 35 % de impuestos sobre la renta, el m\u00e1ximo en el pa\u00eds, y que a cambio no recibe ninguna ayuda o subsidio gubernamental debido a la crisis.<\/span><\/p>\n<p style=\"text-align: justify;\"><span style=\"font-size: 12.16px;\">Thanun, que sol\u00eda pilotar un Airbus 330, cre\u00f3 una cuenta de Line en la que otros pilotos y tripulantes de avi\u00f3n comparten experiencias ante la falta de trabajo o disminuci\u00f3n de ingresos y tambi\u00e9n una p\u00e1gina en Facebook con m\u00e1s de 2.000 seguidores.<\/span><\/p>\n<p style=\"text-align: justify;\"><span style=\"font-size: 12.16px;\">\u00abEl trabajo no elige a la gente, pero es uno el que elige el propio trabajo\u00bb es una de las frases que el piloto tiene escritas en su muro de Facebook.<\/span><\/p>\n<p style=\"text-align: justify;\"><span style=\"font-size: 12.16px;\">Con fotos y v\u00eddeos de \u00e9l en su BMW repartiendo comida en la capital, sus seguidores se deshacen en elogios y tambi\u00e9n en pedidos.<\/span><\/p>\n<p style=\"text-align: justify;\"><span style=\"font-size: 12.16px;\">El nuevo coronavirus, que ha causado ya 2.800 casos contagios y 48 muertos en el pa\u00eds, tambi\u00e9n est\u00e1 causando estragos en la econom\u00eda tailandesa.<\/span><\/p>\n<p style=\"text-align: justify;\"><span style=\"font-size: 12.16px;\">M\u00e1s de 7 millones de personas han perdido su trabajo y la cifra podr\u00eda ascender a 10 millones de empleos destruidos en los pr\u00f3ximos meses, lo que equivale a uno de cada cuatro trabajadores de una poblaci\u00f3n activa de 38,2 millones.<\/span><\/p>\n<p style=\"text-align: justify;\"><span style=\"font-size: 12.16px;\">\u00abMe gustar\u00eda animar a todo el mundo en vencer juntos esta crisis, seguid adelante\u00bb, agrega Thanun en un mensaje a sus compatriotas en una de las crisis m\u00e1s graves de las \u00faltimas d\u00e9cadas en este pa\u00eds del Sudeste Asi\u00e1tico.<\/span><\/p>\n<p style=\"text-align: justify;\"><span style=\"font-size: 12.16px;\">Fuente: Agencia EFE<\/span><\/p>\n<p style=\"text-align: justify;\"><span style=\"font-size: 12.16px;\"><img decoding=\"async\" src=\"images\/stories\/20\/04\/210420\/piloto_repartidor.jpg\" border=\"0\" title=\"De piloto de avi\u00f3n a repartidor debido a Coronavirus\" \/><br \/><\/span><\/p>\n","protected":false},"excerpt":{"rendered":"<p>(Aeronoticias).- El tailand\u00e9s Thanun Khantatatbumroong ha pasado en el plazo de un mes de ganarse la vida pilotando un avi\u00f3n de pasajeros a repartir comida y paquetes a domicilio a lomos de su moto en Bangkok debido a la crisis de la COVID-19. \u00abEl mes pasado mi aerol\u00ednea me baj\u00f3 el salario el 75 % [&hellip;]<\/p>\n","protected":false},"author":1,"featured_media":0,"comment_status":"open","ping_status":"open","sticky":false,"template":"","format":"standard","meta":{"tdm_status":"","tdm_grid_status":"","footnotes":""},"categories":[65],"tags":[],"class_list":{"0":"post-59669","1":"post","2":"type-post","3":"status-publish","4":"format-standard","6":"category-mundo-mundo-2"},"yoast_head":"<!-- This site is optimized with the Yoast SEO plugin v25.1 - https:\/\/yoast.com\/wordpress\/plugins\/seo\/ -->\n<title>De piloto de avi\u00f3n a repartidor debido a Coronavirus<\/title>\n<meta name=\"description\" content=\"Portal de noticias del Per\u00fa sobre el transporte a\u00e9reo, aviaci\u00f3n, turismo, hoteleria, actualidad.\" \/>\n<meta name=\"robots\" content=\"index, follow, max-snippet:-1, max-image-preview:large, max-video-preview:-1\" \/>\n<link rel=\"canonical\" href=\"https:\/\/aeronoticias.com.pe\/noticiero\/mundo\/mundo-mundo-2\/de-piloto-de-avion-a-repartidor-debido-a-coronavirus\/\" \/>\n<meta property=\"og:locale\" content=\"es_ES\" \/>\n<meta property=\"og:type\" content=\"article\" \/>\n<meta property=\"og:title\" content=\"De piloto de avi\u00f3n a repartidor debido a Coronavirus\" \/>\n<meta property=\"og:description\" content=\"Portal de noticias del Per\u00fa sobre el transporte a\u00e9reo, aviaci\u00f3n, turismo, hoteleria, actualidad.\" \/>\n<meta property=\"og:url\" content=\"https:\/\/aeronoticias.com.pe\/noticiero\/mundo\/mundo-mundo-2\/de-piloto-de-avion-a-repartidor-debido-a-coronavirus\/\" \/>\n<meta property=\"og:site_name\" content=\"Aeronoticias.com.pe\" \/>\n<meta property=\"article:publisher\" content=\"https:\/\/www.facebook.com\/Aeronoticias.com.pe\/\" \/>\n<meta property=\"article:published_time\" content=\"2020-04-22T02:47:51+00:00\" \/>\n<meta name=\"author\" content=\"Redacci\u00f3n Aeronoticias\" \/>\n<meta name=\"twitter:card\" content=\"summary_large_image\" \/>\n<meta name=\"twitter:creator\" content=\"@aeronoticias\" \/>\n<meta name=\"twitter:site\" content=\"@aeronoticias\" \/>\n<meta name=\"twitter:label1\" content=\"Escrito por\" \/>\n\t<meta name=\"twitter:data1\" content=\"Redacci\u00f3n Aeronoticias\" \/>\n\t<meta name=\"twitter:label2\" content=\"Tiempo de lectura\" \/>\n\t<meta name=\"twitter:data2\" content=\"3 minutos\" \/>\n<script type=\"application\/ld+json\" class=\"yoast-schema-graph\">{\"@context\":\"https:\/\/schema.org\",\"@graph\":[{\"@type\":\"WebPage\",\"@id\":\"https:\/\/aeronoticias.com.pe\/noticiero\/mundo\/mundo-mundo-2\/de-piloto-de-avion-a-repartidor-debido-a-coronavirus\/\",\"url\":\"https:\/\/aeronoticias.com.pe\/noticiero\/mundo\/mundo-mundo-2\/de-piloto-de-avion-a-repartidor-debido-a-coronavirus\/\",\"name\":\"De piloto de avi\u00f3n a repartidor debido a Coronavirus\",\"isPartOf\":{\"@id\":\"https:\/\/aeronoticias.com.pe\/noticiero\/#website\"},\"datePublished\":\"2020-04-22T02:47:51+00:00\",\"author\":{\"@id\":\"https:\/\/aeronoticias.com.pe\/noticiero\/#\/schema\/person\/fc1e5d578f4b62ba1cf7ac2bba1170a0\"},\"description\":\"Portal de noticias del Per\u00fa sobre el transporte a\u00e9reo, aviaci\u00f3n, turismo, hoteleria, actualidad.\",\"breadcrumb\":{\"@id\":\"https:\/\/aeronoticias.com.pe\/noticiero\/mundo\/mundo-mundo-2\/de-piloto-de-avion-a-repartidor-debido-a-coronavirus\/#breadcrumb\"},\"inLanguage\":\"es\",\"potentialAction\":[{\"@type\":\"ReadAction\",\"target\":[\"https:\/\/aeronoticias.com.pe\/noticiero\/mundo\/mundo-mundo-2\/de-piloto-de-avion-a-repartidor-debido-a-coronavirus\/\"]}]},{\"@type\":\"BreadcrumbList\",\"@id\":\"https:\/\/aeronoticias.com.pe\/noticiero\/mundo\/mundo-mundo-2\/de-piloto-de-avion-a-repartidor-debido-a-coronavirus\/#breadcrumb\",\"itemListElement\":[{\"@type\":\"ListItem\",\"position\":1,\"name\":\"Portada\",\"item\":\"https:\/\/aeronoticias.com.pe\/noticiero\/\"},{\"@type\":\"ListItem\",\"position\":2,\"name\":\"De piloto de avi\u00f3n a repartidor debido a Coronavirus\"}]},{\"@type\":\"WebSite\",\"@id\":\"https:\/\/aeronoticias.com.pe\/noticiero\/#website\",\"url\":\"https:\/\/aeronoticias.com.pe\/noticiero\/\",\"name\":\"Aeronoticias.com.pe\",\"description\":\"Noticias de tranporte aereo, turismo, hoteles, gastronomia, actualidad, internacional\",\"potentialAction\":[{\"@type\":\"SearchAction\",\"target\":{\"@type\":\"EntryPoint\",\"urlTemplate\":\"https:\/\/aeronoticias.com.pe\/noticiero\/?s={search_term_string}\"},\"query-input\":{\"@type\":\"PropertyValueSpecification\",\"valueRequired\":true,\"valueName\":\"search_term_string\"}}],\"inLanguage\":\"es\"},{\"@type\":\"Person\",\"@id\":\"https:\/\/aeronoticias.com.pe\/noticiero\/#\/schema\/person\/fc1e5d578f4b62ba1cf7ac2bba1170a0\",\"name\":\"Redacci\u00f3n Aeronoticias\",\"url\":\"https:\/\/aeronoticias.com.pe\/noticiero\/author\/piloto\/\"}]}<\/script>\n<!-- \/ Yoast SEO plugin. -->","yoast_head_json":{"title":"De piloto de avi\u00f3n a repartidor debido a Coronavirus","description":"Portal de noticias del Per\u00fa sobre el transporte a\u00e9reo, aviaci\u00f3n, turismo, hoteleria, actualidad.","robots":{"index":"index","follow":"follow","max-snippet":"max-snippet:-1","max-image-preview":"max-image-preview:large","max-video-preview":"max-video-preview:-1"},"canonical":"https:\/\/aeronoticias.com.pe\/noticiero\/mundo\/mundo-mundo-2\/de-piloto-de-avion-a-repartidor-debido-a-coronavirus\/","og_locale":"es_ES","og_type":"article","og_title":"De piloto de avi\u00f3n a repartidor debido a Coronavirus","og_description":"Portal de noticias del Per\u00fa sobre el transporte a\u00e9reo, aviaci\u00f3n, turismo, hoteleria, actualidad.","og_url":"https:\/\/aeronoticias.com.pe\/noticiero\/mundo\/mundo-mundo-2\/de-piloto-de-avion-a-repartidor-debido-a-coronavirus\/","og_site_name":"Aeronoticias.com.pe","article_publisher":"https:\/\/www.facebook.com\/Aeronoticias.com.pe\/","article_published_time":"2020-04-22T02:47:51+00:00","author":"Redacci\u00f3n Aeronoticias","twitter_card":"summary_large_image","twitter_creator":"@aeronoticias","twitter_site":"@aeronoticias","twitter_misc":{"Escrito por":"Redacci\u00f3n Aeronoticias","Tiempo de lectura":"3 minutos"},"schema":{"@context":"https:\/\/schema.org","@graph":[{"@type":"WebPage","@id":"https:\/\/aeronoticias.com.pe\/noticiero\/mundo\/mundo-mundo-2\/de-piloto-de-avion-a-repartidor-debido-a-coronavirus\/","url":"https:\/\/aeronoticias.com.pe\/noticiero\/mundo\/mundo-mundo-2\/de-piloto-de-avion-a-repartidor-debido-a-coronavirus\/","name":"De piloto de avi\u00f3n a repartidor debido a Coronavirus","isPartOf":{"@id":"https:\/\/aeronoticias.com.pe\/noticiero\/#website"},"datePublished":"2020-04-22T02:47:51+00:00","author":{"@id":"https:\/\/aeronoticias.com.pe\/noticiero\/#\/schema\/person\/fc1e5d578f4b62ba1cf7ac2bba1170a0"},"description":"Portal de noticias del Per\u00fa sobre el transporte a\u00e9reo, aviaci\u00f3n, turismo, hoteleria, actualidad.","breadcrumb":{"@id":"https:\/\/aeronoticias.com.pe\/noticiero\/mundo\/mundo-mundo-2\/de-piloto-de-avion-a-repartidor-debido-a-coronavirus\/#breadcrumb"},"inLanguage":"es","potentialAction":[{"@type":"ReadAction","target":["https:\/\/aeronoticias.com.pe\/noticiero\/mundo\/mundo-mundo-2\/de-piloto-de-avion-a-repartidor-debido-a-coronavirus\/"]}]},{"@type":"BreadcrumbList","@id":"https:\/\/aeronoticias.com.pe\/noticiero\/mundo\/mundo-mundo-2\/de-piloto-de-avion-a-repartidor-debido-a-coronavirus\/#breadcrumb","itemListElement":[{"@type":"ListItem","position":1,"name":"Portada","item":"https:\/\/aeronoticias.com.pe\/noticiero\/"},{"@type":"ListItem","position":2,"name":"De piloto de avi\u00f3n a repartidor debido a Coronavirus"}]},{"@type":"WebSite","@id":"https:\/\/aeronoticias.com.pe\/noticiero\/#website","url":"https:\/\/aeronoticias.com.pe\/noticiero\/","name":"Aeronoticias.com.pe","description":"Noticias de tranporte aereo, turismo, hoteles, gastronomia, actualidad, internacional","potentialAction":[{"@type":"SearchAction","target":{"@type":"EntryPoint","urlTemplate":"https:\/\/aeronoticias.com.pe\/noticiero\/?s={search_term_string}"},"query-input":{"@type":"PropertyValueSpecification","valueRequired":true,"valueName":"search_term_string"}}],"inLanguage":"es"},{"@type":"Person","@id":"https:\/\/aeronoticias.com.pe\/noticiero\/#\/schema\/person\/fc1e5d578f4b62ba1cf7ac2bba1170a0","name":"Redacci\u00f3n Aeronoticias","url":"https:\/\/aeronoticias.com.pe\/noticiero\/author\/piloto\/"}]}},"_links":{"self":[{"href":"https:\/\/aeronoticias.com.pe\/noticiero\/wp-json\/wp\/v2\/posts\/59669","targetHints":{"allow":["GET"]}}],"collection":[{"href":"https:\/\/aeronoticias.com.pe\/noticiero\/wp-json\/wp\/v2\/posts"}],"about":[{"href":"https:\/\/aeronoticias.com.pe\/noticiero\/wp-json\/wp\/v2\/types\/post"}],"author":[{"embeddable":true,"href":"https:\/\/aeronoticias.com.pe\/noticiero\/wp-json\/wp\/v2\/users\/1"}],"replies":[{"embeddable":true,"href":"https:\/\/aeronoticias.com.pe\/noticiero\/wp-json\/wp\/v2\/comments?post=59669"}],"version-history":[{"count":0,"href":"https:\/\/aeronoticias.com.pe\/noticiero\/wp-json\/wp\/v2\/posts\/59669\/revisions"}],"wp:attachment":[{"href":"https:\/\/aeronoticias.com.pe\/noticiero\/wp-json\/wp\/v2\/media?parent=59669"}],"wp:term":[{"taxonomy":"category","embeddable":true,"href":"https:\/\/aeronoticias.com.pe\/noticiero\/wp-json\/wp\/v2\/categories?post=59669"},{"taxonomy":"post_tag","embeddable":true,"href":"https:\/\/aeronoticias.com.pe\/noticiero\/wp-json\/wp\/v2\/tags?post=59669"}],"curies":[{"name":"wp","href":"https:\/\/api.w.org\/{rel}","templated":true}]}}