{"id":59670,"date":"2020-04-22T17:57:58","date_gmt":"2020-04-22T17:57:58","guid":{"rendered":"http:\/\/desarrollo.mcvicious.com\/aero2020\/2020\/04\/22\/easyjet-adelanta-la-venta-de-vuelos-para-la-primavera-de-2021\/"},"modified":"2020-10-24T23:29:38","modified_gmt":"2020-10-24T23:29:38","slug":"easyjet-adelanta-la-venta-de-vuelos-para-la-primavera-de-2021","status":"publish","type":"post","link":"https:\/\/aeronoticias.com.pe\/noticiero\/transporte-aereo\/internacional\/easyjet-adelanta-la-venta-de-vuelos-para-la-primavera-de-2021\/","title":{"rendered":"EasyJet adelanta la venta de vuelos para la primavera de 2021"},"content":{"rendered":"\n<p>La aerol\u00ednea <strong>easyJet<\/strong>, que hace unas semanas ya puso a la venta la temporada de invierno 2020-2021, ha anunciado este mi\u00e9rcoles que adelanta cinco meses la venta de los vuelos previstos para la temporada de primavera de 2021, que habitualmente salen a comercializaci\u00f3n en septiembre.<\/p>\n\n\n\n<p class=\"p1\">De esta manera, la aerol\u00ednea ampl\u00eda su calendario hasta el 18 de abril del a\u00f1o que viene y permite a los clientes realizar reservas con m\u00e1s antelaci\u00f3n.<\/p>\n\n\n\n<p class=\"p1\">En concreto, este mi\u00e9rcoles se ponen a la venta m\u00e1s de 47.000 vuelos entre el 28 de marzo y el 18 de abril de 2021, ofreciendo una capacidad de m\u00e1s de 3 millones de asientos disponibles para disfrutar en parte, de las vacaciones de Semana Santa. Adem\u00e1s easyJet est\u00e1 revisando el calendario anual para anticipar la venta de otros eventos clave.<\/p>\n\n\n\n<p class=\"p1\">Adem\u00e1s, aquellos clientes que reserven un vuelo antes del martes, 28 de abril, podr\u00e1n aprovechar una oferta que incluye facturar maletas y obtener equipo deportivo, como bicicletas, esqu\u00eds, tablas de surf, palos de golf, tiendas de campa\u00f1a y mochilas, por s\u00f3lo 1 euro.<\/p>\n\n\n\n<p class=\"p1\">Para ayudar a\u00fan m\u00e1s a los clientes que han visto alterados sus planes de viaje, easyJet ha renunciado a la tasa de cambio asociada con el cambio de billetes. Todos los clientes ahora pueden cambiar las fechas de sus pr\u00f3ximos vuelos en cualquier momento hasta el 18 de abril de 2021. La exenci\u00f3n de la tasa de cambio se aplica tanto a las reservas existentes como a las nuevas hasta nuevo aviso.<\/p>\n\n\n\n<p class=\"p1\">Fuente: <span style=\"text-decoration: underline;\"><em><strong>Europa Press<\/strong><\/em><\/span>.<\/p>\n\n\n\n<p><\/p>\n","protected":false},"excerpt":{"rendered":"<p>La aerol\u00ednea easyJet, que hace unas semanas ya puso a la venta la temporada de invierno 2020-2021, ha anunciado este mi\u00e9rcoles que adelanta cinco meses la venta de los vuelos previstos para la temporada de primavera de 2021, que habitualmente salen a comercializaci\u00f3n en septiembre. De esta manera, la aerol\u00ednea ampl\u00eda su calendario hasta el [&hellip;]<\/p>\n","protected":false},"author":1,"featured_media":64211,"comment_status":"open","ping_status":"open","sticky":false,"template":"","format":"standard","meta":{"tdm_status":"","tdm_grid_status":"","footnotes":""},"categories":[32,11],"tags":[308],"class_list":{"0":"post-59670","1":"post","2":"type-post","3":"status-publish","4":"format-standard","5":"has-post-thumbnail","7":"category-internacional","8":"category-transporte-aereo","9":"tag-easyjet"},"yoast_head":"<!-- This site is optimized with the Yoast SEO plugin v25.1 - https:\/\/yoast.com\/wordpress\/plugins\/seo\/ -->\n<title>EasyJet adelanta la venta de vuelos para la primavera de 2021<\/title>\n<meta name=\"description\" content=\"La aerol\u00ednea easyJet, que hace unas semanas ya puso a la venta la temporada de invierno 2020-2021\" \/>\n<meta name=\"robots\" content=\"index, follow, max-snippet:-1, max-image-preview:large, max-video-preview:-1\" \/>\n<link rel=\"canonical\" href=\"https:\/\/aeronoticias.com.pe\/noticiero\/transporte-aereo\/internacional\/easyjet-adelanta-la-venta-de-vuelos-para-la-primavera-de-2021\/\" \/>\n<meta property=\"og:locale\" content=\"es_ES\" \/>\n<meta property=\"og:type\" content=\"article\" \/>\n<meta property=\"og:title\" content=\"EasyJet adelanta la venta de vuelos para la primavera de 2021\" \/>\n<meta property=\"og:description\" content=\"La aerol\u00ednea easyJet, que hace unas semanas ya puso a la venta la temporada de invierno 2020-2021\" \/>\n<meta property=\"og:url\" content=\"https:\/\/aeronoticias.com.pe\/noticiero\/transporte-aereo\/internacional\/easyjet-adelanta-la-venta-de-vuelos-para-la-primavera-de-2021\/\" \/>\n<meta property=\"og:site_name\" content=\"Aeronoticias.com.pe\" \/>\n<meta property=\"article:publisher\" content=\"https:\/\/www.facebook.com\/Aeronoticias.com.pe\/\" \/>\n<meta property=\"article:published_time\" content=\"2020-04-22T17:57:58+00:00\" \/>\n<meta property=\"article:modified_time\" content=\"2020-10-24T23:29:38+00:00\" \/>\n<meta property=\"og:image\" content=\"https:\/\/aeronoticias.com.pe\/noticiero\/wp-content\/uploads\/2020\/04\/EasyJet.jpg\" \/>\n\t<meta property=\"og:image:width\" content=\"1100\" \/>\n\t<meta property=\"og:image:height\" content=\"550\" \/>\n\t<meta property=\"og:image:type\" content=\"image\/jpeg\" \/>\n<meta name=\"author\" content=\"Redacci\u00f3n Aeronoticias\" \/>\n<meta name=\"twitter:card\" content=\"summary_large_image\" \/>\n<meta name=\"twitter:creator\" content=\"@aeronoticias\" \/>\n<meta name=\"twitter:site\" content=\"@aeronoticias\" \/>\n<meta name=\"twitter:label1\" content=\"Escrito por\" \/>\n\t<meta name=\"twitter:data1\" content=\"Redacci\u00f3n Aeronoticias\" \/>\n\t<meta name=\"twitter:label2\" content=\"Tiempo de lectura\" \/>\n\t<meta name=\"twitter:data2\" content=\"1 minuto\" \/>\n<script type=\"application\/ld+json\" class=\"yoast-schema-graph\">{\"@context\":\"https:\/\/schema.org\",\"@graph\":[{\"@type\":\"WebPage\",\"@id\":\"https:\/\/aeronoticias.com.pe\/noticiero\/transporte-aereo\/internacional\/easyjet-adelanta-la-venta-de-vuelos-para-la-primavera-de-2021\/\",\"url\":\"https:\/\/aeronoticias.com.pe\/noticiero\/transporte-aereo\/internacional\/easyjet-adelanta-la-venta-de-vuelos-para-la-primavera-de-2021\/\",\"name\":\"EasyJet adelanta la venta de vuelos para la primavera de 2021\",\"isPartOf\":{\"@id\":\"https:\/\/aeronoticias.com.pe\/noticiero\/#website\"},\"primaryImageOfPage\":{\"@id\":\"https:\/\/aeronoticias.com.pe\/noticiero\/transporte-aereo\/internacional\/easyjet-adelanta-la-venta-de-vuelos-para-la-primavera-de-2021\/#primaryimage\"},\"image\":{\"@id\":\"https:\/\/aeronoticias.com.pe\/noticiero\/transporte-aereo\/internacional\/easyjet-adelanta-la-venta-de-vuelos-para-la-primavera-de-2021\/#primaryimage\"},\"thumbnailUrl\":\"https:\/\/aeronoticias.com.pe\/noticiero\/wp-content\/uploads\/2020\/04\/EasyJet.jpg\",\"datePublished\":\"2020-04-22T17:57:58+00:00\",\"dateModified\":\"2020-10-24T23:29:38+00:00\",\"author\":{\"@id\":\"https:\/\/aeronoticias.com.pe\/noticiero\/#\/schema\/person\/fc1e5d578f4b62ba1cf7ac2bba1170a0\"},\"description\":\"La aerol\u00ednea easyJet, que hace unas semanas ya puso a la venta la temporada de invierno 2020-2021\",\"breadcrumb\":{\"@id\":\"https:\/\/aeronoticias.com.pe\/noticiero\/transporte-aereo\/internacional\/easyjet-adelanta-la-venta-de-vuelos-para-la-primavera-de-2021\/#breadcrumb\"},\"inLanguage\":\"es\",\"potentialAction\":[{\"@type\":\"ReadAction\",\"target\":[\"https:\/\/aeronoticias.com.pe\/noticiero\/transporte-aereo\/internacional\/easyjet-adelanta-la-venta-de-vuelos-para-la-primavera-de-2021\/\"]}]},{\"@type\":\"ImageObject\",\"inLanguage\":\"es\",\"@id\":\"https:\/\/aeronoticias.com.pe\/noticiero\/transporte-aereo\/internacional\/easyjet-adelanta-la-venta-de-vuelos-para-la-primavera-de-2021\/#primaryimage\",\"url\":\"https:\/\/aeronoticias.com.pe\/noticiero\/wp-content\/uploads\/2020\/04\/EasyJet.jpg\",\"contentUrl\":\"https:\/\/aeronoticias.com.pe\/noticiero\/wp-content\/uploads\/2020\/04\/EasyJet.jpg\",\"width\":1100,\"height\":550},{\"@type\":\"BreadcrumbList\",\"@id\":\"https:\/\/aeronoticias.com.pe\/noticiero\/transporte-aereo\/internacional\/easyjet-adelanta-la-venta-de-vuelos-para-la-primavera-de-2021\/#breadcrumb\",\"itemListElement\":[{\"@type\":\"ListItem\",\"position\":1,\"name\":\"Portada\",\"item\":\"https:\/\/aeronoticias.com.pe\/noticiero\/\"},{\"@type\":\"ListItem\",\"position\":2,\"name\":\"EasyJet adelanta la venta de vuelos para la primavera de 2021\"}]},{\"@type\":\"WebSite\",\"@id\":\"https:\/\/aeronoticias.com.pe\/noticiero\/#website\",\"url\":\"https:\/\/aeronoticias.com.pe\/noticiero\/\",\"name\":\"Aeronoticias.com.pe\",\"description\":\"Noticias de tranporte aereo, turismo, hoteles, gastronomia, actualidad, internacional\",\"potentialAction\":[{\"@type\":\"SearchAction\",\"target\":{\"@type\":\"EntryPoint\",\"urlTemplate\":\"https:\/\/aeronoticias.com.pe\/noticiero\/?s={search_term_string}\"},\"query-input\":{\"@type\":\"PropertyValueSpecification\",\"valueRequired\":true,\"valueName\":\"search_term_string\"}}],\"inLanguage\":\"es\"},{\"@type\":\"Person\",\"@id\":\"https:\/\/aeronoticias.com.pe\/noticiero\/#\/schema\/person\/fc1e5d578f4b62ba1cf7ac2bba1170a0\",\"name\":\"Redacci\u00f3n Aeronoticias\",\"url\":\"https:\/\/aeronoticias.com.pe\/noticiero\/author\/piloto\/\"}]}<\/script>\n<!-- \/ Yoast SEO plugin. -->","yoast_head_json":{"title":"EasyJet adelanta la venta de vuelos para la primavera de 2021","description":"La aerol\u00ednea easyJet, que hace unas semanas ya puso a la venta la temporada de invierno 2020-2021","robots":{"index":"index","follow":"follow","max-snippet":"max-snippet:-1","max-image-preview":"max-image-preview:large","max-video-preview":"max-video-preview:-1"},"canonical":"https:\/\/aeronoticias.com.pe\/noticiero\/transporte-aereo\/internacional\/easyjet-adelanta-la-venta-de-vuelos-para-la-primavera-de-2021\/","og_locale":"es_ES","og_type":"article","og_title":"EasyJet adelanta la venta de vuelos para la primavera de 2021","og_description":"La aerol\u00ednea easyJet, que hace unas semanas ya puso a la venta la temporada de invierno 2020-2021","og_url":"https:\/\/aeronoticias.com.pe\/noticiero\/transporte-aereo\/internacional\/easyjet-adelanta-la-venta-de-vuelos-para-la-primavera-de-2021\/","og_site_name":"Aeronoticias.com.pe","article_publisher":"https:\/\/www.facebook.com\/Aeronoticias.com.pe\/","article_published_time":"2020-04-22T17:57:58+00:00","article_modified_time":"2020-10-24T23:29:38+00:00","og_image":[{"width":1100,"height":550,"url":"https:\/\/aeronoticias.com.pe\/noticiero\/wp-content\/uploads\/2020\/04\/EasyJet.jpg","type":"image\/jpeg"}],"author":"Redacci\u00f3n Aeronoticias","twitter_card":"summary_large_image","twitter_creator":"@aeronoticias","twitter_site":"@aeronoticias","twitter_misc":{"Escrito por":"Redacci\u00f3n Aeronoticias","Tiempo de lectura":"1 minuto"},"schema":{"@context":"https:\/\/schema.org","@graph":[{"@type":"WebPage","@id":"https:\/\/aeronoticias.com.pe\/noticiero\/transporte-aereo\/internacional\/easyjet-adelanta-la-venta-de-vuelos-para-la-primavera-de-2021\/","url":"https:\/\/aeronoticias.com.pe\/noticiero\/transporte-aereo\/internacional\/easyjet-adelanta-la-venta-de-vuelos-para-la-primavera-de-2021\/","name":"EasyJet adelanta la venta de vuelos para la primavera de 2021","isPartOf":{"@id":"https:\/\/aeronoticias.com.pe\/noticiero\/#website"},"primaryImageOfPage":{"@id":"https:\/\/aeronoticias.com.pe\/noticiero\/transporte-aereo\/internacional\/easyjet-adelanta-la-venta-de-vuelos-para-la-primavera-de-2021\/#primaryimage"},"image":{"@id":"https:\/\/aeronoticias.com.pe\/noticiero\/transporte-aereo\/internacional\/easyjet-adelanta-la-venta-de-vuelos-para-la-primavera-de-2021\/#primaryimage"},"thumbnailUrl":"https:\/\/aeronoticias.com.pe\/noticiero\/wp-content\/uploads\/2020\/04\/EasyJet.jpg","datePublished":"2020-04-22T17:57:58+00:00","dateModified":"2020-10-24T23:29:38+00:00","author":{"@id":"https:\/\/aeronoticias.com.pe\/noticiero\/#\/schema\/person\/fc1e5d578f4b62ba1cf7ac2bba1170a0"},"description":"La aerol\u00ednea easyJet, que hace unas semanas ya puso a la venta la temporada de invierno 2020-2021","breadcrumb":{"@id":"https:\/\/aeronoticias.com.pe\/noticiero\/transporte-aereo\/internacional\/easyjet-adelanta-la-venta-de-vuelos-para-la-primavera-de-2021\/#breadcrumb"},"inLanguage":"es","potentialAction":[{"@type":"ReadAction","target":["https:\/\/aeronoticias.com.pe\/noticiero\/transporte-aereo\/internacional\/easyjet-adelanta-la-venta-de-vuelos-para-la-primavera-de-2021\/"]}]},{"@type":"ImageObject","inLanguage":"es","@id":"https:\/\/aeronoticias.com.pe\/noticiero\/transporte-aereo\/internacional\/easyjet-adelanta-la-venta-de-vuelos-para-la-primavera-de-2021\/#primaryimage","url":"https:\/\/aeronoticias.com.pe\/noticiero\/wp-content\/uploads\/2020\/04\/EasyJet.jpg","contentUrl":"https:\/\/aeronoticias.com.pe\/noticiero\/wp-content\/uploads\/2020\/04\/EasyJet.jpg","width":1100,"height":550},{"@type":"BreadcrumbList","@id":"https:\/\/aeronoticias.com.pe\/noticiero\/transporte-aereo\/internacional\/easyjet-adelanta-la-venta-de-vuelos-para-la-primavera-de-2021\/#breadcrumb","itemListElement":[{"@type":"ListItem","position":1,"name":"Portada","item":"https:\/\/aeronoticias.com.pe\/noticiero\/"},{"@type":"ListItem","position":2,"name":"EasyJet adelanta la venta de vuelos para la primavera de 2021"}]},{"@type":"WebSite","@id":"https:\/\/aeronoticias.com.pe\/noticiero\/#website","url":"https:\/\/aeronoticias.com.pe\/noticiero\/","name":"Aeronoticias.com.pe","description":"Noticias de tranporte aereo, turismo, hoteles, gastronomia, actualidad, internacional","potentialAction":[{"@type":"SearchAction","target":{"@type":"EntryPoint","urlTemplate":"https:\/\/aeronoticias.com.pe\/noticiero\/?s={search_term_string}"},"query-input":{"@type":"PropertyValueSpecification","valueRequired":true,"valueName":"search_term_string"}}],"inLanguage":"es"},{"@type":"Person","@id":"https:\/\/aeronoticias.com.pe\/noticiero\/#\/schema\/person\/fc1e5d578f4b62ba1cf7ac2bba1170a0","name":"Redacci\u00f3n Aeronoticias","url":"https:\/\/aeronoticias.com.pe\/noticiero\/author\/piloto\/"}]}},"_links":{"self":[{"href":"https:\/\/aeronoticias.com.pe\/noticiero\/wp-json\/wp\/v2\/posts\/59670","targetHints":{"allow":["GET"]}}],"collection":[{"href":"https:\/\/aeronoticias.com.pe\/noticiero\/wp-json\/wp\/v2\/posts"}],"about":[{"href":"https:\/\/aeronoticias.com.pe\/noticiero\/wp-json\/wp\/v2\/types\/post"}],"author":[{"embeddable":true,"href":"https:\/\/aeronoticias.com.pe\/noticiero\/wp-json\/wp\/v2\/users\/1"}],"replies":[{"embeddable":true,"href":"https:\/\/aeronoticias.com.pe\/noticiero\/wp-json\/wp\/v2\/comments?post=59670"}],"version-history":[{"count":0,"href":"https:\/\/aeronoticias.com.pe\/noticiero\/wp-json\/wp\/v2\/posts\/59670\/revisions"}],"wp:featuredmedia":[{"embeddable":true,"href":"https:\/\/aeronoticias.com.pe\/noticiero\/wp-json\/wp\/v2\/media\/64211"}],"wp:attachment":[{"href":"https:\/\/aeronoticias.com.pe\/noticiero\/wp-json\/wp\/v2\/media?parent=59670"}],"wp:term":[{"taxonomy":"category","embeddable":true,"href":"https:\/\/aeronoticias.com.pe\/noticiero\/wp-json\/wp\/v2\/categories?post=59670"},{"taxonomy":"post_tag","embeddable":true,"href":"https:\/\/aeronoticias.com.pe\/noticiero\/wp-json\/wp\/v2\/tags?post=59670"}],"curies":[{"name":"wp","href":"https:\/\/api.w.org\/{rel}","templated":true}]}}