{"id":59672,"date":"2020-04-22T18:33:20","date_gmt":"2020-04-22T18:33:20","guid":{"rendered":"http:\/\/desarrollo.mcvicious.com\/aero2020\/2020\/04\/22\/ven-inviable-que-gobiernos-se-apropien-de-aerolineas\/"},"modified":"2020-10-24T23:21:33","modified_gmt":"2020-10-24T23:21:33","slug":"ven-inviable-que-gobiernos-se-apropien-de-aerolineas","status":"publish","type":"post","link":"https:\/\/aeronoticias.com.pe\/noticiero\/transporte-aereo\/internacional\/ven-inviable-que-gobiernos-se-apropien-de-aerolineas\/","title":{"rendered":"Ven inviable que gobiernos se apropien de aerol\u00edneas"},"content":{"rendered":"\n<p>Accionistas de las aerol\u00edneas se ha manejado como una posibilidad, ante la crisis en la que \u2018vuela\u2019 la industria, sin embargo, para el director ejecutivo de la Asociaci\u00f3n Latinoamericana y del Caribe de Transporte A\u00e9reo (ALTA), Luis Felipe de Oliveira, esto implicar\u00eda m\u00e1s problemas y no garantizar\u00eda un menor impacto en las finanzas de las l\u00edneas a\u00e9reas.<\/p>\n\n\n\n<p class=\"p1\">\u201cNo es la mejor opci\u00f3n en este momento. La entrada del gobierno a participar en las aerol\u00edneas en este momento no solucionar\u00eda el problema, no generar\u00eda el flujo de caja que se necesita y tal vez hasta complicar\u00e1 la recuperaci\u00f3n\u201d, estim\u00f3 de Oliveira.<\/p>\n\n\n\n<p class=\"p1\">En cambio, el representante de las empresas en la regi\u00f3n estim\u00f3 que las medidas de ayuda financiera son cada vez m\u00e1s necesarias y urgentes, a fin de evitar la quiebra de aerol\u00edneas, as\u00ed como la p\u00e9rdida de empleos directos e indirectos producidos por la aviaci\u00f3n.<\/p>\n\n\n\n<p class=\"p1\">La semana anterior, la IATA indic\u00f3 que la p\u00e9rdida en ingresos para las aerol\u00edneas de la regi\u00f3n llegar\u00eda a 18 mil millones de d\u00f3lares, mientras que la ca\u00edda en facturaci\u00f3n para las empresas mexicanas alcanzar\u00eda los 6 mil 400 millones de d\u00f3lares.<\/p>\n\n\n\n<p class=\"p1\">\u201cLos gobiernos deben promover l\u00edneas de cr\u00e9dito robustas a las aerol\u00edneas a cambio de una recuperaci\u00f3n r\u00e1pida del sector para brindar bienestar a la poblaci\u00f3n, no solo en el plazo inmediato con vuelos humanitarios y transporte de carga esencial, sino en el mediano plazo con la actividad vital del transporte a\u00e9reo, el turismo\u201d, agreg\u00f3 de Oliveira.<\/p>\n\n\n\n<p class=\"p1\">En M\u00e9xico, la Secretar\u00eda de Comunicaciones y Transportes, y la Presidencia de la Rep\u00fablica tardaron un mes en atender el llamado de las aerol\u00edneas para dise\u00f1ar un plan de ayuda financiera, que tambi\u00e9n incluye la reducci\u00f3n en impuestos aeroportuarios y el diferimiento de pagos por el uso del espacio a\u00e9reo.<\/p>\n\n\n\n<p class=\"p1\">En un comunicado, la Federaci\u00f3n Internacional de Trabajadores del Transporte (ITF) y la Asociaci\u00f3n Internacional de Transporte A\u00e9reo (IATA) pidieron el apoyo de los gobiernos a la industria de la aviaci\u00f3n, para proteger los empleos y garantizar el mantenimiento de los servicios a\u00e9reos.<\/p>\n\n\n\n<p class=\"p1\">La ITF y la IATA pidieron a los gobiernos priorizar la protecci\u00f3n de los trabajadores de salud, as\u00ed como coordinar cuidadosamente entre s\u00ed y con la industria para garantizar una acci\u00f3n armonizada y efectiva para proteger la seguridad de los pasajeros y la tripulaci\u00f3n.<\/p>\n\n\n\n<p class=\"p1\">Adem\u00e1s, brindar apoyo financiero y normativo inmediato a las aerol\u00edneas, a fin de mantener la sostenibilidad de los t\u00e9rminos y condiciones para los trabajadores del transporte a\u00e9reo, as\u00ed como ayudar a la industria a reiniciar r\u00e1pidamente adaptando las regulaciones y levantando las restricciones de viaje.<\/p>\n\n\n\n<p class=\"p1\">Fuente: <span style=\"text-decoration: underline;\"><em><strong>El Financiero.<\/strong><\/em><\/span><\/p>\n","protected":false},"excerpt":{"rendered":"<p>Accionistas de las aerol\u00edneas se ha manejado como una posibilidad, ante la crisis en la que \u2018vuela\u2019 la industria, sin embargo, para el director ejecutivo de la Asociaci\u00f3n Latinoamericana y del Caribe de Transporte A\u00e9reo (ALTA), Luis Felipe de Oliveira, esto implicar\u00eda m\u00e1s problemas y no garantizar\u00eda un menor impacto en las finanzas de las [&hellip;]<\/p>\n","protected":false},"author":1,"featured_media":64205,"comment_status":"open","ping_status":"open","sticky":false,"template":"","format":"standard","meta":{"tdm_status":"","tdm_grid_status":"","footnotes":""},"categories":[32,11],"tags":[476],"class_list":{"0":"post-59672","1":"post","2":"type-post","3":"status-publish","4":"format-standard","5":"has-post-thumbnail","7":"category-internacional","8":"category-transporte-aereo","9":"tag-asociacion-latinoamericana-y-del-caribe-de-transporte-aereo"},"yoast_head":"<!-- This site is optimized with the Yoast SEO plugin v25.1 - https:\/\/yoast.com\/wordpress\/plugins\/seo\/ -->\n<title>Ven inviable que gobiernos se apropien de aerol\u00edneas<\/title>\n<meta name=\"description\" content=\"Accionistas de las aerol\u00edneas se ha manejado como una posibilidad, ante la crisis en la que \u2018vuela\u2019 la industria\" \/>\n<meta name=\"robots\" content=\"index, follow, max-snippet:-1, max-image-preview:large, max-video-preview:-1\" \/>\n<link rel=\"canonical\" href=\"https:\/\/aeronoticias.com.pe\/noticiero\/transporte-aereo\/internacional\/ven-inviable-que-gobiernos-se-apropien-de-aerolineas\/\" \/>\n<meta property=\"og:locale\" content=\"es_ES\" \/>\n<meta property=\"og:type\" content=\"article\" \/>\n<meta property=\"og:title\" content=\"Ven inviable que gobiernos se apropien de aerol\u00edneas\" \/>\n<meta property=\"og:description\" content=\"Accionistas de las aerol\u00edneas se ha manejado como una posibilidad, ante la crisis en la que \u2018vuela\u2019 la industria\" \/>\n<meta property=\"og:url\" content=\"https:\/\/aeronoticias.com.pe\/noticiero\/transporte-aereo\/internacional\/ven-inviable-que-gobiernos-se-apropien-de-aerolineas\/\" \/>\n<meta property=\"og:site_name\" content=\"Aeronoticias.com.pe\" \/>\n<meta property=\"article:publisher\" content=\"https:\/\/www.facebook.com\/Aeronoticias.com.pe\/\" \/>\n<meta property=\"article:published_time\" content=\"2020-04-22T18:33:20+00:00\" \/>\n<meta property=\"article:modified_time\" content=\"2020-10-24T23:21:33+00:00\" \/>\n<meta property=\"og:image\" content=\"https:\/\/aeronoticias.com.pe\/noticiero\/wp-content\/uploads\/2020\/04\/Asociaci\u00f3n-Latinoamericana-y-del-Caribe-de-Transporte-A\u00e9reo.jpg\" \/>\n\t<meta property=\"og:image:width\" content=\"272\" \/>\n\t<meta property=\"og:image:height\" content=\"185\" \/>\n\t<meta property=\"og:image:type\" content=\"image\/jpeg\" \/>\n<meta name=\"author\" content=\"Redacci\u00f3n Aeronoticias\" \/>\n<meta name=\"twitter:card\" content=\"summary_large_image\" \/>\n<meta name=\"twitter:creator\" content=\"@aeronoticias\" \/>\n<meta name=\"twitter:site\" content=\"@aeronoticias\" \/>\n<meta name=\"twitter:label1\" content=\"Escrito por\" \/>\n\t<meta name=\"twitter:data1\" content=\"Redacci\u00f3n Aeronoticias\" \/>\n\t<meta name=\"twitter:label2\" content=\"Tiempo de lectura\" \/>\n\t<meta name=\"twitter:data2\" content=\"2 minutos\" \/>\n<script type=\"application\/ld+json\" class=\"yoast-schema-graph\">{\"@context\":\"https:\/\/schema.org\",\"@graph\":[{\"@type\":\"WebPage\",\"@id\":\"https:\/\/aeronoticias.com.pe\/noticiero\/transporte-aereo\/internacional\/ven-inviable-que-gobiernos-se-apropien-de-aerolineas\/\",\"url\":\"https:\/\/aeronoticias.com.pe\/noticiero\/transporte-aereo\/internacional\/ven-inviable-que-gobiernos-se-apropien-de-aerolineas\/\",\"name\":\"Ven inviable que gobiernos se apropien de aerol\u00edneas\",\"isPartOf\":{\"@id\":\"https:\/\/aeronoticias.com.pe\/noticiero\/#website\"},\"primaryImageOfPage\":{\"@id\":\"https:\/\/aeronoticias.com.pe\/noticiero\/transporte-aereo\/internacional\/ven-inviable-que-gobiernos-se-apropien-de-aerolineas\/#primaryimage\"},\"image\":{\"@id\":\"https:\/\/aeronoticias.com.pe\/noticiero\/transporte-aereo\/internacional\/ven-inviable-que-gobiernos-se-apropien-de-aerolineas\/#primaryimage\"},\"thumbnailUrl\":\"https:\/\/aeronoticias.com.pe\/noticiero\/wp-content\/uploads\/2020\/04\/Asociaci\u00f3n-Latinoamericana-y-del-Caribe-de-Transporte-A\u00e9reo.jpg\",\"datePublished\":\"2020-04-22T18:33:20+00:00\",\"dateModified\":\"2020-10-24T23:21:33+00:00\",\"author\":{\"@id\":\"https:\/\/aeronoticias.com.pe\/noticiero\/#\/schema\/person\/fc1e5d578f4b62ba1cf7ac2bba1170a0\"},\"description\":\"Accionistas de las aerol\u00edneas se ha manejado como una posibilidad, ante la crisis en la que \u2018vuela\u2019 la industria\",\"breadcrumb\":{\"@id\":\"https:\/\/aeronoticias.com.pe\/noticiero\/transporte-aereo\/internacional\/ven-inviable-que-gobiernos-se-apropien-de-aerolineas\/#breadcrumb\"},\"inLanguage\":\"es\",\"potentialAction\":[{\"@type\":\"ReadAction\",\"target\":[\"https:\/\/aeronoticias.com.pe\/noticiero\/transporte-aereo\/internacional\/ven-inviable-que-gobiernos-se-apropien-de-aerolineas\/\"]}]},{\"@type\":\"ImageObject\",\"inLanguage\":\"es\",\"@id\":\"https:\/\/aeronoticias.com.pe\/noticiero\/transporte-aereo\/internacional\/ven-inviable-que-gobiernos-se-apropien-de-aerolineas\/#primaryimage\",\"url\":\"https:\/\/aeronoticias.com.pe\/noticiero\/wp-content\/uploads\/2020\/04\/Asociaci\u00f3n-Latinoamericana-y-del-Caribe-de-Transporte-A\u00e9reo.jpg\",\"contentUrl\":\"https:\/\/aeronoticias.com.pe\/noticiero\/wp-content\/uploads\/2020\/04\/Asociaci\u00f3n-Latinoamericana-y-del-Caribe-de-Transporte-A\u00e9reo.jpg\",\"width\":272,\"height\":185},{\"@type\":\"BreadcrumbList\",\"@id\":\"https:\/\/aeronoticias.com.pe\/noticiero\/transporte-aereo\/internacional\/ven-inviable-que-gobiernos-se-apropien-de-aerolineas\/#breadcrumb\",\"itemListElement\":[{\"@type\":\"ListItem\",\"position\":1,\"name\":\"Portada\",\"item\":\"https:\/\/aeronoticias.com.pe\/noticiero\/\"},{\"@type\":\"ListItem\",\"position\":2,\"name\":\"Ven inviable que gobiernos se apropien de aerol\u00edneas\"}]},{\"@type\":\"WebSite\",\"@id\":\"https:\/\/aeronoticias.com.pe\/noticiero\/#website\",\"url\":\"https:\/\/aeronoticias.com.pe\/noticiero\/\",\"name\":\"Aeronoticias.com.pe\",\"description\":\"Noticias de tranporte aereo, turismo, hoteles, gastronomia, actualidad, internacional\",\"potentialAction\":[{\"@type\":\"SearchAction\",\"target\":{\"@type\":\"EntryPoint\",\"urlTemplate\":\"https:\/\/aeronoticias.com.pe\/noticiero\/?s={search_term_string}\"},\"query-input\":{\"@type\":\"PropertyValueSpecification\",\"valueRequired\":true,\"valueName\":\"search_term_string\"}}],\"inLanguage\":\"es\"},{\"@type\":\"Person\",\"@id\":\"https:\/\/aeronoticias.com.pe\/noticiero\/#\/schema\/person\/fc1e5d578f4b62ba1cf7ac2bba1170a0\",\"name\":\"Redacci\u00f3n Aeronoticias\",\"url\":\"https:\/\/aeronoticias.com.pe\/noticiero\/author\/piloto\/\"}]}<\/script>\n<!-- \/ Yoast SEO plugin. -->","yoast_head_json":{"title":"Ven inviable que gobiernos se apropien de aerol\u00edneas","description":"Accionistas de las aerol\u00edneas se ha manejado como una posibilidad, ante la crisis en la que \u2018vuela\u2019 la industria","robots":{"index":"index","follow":"follow","max-snippet":"max-snippet:-1","max-image-preview":"max-image-preview:large","max-video-preview":"max-video-preview:-1"},"canonical":"https:\/\/aeronoticias.com.pe\/noticiero\/transporte-aereo\/internacional\/ven-inviable-que-gobiernos-se-apropien-de-aerolineas\/","og_locale":"es_ES","og_type":"article","og_title":"Ven inviable que gobiernos se apropien de aerol\u00edneas","og_description":"Accionistas de las aerol\u00edneas se ha manejado como una posibilidad, ante la crisis en la que \u2018vuela\u2019 la industria","og_url":"https:\/\/aeronoticias.com.pe\/noticiero\/transporte-aereo\/internacional\/ven-inviable-que-gobiernos-se-apropien-de-aerolineas\/","og_site_name":"Aeronoticias.com.pe","article_publisher":"https:\/\/www.facebook.com\/Aeronoticias.com.pe\/","article_published_time":"2020-04-22T18:33:20+00:00","article_modified_time":"2020-10-24T23:21:33+00:00","og_image":[{"width":272,"height":185,"url":"https:\/\/aeronoticias.com.pe\/noticiero\/wp-content\/uploads\/2020\/04\/Asociaci\u00f3n-Latinoamericana-y-del-Caribe-de-Transporte-A\u00e9reo.jpg","type":"image\/jpeg"}],"author":"Redacci\u00f3n Aeronoticias","twitter_card":"summary_large_image","twitter_creator":"@aeronoticias","twitter_site":"@aeronoticias","twitter_misc":{"Escrito por":"Redacci\u00f3n Aeronoticias","Tiempo de lectura":"2 minutos"},"schema":{"@context":"https:\/\/schema.org","@graph":[{"@type":"WebPage","@id":"https:\/\/aeronoticias.com.pe\/noticiero\/transporte-aereo\/internacional\/ven-inviable-que-gobiernos-se-apropien-de-aerolineas\/","url":"https:\/\/aeronoticias.com.pe\/noticiero\/transporte-aereo\/internacional\/ven-inviable-que-gobiernos-se-apropien-de-aerolineas\/","name":"Ven inviable que gobiernos se apropien de aerol\u00edneas","isPartOf":{"@id":"https:\/\/aeronoticias.com.pe\/noticiero\/#website"},"primaryImageOfPage":{"@id":"https:\/\/aeronoticias.com.pe\/noticiero\/transporte-aereo\/internacional\/ven-inviable-que-gobiernos-se-apropien-de-aerolineas\/#primaryimage"},"image":{"@id":"https:\/\/aeronoticias.com.pe\/noticiero\/transporte-aereo\/internacional\/ven-inviable-que-gobiernos-se-apropien-de-aerolineas\/#primaryimage"},"thumbnailUrl":"https:\/\/aeronoticias.com.pe\/noticiero\/wp-content\/uploads\/2020\/04\/Asociaci\u00f3n-Latinoamericana-y-del-Caribe-de-Transporte-A\u00e9reo.jpg","datePublished":"2020-04-22T18:33:20+00:00","dateModified":"2020-10-24T23:21:33+00:00","author":{"@id":"https:\/\/aeronoticias.com.pe\/noticiero\/#\/schema\/person\/fc1e5d578f4b62ba1cf7ac2bba1170a0"},"description":"Accionistas de las aerol\u00edneas se ha manejado como una posibilidad, ante la crisis en la que \u2018vuela\u2019 la industria","breadcrumb":{"@id":"https:\/\/aeronoticias.com.pe\/noticiero\/transporte-aereo\/internacional\/ven-inviable-que-gobiernos-se-apropien-de-aerolineas\/#breadcrumb"},"inLanguage":"es","potentialAction":[{"@type":"ReadAction","target":["https:\/\/aeronoticias.com.pe\/noticiero\/transporte-aereo\/internacional\/ven-inviable-que-gobiernos-se-apropien-de-aerolineas\/"]}]},{"@type":"ImageObject","inLanguage":"es","@id":"https:\/\/aeronoticias.com.pe\/noticiero\/transporte-aereo\/internacional\/ven-inviable-que-gobiernos-se-apropien-de-aerolineas\/#primaryimage","url":"https:\/\/aeronoticias.com.pe\/noticiero\/wp-content\/uploads\/2020\/04\/Asociaci\u00f3n-Latinoamericana-y-del-Caribe-de-Transporte-A\u00e9reo.jpg","contentUrl":"https:\/\/aeronoticias.com.pe\/noticiero\/wp-content\/uploads\/2020\/04\/Asociaci\u00f3n-Latinoamericana-y-del-Caribe-de-Transporte-A\u00e9reo.jpg","width":272,"height":185},{"@type":"BreadcrumbList","@id":"https:\/\/aeronoticias.com.pe\/noticiero\/transporte-aereo\/internacional\/ven-inviable-que-gobiernos-se-apropien-de-aerolineas\/#breadcrumb","itemListElement":[{"@type":"ListItem","position":1,"name":"Portada","item":"https:\/\/aeronoticias.com.pe\/noticiero\/"},{"@type":"ListItem","position":2,"name":"Ven inviable que gobiernos se apropien de aerol\u00edneas"}]},{"@type":"WebSite","@id":"https:\/\/aeronoticias.com.pe\/noticiero\/#website","url":"https:\/\/aeronoticias.com.pe\/noticiero\/","name":"Aeronoticias.com.pe","description":"Noticias de tranporte aereo, turismo, hoteles, gastronomia, actualidad, internacional","potentialAction":[{"@type":"SearchAction","target":{"@type":"EntryPoint","urlTemplate":"https:\/\/aeronoticias.com.pe\/noticiero\/?s={search_term_string}"},"query-input":{"@type":"PropertyValueSpecification","valueRequired":true,"valueName":"search_term_string"}}],"inLanguage":"es"},{"@type":"Person","@id":"https:\/\/aeronoticias.com.pe\/noticiero\/#\/schema\/person\/fc1e5d578f4b62ba1cf7ac2bba1170a0","name":"Redacci\u00f3n Aeronoticias","url":"https:\/\/aeronoticias.com.pe\/noticiero\/author\/piloto\/"}]}},"_links":{"self":[{"href":"https:\/\/aeronoticias.com.pe\/noticiero\/wp-json\/wp\/v2\/posts\/59672","targetHints":{"allow":["GET"]}}],"collection":[{"href":"https:\/\/aeronoticias.com.pe\/noticiero\/wp-json\/wp\/v2\/posts"}],"about":[{"href":"https:\/\/aeronoticias.com.pe\/noticiero\/wp-json\/wp\/v2\/types\/post"}],"author":[{"embeddable":true,"href":"https:\/\/aeronoticias.com.pe\/noticiero\/wp-json\/wp\/v2\/users\/1"}],"replies":[{"embeddable":true,"href":"https:\/\/aeronoticias.com.pe\/noticiero\/wp-json\/wp\/v2\/comments?post=59672"}],"version-history":[{"count":0,"href":"https:\/\/aeronoticias.com.pe\/noticiero\/wp-json\/wp\/v2\/posts\/59672\/revisions"}],"wp:featuredmedia":[{"embeddable":true,"href":"https:\/\/aeronoticias.com.pe\/noticiero\/wp-json\/wp\/v2\/media\/64205"}],"wp:attachment":[{"href":"https:\/\/aeronoticias.com.pe\/noticiero\/wp-json\/wp\/v2\/media?parent=59672"}],"wp:term":[{"taxonomy":"category","embeddable":true,"href":"https:\/\/aeronoticias.com.pe\/noticiero\/wp-json\/wp\/v2\/categories?post=59672"},{"taxonomy":"post_tag","embeddable":true,"href":"https:\/\/aeronoticias.com.pe\/noticiero\/wp-json\/wp\/v2\/tags?post=59672"}],"curies":[{"name":"wp","href":"https:\/\/api.w.org\/{rel}","templated":true}]}}