{"id":59674,"date":"2020-04-23T01:47:29","date_gmt":"2020-04-23T01:47:29","guid":{"rendered":"http:\/\/desarrollo.mcvicious.com\/aero2020\/2020\/04\/23\/boeing-despediria-al-10-del-personal-de-su-unidad-de-aviacion-civil\/"},"modified":"2020-10-24T23:10:07","modified_gmt":"2020-10-24T23:10:07","slug":"boeing-despediria-al-10-del-personal-de-su-unidad-de-aviacion-civil","status":"publish","type":"post","link":"https:\/\/aeronoticias.com.pe\/noticiero\/transporte-aereo\/internacional\/boeing-despediria-al-10-del-personal-de-su-unidad-de-aviacion-civil\/","title":{"rendered":"Boeing despedir\u00eda al 10% del personal de su unidad de aviaci\u00f3n civil"},"content":{"rendered":"\n<p><span style=\"font-size: 12.16px;\">Boeing planea reducir 10% la fuerza laboral en su unidad de aviaci\u00f3n civil para recortar costos debido a la crisis en las aerol\u00edneas por el coronavirus, dijeron a la AFP dos fuentes familiarizadas con el tema.<\/span><\/p>\n\n\n\n<p><span style=\"font-size: 12.16px;\">Los despidos afectar\u00edan a la unidad de fabricaci\u00f3n del problem\u00e1tico 737 MAX, que lleva m\u00e1s de un a\u00f1o en tierra tras dos accidentes mortales, as\u00ed como la de los 787 y 777, dijeron las fuentes.<\/span><\/p>\n\n\n\n<!--more-->\n\n\n\n<p><span style=\"font-size: 12.16px;\">El recorte laboral podr\u00eda afectar hasta 7.000 empleados. Boeing emplea a m\u00e1s de 160.000 personas en el mundo, incluidos 70.000 en el estado de Washington, donde ensambla la mayor parte de sus aviones civiles. S\u00f3lo una parte del 787 se produce en Carolina del Sur.<\/span><\/p>\n\n\n\n<p><span style=\"font-size: 12.16px;\">La noticia se produce apenas un d\u00eda despu\u00e9s de que la compa\u00f1\u00eda retomara lentamente la producci\u00f3n en sus instalaciones de Puget Sound, Washington, con protocolos para mantener a los trabajadores separados por casi dos metros, junto con controles de salud y estaciones de lavado de manos.<\/span><\/p>\n\n\n\n<p><span style=\"font-size: 12.16px;\">Un vocero de Boeing, que debe iniciar negociaciones sobre la ayuda del gobierno federal, dijo que la compa\u00f1\u00eda est\u00e1 ofreciendo programas de \u00abdespido voluntario\u00bb, pero no confirm\u00f3 el tama\u00f1o de la reducci\u00f3n de empleos planeada.<\/span><\/p>\n\n\n\n<p><span style=\"font-size: 12.16px;\">Los trabajadores que se acojan al despido voluntario recibir\u00edan un pago y un paquete de beneficios como parte de un programa que est\u00e1 \u00abdirigido a reducir el tama\u00f1o de nuestra fuerza laboral a trav\u00e9s de acciones voluntarias y, lo que es muy importante, minimizar el futuro accionar de la fuerza de trabajo\u00bb, dijo el portavoz.<\/span><\/p>\n\n\n\n<p><span style=\"font-size: 12.16px;\">La ayuda del gobierno est\u00e1 condicionada a que las compa\u00f1\u00eda acepten no despedir trabajadores una vez que hayan recibido el dinero de los contribuyentes.<\/span><\/p>\n\n\n\n<p><span style=\"font-size: 12.16px;\">La compa\u00f1\u00eda, que estaba ya bajo presi\u00f3n por la controversia en torno al 737 MAX, ha sufrido una ola de cancelaciones de pedidos por parte de las aerol\u00edneas que luchan por sobrevivir con los aviones en tierra ante los cierres de fronteras y restricciones de viajes impuestos por la pandemia de covid-19.<\/span><\/p>\n\n\n\n<p><span style=\"font-size: 12.16px;\">\u00abNo hay duda de que la industria de la aviaci\u00f3n se ver\u00e1 muy diferente a medida que nos recuperamos de esta pandemia\u00bb, dijo el portavoz.<\/span><\/p>\n\n\n\n<p><span style=\"font-size: 12.16px;\">Fuente: Infobae.com<\/span><\/p>\n","protected":false},"excerpt":{"rendered":"<p>Boeing planea reducir 10% la fuerza laboral en su unidad de aviaci\u00f3n civil para recortar costos debido a la crisis en las aerol\u00edneas por el coronavirus, dijeron a la AFP dos fuentes familiarizadas con el tema. Los despidos afectar\u00edan a la unidad de fabricaci\u00f3n del problem\u00e1tico 737 MAX, que lleva m\u00e1s de un a\u00f1o en [&hellip;]<\/p>\n","protected":false},"author":1,"featured_media":64199,"comment_status":"open","ping_status":"open","sticky":false,"template":"","format":"standard","meta":{"tdm_status":"","tdm_grid_status":"","footnotes":""},"categories":[32,11],"tags":[118],"class_list":{"0":"post-59674","1":"post","2":"type-post","3":"status-publish","4":"format-standard","5":"has-post-thumbnail","7":"category-internacional","8":"category-transporte-aereo","9":"tag-boeing"},"yoast_head":"<!-- This site is optimized with the Yoast SEO plugin v25.1 - https:\/\/yoast.com\/wordpress\/plugins\/seo\/ -->\n<title>Boeing despedir\u00eda al 10% del personal de su unidad de aviaci\u00f3n civil<\/title>\n<meta name=\"description\" content=\"Boeing planea reducir 10% la fuerza laboral en su unidad de aviaci\u00f3n civil para recortar costos debido a la crisis en las aerol\u00edneas por el coronavirus, dijeron a la AFP dos fuentes familiarizadas con el tema.\" \/>\n<meta name=\"robots\" content=\"index, follow, max-snippet:-1, max-image-preview:large, max-video-preview:-1\" \/>\n<link rel=\"canonical\" href=\"https:\/\/aeronoticias.com.pe\/noticiero\/transporte-aereo\/internacional\/boeing-despediria-al-10-del-personal-de-su-unidad-de-aviacion-civil\/\" \/>\n<meta property=\"og:locale\" content=\"es_ES\" \/>\n<meta property=\"og:type\" content=\"article\" \/>\n<meta property=\"og:title\" content=\"Boeing despedir\u00eda al 10% del personal de su unidad de aviaci\u00f3n civil\" \/>\n<meta property=\"og:description\" content=\"Boeing planea reducir 10% la fuerza laboral en su unidad de aviaci\u00f3n civil para recortar costos debido a la crisis en las aerol\u00edneas por el coronavirus, dijeron a la AFP dos fuentes familiarizadas con el tema.\" \/>\n<meta property=\"og:url\" content=\"https:\/\/aeronoticias.com.pe\/noticiero\/transporte-aereo\/internacional\/boeing-despediria-al-10-del-personal-de-su-unidad-de-aviacion-civil\/\" \/>\n<meta property=\"og:site_name\" content=\"Aeronoticias.com.pe\" \/>\n<meta property=\"article:publisher\" content=\"https:\/\/www.facebook.com\/Aeronoticias.com.pe\/\" \/>\n<meta property=\"article:published_time\" content=\"2020-04-23T01:47:29+00:00\" \/>\n<meta property=\"article:modified_time\" content=\"2020-10-24T23:10:07+00:00\" \/>\n<meta property=\"og:image\" content=\"https:\/\/aeronoticias.com.pe\/noticiero\/wp-content\/uploads\/2020\/04\/Boeing-1.jpg\" \/>\n\t<meta property=\"og:image:width\" content=\"311\" \/>\n\t<meta property=\"og:image:height\" content=\"162\" \/>\n\t<meta property=\"og:image:type\" content=\"image\/jpeg\" \/>\n<meta name=\"author\" content=\"Redacci\u00f3n Aeronoticias\" \/>\n<meta name=\"twitter:card\" content=\"summary_large_image\" \/>\n<meta name=\"twitter:creator\" content=\"@aeronoticias\" \/>\n<meta name=\"twitter:site\" content=\"@aeronoticias\" \/>\n<meta name=\"twitter:label1\" content=\"Escrito por\" \/>\n\t<meta name=\"twitter:data1\" content=\"Redacci\u00f3n Aeronoticias\" \/>\n\t<meta name=\"twitter:label2\" content=\"Tiempo de lectura\" \/>\n\t<meta name=\"twitter:data2\" content=\"2 minutos\" \/>\n<script type=\"application\/ld+json\" class=\"yoast-schema-graph\">{\"@context\":\"https:\/\/schema.org\",\"@graph\":[{\"@type\":\"WebPage\",\"@id\":\"https:\/\/aeronoticias.com.pe\/noticiero\/transporte-aereo\/internacional\/boeing-despediria-al-10-del-personal-de-su-unidad-de-aviacion-civil\/\",\"url\":\"https:\/\/aeronoticias.com.pe\/noticiero\/transporte-aereo\/internacional\/boeing-despediria-al-10-del-personal-de-su-unidad-de-aviacion-civil\/\",\"name\":\"Boeing despedir\u00eda al 10% del personal de su unidad de aviaci\u00f3n civil\",\"isPartOf\":{\"@id\":\"https:\/\/aeronoticias.com.pe\/noticiero\/#website\"},\"primaryImageOfPage\":{\"@id\":\"https:\/\/aeronoticias.com.pe\/noticiero\/transporte-aereo\/internacional\/boeing-despediria-al-10-del-personal-de-su-unidad-de-aviacion-civil\/#primaryimage\"},\"image\":{\"@id\":\"https:\/\/aeronoticias.com.pe\/noticiero\/transporte-aereo\/internacional\/boeing-despediria-al-10-del-personal-de-su-unidad-de-aviacion-civil\/#primaryimage\"},\"thumbnailUrl\":\"https:\/\/aeronoticias.com.pe\/noticiero\/wp-content\/uploads\/2020\/04\/Boeing-1.jpg\",\"datePublished\":\"2020-04-23T01:47:29+00:00\",\"dateModified\":\"2020-10-24T23:10:07+00:00\",\"author\":{\"@id\":\"https:\/\/aeronoticias.com.pe\/noticiero\/#\/schema\/person\/fc1e5d578f4b62ba1cf7ac2bba1170a0\"},\"description\":\"Boeing planea reducir 10% la fuerza laboral en su unidad de aviaci\u00f3n civil para recortar costos debido a la crisis en las aerol\u00edneas por el coronavirus, dijeron a la AFP dos fuentes familiarizadas con el tema.\",\"breadcrumb\":{\"@id\":\"https:\/\/aeronoticias.com.pe\/noticiero\/transporte-aereo\/internacional\/boeing-despediria-al-10-del-personal-de-su-unidad-de-aviacion-civil\/#breadcrumb\"},\"inLanguage\":\"es\",\"potentialAction\":[{\"@type\":\"ReadAction\",\"target\":[\"https:\/\/aeronoticias.com.pe\/noticiero\/transporte-aereo\/internacional\/boeing-despediria-al-10-del-personal-de-su-unidad-de-aviacion-civil\/\"]}]},{\"@type\":\"ImageObject\",\"inLanguage\":\"es\",\"@id\":\"https:\/\/aeronoticias.com.pe\/noticiero\/transporte-aereo\/internacional\/boeing-despediria-al-10-del-personal-de-su-unidad-de-aviacion-civil\/#primaryimage\",\"url\":\"https:\/\/aeronoticias.com.pe\/noticiero\/wp-content\/uploads\/2020\/04\/Boeing-1.jpg\",\"contentUrl\":\"https:\/\/aeronoticias.com.pe\/noticiero\/wp-content\/uploads\/2020\/04\/Boeing-1.jpg\",\"width\":311,\"height\":162},{\"@type\":\"BreadcrumbList\",\"@id\":\"https:\/\/aeronoticias.com.pe\/noticiero\/transporte-aereo\/internacional\/boeing-despediria-al-10-del-personal-de-su-unidad-de-aviacion-civil\/#breadcrumb\",\"itemListElement\":[{\"@type\":\"ListItem\",\"position\":1,\"name\":\"Portada\",\"item\":\"https:\/\/aeronoticias.com.pe\/noticiero\/\"},{\"@type\":\"ListItem\",\"position\":2,\"name\":\"Boeing despedir\u00eda al 10% del personal de su unidad de aviaci\u00f3n civil\"}]},{\"@type\":\"WebSite\",\"@id\":\"https:\/\/aeronoticias.com.pe\/noticiero\/#website\",\"url\":\"https:\/\/aeronoticias.com.pe\/noticiero\/\",\"name\":\"Aeronoticias.com.pe\",\"description\":\"Noticias de tranporte aereo, turismo, hoteles, gastronomia, actualidad, internacional\",\"potentialAction\":[{\"@type\":\"SearchAction\",\"target\":{\"@type\":\"EntryPoint\",\"urlTemplate\":\"https:\/\/aeronoticias.com.pe\/noticiero\/?s={search_term_string}\"},\"query-input\":{\"@type\":\"PropertyValueSpecification\",\"valueRequired\":true,\"valueName\":\"search_term_string\"}}],\"inLanguage\":\"es\"},{\"@type\":\"Person\",\"@id\":\"https:\/\/aeronoticias.com.pe\/noticiero\/#\/schema\/person\/fc1e5d578f4b62ba1cf7ac2bba1170a0\",\"name\":\"Redacci\u00f3n Aeronoticias\",\"url\":\"https:\/\/aeronoticias.com.pe\/noticiero\/author\/piloto\/\"}]}<\/script>\n<!-- \/ Yoast SEO plugin. -->","yoast_head_json":{"title":"Boeing despedir\u00eda al 10% del personal de su unidad de aviaci\u00f3n civil","description":"Boeing planea reducir 10% la fuerza laboral en su unidad de aviaci\u00f3n civil para recortar costos debido a la crisis en las aerol\u00edneas por el coronavirus, dijeron a la AFP dos fuentes familiarizadas con el tema.","robots":{"index":"index","follow":"follow","max-snippet":"max-snippet:-1","max-image-preview":"max-image-preview:large","max-video-preview":"max-video-preview:-1"},"canonical":"https:\/\/aeronoticias.com.pe\/noticiero\/transporte-aereo\/internacional\/boeing-despediria-al-10-del-personal-de-su-unidad-de-aviacion-civil\/","og_locale":"es_ES","og_type":"article","og_title":"Boeing despedir\u00eda al 10% del personal de su unidad de aviaci\u00f3n civil","og_description":"Boeing planea reducir 10% la fuerza laboral en su unidad de aviaci\u00f3n civil para recortar costos debido a la crisis en las aerol\u00edneas por el coronavirus, dijeron a la AFP dos fuentes familiarizadas con el tema.","og_url":"https:\/\/aeronoticias.com.pe\/noticiero\/transporte-aereo\/internacional\/boeing-despediria-al-10-del-personal-de-su-unidad-de-aviacion-civil\/","og_site_name":"Aeronoticias.com.pe","article_publisher":"https:\/\/www.facebook.com\/Aeronoticias.com.pe\/","article_published_time":"2020-04-23T01:47:29+00:00","article_modified_time":"2020-10-24T23:10:07+00:00","og_image":[{"width":311,"height":162,"url":"https:\/\/aeronoticias.com.pe\/noticiero\/wp-content\/uploads\/2020\/04\/Boeing-1.jpg","type":"image\/jpeg"}],"author":"Redacci\u00f3n Aeronoticias","twitter_card":"summary_large_image","twitter_creator":"@aeronoticias","twitter_site":"@aeronoticias","twitter_misc":{"Escrito por":"Redacci\u00f3n Aeronoticias","Tiempo de lectura":"2 minutos"},"schema":{"@context":"https:\/\/schema.org","@graph":[{"@type":"WebPage","@id":"https:\/\/aeronoticias.com.pe\/noticiero\/transporte-aereo\/internacional\/boeing-despediria-al-10-del-personal-de-su-unidad-de-aviacion-civil\/","url":"https:\/\/aeronoticias.com.pe\/noticiero\/transporte-aereo\/internacional\/boeing-despediria-al-10-del-personal-de-su-unidad-de-aviacion-civil\/","name":"Boeing despedir\u00eda al 10% del personal de su unidad de aviaci\u00f3n civil","isPartOf":{"@id":"https:\/\/aeronoticias.com.pe\/noticiero\/#website"},"primaryImageOfPage":{"@id":"https:\/\/aeronoticias.com.pe\/noticiero\/transporte-aereo\/internacional\/boeing-despediria-al-10-del-personal-de-su-unidad-de-aviacion-civil\/#primaryimage"},"image":{"@id":"https:\/\/aeronoticias.com.pe\/noticiero\/transporte-aereo\/internacional\/boeing-despediria-al-10-del-personal-de-su-unidad-de-aviacion-civil\/#primaryimage"},"thumbnailUrl":"https:\/\/aeronoticias.com.pe\/noticiero\/wp-content\/uploads\/2020\/04\/Boeing-1.jpg","datePublished":"2020-04-23T01:47:29+00:00","dateModified":"2020-10-24T23:10:07+00:00","author":{"@id":"https:\/\/aeronoticias.com.pe\/noticiero\/#\/schema\/person\/fc1e5d578f4b62ba1cf7ac2bba1170a0"},"description":"Boeing planea reducir 10% la fuerza laboral en su unidad de aviaci\u00f3n civil para recortar costos debido a la crisis en las aerol\u00edneas por el coronavirus, dijeron a la AFP dos fuentes familiarizadas con el tema.","breadcrumb":{"@id":"https:\/\/aeronoticias.com.pe\/noticiero\/transporte-aereo\/internacional\/boeing-despediria-al-10-del-personal-de-su-unidad-de-aviacion-civil\/#breadcrumb"},"inLanguage":"es","potentialAction":[{"@type":"ReadAction","target":["https:\/\/aeronoticias.com.pe\/noticiero\/transporte-aereo\/internacional\/boeing-despediria-al-10-del-personal-de-su-unidad-de-aviacion-civil\/"]}]},{"@type":"ImageObject","inLanguage":"es","@id":"https:\/\/aeronoticias.com.pe\/noticiero\/transporte-aereo\/internacional\/boeing-despediria-al-10-del-personal-de-su-unidad-de-aviacion-civil\/#primaryimage","url":"https:\/\/aeronoticias.com.pe\/noticiero\/wp-content\/uploads\/2020\/04\/Boeing-1.jpg","contentUrl":"https:\/\/aeronoticias.com.pe\/noticiero\/wp-content\/uploads\/2020\/04\/Boeing-1.jpg","width":311,"height":162},{"@type":"BreadcrumbList","@id":"https:\/\/aeronoticias.com.pe\/noticiero\/transporte-aereo\/internacional\/boeing-despediria-al-10-del-personal-de-su-unidad-de-aviacion-civil\/#breadcrumb","itemListElement":[{"@type":"ListItem","position":1,"name":"Portada","item":"https:\/\/aeronoticias.com.pe\/noticiero\/"},{"@type":"ListItem","position":2,"name":"Boeing despedir\u00eda al 10% del personal de su unidad de aviaci\u00f3n civil"}]},{"@type":"WebSite","@id":"https:\/\/aeronoticias.com.pe\/noticiero\/#website","url":"https:\/\/aeronoticias.com.pe\/noticiero\/","name":"Aeronoticias.com.pe","description":"Noticias de tranporte aereo, turismo, hoteles, gastronomia, actualidad, internacional","potentialAction":[{"@type":"SearchAction","target":{"@type":"EntryPoint","urlTemplate":"https:\/\/aeronoticias.com.pe\/noticiero\/?s={search_term_string}"},"query-input":{"@type":"PropertyValueSpecification","valueRequired":true,"valueName":"search_term_string"}}],"inLanguage":"es"},{"@type":"Person","@id":"https:\/\/aeronoticias.com.pe\/noticiero\/#\/schema\/person\/fc1e5d578f4b62ba1cf7ac2bba1170a0","name":"Redacci\u00f3n Aeronoticias","url":"https:\/\/aeronoticias.com.pe\/noticiero\/author\/piloto\/"}]}},"_links":{"self":[{"href":"https:\/\/aeronoticias.com.pe\/noticiero\/wp-json\/wp\/v2\/posts\/59674","targetHints":{"allow":["GET"]}}],"collection":[{"href":"https:\/\/aeronoticias.com.pe\/noticiero\/wp-json\/wp\/v2\/posts"}],"about":[{"href":"https:\/\/aeronoticias.com.pe\/noticiero\/wp-json\/wp\/v2\/types\/post"}],"author":[{"embeddable":true,"href":"https:\/\/aeronoticias.com.pe\/noticiero\/wp-json\/wp\/v2\/users\/1"}],"replies":[{"embeddable":true,"href":"https:\/\/aeronoticias.com.pe\/noticiero\/wp-json\/wp\/v2\/comments?post=59674"}],"version-history":[{"count":0,"href":"https:\/\/aeronoticias.com.pe\/noticiero\/wp-json\/wp\/v2\/posts\/59674\/revisions"}],"wp:featuredmedia":[{"embeddable":true,"href":"https:\/\/aeronoticias.com.pe\/noticiero\/wp-json\/wp\/v2\/media\/64199"}],"wp:attachment":[{"href":"https:\/\/aeronoticias.com.pe\/noticiero\/wp-json\/wp\/v2\/media?parent=59674"}],"wp:term":[{"taxonomy":"category","embeddable":true,"href":"https:\/\/aeronoticias.com.pe\/noticiero\/wp-json\/wp\/v2\/categories?post=59674"},{"taxonomy":"post_tag","embeddable":true,"href":"https:\/\/aeronoticias.com.pe\/noticiero\/wp-json\/wp\/v2\/tags?post=59674"}],"curies":[{"name":"wp","href":"https:\/\/api.w.org\/{rel}","templated":true}]}}