{"id":59675,"date":"2020-04-24T03:37:29","date_gmt":"2020-04-24T03:37:29","guid":{"rendered":"http:\/\/desarrollo.mcvicious.com\/aero2020\/2020\/04\/24\/avianca-en-duda-de-mantenerse-ante-crisis-de-coronavirus\/"},"modified":"2020-10-24T23:07:17","modified_gmt":"2020-10-24T23:07:17","slug":"avianca-en-duda-de-mantenerse-ante-crisis-de-coronavirus","status":"publish","type":"post","link":"https:\/\/aeronoticias.com.pe\/noticiero\/transporte-aereo\/internacional\/avianca-en-duda-de-mantenerse-ante-crisis-de-coronavirus\/","title":{"rendered":"Avianca en duda de mantenerse operando ante crisis de coronavirus"},"content":{"rendered":"\n<p><span style=\"font-size: 12.16px;\">Los auditores financieros de la aerol\u00ednea colombiana Avianca Holdings concluyeron que existen \u00abdudas sustanciales\u00bb en cuanto a la capacidad de la compa\u00f1\u00eda para continuar en el negocio debido a la crisis del coronavirus, dijo el operador.<\/span><\/p>\n\n\n\n<p><span style=\"font-size: 12.16px;\">La revelaci\u00f3n se realiz\u00f3 este jueves en una presentaci\u00f3n de valores ante la Comisi\u00f3n de Bolsa y Valores de Estados Unidos en donde se explic\u00f3 por qu\u00e9 la empresa no pudo presentar a tiempo su informe anual de 2019.<\/span><\/p>\n\n\n\n<!--more-->\n\n\n\n<p><span style=\"font-size: 12.16px;\">Avianca anunci\u00f3 que presentar\u00e1 el informe en junio y espera revelar la conclusi\u00f3n hecha por la firma de contabilidad KPMG de que hab\u00eda serias dudas sobre la \u00abcapacidad de la aerol\u00ednea de continuar como una empresa en marcha\u00bb.<\/span><\/p>\n\n\n\n<p><span style=\"font-size: 12.16px;\">Avianca, la segunda aerol\u00ednea m\u00e1s grande de Am\u00e9rica Latina, suspendi\u00f3 todos sus vuelos de pasajeros desde marzo debido a la crisis del coronavirus, despu\u00e9s de que Colombia, El Salvador, Ecuador y Per\u00fa, en donde est\u00e1n sus principales centros de operaciones, cerraron el tr\u00e1fico a\u00e9reo.<\/span><\/p>\n\n\n\n<p><span style=\"font-size: 12.16px;\">Tambi\u00e9n envi\u00f3 alrededor de la mitad de su fuerza laboral a vacaciones no remuneradas y est\u00e1 buscando activamente ayuda del Gobierno, mientras difiere los pagos de los arrendamientos de aeronaves y los pr\u00e9stamos.<\/span><\/p>\n\n\n\n<p><span style=\"font-size: 12.16px;\">\u00abComo resultado, actualmente estamos en incumplimiento de ciertas deudas pendientes\u00bb, dijo la aerol\u00ednea en la presentaci\u00f3n de valores.<\/span><\/p>\n\n\n\n<p><span style=\"font-size: 12.16px;\">\u00abSi nuestras operaciones permanecen suspendidas por un per\u00edodo prolongado, es posible que tengamos que tomar m\u00e1s medidas para preservar nuestro negocio\u00bb.<\/span><\/p>\n\n\n\n<p><span style=\"font-size: 12.16px;\">La aerol\u00ednea ya estaba en una posici\u00f3n d\u00e9bil antes de que la crisis del COVID-19 la golpeara y requiri\u00f3 a un pr\u00e9stamo de emergencia de United Airlines Holdings en 2019 para cubrir sus deudas.<\/span><\/p>\n\n\n\n<p><span style=\"font-size: 12.16px;\">Roberto Kriete, presidente de la junta directiva de Avianca, dijo el a\u00f1o pasado en una reuni\u00f3n con empleados que la aerol\u00ednea estaba \u00aben quiebra\u00bb.<\/span><\/p>\n\n\n\n<p><span style=\"font-size: 12.16px;\">Kriete fue nombrado en mayo del a\u00f1o pasado cuando United Airlines derroc\u00f3 al expresidente y accionista controlador de Avianca, Germ\u00e1n Efromovich, despu\u00e9s de que incumpli\u00f3 un pr\u00e9stamo de 450 millones de d\u00f3lares que le deb\u00eda a United.<\/span><\/p>\n\n\n\n<p><span style=\"font-size: 12.16px;\">Ese pr\u00e9stamo a\u00fan no se ha reembolsado y est\u00e1 garantizado por el valor de Avianca, cuyas acciones cotizadas en Nueva York han ca\u00eddo un 77% este a\u00f1o.<\/span><\/p>\n\n\n\n<p><span style=\"font-size: 12.16px;\">Fuente: Reuters.<\/span><\/p>\n","protected":false},"excerpt":{"rendered":"<p>Los auditores financieros de la aerol\u00ednea colombiana Avianca Holdings concluyeron que existen \u00abdudas sustanciales\u00bb en cuanto a la capacidad de la compa\u00f1\u00eda para continuar en el negocio debido a la crisis del coronavirus, dijo el operador. La revelaci\u00f3n se realiz\u00f3 este jueves en una presentaci\u00f3n de valores ante la Comisi\u00f3n de Bolsa y Valores de [&hellip;]<\/p>\n","protected":false},"author":1,"featured_media":64196,"comment_status":"open","ping_status":"open","sticky":false,"template":"","format":"standard","meta":{"tdm_status":"","tdm_grid_status":"","footnotes":""},"categories":[32,51,11],"tags":[153,330,163,444,110],"class_list":{"0":"post-59675","1":"post","2":"type-post","3":"status-publish","4":"format-standard","5":"has-post-thumbnail","7":"category-internacional","8":"category-nacional","9":"category-transporte-aereo","10":"tag-avianca","11":"tag-avianca-holdings","12":"tag-coronavirus","13":"tag-covid","14":"tag-covid-19"},"yoast_head":"<!-- This site is optimized with the Yoast SEO plugin v25.1 - https:\/\/yoast.com\/wordpress\/plugins\/seo\/ -->\n<title>Avianca en duda de mantenerse operando ante crisis de coronavirus<\/title>\n<meta name=\"description\" content=\"Los auditores financieros de la aerol\u00ednea colombiana Avianca Holdings concluyeron que existen &quot;dudas sustanciales&quot; en cuanto a la capacidad de la compa\u00f1\u00eda para continuar en el negocio debido a la crisis del coronavirus, dijo el operador.\" \/>\n<meta name=\"robots\" content=\"index, follow, max-snippet:-1, max-image-preview:large, max-video-preview:-1\" \/>\n<link rel=\"canonical\" href=\"https:\/\/aeronoticias.com.pe\/noticiero\/transporte-aereo\/internacional\/avianca-en-duda-de-mantenerse-ante-crisis-de-coronavirus\/\" \/>\n<meta property=\"og:locale\" content=\"es_ES\" \/>\n<meta property=\"og:type\" content=\"article\" \/>\n<meta property=\"og:title\" content=\"Avianca en duda de mantenerse operando ante crisis de coronavirus\" \/>\n<meta property=\"og:description\" content=\"Los auditores financieros de la aerol\u00ednea colombiana Avianca Holdings concluyeron que existen &quot;dudas sustanciales&quot; en cuanto a la capacidad de la compa\u00f1\u00eda para continuar en el negocio debido a la crisis del coronavirus, dijo el operador.\" \/>\n<meta property=\"og:url\" content=\"https:\/\/aeronoticias.com.pe\/noticiero\/transporte-aereo\/internacional\/avianca-en-duda-de-mantenerse-ante-crisis-de-coronavirus\/\" \/>\n<meta property=\"og:site_name\" content=\"Aeronoticias.com.pe\" \/>\n<meta property=\"article:publisher\" content=\"https:\/\/www.facebook.com\/Aeronoticias.com.pe\/\" \/>\n<meta property=\"article:published_time\" content=\"2020-04-24T03:37:29+00:00\" \/>\n<meta property=\"article:modified_time\" content=\"2020-10-24T23:07:17+00:00\" \/>\n<meta property=\"og:image\" content=\"https:\/\/aeronoticias.com.pe\/noticiero\/wp-content\/uploads\/2020\/04\/Avianca-h.jpg\" \/>\n\t<meta property=\"og:image:width\" content=\"576\" \/>\n\t<meta property=\"og:image:height\" content=\"445\" \/>\n\t<meta property=\"og:image:type\" content=\"image\/jpeg\" \/>\n<meta name=\"author\" content=\"Redacci\u00f3n Aeronoticias\" \/>\n<meta name=\"twitter:card\" content=\"summary_large_image\" \/>\n<meta name=\"twitter:creator\" content=\"@aeronoticias\" \/>\n<meta name=\"twitter:site\" content=\"@aeronoticias\" \/>\n<meta name=\"twitter:label1\" content=\"Escrito por\" \/>\n\t<meta name=\"twitter:data1\" content=\"Redacci\u00f3n Aeronoticias\" \/>\n\t<meta name=\"twitter:label2\" content=\"Tiempo de lectura\" \/>\n\t<meta name=\"twitter:data2\" content=\"2 minutos\" \/>\n<script type=\"application\/ld+json\" class=\"yoast-schema-graph\">{\"@context\":\"https:\/\/schema.org\",\"@graph\":[{\"@type\":\"WebPage\",\"@id\":\"https:\/\/aeronoticias.com.pe\/noticiero\/transporte-aereo\/internacional\/avianca-en-duda-de-mantenerse-ante-crisis-de-coronavirus\/\",\"url\":\"https:\/\/aeronoticias.com.pe\/noticiero\/transporte-aereo\/internacional\/avianca-en-duda-de-mantenerse-ante-crisis-de-coronavirus\/\",\"name\":\"Avianca en duda de mantenerse operando ante crisis de coronavirus\",\"isPartOf\":{\"@id\":\"https:\/\/aeronoticias.com.pe\/noticiero\/#website\"},\"primaryImageOfPage\":{\"@id\":\"https:\/\/aeronoticias.com.pe\/noticiero\/transporte-aereo\/internacional\/avianca-en-duda-de-mantenerse-ante-crisis-de-coronavirus\/#primaryimage\"},\"image\":{\"@id\":\"https:\/\/aeronoticias.com.pe\/noticiero\/transporte-aereo\/internacional\/avianca-en-duda-de-mantenerse-ante-crisis-de-coronavirus\/#primaryimage\"},\"thumbnailUrl\":\"https:\/\/aeronoticias.com.pe\/noticiero\/wp-content\/uploads\/2020\/04\/Avianca-h.jpg\",\"datePublished\":\"2020-04-24T03:37:29+00:00\",\"dateModified\":\"2020-10-24T23:07:17+00:00\",\"author\":{\"@id\":\"https:\/\/aeronoticias.com.pe\/noticiero\/#\/schema\/person\/fc1e5d578f4b62ba1cf7ac2bba1170a0\"},\"description\":\"Los auditores financieros de la aerol\u00ednea colombiana Avianca Holdings concluyeron que existen \\\"dudas sustanciales\\\" en cuanto a la capacidad de la compa\u00f1\u00eda para continuar en el negocio debido a la crisis del coronavirus, dijo el operador.\",\"breadcrumb\":{\"@id\":\"https:\/\/aeronoticias.com.pe\/noticiero\/transporte-aereo\/internacional\/avianca-en-duda-de-mantenerse-ante-crisis-de-coronavirus\/#breadcrumb\"},\"inLanguage\":\"es\",\"potentialAction\":[{\"@type\":\"ReadAction\",\"target\":[\"https:\/\/aeronoticias.com.pe\/noticiero\/transporte-aereo\/internacional\/avianca-en-duda-de-mantenerse-ante-crisis-de-coronavirus\/\"]}]},{\"@type\":\"ImageObject\",\"inLanguage\":\"es\",\"@id\":\"https:\/\/aeronoticias.com.pe\/noticiero\/transporte-aereo\/internacional\/avianca-en-duda-de-mantenerse-ante-crisis-de-coronavirus\/#primaryimage\",\"url\":\"https:\/\/aeronoticias.com.pe\/noticiero\/wp-content\/uploads\/2020\/04\/Avianca-h.jpg\",\"contentUrl\":\"https:\/\/aeronoticias.com.pe\/noticiero\/wp-content\/uploads\/2020\/04\/Avianca-h.jpg\",\"width\":576,\"height\":445},{\"@type\":\"BreadcrumbList\",\"@id\":\"https:\/\/aeronoticias.com.pe\/noticiero\/transporte-aereo\/internacional\/avianca-en-duda-de-mantenerse-ante-crisis-de-coronavirus\/#breadcrumb\",\"itemListElement\":[{\"@type\":\"ListItem\",\"position\":1,\"name\":\"Portada\",\"item\":\"https:\/\/aeronoticias.com.pe\/noticiero\/\"},{\"@type\":\"ListItem\",\"position\":2,\"name\":\"Avianca en duda de mantenerse operando ante crisis de coronavirus\"}]},{\"@type\":\"WebSite\",\"@id\":\"https:\/\/aeronoticias.com.pe\/noticiero\/#website\",\"url\":\"https:\/\/aeronoticias.com.pe\/noticiero\/\",\"name\":\"Aeronoticias.com.pe\",\"description\":\"Noticias de tranporte aereo, turismo, hoteles, gastronomia, actualidad, internacional\",\"potentialAction\":[{\"@type\":\"SearchAction\",\"target\":{\"@type\":\"EntryPoint\",\"urlTemplate\":\"https:\/\/aeronoticias.com.pe\/noticiero\/?s={search_term_string}\"},\"query-input\":{\"@type\":\"PropertyValueSpecification\",\"valueRequired\":true,\"valueName\":\"search_term_string\"}}],\"inLanguage\":\"es\"},{\"@type\":\"Person\",\"@id\":\"https:\/\/aeronoticias.com.pe\/noticiero\/#\/schema\/person\/fc1e5d578f4b62ba1cf7ac2bba1170a0\",\"name\":\"Redacci\u00f3n Aeronoticias\",\"url\":\"https:\/\/aeronoticias.com.pe\/noticiero\/author\/piloto\/\"}]}<\/script>\n<!-- \/ Yoast SEO plugin. -->","yoast_head_json":{"title":"Avianca en duda de mantenerse operando ante crisis de coronavirus","description":"Los auditores financieros de la aerol\u00ednea colombiana Avianca Holdings concluyeron que existen \"dudas sustanciales\" en cuanto a la capacidad de la compa\u00f1\u00eda para continuar en el negocio debido a la crisis del coronavirus, dijo el operador.","robots":{"index":"index","follow":"follow","max-snippet":"max-snippet:-1","max-image-preview":"max-image-preview:large","max-video-preview":"max-video-preview:-1"},"canonical":"https:\/\/aeronoticias.com.pe\/noticiero\/transporte-aereo\/internacional\/avianca-en-duda-de-mantenerse-ante-crisis-de-coronavirus\/","og_locale":"es_ES","og_type":"article","og_title":"Avianca en duda de mantenerse operando ante crisis de coronavirus","og_description":"Los auditores financieros de la aerol\u00ednea colombiana Avianca Holdings concluyeron que existen \"dudas sustanciales\" en cuanto a la capacidad de la compa\u00f1\u00eda para continuar en el negocio debido a la crisis del coronavirus, dijo el operador.","og_url":"https:\/\/aeronoticias.com.pe\/noticiero\/transporte-aereo\/internacional\/avianca-en-duda-de-mantenerse-ante-crisis-de-coronavirus\/","og_site_name":"Aeronoticias.com.pe","article_publisher":"https:\/\/www.facebook.com\/Aeronoticias.com.pe\/","article_published_time":"2020-04-24T03:37:29+00:00","article_modified_time":"2020-10-24T23:07:17+00:00","og_image":[{"width":576,"height":445,"url":"https:\/\/aeronoticias.com.pe\/noticiero\/wp-content\/uploads\/2020\/04\/Avianca-h.jpg","type":"image\/jpeg"}],"author":"Redacci\u00f3n Aeronoticias","twitter_card":"summary_large_image","twitter_creator":"@aeronoticias","twitter_site":"@aeronoticias","twitter_misc":{"Escrito por":"Redacci\u00f3n Aeronoticias","Tiempo de lectura":"2 minutos"},"schema":{"@context":"https:\/\/schema.org","@graph":[{"@type":"WebPage","@id":"https:\/\/aeronoticias.com.pe\/noticiero\/transporte-aereo\/internacional\/avianca-en-duda-de-mantenerse-ante-crisis-de-coronavirus\/","url":"https:\/\/aeronoticias.com.pe\/noticiero\/transporte-aereo\/internacional\/avianca-en-duda-de-mantenerse-ante-crisis-de-coronavirus\/","name":"Avianca en duda de mantenerse operando ante crisis de coronavirus","isPartOf":{"@id":"https:\/\/aeronoticias.com.pe\/noticiero\/#website"},"primaryImageOfPage":{"@id":"https:\/\/aeronoticias.com.pe\/noticiero\/transporte-aereo\/internacional\/avianca-en-duda-de-mantenerse-ante-crisis-de-coronavirus\/#primaryimage"},"image":{"@id":"https:\/\/aeronoticias.com.pe\/noticiero\/transporte-aereo\/internacional\/avianca-en-duda-de-mantenerse-ante-crisis-de-coronavirus\/#primaryimage"},"thumbnailUrl":"https:\/\/aeronoticias.com.pe\/noticiero\/wp-content\/uploads\/2020\/04\/Avianca-h.jpg","datePublished":"2020-04-24T03:37:29+00:00","dateModified":"2020-10-24T23:07:17+00:00","author":{"@id":"https:\/\/aeronoticias.com.pe\/noticiero\/#\/schema\/person\/fc1e5d578f4b62ba1cf7ac2bba1170a0"},"description":"Los auditores financieros de la aerol\u00ednea colombiana Avianca Holdings concluyeron que existen \"dudas sustanciales\" en cuanto a la capacidad de la compa\u00f1\u00eda para continuar en el negocio debido a la crisis del coronavirus, dijo el operador.","breadcrumb":{"@id":"https:\/\/aeronoticias.com.pe\/noticiero\/transporte-aereo\/internacional\/avianca-en-duda-de-mantenerse-ante-crisis-de-coronavirus\/#breadcrumb"},"inLanguage":"es","potentialAction":[{"@type":"ReadAction","target":["https:\/\/aeronoticias.com.pe\/noticiero\/transporte-aereo\/internacional\/avianca-en-duda-de-mantenerse-ante-crisis-de-coronavirus\/"]}]},{"@type":"ImageObject","inLanguage":"es","@id":"https:\/\/aeronoticias.com.pe\/noticiero\/transporte-aereo\/internacional\/avianca-en-duda-de-mantenerse-ante-crisis-de-coronavirus\/#primaryimage","url":"https:\/\/aeronoticias.com.pe\/noticiero\/wp-content\/uploads\/2020\/04\/Avianca-h.jpg","contentUrl":"https:\/\/aeronoticias.com.pe\/noticiero\/wp-content\/uploads\/2020\/04\/Avianca-h.jpg","width":576,"height":445},{"@type":"BreadcrumbList","@id":"https:\/\/aeronoticias.com.pe\/noticiero\/transporte-aereo\/internacional\/avianca-en-duda-de-mantenerse-ante-crisis-de-coronavirus\/#breadcrumb","itemListElement":[{"@type":"ListItem","position":1,"name":"Portada","item":"https:\/\/aeronoticias.com.pe\/noticiero\/"},{"@type":"ListItem","position":2,"name":"Avianca en duda de mantenerse operando ante crisis de coronavirus"}]},{"@type":"WebSite","@id":"https:\/\/aeronoticias.com.pe\/noticiero\/#website","url":"https:\/\/aeronoticias.com.pe\/noticiero\/","name":"Aeronoticias.com.pe","description":"Noticias de tranporte aereo, turismo, hoteles, gastronomia, actualidad, internacional","potentialAction":[{"@type":"SearchAction","target":{"@type":"EntryPoint","urlTemplate":"https:\/\/aeronoticias.com.pe\/noticiero\/?s={search_term_string}"},"query-input":{"@type":"PropertyValueSpecification","valueRequired":true,"valueName":"search_term_string"}}],"inLanguage":"es"},{"@type":"Person","@id":"https:\/\/aeronoticias.com.pe\/noticiero\/#\/schema\/person\/fc1e5d578f4b62ba1cf7ac2bba1170a0","name":"Redacci\u00f3n Aeronoticias","url":"https:\/\/aeronoticias.com.pe\/noticiero\/author\/piloto\/"}]}},"_links":{"self":[{"href":"https:\/\/aeronoticias.com.pe\/noticiero\/wp-json\/wp\/v2\/posts\/59675","targetHints":{"allow":["GET"]}}],"collection":[{"href":"https:\/\/aeronoticias.com.pe\/noticiero\/wp-json\/wp\/v2\/posts"}],"about":[{"href":"https:\/\/aeronoticias.com.pe\/noticiero\/wp-json\/wp\/v2\/types\/post"}],"author":[{"embeddable":true,"href":"https:\/\/aeronoticias.com.pe\/noticiero\/wp-json\/wp\/v2\/users\/1"}],"replies":[{"embeddable":true,"href":"https:\/\/aeronoticias.com.pe\/noticiero\/wp-json\/wp\/v2\/comments?post=59675"}],"version-history":[{"count":0,"href":"https:\/\/aeronoticias.com.pe\/noticiero\/wp-json\/wp\/v2\/posts\/59675\/revisions"}],"wp:featuredmedia":[{"embeddable":true,"href":"https:\/\/aeronoticias.com.pe\/noticiero\/wp-json\/wp\/v2\/media\/64196"}],"wp:attachment":[{"href":"https:\/\/aeronoticias.com.pe\/noticiero\/wp-json\/wp\/v2\/media?parent=59675"}],"wp:term":[{"taxonomy":"category","embeddable":true,"href":"https:\/\/aeronoticias.com.pe\/noticiero\/wp-json\/wp\/v2\/categories?post=59675"},{"taxonomy":"post_tag","embeddable":true,"href":"https:\/\/aeronoticias.com.pe\/noticiero\/wp-json\/wp\/v2\/tags?post=59675"}],"curies":[{"name":"wp","href":"https:\/\/api.w.org\/{rel}","templated":true}]}}