{"id":59678,"date":"2020-04-24T23:42:20","date_gmt":"2020-04-24T23:42:20","guid":{"rendered":"http:\/\/desarrollo.mcvicious.com\/aero2020\/2020\/04\/24\/la-falta-de-liquidez-amenaza-a-lufthansa-con-su-nacionalizacion\/"},"modified":"2020-10-24T22:48:31","modified_gmt":"2020-10-24T22:48:31","slug":"la-falta-de-liquidez-amenaza-a-lufthansa-con-su-nacionalizacion","status":"publish","type":"post","link":"https:\/\/aeronoticias.com.pe\/noticiero\/transporte-aereo\/internacional\/la-falta-de-liquidez-amenaza-a-lufthansa-con-su-nacionalizacion\/","title":{"rendered":"La falta de liquidez amenaza a Lufthansa con su nacionalizaci\u00f3n"},"content":{"rendered":"\n<p>Lufthansa ha lanzado un SOS a los gobiernos de Alemania, Austria, Suiza y B\u00e9lgica para poder sobrevivir a la crisis del coronavirus.<\/p>\n\n\n\n<p>La aerol\u00ednea ha reconocido que tiene serios problemas para hacer frente a sus gastos fijos con la caja que tiene y los cr\u00e9ditos que est\u00e1 logrando en el mercado por lo que va a necesitar el respaldo de los distintos estados centroeuropeos, con los que est\u00e1 negociando un rescate de 10.000 millones.<\/p>\n\n\n\n<p class=\"p1\">\u201cEl grupo est\u00e1 en intensas negociaciones con los gobiernos de sus pa\u00edses de origen para lograr diversos instrumentos financieros con los que asegurar la solvencia financiera en un futuro\u201d, explica la compa\u00f1\u00eda en un comunicado.<\/p>\n\n\n\n<p class=\"p1\">Y es que Lufthansa espera una fuerte disminuci\u00f3n de su liquidez en las pr\u00f3ximas semanas ya que tiene que hacer frente a reembolso de los billetes cancelados y pagar miles de millones en facturas en un momento en el que no generan pr\u00e1cticamente ingresos y no prev\u00e9n hacerlo en mucho tiempo por la falta de visibilidad en la recuperaci\u00f3n del transporte. \u201cLa falta de liquidez empieza a ser un problema muy grave en el sector. O llega el dinero ahora o muchas compa\u00f1\u00edas no podr\u00e1n arrancar\u201d, explican fuentes del sector.<\/p>\n\n\n\n<p class=\"p1\">Aunque Lufthansa se ha limitado a solicitar ayuda financiera, lo cierto es que la complicada situaci\u00f3n que atraviesa poner en riesgo su supervivencia y la asoma a una nacionalizaci\u00f3n, al menos parcial. Y es que el gobierno de Angela Merkel podr\u00eda optar por pedir como garant\u00eda acciones de la compa\u00f1\u00eda a cambio de una inyecci\u00f3n de liquidez directa o entrar directamente en el capital si no consiguen suficientes fondos en el sistema financiero. Ante la posibilidad de que los pa\u00edses del centro de Europa salgan al rescate de Lufthansa, Ryanair ya ha anunciado que denunciar\u00e1 las ayudas p\u00fablicas ante la Uni\u00f3n Europea que, por su parte, ya ha empezado a aflojar el cors\u00e9 y ha dado v\u00eda a los rescates.<\/p>\n\n\n\n<p class=\"p1\">\u201cLa liquidez disponible asciende actualmente a unos 4.400 millones de euros. Las medidas de financiaci\u00f3n por un total de 900 millones de euros desde mediados de marzo han ayudado a fortalecer la liquidez\u201d, se\u00f1ala la compa\u00f1\u00eda, que no tiene caja suficiente para hacer frente a los gastos a largo plazo pese a que los ha reducido mucho al dejar la flota en tierra, cancelar y retrasar pedidos de aviones, suspender el dividendo, acelerar el cierre de Germanwins y la retirada de aeronaves y aplicar ajustes en la plantilla.<\/p>\n\n\n\n<p class=\"p1\">Y es que, solo en el primer trimestre del a\u00f1o ha registrado una p\u00e9rdida operativa de 1.200 millones de euros (334 millones en 2019) que se espera que se dispare en segundo trimestre ante la posibilidad de afrontar varios meses en blanco. \u201cNo es posible prever cu\u00e1ndo podremos volver a volar con normalidad, por lo que se espera una p\u00e9rdida operativa considerablemente mayor en el segundo trimestre\u201d, explica Lufthansa.<\/p>\n\n\n\n<p class=\"p1\">En el primer trimestre del a\u00f1o, los ingresos del grupo cayeron un 18% a 6.400 millones de euros debido a que solo en marzo los ingresos disminuyeron en casi 1.400 millones de euros o un 47%. La reducci\u00f3n de los costes solo han compensado parcialmente la ca\u00edda de los ingresos de los primeros meses, que ser\u00e1 mucho m\u00e1s profunda en los pr\u00f3ximos meses ya que no se sabe ni cu\u00e1ndo ni c\u00f3mo podr\u00e1n volver a operar las aerol\u00edneas. En este punto, la posibilidad de que una fase de desescalada incluye restricciones a la operaci\u00f3n como la distancia social o la limitaci\u00f3n de rutas pone en peligro el modelo de negocio actual de la compa\u00f1\u00edas y podr\u00eda acelerar quiebras.<\/p>\n\n\n\n<p class=\"p1\">Aunque las nacionalizaciones masivas y las ayudas estatales directas empiezan a estar encima de la mesa para salvar el sector privado de la crisis del coronavirus, Bruselas ha dejado claro que las inyecciones de dinero p\u00fablico, o nacionalizaciones completas, son un \u201c\u00faltimo recurso\u201d. La instituci\u00f3n comunitaria explica que este tipo de movimientos son \u201cmuy distorsionadores\u201d para la libre competencia porque estas operaciones estar\u00e1n sujetas a \u201ccondiciones claras en cuanto a la entrada, remuneraci\u00f3n y salida del Estado de las empresas, las disposiciones de gobernanza y las medidas apropiadas para limitar las distorsiones de la competencia\u201d.<\/p>\n\n\n\n<p class=\"p1\">Fuente: <span style=\"text-decoration: underline;\"><em><strong>El Economista<\/strong><\/em><\/span>.<\/p>\n","protected":false},"excerpt":{"rendered":"<p>Lufthansa ha lanzado un SOS a los gobiernos de Alemania, Austria, Suiza y B\u00e9lgica para poder sobrevivir a la crisis del coronavirus. La aerol\u00ednea ha reconocido que tiene serios problemas para hacer frente a sus gastos fijos con la caja que tiene y los cr\u00e9ditos que est\u00e1 logrando en el mercado por lo que va [&hellip;]<\/p>\n","protected":false},"author":1,"featured_media":64191,"comment_status":"open","ping_status":"open","sticky":false,"template":"","format":"standard","meta":{"tdm_status":"","tdm_grid_status":"","footnotes":""},"categories":[32,11],"tags":[163,342],"class_list":{"0":"post-59678","1":"post","2":"type-post","3":"status-publish","4":"format-standard","5":"has-post-thumbnail","7":"category-internacional","8":"category-transporte-aereo","9":"tag-coronavirus","10":"tag-lufthansa"},"yoast_head":"<!-- This site is optimized with the Yoast SEO plugin v25.1 - https:\/\/yoast.com\/wordpress\/plugins\/seo\/ -->\n<title>La falta de liquidez amenaza a Lufthansa con su nacionalizaci\u00f3n<\/title>\n<meta name=\"description\" content=\"Lufthansa ha lanzado un SOS a los gobiernos de Alemania, Austria, Suiza y B\u00e9lgica para poder sobrevivir a la crisis del coronavirus.\" \/>\n<meta name=\"robots\" content=\"index, follow, max-snippet:-1, max-image-preview:large, max-video-preview:-1\" \/>\n<link rel=\"canonical\" href=\"https:\/\/aeronoticias.com.pe\/noticiero\/transporte-aereo\/internacional\/la-falta-de-liquidez-amenaza-a-lufthansa-con-su-nacionalizacion\/\" \/>\n<meta property=\"og:locale\" content=\"es_ES\" \/>\n<meta property=\"og:type\" content=\"article\" \/>\n<meta property=\"og:title\" content=\"La falta de liquidez amenaza a Lufthansa con su nacionalizaci\u00f3n\" \/>\n<meta property=\"og:description\" content=\"Lufthansa ha lanzado un SOS a los gobiernos de Alemania, Austria, Suiza y B\u00e9lgica para poder sobrevivir a la crisis del coronavirus.\" \/>\n<meta property=\"og:url\" content=\"https:\/\/aeronoticias.com.pe\/noticiero\/transporte-aereo\/internacional\/la-falta-de-liquidez-amenaza-a-lufthansa-con-su-nacionalizacion\/\" \/>\n<meta property=\"og:site_name\" content=\"Aeronoticias.com.pe\" \/>\n<meta property=\"article:publisher\" content=\"https:\/\/www.facebook.com\/Aeronoticias.com.pe\/\" \/>\n<meta property=\"article:published_time\" content=\"2020-04-24T23:42:20+00:00\" \/>\n<meta property=\"article:modified_time\" content=\"2020-10-24T22:48:31+00:00\" \/>\n<meta property=\"og:image\" content=\"https:\/\/aeronoticias.com.pe\/noticiero\/wp-content\/uploads\/2020\/04\/Lufthansa.jpg\" \/>\n\t<meta property=\"og:image:width\" content=\"1500\" \/>\n\t<meta property=\"og:image:height\" content=\"1000\" \/>\n\t<meta property=\"og:image:type\" content=\"image\/jpeg\" \/>\n<meta name=\"author\" content=\"Redacci\u00f3n Aeronoticias\" \/>\n<meta name=\"twitter:card\" content=\"summary_large_image\" \/>\n<meta name=\"twitter:creator\" content=\"@aeronoticias\" \/>\n<meta name=\"twitter:site\" content=\"@aeronoticias\" \/>\n<meta name=\"twitter:label1\" content=\"Escrito por\" \/>\n\t<meta name=\"twitter:data1\" content=\"Redacci\u00f3n Aeronoticias\" \/>\n\t<meta name=\"twitter:label2\" content=\"Tiempo de lectura\" \/>\n\t<meta name=\"twitter:data2\" content=\"4 minutos\" \/>\n<script type=\"application\/ld+json\" class=\"yoast-schema-graph\">{\"@context\":\"https:\/\/schema.org\",\"@graph\":[{\"@type\":\"WebPage\",\"@id\":\"https:\/\/aeronoticias.com.pe\/noticiero\/transporte-aereo\/internacional\/la-falta-de-liquidez-amenaza-a-lufthansa-con-su-nacionalizacion\/\",\"url\":\"https:\/\/aeronoticias.com.pe\/noticiero\/transporte-aereo\/internacional\/la-falta-de-liquidez-amenaza-a-lufthansa-con-su-nacionalizacion\/\",\"name\":\"La falta de liquidez amenaza a Lufthansa con su nacionalizaci\u00f3n\",\"isPartOf\":{\"@id\":\"https:\/\/aeronoticias.com.pe\/noticiero\/#website\"},\"primaryImageOfPage\":{\"@id\":\"https:\/\/aeronoticias.com.pe\/noticiero\/transporte-aereo\/internacional\/la-falta-de-liquidez-amenaza-a-lufthansa-con-su-nacionalizacion\/#primaryimage\"},\"image\":{\"@id\":\"https:\/\/aeronoticias.com.pe\/noticiero\/transporte-aereo\/internacional\/la-falta-de-liquidez-amenaza-a-lufthansa-con-su-nacionalizacion\/#primaryimage\"},\"thumbnailUrl\":\"https:\/\/aeronoticias.com.pe\/noticiero\/wp-content\/uploads\/2020\/04\/Lufthansa.jpg\",\"datePublished\":\"2020-04-24T23:42:20+00:00\",\"dateModified\":\"2020-10-24T22:48:31+00:00\",\"author\":{\"@id\":\"https:\/\/aeronoticias.com.pe\/noticiero\/#\/schema\/person\/fc1e5d578f4b62ba1cf7ac2bba1170a0\"},\"description\":\"Lufthansa ha lanzado un SOS a los gobiernos de Alemania, Austria, Suiza y B\u00e9lgica para poder sobrevivir a la crisis del coronavirus.\",\"breadcrumb\":{\"@id\":\"https:\/\/aeronoticias.com.pe\/noticiero\/transporte-aereo\/internacional\/la-falta-de-liquidez-amenaza-a-lufthansa-con-su-nacionalizacion\/#breadcrumb\"},\"inLanguage\":\"es\",\"potentialAction\":[{\"@type\":\"ReadAction\",\"target\":[\"https:\/\/aeronoticias.com.pe\/noticiero\/transporte-aereo\/internacional\/la-falta-de-liquidez-amenaza-a-lufthansa-con-su-nacionalizacion\/\"]}]},{\"@type\":\"ImageObject\",\"inLanguage\":\"es\",\"@id\":\"https:\/\/aeronoticias.com.pe\/noticiero\/transporte-aereo\/internacional\/la-falta-de-liquidez-amenaza-a-lufthansa-con-su-nacionalizacion\/#primaryimage\",\"url\":\"https:\/\/aeronoticias.com.pe\/noticiero\/wp-content\/uploads\/2020\/04\/Lufthansa.jpg\",\"contentUrl\":\"https:\/\/aeronoticias.com.pe\/noticiero\/wp-content\/uploads\/2020\/04\/Lufthansa.jpg\",\"width\":1500,\"height\":1000},{\"@type\":\"BreadcrumbList\",\"@id\":\"https:\/\/aeronoticias.com.pe\/noticiero\/transporte-aereo\/internacional\/la-falta-de-liquidez-amenaza-a-lufthansa-con-su-nacionalizacion\/#breadcrumb\",\"itemListElement\":[{\"@type\":\"ListItem\",\"position\":1,\"name\":\"Portada\",\"item\":\"https:\/\/aeronoticias.com.pe\/noticiero\/\"},{\"@type\":\"ListItem\",\"position\":2,\"name\":\"La falta de liquidez amenaza a Lufthansa con su nacionalizaci\u00f3n\"}]},{\"@type\":\"WebSite\",\"@id\":\"https:\/\/aeronoticias.com.pe\/noticiero\/#website\",\"url\":\"https:\/\/aeronoticias.com.pe\/noticiero\/\",\"name\":\"Aeronoticias.com.pe\",\"description\":\"Noticias de tranporte aereo, turismo, hoteles, gastronomia, actualidad, internacional\",\"potentialAction\":[{\"@type\":\"SearchAction\",\"target\":{\"@type\":\"EntryPoint\",\"urlTemplate\":\"https:\/\/aeronoticias.com.pe\/noticiero\/?s={search_term_string}\"},\"query-input\":{\"@type\":\"PropertyValueSpecification\",\"valueRequired\":true,\"valueName\":\"search_term_string\"}}],\"inLanguage\":\"es\"},{\"@type\":\"Person\",\"@id\":\"https:\/\/aeronoticias.com.pe\/noticiero\/#\/schema\/person\/fc1e5d578f4b62ba1cf7ac2bba1170a0\",\"name\":\"Redacci\u00f3n Aeronoticias\",\"url\":\"https:\/\/aeronoticias.com.pe\/noticiero\/author\/piloto\/\"}]}<\/script>\n<!-- \/ Yoast SEO plugin. -->","yoast_head_json":{"title":"La falta de liquidez amenaza a Lufthansa con su nacionalizaci\u00f3n","description":"Lufthansa ha lanzado un SOS a los gobiernos de Alemania, Austria, Suiza y B\u00e9lgica para poder sobrevivir a la crisis del coronavirus.","robots":{"index":"index","follow":"follow","max-snippet":"max-snippet:-1","max-image-preview":"max-image-preview:large","max-video-preview":"max-video-preview:-1"},"canonical":"https:\/\/aeronoticias.com.pe\/noticiero\/transporte-aereo\/internacional\/la-falta-de-liquidez-amenaza-a-lufthansa-con-su-nacionalizacion\/","og_locale":"es_ES","og_type":"article","og_title":"La falta de liquidez amenaza a Lufthansa con su nacionalizaci\u00f3n","og_description":"Lufthansa ha lanzado un SOS a los gobiernos de Alemania, Austria, Suiza y B\u00e9lgica para poder sobrevivir a la crisis del coronavirus.","og_url":"https:\/\/aeronoticias.com.pe\/noticiero\/transporte-aereo\/internacional\/la-falta-de-liquidez-amenaza-a-lufthansa-con-su-nacionalizacion\/","og_site_name":"Aeronoticias.com.pe","article_publisher":"https:\/\/www.facebook.com\/Aeronoticias.com.pe\/","article_published_time":"2020-04-24T23:42:20+00:00","article_modified_time":"2020-10-24T22:48:31+00:00","og_image":[{"width":1500,"height":1000,"url":"https:\/\/aeronoticias.com.pe\/noticiero\/wp-content\/uploads\/2020\/04\/Lufthansa.jpg","type":"image\/jpeg"}],"author":"Redacci\u00f3n Aeronoticias","twitter_card":"summary_large_image","twitter_creator":"@aeronoticias","twitter_site":"@aeronoticias","twitter_misc":{"Escrito por":"Redacci\u00f3n Aeronoticias","Tiempo de lectura":"4 minutos"},"schema":{"@context":"https:\/\/schema.org","@graph":[{"@type":"WebPage","@id":"https:\/\/aeronoticias.com.pe\/noticiero\/transporte-aereo\/internacional\/la-falta-de-liquidez-amenaza-a-lufthansa-con-su-nacionalizacion\/","url":"https:\/\/aeronoticias.com.pe\/noticiero\/transporte-aereo\/internacional\/la-falta-de-liquidez-amenaza-a-lufthansa-con-su-nacionalizacion\/","name":"La falta de liquidez amenaza a Lufthansa con su nacionalizaci\u00f3n","isPartOf":{"@id":"https:\/\/aeronoticias.com.pe\/noticiero\/#website"},"primaryImageOfPage":{"@id":"https:\/\/aeronoticias.com.pe\/noticiero\/transporte-aereo\/internacional\/la-falta-de-liquidez-amenaza-a-lufthansa-con-su-nacionalizacion\/#primaryimage"},"image":{"@id":"https:\/\/aeronoticias.com.pe\/noticiero\/transporte-aereo\/internacional\/la-falta-de-liquidez-amenaza-a-lufthansa-con-su-nacionalizacion\/#primaryimage"},"thumbnailUrl":"https:\/\/aeronoticias.com.pe\/noticiero\/wp-content\/uploads\/2020\/04\/Lufthansa.jpg","datePublished":"2020-04-24T23:42:20+00:00","dateModified":"2020-10-24T22:48:31+00:00","author":{"@id":"https:\/\/aeronoticias.com.pe\/noticiero\/#\/schema\/person\/fc1e5d578f4b62ba1cf7ac2bba1170a0"},"description":"Lufthansa ha lanzado un SOS a los gobiernos de Alemania, Austria, Suiza y B\u00e9lgica para poder sobrevivir a la crisis del coronavirus.","breadcrumb":{"@id":"https:\/\/aeronoticias.com.pe\/noticiero\/transporte-aereo\/internacional\/la-falta-de-liquidez-amenaza-a-lufthansa-con-su-nacionalizacion\/#breadcrumb"},"inLanguage":"es","potentialAction":[{"@type":"ReadAction","target":["https:\/\/aeronoticias.com.pe\/noticiero\/transporte-aereo\/internacional\/la-falta-de-liquidez-amenaza-a-lufthansa-con-su-nacionalizacion\/"]}]},{"@type":"ImageObject","inLanguage":"es","@id":"https:\/\/aeronoticias.com.pe\/noticiero\/transporte-aereo\/internacional\/la-falta-de-liquidez-amenaza-a-lufthansa-con-su-nacionalizacion\/#primaryimage","url":"https:\/\/aeronoticias.com.pe\/noticiero\/wp-content\/uploads\/2020\/04\/Lufthansa.jpg","contentUrl":"https:\/\/aeronoticias.com.pe\/noticiero\/wp-content\/uploads\/2020\/04\/Lufthansa.jpg","width":1500,"height":1000},{"@type":"BreadcrumbList","@id":"https:\/\/aeronoticias.com.pe\/noticiero\/transporte-aereo\/internacional\/la-falta-de-liquidez-amenaza-a-lufthansa-con-su-nacionalizacion\/#breadcrumb","itemListElement":[{"@type":"ListItem","position":1,"name":"Portada","item":"https:\/\/aeronoticias.com.pe\/noticiero\/"},{"@type":"ListItem","position":2,"name":"La falta de liquidez amenaza a Lufthansa con su nacionalizaci\u00f3n"}]},{"@type":"WebSite","@id":"https:\/\/aeronoticias.com.pe\/noticiero\/#website","url":"https:\/\/aeronoticias.com.pe\/noticiero\/","name":"Aeronoticias.com.pe","description":"Noticias de tranporte aereo, turismo, hoteles, gastronomia, actualidad, internacional","potentialAction":[{"@type":"SearchAction","target":{"@type":"EntryPoint","urlTemplate":"https:\/\/aeronoticias.com.pe\/noticiero\/?s={search_term_string}"},"query-input":{"@type":"PropertyValueSpecification","valueRequired":true,"valueName":"search_term_string"}}],"inLanguage":"es"},{"@type":"Person","@id":"https:\/\/aeronoticias.com.pe\/noticiero\/#\/schema\/person\/fc1e5d578f4b62ba1cf7ac2bba1170a0","name":"Redacci\u00f3n Aeronoticias","url":"https:\/\/aeronoticias.com.pe\/noticiero\/author\/piloto\/"}]}},"_links":{"self":[{"href":"https:\/\/aeronoticias.com.pe\/noticiero\/wp-json\/wp\/v2\/posts\/59678","targetHints":{"allow":["GET"]}}],"collection":[{"href":"https:\/\/aeronoticias.com.pe\/noticiero\/wp-json\/wp\/v2\/posts"}],"about":[{"href":"https:\/\/aeronoticias.com.pe\/noticiero\/wp-json\/wp\/v2\/types\/post"}],"author":[{"embeddable":true,"href":"https:\/\/aeronoticias.com.pe\/noticiero\/wp-json\/wp\/v2\/users\/1"}],"replies":[{"embeddable":true,"href":"https:\/\/aeronoticias.com.pe\/noticiero\/wp-json\/wp\/v2\/comments?post=59678"}],"version-history":[{"count":0,"href":"https:\/\/aeronoticias.com.pe\/noticiero\/wp-json\/wp\/v2\/posts\/59678\/revisions"}],"wp:featuredmedia":[{"embeddable":true,"href":"https:\/\/aeronoticias.com.pe\/noticiero\/wp-json\/wp\/v2\/media\/64191"}],"wp:attachment":[{"href":"https:\/\/aeronoticias.com.pe\/noticiero\/wp-json\/wp\/v2\/media?parent=59678"}],"wp:term":[{"taxonomy":"category","embeddable":true,"href":"https:\/\/aeronoticias.com.pe\/noticiero\/wp-json\/wp\/v2\/categories?post=59678"},{"taxonomy":"post_tag","embeddable":true,"href":"https:\/\/aeronoticias.com.pe\/noticiero\/wp-json\/wp\/v2\/tags?post=59678"}],"curies":[{"name":"wp","href":"https:\/\/api.w.org\/{rel}","templated":true}]}}