{"id":59679,"date":"2020-04-24T23:47:50","date_gmt":"2020-04-24T23:47:50","guid":{"rendered":"http:\/\/desarrollo.mcvicious.com\/aero2020\/2020\/04\/24\/el-gobierno-italiano-tomara-el-control-total-de-alitalia-en-junio-dice-ministro\/"},"modified":"2020-10-24T22:45:17","modified_gmt":"2020-10-24T22:45:17","slug":"el-gobierno-italiano-tomara-el-control-total-de-alitalia-en-junio-dice-ministro","status":"publish","type":"post","link":"https:\/\/aeronoticias.com.pe\/noticiero\/transporte-aereo\/internacional\/el-gobierno-italiano-tomara-el-control-total-de-alitalia-en-junio-dice-ministro\/","title":{"rendered":"El gobierno italiano tomar\u00e1 el control total de Alitalia en junio, dice ministro"},"content":{"rendered":"\n<p>El gobierno italiano tomar\u00e1 el control total de <strong>Alitalia<\/strong> en junio, dijo el jueves el Ministro de Industria Stefano Patuanelli, agregando que la aerol\u00ednea habr\u00eda quebrado debido a la crisis del coronavirus de otra manera.<\/p>\n\n\n\n<p class=\"p1\">Alitalia ha sido dirigida por administradores designados por el estado desde mayo de 2017 y las dificultades causadas por la pandemia se sumaron a problemas financieros muy arraigados para el negocio, desbaratando un plan anterior para venderla a inversores privados.<\/p>\n\n\n\n<p class=\"p1\">La aerol\u00ednea fue fundada poco despu\u00e9s de la Segunda Guerra Mundial y ha luchado durante mucho tiempo por la rentabilidad. Esta \u00faltima medida pondr\u00e1 fin a 11 a\u00f1os de dif\u00edcil gesti\u00f3n privada, que incluy\u00f3 tres intentos fallidos de reestructuraci\u00f3n.<\/p>\n\n\n\n<p class=\"p1\">Patuanelli dijo que los ingresos de Alitalia se han reducido en un 87,5% en lo que va de a\u00f1o.<\/p>\n\n\n\n<p class=\"p1\">Hablando ante un comit\u00e9 parlamentario de transporte, el ministro dijo que el gobierno crear\u00eda una nueva compa\u00f1\u00eda a principios de junio que se har\u00eda cargo del 100% de la aerol\u00ednea.<\/p>\n\n\n\n<p class=\"p1\">\u201cLa nueva Alitalia comenzar\u00e1 con una flota de m\u00e1s de 90 aviones en comparaci\u00f3n con sus 113 aviones actuales\u201d, dijo Patuanelli, negando los informes de que la flota podr\u00eda reducirse a 30 aviones.<\/p>\n\n\n\n<p class=\"p1\">Gracias a la intervenci\u00f3n del Estado, Alitalia podr\u00e1 competir eficazmente una vez que el sector se recupere, dijo el ministro.<\/p>\n\n\n\n<p class=\"p1\">\u201cHasta ahora Alitalia ha sido un jarr\u00f3n de cristal entre los jarrones de acero. La nueva compa\u00f1\u00eda se pondr\u00e1 en marcha en la misma posici\u00f3n que las dem\u00e1s aerol\u00edneas una vez que el sector se reinicie\u201d, dijo Patuanelli, a\u00f1adiendo que el estado decidir\u00e1 m\u00e1s tarde si la mantiene bajo control gubernamental.<\/p>\n\n\n\n<p class=\"p1\">Patuanelli dijo que discutir\u00eda con los ministros de transporte y econom\u00eda una posible nueva alianza internacional para la aerol\u00ednea una vez que el actual acuerdo de c\u00f3digo compartido con la aerol\u00ednea estadounidense Delta expire el 24 de mayo.<\/p>\n\n\n\n<p class=\"p1\">El sindicato italiano que representa a los pilotos y asistentes de vuelo dijo que el gobierno necesitaba dar luz verde al uso de un plan de despido temporal para proteger a los empleados de Alitalia, de los cuales hay 11.600 en total.<\/p>\n\n\n\n<p class=\"p1\">Por otra parte, el grupo de presi\u00f3n italiano de los operadores aeroportuarios Assaeroporti prev\u00e9 que el n\u00famero de pasajeros que viajan desde y hacia los aeropuertos del pa\u00eds ascender\u00e1 a 120 millones en 2020, frente a una estimaci\u00f3n anterior de 200 millones.<\/p>\n\n\n\n<p class=\"p1\">Assaeroporti pidi\u00f3 el apoyo del gobierno para la liquidez y las inversiones para ayudar a los operadores de aeropuertos a sobrevivir a la crisis.<\/p>\n\n\n\n<p class=\"p1\">El centro de operaciones de Alitalia es el aeropuerto de Fiumicino en Roma, que es operado por Aeroporti di Roma, parte del grupo de infraestructura Atlantia.<\/p>\n\n\n\n<p class=\"p1\">Fuente: <strong><em><span style=\"text-decoration: underline;\">Reuters<\/span><\/em><\/strong>.<\/p>\n","protected":false},"excerpt":{"rendered":"<p>El gobierno italiano tomar\u00e1 el control total de Alitalia en junio, dijo el jueves el Ministro de Industria Stefano Patuanelli, agregando que la aerol\u00ednea habr\u00eda quebrado debido a la crisis del coronavirus de otra manera. Alitalia ha sido dirigida por administradores designados por el estado desde mayo de 2017 y las dificultades causadas por la [&hellip;]<\/p>\n","protected":false},"author":1,"featured_media":64188,"comment_status":"open","ping_status":"open","sticky":false,"template":"","format":"standard","meta":{"tdm_status":"","tdm_grid_status":"","footnotes":""},"categories":[32,11],"tags":[205],"class_list":{"0":"post-59679","1":"post","2":"type-post","3":"status-publish","4":"format-standard","5":"has-post-thumbnail","7":"category-internacional","8":"category-transporte-aereo","9":"tag-alitalia"},"yoast_head":"<!-- This site is optimized with the Yoast SEO plugin v25.1 - https:\/\/yoast.com\/wordpress\/plugins\/seo\/ -->\n<title>El gobierno italiano tomar\u00e1 el control total de Alitalia en junio, dice ministro<\/title>\n<meta name=\"description\" content=\"El gobierno italiano tomar\u00e1 el control total de Alitalia en junio, dijo el jueves el Ministro de Industria Stefano Patuanelli, agregando que la aerol\u00ednea habr\u00eda quebrado debido a la crisis del coronavirus de otra manera.\" \/>\n<meta name=\"robots\" content=\"index, follow, max-snippet:-1, max-image-preview:large, max-video-preview:-1\" \/>\n<link rel=\"canonical\" href=\"https:\/\/aeronoticias.com.pe\/noticiero\/transporte-aereo\/internacional\/el-gobierno-italiano-tomara-el-control-total-de-alitalia-en-junio-dice-ministro\/\" \/>\n<meta property=\"og:locale\" content=\"es_ES\" \/>\n<meta property=\"og:type\" content=\"article\" \/>\n<meta property=\"og:title\" content=\"El gobierno italiano tomar\u00e1 el control total de Alitalia en junio, dice ministro\" \/>\n<meta property=\"og:description\" content=\"El gobierno italiano tomar\u00e1 el control total de Alitalia en junio, dijo el jueves el Ministro de Industria Stefano Patuanelli, agregando que la aerol\u00ednea habr\u00eda quebrado debido a la crisis del coronavirus de otra manera.\" \/>\n<meta property=\"og:url\" content=\"https:\/\/aeronoticias.com.pe\/noticiero\/transporte-aereo\/internacional\/el-gobierno-italiano-tomara-el-control-total-de-alitalia-en-junio-dice-ministro\/\" \/>\n<meta property=\"og:site_name\" content=\"Aeronoticias.com.pe\" \/>\n<meta property=\"article:publisher\" content=\"https:\/\/www.facebook.com\/Aeronoticias.com.pe\/\" \/>\n<meta property=\"article:published_time\" content=\"2020-04-24T23:47:50+00:00\" \/>\n<meta property=\"article:modified_time\" content=\"2020-10-24T22:45:17+00:00\" \/>\n<meta property=\"og:image\" content=\"https:\/\/aeronoticias.com.pe\/noticiero\/wp-content\/uploads\/2020\/04\/Alitalia.jpg\" \/>\n\t<meta property=\"og:image:width\" content=\"1440\" \/>\n\t<meta property=\"og:image:height\" content=\"810\" \/>\n\t<meta property=\"og:image:type\" content=\"image\/jpeg\" \/>\n<meta name=\"author\" content=\"Redacci\u00f3n Aeronoticias\" \/>\n<meta name=\"twitter:card\" content=\"summary_large_image\" \/>\n<meta name=\"twitter:creator\" content=\"@aeronoticias\" \/>\n<meta name=\"twitter:site\" content=\"@aeronoticias\" \/>\n<meta name=\"twitter:label1\" content=\"Escrito por\" \/>\n\t<meta name=\"twitter:data1\" content=\"Redacci\u00f3n Aeronoticias\" \/>\n\t<meta name=\"twitter:label2\" content=\"Tiempo de lectura\" \/>\n\t<meta name=\"twitter:data2\" content=\"2 minutos\" \/>\n<script type=\"application\/ld+json\" class=\"yoast-schema-graph\">{\"@context\":\"https:\/\/schema.org\",\"@graph\":[{\"@type\":\"WebPage\",\"@id\":\"https:\/\/aeronoticias.com.pe\/noticiero\/transporte-aereo\/internacional\/el-gobierno-italiano-tomara-el-control-total-de-alitalia-en-junio-dice-ministro\/\",\"url\":\"https:\/\/aeronoticias.com.pe\/noticiero\/transporte-aereo\/internacional\/el-gobierno-italiano-tomara-el-control-total-de-alitalia-en-junio-dice-ministro\/\",\"name\":\"El gobierno italiano tomar\u00e1 el control total de Alitalia en junio, dice ministro\",\"isPartOf\":{\"@id\":\"https:\/\/aeronoticias.com.pe\/noticiero\/#website\"},\"primaryImageOfPage\":{\"@id\":\"https:\/\/aeronoticias.com.pe\/noticiero\/transporte-aereo\/internacional\/el-gobierno-italiano-tomara-el-control-total-de-alitalia-en-junio-dice-ministro\/#primaryimage\"},\"image\":{\"@id\":\"https:\/\/aeronoticias.com.pe\/noticiero\/transporte-aereo\/internacional\/el-gobierno-italiano-tomara-el-control-total-de-alitalia-en-junio-dice-ministro\/#primaryimage\"},\"thumbnailUrl\":\"https:\/\/aeronoticias.com.pe\/noticiero\/wp-content\/uploads\/2020\/04\/Alitalia.jpg\",\"datePublished\":\"2020-04-24T23:47:50+00:00\",\"dateModified\":\"2020-10-24T22:45:17+00:00\",\"author\":{\"@id\":\"https:\/\/aeronoticias.com.pe\/noticiero\/#\/schema\/person\/fc1e5d578f4b62ba1cf7ac2bba1170a0\"},\"description\":\"El gobierno italiano tomar\u00e1 el control total de Alitalia en junio, dijo el jueves el Ministro de Industria Stefano Patuanelli, agregando que la aerol\u00ednea habr\u00eda quebrado debido a la crisis del coronavirus de otra manera.\",\"breadcrumb\":{\"@id\":\"https:\/\/aeronoticias.com.pe\/noticiero\/transporte-aereo\/internacional\/el-gobierno-italiano-tomara-el-control-total-de-alitalia-en-junio-dice-ministro\/#breadcrumb\"},\"inLanguage\":\"es\",\"potentialAction\":[{\"@type\":\"ReadAction\",\"target\":[\"https:\/\/aeronoticias.com.pe\/noticiero\/transporte-aereo\/internacional\/el-gobierno-italiano-tomara-el-control-total-de-alitalia-en-junio-dice-ministro\/\"]}]},{\"@type\":\"ImageObject\",\"inLanguage\":\"es\",\"@id\":\"https:\/\/aeronoticias.com.pe\/noticiero\/transporte-aereo\/internacional\/el-gobierno-italiano-tomara-el-control-total-de-alitalia-en-junio-dice-ministro\/#primaryimage\",\"url\":\"https:\/\/aeronoticias.com.pe\/noticiero\/wp-content\/uploads\/2020\/04\/Alitalia.jpg\",\"contentUrl\":\"https:\/\/aeronoticias.com.pe\/noticiero\/wp-content\/uploads\/2020\/04\/Alitalia.jpg\",\"width\":1440,\"height\":810},{\"@type\":\"BreadcrumbList\",\"@id\":\"https:\/\/aeronoticias.com.pe\/noticiero\/transporte-aereo\/internacional\/el-gobierno-italiano-tomara-el-control-total-de-alitalia-en-junio-dice-ministro\/#breadcrumb\",\"itemListElement\":[{\"@type\":\"ListItem\",\"position\":1,\"name\":\"Portada\",\"item\":\"https:\/\/aeronoticias.com.pe\/noticiero\/\"},{\"@type\":\"ListItem\",\"position\":2,\"name\":\"El gobierno italiano tomar\u00e1 el control total de Alitalia en junio, dice ministro\"}]},{\"@type\":\"WebSite\",\"@id\":\"https:\/\/aeronoticias.com.pe\/noticiero\/#website\",\"url\":\"https:\/\/aeronoticias.com.pe\/noticiero\/\",\"name\":\"Aeronoticias.com.pe\",\"description\":\"Noticias de tranporte aereo, turismo, hoteles, gastronomia, actualidad, internacional\",\"potentialAction\":[{\"@type\":\"SearchAction\",\"target\":{\"@type\":\"EntryPoint\",\"urlTemplate\":\"https:\/\/aeronoticias.com.pe\/noticiero\/?s={search_term_string}\"},\"query-input\":{\"@type\":\"PropertyValueSpecification\",\"valueRequired\":true,\"valueName\":\"search_term_string\"}}],\"inLanguage\":\"es\"},{\"@type\":\"Person\",\"@id\":\"https:\/\/aeronoticias.com.pe\/noticiero\/#\/schema\/person\/fc1e5d578f4b62ba1cf7ac2bba1170a0\",\"name\":\"Redacci\u00f3n Aeronoticias\",\"url\":\"https:\/\/aeronoticias.com.pe\/noticiero\/author\/piloto\/\"}]}<\/script>\n<!-- \/ Yoast SEO plugin. -->","yoast_head_json":{"title":"El gobierno italiano tomar\u00e1 el control total de Alitalia en junio, dice ministro","description":"El gobierno italiano tomar\u00e1 el control total de Alitalia en junio, dijo el jueves el Ministro de Industria Stefano Patuanelli, agregando que la aerol\u00ednea habr\u00eda quebrado debido a la crisis del coronavirus de otra manera.","robots":{"index":"index","follow":"follow","max-snippet":"max-snippet:-1","max-image-preview":"max-image-preview:large","max-video-preview":"max-video-preview:-1"},"canonical":"https:\/\/aeronoticias.com.pe\/noticiero\/transporte-aereo\/internacional\/el-gobierno-italiano-tomara-el-control-total-de-alitalia-en-junio-dice-ministro\/","og_locale":"es_ES","og_type":"article","og_title":"El gobierno italiano tomar\u00e1 el control total de Alitalia en junio, dice ministro","og_description":"El gobierno italiano tomar\u00e1 el control total de Alitalia en junio, dijo el jueves el Ministro de Industria Stefano Patuanelli, agregando que la aerol\u00ednea habr\u00eda quebrado debido a la crisis del coronavirus de otra manera.","og_url":"https:\/\/aeronoticias.com.pe\/noticiero\/transporte-aereo\/internacional\/el-gobierno-italiano-tomara-el-control-total-de-alitalia-en-junio-dice-ministro\/","og_site_name":"Aeronoticias.com.pe","article_publisher":"https:\/\/www.facebook.com\/Aeronoticias.com.pe\/","article_published_time":"2020-04-24T23:47:50+00:00","article_modified_time":"2020-10-24T22:45:17+00:00","og_image":[{"width":1440,"height":810,"url":"https:\/\/aeronoticias.com.pe\/noticiero\/wp-content\/uploads\/2020\/04\/Alitalia.jpg","type":"image\/jpeg"}],"author":"Redacci\u00f3n Aeronoticias","twitter_card":"summary_large_image","twitter_creator":"@aeronoticias","twitter_site":"@aeronoticias","twitter_misc":{"Escrito por":"Redacci\u00f3n Aeronoticias","Tiempo de lectura":"2 minutos"},"schema":{"@context":"https:\/\/schema.org","@graph":[{"@type":"WebPage","@id":"https:\/\/aeronoticias.com.pe\/noticiero\/transporte-aereo\/internacional\/el-gobierno-italiano-tomara-el-control-total-de-alitalia-en-junio-dice-ministro\/","url":"https:\/\/aeronoticias.com.pe\/noticiero\/transporte-aereo\/internacional\/el-gobierno-italiano-tomara-el-control-total-de-alitalia-en-junio-dice-ministro\/","name":"El gobierno italiano tomar\u00e1 el control total de Alitalia en junio, dice ministro","isPartOf":{"@id":"https:\/\/aeronoticias.com.pe\/noticiero\/#website"},"primaryImageOfPage":{"@id":"https:\/\/aeronoticias.com.pe\/noticiero\/transporte-aereo\/internacional\/el-gobierno-italiano-tomara-el-control-total-de-alitalia-en-junio-dice-ministro\/#primaryimage"},"image":{"@id":"https:\/\/aeronoticias.com.pe\/noticiero\/transporte-aereo\/internacional\/el-gobierno-italiano-tomara-el-control-total-de-alitalia-en-junio-dice-ministro\/#primaryimage"},"thumbnailUrl":"https:\/\/aeronoticias.com.pe\/noticiero\/wp-content\/uploads\/2020\/04\/Alitalia.jpg","datePublished":"2020-04-24T23:47:50+00:00","dateModified":"2020-10-24T22:45:17+00:00","author":{"@id":"https:\/\/aeronoticias.com.pe\/noticiero\/#\/schema\/person\/fc1e5d578f4b62ba1cf7ac2bba1170a0"},"description":"El gobierno italiano tomar\u00e1 el control total de Alitalia en junio, dijo el jueves el Ministro de Industria Stefano Patuanelli, agregando que la aerol\u00ednea habr\u00eda quebrado debido a la crisis del coronavirus de otra manera.","breadcrumb":{"@id":"https:\/\/aeronoticias.com.pe\/noticiero\/transporte-aereo\/internacional\/el-gobierno-italiano-tomara-el-control-total-de-alitalia-en-junio-dice-ministro\/#breadcrumb"},"inLanguage":"es","potentialAction":[{"@type":"ReadAction","target":["https:\/\/aeronoticias.com.pe\/noticiero\/transporte-aereo\/internacional\/el-gobierno-italiano-tomara-el-control-total-de-alitalia-en-junio-dice-ministro\/"]}]},{"@type":"ImageObject","inLanguage":"es","@id":"https:\/\/aeronoticias.com.pe\/noticiero\/transporte-aereo\/internacional\/el-gobierno-italiano-tomara-el-control-total-de-alitalia-en-junio-dice-ministro\/#primaryimage","url":"https:\/\/aeronoticias.com.pe\/noticiero\/wp-content\/uploads\/2020\/04\/Alitalia.jpg","contentUrl":"https:\/\/aeronoticias.com.pe\/noticiero\/wp-content\/uploads\/2020\/04\/Alitalia.jpg","width":1440,"height":810},{"@type":"BreadcrumbList","@id":"https:\/\/aeronoticias.com.pe\/noticiero\/transporte-aereo\/internacional\/el-gobierno-italiano-tomara-el-control-total-de-alitalia-en-junio-dice-ministro\/#breadcrumb","itemListElement":[{"@type":"ListItem","position":1,"name":"Portada","item":"https:\/\/aeronoticias.com.pe\/noticiero\/"},{"@type":"ListItem","position":2,"name":"El gobierno italiano tomar\u00e1 el control total de Alitalia en junio, dice ministro"}]},{"@type":"WebSite","@id":"https:\/\/aeronoticias.com.pe\/noticiero\/#website","url":"https:\/\/aeronoticias.com.pe\/noticiero\/","name":"Aeronoticias.com.pe","description":"Noticias de tranporte aereo, turismo, hoteles, gastronomia, actualidad, internacional","potentialAction":[{"@type":"SearchAction","target":{"@type":"EntryPoint","urlTemplate":"https:\/\/aeronoticias.com.pe\/noticiero\/?s={search_term_string}"},"query-input":{"@type":"PropertyValueSpecification","valueRequired":true,"valueName":"search_term_string"}}],"inLanguage":"es"},{"@type":"Person","@id":"https:\/\/aeronoticias.com.pe\/noticiero\/#\/schema\/person\/fc1e5d578f4b62ba1cf7ac2bba1170a0","name":"Redacci\u00f3n Aeronoticias","url":"https:\/\/aeronoticias.com.pe\/noticiero\/author\/piloto\/"}]}},"_links":{"self":[{"href":"https:\/\/aeronoticias.com.pe\/noticiero\/wp-json\/wp\/v2\/posts\/59679","targetHints":{"allow":["GET"]}}],"collection":[{"href":"https:\/\/aeronoticias.com.pe\/noticiero\/wp-json\/wp\/v2\/posts"}],"about":[{"href":"https:\/\/aeronoticias.com.pe\/noticiero\/wp-json\/wp\/v2\/types\/post"}],"author":[{"embeddable":true,"href":"https:\/\/aeronoticias.com.pe\/noticiero\/wp-json\/wp\/v2\/users\/1"}],"replies":[{"embeddable":true,"href":"https:\/\/aeronoticias.com.pe\/noticiero\/wp-json\/wp\/v2\/comments?post=59679"}],"version-history":[{"count":0,"href":"https:\/\/aeronoticias.com.pe\/noticiero\/wp-json\/wp\/v2\/posts\/59679\/revisions"}],"wp:featuredmedia":[{"embeddable":true,"href":"https:\/\/aeronoticias.com.pe\/noticiero\/wp-json\/wp\/v2\/media\/64188"}],"wp:attachment":[{"href":"https:\/\/aeronoticias.com.pe\/noticiero\/wp-json\/wp\/v2\/media?parent=59679"}],"wp:term":[{"taxonomy":"category","embeddable":true,"href":"https:\/\/aeronoticias.com.pe\/noticiero\/wp-json\/wp\/v2\/categories?post=59679"},{"taxonomy":"post_tag","embeddable":true,"href":"https:\/\/aeronoticias.com.pe\/noticiero\/wp-json\/wp\/v2\/tags?post=59679"}],"curies":[{"name":"wp","href":"https:\/\/api.w.org\/{rel}","templated":true}]}}