{"id":59709,"date":"2020-04-28T18:09:22","date_gmt":"2020-04-28T18:09:22","guid":{"rendered":"http:\/\/desarrollo.mcvicious.com\/aero2020\/2020\/04\/28\/los-juegos-olimpicos-podrian-cancelarse-si-la-pandemia-de-covid-19-continua-hasta-el-proximo-ano-segun-el-presidente-de-tokio-2020\/"},"modified":"2020-04-28T18:09:22","modified_gmt":"2020-04-28T18:09:22","slug":"los-juegos-olimpicos-podrian-cancelarse-si-la-pandemia-de-covid-19-continua-hasta-el-proximo-ano-segun-el-presidente-de-tokio-2020","status":"publish","type":"post","link":"https:\/\/aeronoticias.com.pe\/noticiero\/internacionales\/los-juegos-olimpicos-podrian-cancelarse-si-la-pandemia-de-covid-19-continua-hasta-el-proximo-ano-segun-el-presidente-de-tokio-2020\/","title":{"rendered":"Los Juegos Ol\u00edmpicos podr\u00edan cancelarse si la pandemia de covid-19 contin\u00faa hasta el pr\u00f3ximo a\u00f1o, seg\u00fan el presidente de Tokio 2020."},"content":{"rendered":"<p style=\"text-align: justify;\"><strong>(Aeronoticias).-<\/strong> Los Juegos est\u00e1n programados para comenzar desde el 23 de julio de 2021, ya que se pospusieron un a\u00f1o en medio del brote de virus. Esta ser\u00eda la declaraci\u00f3n m\u00e1s fuerte sobre la cancelaci\u00f3n de los Juegos Ol\u00edmpicos y Paral\u00edmpicos de los organizadores, quienes rutinariamente han dicho que se est\u00e1n centrando en los planes para celebrarlos.<\/p>\n<p style=\"text-align: justify;\">Cuando se le pregunt\u00f3 en una entrevista con Nikkan Sports sobre otro aplazamiento del evento si el virus est\u00e1 en curso, el presidente de Tokio 2020, Yoshiro Mori, dijo: \u201cNo. Ser\u00e1 cancelado entonces. Las Olimpiadas fueron canceladas en el pasado por problemas como la guerra. Estamos luchando contra un enemigo invisible ahora\u201d. Mori reiter\u00f3 que los organizadores todav\u00eda est\u00e1n trabajando para celebrar los Juegos en 2021.<\/p>\n<p style=\"text-align: justify;\">\u201cLos Juegos Ol\u00edmpicos ser\u00edan mucho m\u00e1s valiosos que cualquier Olimpiada en el pasado si pudi\u00e9ramos seguir adelante despu\u00e9s de ganar esta batalla\u201d, dijo. \u201cTenemos que creer esto; de lo contrario, nuestro arduo trabajo y nuestros esfuerzos no ser\u00e1n recompensados\u201d.<\/p>\n<p style=\"text-align: justify;\">Mientras tanto, el destacado m\u00e9dico japon\u00e9s Yoshitake Yokokura dijo que ser\u00eda\u201d dif\u00edcil celebrar los Juegos Ol\u00edmpicos \u201csin una vacuna eficaz\u201d. \u201cNo estoy diciendo que (Jap\u00f3n) deber\u00eda o no deber\u00eda ser el anfitri\u00f3n, pero creo que ser\u00e1 dif\u00edcil hacerlo\u201d, dijo Yokokura, presidente de la Asociaci\u00f3n M\u00e9dica de Jap\u00f3n, en una conferencia de prensa el martes. \u201cQuiero creer que (el n\u00famero de) personas infectadas (en Tokio) est\u00e1 disminuyendo. Pero no se realizan suficientes pruebas en Jap\u00f3n, por lo que es dif\u00edcil de evaluar (si el n\u00famero de casos ha disminuido). \u201cNecesitamos monitorear la situaci\u00f3n por otra semana\u201d.<\/p>\n<p>Fuente: CNN<\/p>\n<p>\u00a0<\/p>\n<p><img decoding=\"async\" src=\"images\/stories\/tokyo2020_logo_.jpg\" border=\"0\" \/><\/p>\n","protected":false},"excerpt":{"rendered":"<p>(Aeronoticias).- Los Juegos est\u00e1n programados para comenzar desde el 23 de julio de 2021, ya que se pospusieron un a\u00f1o en medio del brote de virus. Esta ser\u00eda la declaraci\u00f3n m\u00e1s fuerte sobre la cancelaci\u00f3n de los Juegos Ol\u00edmpicos y Paral\u00edmpicos de los organizadores, quienes rutinariamente han dicho que se est\u00e1n centrando en los planes [&hellip;]<\/p>\n","protected":false},"author":1,"featured_media":0,"comment_status":"open","ping_status":"open","sticky":false,"template":"","format":"standard","meta":{"tdm_status":"","tdm_grid_status":"","footnotes":""},"categories":[34],"tags":[],"class_list":{"0":"post-59709","1":"post","2":"type-post","3":"status-publish","4":"format-standard","6":"category-internacionales"},"yoast_head":"<!-- This site is optimized with the Yoast SEO plugin v25.1 - https:\/\/yoast.com\/wordpress\/plugins\/seo\/ -->\n<title>Los Juegos Ol\u00edmpicos podr\u00edan cancelarse si la pandemia de covid-19 contin\u00faa hasta el pr\u00f3ximo a\u00f1o, seg\u00fan el presidente de Tokio 2020.<\/title>\n<meta name=\"description\" content=\"Portal de noticias del Per\u00fa sobre el transporte a\u00e9reo, aviaci\u00f3n, turismo, hoteleria, actualidad.\" \/>\n<meta name=\"robots\" content=\"index, follow, max-snippet:-1, max-image-preview:large, max-video-preview:-1\" \/>\n<link rel=\"canonical\" href=\"https:\/\/aeronoticias.com.pe\/noticiero\/internacionales\/los-juegos-olimpicos-podrian-cancelarse-si-la-pandemia-de-covid-19-continua-hasta-el-proximo-ano-segun-el-presidente-de-tokio-2020\/\" \/>\n<meta property=\"og:locale\" content=\"es_ES\" \/>\n<meta property=\"og:type\" content=\"article\" \/>\n<meta property=\"og:title\" content=\"Los Juegos Ol\u00edmpicos podr\u00edan cancelarse si la pandemia de covid-19 contin\u00faa hasta el pr\u00f3ximo a\u00f1o, seg\u00fan el presidente de Tokio 2020.\" \/>\n<meta property=\"og:description\" content=\"Portal de noticias del Per\u00fa sobre el transporte a\u00e9reo, aviaci\u00f3n, turismo, hoteleria, actualidad.\" \/>\n<meta property=\"og:url\" content=\"https:\/\/aeronoticias.com.pe\/noticiero\/internacionales\/los-juegos-olimpicos-podrian-cancelarse-si-la-pandemia-de-covid-19-continua-hasta-el-proximo-ano-segun-el-presidente-de-tokio-2020\/\" \/>\n<meta property=\"og:site_name\" content=\"Aeronoticias.com.pe\" \/>\n<meta property=\"article:publisher\" content=\"https:\/\/www.facebook.com\/Aeronoticias.com.pe\/\" \/>\n<meta property=\"article:published_time\" content=\"2020-04-28T18:09:22+00:00\" \/>\n<meta name=\"author\" content=\"Redacci\u00f3n Aeronoticias\" \/>\n<meta name=\"twitter:card\" content=\"summary_large_image\" \/>\n<meta name=\"twitter:creator\" content=\"@aeronoticias\" \/>\n<meta name=\"twitter:site\" content=\"@aeronoticias\" \/>\n<meta name=\"twitter:label1\" content=\"Escrito por\" \/>\n\t<meta name=\"twitter:data1\" content=\"Redacci\u00f3n Aeronoticias\" \/>\n\t<meta name=\"twitter:label2\" content=\"Tiempo de lectura\" \/>\n\t<meta name=\"twitter:data2\" content=\"1 minuto\" \/>\n<script type=\"application\/ld+json\" class=\"yoast-schema-graph\">{\"@context\":\"https:\/\/schema.org\",\"@graph\":[{\"@type\":\"WebPage\",\"@id\":\"https:\/\/aeronoticias.com.pe\/noticiero\/internacionales\/los-juegos-olimpicos-podrian-cancelarse-si-la-pandemia-de-covid-19-continua-hasta-el-proximo-ano-segun-el-presidente-de-tokio-2020\/\",\"url\":\"https:\/\/aeronoticias.com.pe\/noticiero\/internacionales\/los-juegos-olimpicos-podrian-cancelarse-si-la-pandemia-de-covid-19-continua-hasta-el-proximo-ano-segun-el-presidente-de-tokio-2020\/\",\"name\":\"Los Juegos Ol\u00edmpicos podr\u00edan cancelarse si la pandemia de covid-19 contin\u00faa hasta el pr\u00f3ximo a\u00f1o, seg\u00fan el presidente de Tokio 2020.\",\"isPartOf\":{\"@id\":\"https:\/\/aeronoticias.com.pe\/noticiero\/#website\"},\"datePublished\":\"2020-04-28T18:09:22+00:00\",\"author\":{\"@id\":\"https:\/\/aeronoticias.com.pe\/noticiero\/#\/schema\/person\/fc1e5d578f4b62ba1cf7ac2bba1170a0\"},\"description\":\"Portal de noticias del Per\u00fa sobre el transporte a\u00e9reo, aviaci\u00f3n, turismo, hoteleria, actualidad.\",\"breadcrumb\":{\"@id\":\"https:\/\/aeronoticias.com.pe\/noticiero\/internacionales\/los-juegos-olimpicos-podrian-cancelarse-si-la-pandemia-de-covid-19-continua-hasta-el-proximo-ano-segun-el-presidente-de-tokio-2020\/#breadcrumb\"},\"inLanguage\":\"es\",\"potentialAction\":[{\"@type\":\"ReadAction\",\"target\":[\"https:\/\/aeronoticias.com.pe\/noticiero\/internacionales\/los-juegos-olimpicos-podrian-cancelarse-si-la-pandemia-de-covid-19-continua-hasta-el-proximo-ano-segun-el-presidente-de-tokio-2020\/\"]}]},{\"@type\":\"BreadcrumbList\",\"@id\":\"https:\/\/aeronoticias.com.pe\/noticiero\/internacionales\/los-juegos-olimpicos-podrian-cancelarse-si-la-pandemia-de-covid-19-continua-hasta-el-proximo-ano-segun-el-presidente-de-tokio-2020\/#breadcrumb\",\"itemListElement\":[{\"@type\":\"ListItem\",\"position\":1,\"name\":\"Portada\",\"item\":\"https:\/\/aeronoticias.com.pe\/noticiero\/\"},{\"@type\":\"ListItem\",\"position\":2,\"name\":\"Los Juegos Ol\u00edmpicos podr\u00edan cancelarse si la pandemia de covid-19 contin\u00faa hasta el pr\u00f3ximo a\u00f1o, seg\u00fan el presidente de Tokio 2020.\"}]},{\"@type\":\"WebSite\",\"@id\":\"https:\/\/aeronoticias.com.pe\/noticiero\/#website\",\"url\":\"https:\/\/aeronoticias.com.pe\/noticiero\/\",\"name\":\"Aeronoticias.com.pe\",\"description\":\"Noticias de tranporte aereo, turismo, hoteles, gastronomia, actualidad, internacional\",\"potentialAction\":[{\"@type\":\"SearchAction\",\"target\":{\"@type\":\"EntryPoint\",\"urlTemplate\":\"https:\/\/aeronoticias.com.pe\/noticiero\/?s={search_term_string}\"},\"query-input\":{\"@type\":\"PropertyValueSpecification\",\"valueRequired\":true,\"valueName\":\"search_term_string\"}}],\"inLanguage\":\"es\"},{\"@type\":\"Person\",\"@id\":\"https:\/\/aeronoticias.com.pe\/noticiero\/#\/schema\/person\/fc1e5d578f4b62ba1cf7ac2bba1170a0\",\"name\":\"Redacci\u00f3n Aeronoticias\",\"url\":\"https:\/\/aeronoticias.com.pe\/noticiero\/author\/piloto\/\"}]}<\/script>\n<!-- \/ Yoast SEO plugin. -->","yoast_head_json":{"title":"Los Juegos Ol\u00edmpicos podr\u00edan cancelarse si la pandemia de covid-19 contin\u00faa hasta el pr\u00f3ximo a\u00f1o, seg\u00fan el presidente de Tokio 2020.","description":"Portal de noticias del Per\u00fa sobre el transporte a\u00e9reo, aviaci\u00f3n, turismo, hoteleria, actualidad.","robots":{"index":"index","follow":"follow","max-snippet":"max-snippet:-1","max-image-preview":"max-image-preview:large","max-video-preview":"max-video-preview:-1"},"canonical":"https:\/\/aeronoticias.com.pe\/noticiero\/internacionales\/los-juegos-olimpicos-podrian-cancelarse-si-la-pandemia-de-covid-19-continua-hasta-el-proximo-ano-segun-el-presidente-de-tokio-2020\/","og_locale":"es_ES","og_type":"article","og_title":"Los Juegos Ol\u00edmpicos podr\u00edan cancelarse si la pandemia de covid-19 contin\u00faa hasta el pr\u00f3ximo a\u00f1o, seg\u00fan el presidente de Tokio 2020.","og_description":"Portal de noticias del Per\u00fa sobre el transporte a\u00e9reo, aviaci\u00f3n, turismo, hoteleria, actualidad.","og_url":"https:\/\/aeronoticias.com.pe\/noticiero\/internacionales\/los-juegos-olimpicos-podrian-cancelarse-si-la-pandemia-de-covid-19-continua-hasta-el-proximo-ano-segun-el-presidente-de-tokio-2020\/","og_site_name":"Aeronoticias.com.pe","article_publisher":"https:\/\/www.facebook.com\/Aeronoticias.com.pe\/","article_published_time":"2020-04-28T18:09:22+00:00","author":"Redacci\u00f3n Aeronoticias","twitter_card":"summary_large_image","twitter_creator":"@aeronoticias","twitter_site":"@aeronoticias","twitter_misc":{"Escrito por":"Redacci\u00f3n Aeronoticias","Tiempo de lectura":"1 minuto"},"schema":{"@context":"https:\/\/schema.org","@graph":[{"@type":"WebPage","@id":"https:\/\/aeronoticias.com.pe\/noticiero\/internacionales\/los-juegos-olimpicos-podrian-cancelarse-si-la-pandemia-de-covid-19-continua-hasta-el-proximo-ano-segun-el-presidente-de-tokio-2020\/","url":"https:\/\/aeronoticias.com.pe\/noticiero\/internacionales\/los-juegos-olimpicos-podrian-cancelarse-si-la-pandemia-de-covid-19-continua-hasta-el-proximo-ano-segun-el-presidente-de-tokio-2020\/","name":"Los Juegos Ol\u00edmpicos podr\u00edan cancelarse si la pandemia de covid-19 contin\u00faa hasta el pr\u00f3ximo a\u00f1o, seg\u00fan el presidente de Tokio 2020.","isPartOf":{"@id":"https:\/\/aeronoticias.com.pe\/noticiero\/#website"},"datePublished":"2020-04-28T18:09:22+00:00","author":{"@id":"https:\/\/aeronoticias.com.pe\/noticiero\/#\/schema\/person\/fc1e5d578f4b62ba1cf7ac2bba1170a0"},"description":"Portal de noticias del Per\u00fa sobre el transporte a\u00e9reo, aviaci\u00f3n, turismo, hoteleria, actualidad.","breadcrumb":{"@id":"https:\/\/aeronoticias.com.pe\/noticiero\/internacionales\/los-juegos-olimpicos-podrian-cancelarse-si-la-pandemia-de-covid-19-continua-hasta-el-proximo-ano-segun-el-presidente-de-tokio-2020\/#breadcrumb"},"inLanguage":"es","potentialAction":[{"@type":"ReadAction","target":["https:\/\/aeronoticias.com.pe\/noticiero\/internacionales\/los-juegos-olimpicos-podrian-cancelarse-si-la-pandemia-de-covid-19-continua-hasta-el-proximo-ano-segun-el-presidente-de-tokio-2020\/"]}]},{"@type":"BreadcrumbList","@id":"https:\/\/aeronoticias.com.pe\/noticiero\/internacionales\/los-juegos-olimpicos-podrian-cancelarse-si-la-pandemia-de-covid-19-continua-hasta-el-proximo-ano-segun-el-presidente-de-tokio-2020\/#breadcrumb","itemListElement":[{"@type":"ListItem","position":1,"name":"Portada","item":"https:\/\/aeronoticias.com.pe\/noticiero\/"},{"@type":"ListItem","position":2,"name":"Los Juegos Ol\u00edmpicos podr\u00edan cancelarse si la pandemia de covid-19 contin\u00faa hasta el pr\u00f3ximo a\u00f1o, seg\u00fan el presidente de Tokio 2020."}]},{"@type":"WebSite","@id":"https:\/\/aeronoticias.com.pe\/noticiero\/#website","url":"https:\/\/aeronoticias.com.pe\/noticiero\/","name":"Aeronoticias.com.pe","description":"Noticias de tranporte aereo, turismo, hoteles, gastronomia, actualidad, internacional","potentialAction":[{"@type":"SearchAction","target":{"@type":"EntryPoint","urlTemplate":"https:\/\/aeronoticias.com.pe\/noticiero\/?s={search_term_string}"},"query-input":{"@type":"PropertyValueSpecification","valueRequired":true,"valueName":"search_term_string"}}],"inLanguage":"es"},{"@type":"Person","@id":"https:\/\/aeronoticias.com.pe\/noticiero\/#\/schema\/person\/fc1e5d578f4b62ba1cf7ac2bba1170a0","name":"Redacci\u00f3n Aeronoticias","url":"https:\/\/aeronoticias.com.pe\/noticiero\/author\/piloto\/"}]}},"_links":{"self":[{"href":"https:\/\/aeronoticias.com.pe\/noticiero\/wp-json\/wp\/v2\/posts\/59709","targetHints":{"allow":["GET"]}}],"collection":[{"href":"https:\/\/aeronoticias.com.pe\/noticiero\/wp-json\/wp\/v2\/posts"}],"about":[{"href":"https:\/\/aeronoticias.com.pe\/noticiero\/wp-json\/wp\/v2\/types\/post"}],"author":[{"embeddable":true,"href":"https:\/\/aeronoticias.com.pe\/noticiero\/wp-json\/wp\/v2\/users\/1"}],"replies":[{"embeddable":true,"href":"https:\/\/aeronoticias.com.pe\/noticiero\/wp-json\/wp\/v2\/comments?post=59709"}],"version-history":[{"count":0,"href":"https:\/\/aeronoticias.com.pe\/noticiero\/wp-json\/wp\/v2\/posts\/59709\/revisions"}],"wp:attachment":[{"href":"https:\/\/aeronoticias.com.pe\/noticiero\/wp-json\/wp\/v2\/media?parent=59709"}],"wp:term":[{"taxonomy":"category","embeddable":true,"href":"https:\/\/aeronoticias.com.pe\/noticiero\/wp-json\/wp\/v2\/categories?post=59709"},{"taxonomy":"post_tag","embeddable":true,"href":"https:\/\/aeronoticias.com.pe\/noticiero\/wp-json\/wp\/v2\/tags?post=59709"}],"curies":[{"name":"wp","href":"https:\/\/api.w.org\/{rel}","templated":true}]}}