{"id":59711,"date":"2020-04-29T00:54:01","date_gmt":"2020-04-29T00:54:01","guid":{"rendered":"http:\/\/desarrollo.mcvicious.com\/aero2020\/2020\/04\/29\/peru-continuara-con-aeropuertos-cerrados-por-coronavirus\/"},"modified":"2020-10-01T00:08:37","modified_gmt":"2020-10-01T00:08:37","slug":"peru-continuara-con-aeropuertos-cerrados-por-coronavirus","status":"publish","type":"post","link":"https:\/\/aeronoticias.com.pe\/noticiero\/transporte-aereo\/nacional\/peru-continuara-con-aeropuertos-cerrados-por-coronavirus\/","title":{"rendered":"Per\u00fa continuar\u00e1 con aeropuertos cerrados por coronavirus"},"content":{"rendered":"\n<p>Per\u00fa mantendr\u00e1 cerradas todas sus fronteras y aeropuertos por un tiempo indefinido, como parte de la estrategia contra el nuevo coronavirus que puso en marcha el 16 de marzo, inform\u00f3 el ministro de Transportes y Telecomunicaciones, Carlos Lozada.<\/p>\n\n\n\n<p><span style=\"font-size: 12.16px;\">Los \u00fanicos vuelos autorizados seguir\u00e1n siendo los de transporte de mercanc\u00edas y algunos de repatriaci\u00f3n de extranjeros varados en el pa\u00eds, tal como ha ocurrido en las \u00faltimas cuatro semanas.<\/span><\/p>\n\n\n\n<!--more-->\n\n\n\n<p><span style=\"font-size: 12.16px;\">\u00abDe acuerdo a la evaluaci\u00f3n de los equipos t\u00e9cnicos del sector, no tenemos las condiciones para permitir vuelos\u00bb, asegur\u00f3 Lozada, citado por la agencia estatal Andina.<\/span><\/p>\n\n\n\n<p><span style=\"font-size: 12.16px;\">Per\u00fa prorrog\u00f3 el jueves, hasta el 10 de mayo, el confinamiento de la poblaci\u00f3n en sus hogares que rige desde el 16 de marzo.<\/span><\/p>\n\n\n\n<p><span style=\"font-size: 12.16px;\">El funcionario indic\u00f3 que el gobierno eval\u00faa un plan de reactivaci\u00f3n con las aerol\u00edneas locales de cara a apoyar al turismo, uno de los rubros m\u00e1s afectados por las dr\u00e1sticas restricciones aplicadas desde hace seis semanas.<\/span><\/p>\n\n\n\n<p><span style=\"font-size: 12.16px;\">Per\u00fa cerr\u00f3 sus fronteras a\u00e9reas, terrestres, mar\u00edtimas y fluviales y virtualmente se enclaustr\u00f3 para mitigar la propagaci\u00f3n del mort\u00edfero virus.<\/span><\/p>\n\n\n\n<p><span style=\"font-size: 12.16px;\">El transporte interprovincial tambi\u00e9n est\u00e1 suspendido, lo que desat\u00f3 un \u00e9xodo desde Lima de miles de pobladores que pugnan por retornar a sus lugares de origen.<\/span><\/p>\n\n\n\n<p><span style=\"font-size: 12.16px;\">Un avi\u00f3n de la compa\u00f1\u00eda Air France, que parti\u00f3 de Lima a Par\u00eds con m\u00e1s de 300 franceses, fue el mi\u00e9rcoles el \u00faltimo vuelo de repatriaci\u00f3n autorizado por Per\u00fa.<\/span><\/p>\n\n\n\n<p><span style=\"font-size: 12.16px;\">En adelante, el gobierno peruano solo autorizar\u00e1 vuelos de repatriaci\u00f3n bajo situaciones excepcionales, por razones de salud entre otras, indicaron fuentes de la canciller\u00eda.<\/span><\/p>\n\n\n\n<p><span style=\"font-size: 12.16px;\">El gobierno peruano hab\u00eda anunciado antes a las embajadas en Lima que los vuelos de repatriaci\u00f3n, organizados por los gobiernos, ten\u00edan como fecha l\u00edmite el 22 de abril.<\/span><\/p>\n\n\n\n<p><span style=\"font-size: 12.16px;\">Unos 10,000 turistas hab\u00edan quedado varados en Per\u00fa, cuando la pandemia del nuevo coronavirus los sorprendi\u00f3 y alter\u00f3 sus planes.<\/span><\/p>\n\n\n\n<p><span style=\"font-size: 12.16px;\">Per\u00fa registraba hasta este viernes m\u00e1s de 21,500 casos de coronavirus y 634 muertes desde que fue detectado por primera vez el 6 de marzo.<\/span><\/p>\n\n\n\n<p><span style=\"font-size: 12.16px;\">Fuente: Gestion.pe<\/span><\/p>\n","protected":false},"excerpt":{"rendered":"<p>Per\u00fa mantendr\u00e1 cerradas todas sus fronteras y aeropuertos por un tiempo indefinido, como parte de la estrategia contra el nuevo coronavirus que puso en marcha el 16 de marzo, inform\u00f3 el ministro de Transportes y Telecomunicaciones, Carlos Lozada. Los \u00fanicos vuelos autorizados seguir\u00e1n siendo los de transporte de mercanc\u00edas y algunos de repatriaci\u00f3n de extranjeros [&hellip;]<\/p>\n","protected":false},"author":1,"featured_media":63435,"comment_status":"open","ping_status":"open","sticky":false,"template":"","format":"standard","meta":{"tdm_status":"","tdm_grid_status":"","footnotes":""},"categories":[51],"tags":[422,163,110],"class_list":{"0":"post-59711","1":"post","2":"type-post","3":"status-publish","4":"format-standard","5":"has-post-thumbnail","7":"category-nacional","8":"tag-aeropuertos-del-peru-2","9":"tag-coronavirus","10":"tag-covid-19"},"yoast_head":"<!-- This site is optimized with the Yoast SEO plugin v25.1 - https:\/\/yoast.com\/wordpress\/plugins\/seo\/ -->\n<title>Per\u00fa continuar\u00e1 con aeropuertos cerrados por coronavirus<\/title>\n<meta name=\"description\" content=\"Per\u00fa mantendr\u00e1 cerradas todas sus fronteras y aeropuertos por un tiempo indefinido, como parte de la estrategia contra el nuevo coronavirus\" \/>\n<meta name=\"robots\" content=\"index, follow, max-snippet:-1, max-image-preview:large, max-video-preview:-1\" \/>\n<link rel=\"canonical\" href=\"https:\/\/aeronoticias.com.pe\/noticiero\/transporte-aereo\/nacional\/peru-continuara-con-aeropuertos-cerrados-por-coronavirus\/\" \/>\n<meta property=\"og:locale\" content=\"es_ES\" \/>\n<meta property=\"og:type\" content=\"article\" \/>\n<meta property=\"og:title\" content=\"Per\u00fa continuar\u00e1 con aeropuertos cerrados por coronavirus\" \/>\n<meta property=\"og:description\" content=\"Per\u00fa mantendr\u00e1 cerradas todas sus fronteras y aeropuertos por un tiempo indefinido, como parte de la estrategia contra el nuevo coronavirus\" \/>\n<meta property=\"og:url\" content=\"https:\/\/aeronoticias.com.pe\/noticiero\/transporte-aereo\/nacional\/peru-continuara-con-aeropuertos-cerrados-por-coronavirus\/\" \/>\n<meta property=\"og:site_name\" content=\"Aeronoticias.com.pe\" \/>\n<meta property=\"article:publisher\" content=\"https:\/\/www.facebook.com\/Aeronoticias.com.pe\/\" \/>\n<meta property=\"article:published_time\" content=\"2020-04-29T00:54:01+00:00\" \/>\n<meta property=\"article:modified_time\" content=\"2020-10-01T00:08:37+00:00\" \/>\n<meta property=\"og:image\" content=\"https:\/\/aeronoticias.com.pe\/noticiero\/wp-content\/uploads\/2020\/04\/proteccion-contra-el-coronavirus-1.jpg\" \/>\n\t<meta property=\"og:image:width\" content=\"1706\" \/>\n\t<meta property=\"og:image:height\" content=\"1280\" \/>\n\t<meta property=\"og:image:type\" content=\"image\/jpeg\" \/>\n<meta name=\"author\" content=\"Redacci\u00f3n Aeronoticias\" \/>\n<meta name=\"twitter:card\" content=\"summary_large_image\" \/>\n<meta name=\"twitter:creator\" content=\"@aeronoticias\" \/>\n<meta name=\"twitter:site\" content=\"@aeronoticias\" \/>\n<meta name=\"twitter:label1\" content=\"Escrito por\" \/>\n\t<meta name=\"twitter:data1\" content=\"Redacci\u00f3n Aeronoticias\" \/>\n\t<meta name=\"twitter:label2\" content=\"Tiempo de lectura\" \/>\n\t<meta name=\"twitter:data2\" content=\"2 minutos\" \/>\n<script type=\"application\/ld+json\" class=\"yoast-schema-graph\">{\"@context\":\"https:\/\/schema.org\",\"@graph\":[{\"@type\":\"WebPage\",\"@id\":\"https:\/\/aeronoticias.com.pe\/noticiero\/transporte-aereo\/nacional\/peru-continuara-con-aeropuertos-cerrados-por-coronavirus\/\",\"url\":\"https:\/\/aeronoticias.com.pe\/noticiero\/transporte-aereo\/nacional\/peru-continuara-con-aeropuertos-cerrados-por-coronavirus\/\",\"name\":\"Per\u00fa continuar\u00e1 con aeropuertos cerrados por coronavirus\",\"isPartOf\":{\"@id\":\"https:\/\/aeronoticias.com.pe\/noticiero\/#website\"},\"primaryImageOfPage\":{\"@id\":\"https:\/\/aeronoticias.com.pe\/noticiero\/transporte-aereo\/nacional\/peru-continuara-con-aeropuertos-cerrados-por-coronavirus\/#primaryimage\"},\"image\":{\"@id\":\"https:\/\/aeronoticias.com.pe\/noticiero\/transporte-aereo\/nacional\/peru-continuara-con-aeropuertos-cerrados-por-coronavirus\/#primaryimage\"},\"thumbnailUrl\":\"https:\/\/aeronoticias.com.pe\/noticiero\/wp-content\/uploads\/2020\/04\/proteccion-contra-el-coronavirus-1.jpg\",\"datePublished\":\"2020-04-29T00:54:01+00:00\",\"dateModified\":\"2020-10-01T00:08:37+00:00\",\"author\":{\"@id\":\"https:\/\/aeronoticias.com.pe\/noticiero\/#\/schema\/person\/fc1e5d578f4b62ba1cf7ac2bba1170a0\"},\"description\":\"Per\u00fa mantendr\u00e1 cerradas todas sus fronteras y aeropuertos por un tiempo indefinido, como parte de la estrategia contra el nuevo coronavirus\",\"breadcrumb\":{\"@id\":\"https:\/\/aeronoticias.com.pe\/noticiero\/transporte-aereo\/nacional\/peru-continuara-con-aeropuertos-cerrados-por-coronavirus\/#breadcrumb\"},\"inLanguage\":\"es\",\"potentialAction\":[{\"@type\":\"ReadAction\",\"target\":[\"https:\/\/aeronoticias.com.pe\/noticiero\/transporte-aereo\/nacional\/peru-continuara-con-aeropuertos-cerrados-por-coronavirus\/\"]}]},{\"@type\":\"ImageObject\",\"inLanguage\":\"es\",\"@id\":\"https:\/\/aeronoticias.com.pe\/noticiero\/transporte-aereo\/nacional\/peru-continuara-con-aeropuertos-cerrados-por-coronavirus\/#primaryimage\",\"url\":\"https:\/\/aeronoticias.com.pe\/noticiero\/wp-content\/uploads\/2020\/04\/proteccion-contra-el-coronavirus-1.jpg\",\"contentUrl\":\"https:\/\/aeronoticias.com.pe\/noticiero\/wp-content\/uploads\/2020\/04\/proteccion-contra-el-coronavirus-1.jpg\",\"width\":1706,\"height\":1280},{\"@type\":\"BreadcrumbList\",\"@id\":\"https:\/\/aeronoticias.com.pe\/noticiero\/transporte-aereo\/nacional\/peru-continuara-con-aeropuertos-cerrados-por-coronavirus\/#breadcrumb\",\"itemListElement\":[{\"@type\":\"ListItem\",\"position\":1,\"name\":\"Portada\",\"item\":\"https:\/\/aeronoticias.com.pe\/noticiero\/\"},{\"@type\":\"ListItem\",\"position\":2,\"name\":\"Per\u00fa continuar\u00e1 con aeropuertos cerrados por coronavirus\"}]},{\"@type\":\"WebSite\",\"@id\":\"https:\/\/aeronoticias.com.pe\/noticiero\/#website\",\"url\":\"https:\/\/aeronoticias.com.pe\/noticiero\/\",\"name\":\"Aeronoticias.com.pe\",\"description\":\"Noticias de tranporte aereo, turismo, hoteles, gastronomia, actualidad, internacional\",\"potentialAction\":[{\"@type\":\"SearchAction\",\"target\":{\"@type\":\"EntryPoint\",\"urlTemplate\":\"https:\/\/aeronoticias.com.pe\/noticiero\/?s={search_term_string}\"},\"query-input\":{\"@type\":\"PropertyValueSpecification\",\"valueRequired\":true,\"valueName\":\"search_term_string\"}}],\"inLanguage\":\"es\"},{\"@type\":\"Person\",\"@id\":\"https:\/\/aeronoticias.com.pe\/noticiero\/#\/schema\/person\/fc1e5d578f4b62ba1cf7ac2bba1170a0\",\"name\":\"Redacci\u00f3n Aeronoticias\",\"url\":\"https:\/\/aeronoticias.com.pe\/noticiero\/author\/piloto\/\"}]}<\/script>\n<!-- \/ Yoast SEO plugin. -->","yoast_head_json":{"title":"Per\u00fa continuar\u00e1 con aeropuertos cerrados por coronavirus","description":"Per\u00fa mantendr\u00e1 cerradas todas sus fronteras y aeropuertos por un tiempo indefinido, como parte de la estrategia contra el nuevo coronavirus","robots":{"index":"index","follow":"follow","max-snippet":"max-snippet:-1","max-image-preview":"max-image-preview:large","max-video-preview":"max-video-preview:-1"},"canonical":"https:\/\/aeronoticias.com.pe\/noticiero\/transporte-aereo\/nacional\/peru-continuara-con-aeropuertos-cerrados-por-coronavirus\/","og_locale":"es_ES","og_type":"article","og_title":"Per\u00fa continuar\u00e1 con aeropuertos cerrados por coronavirus","og_description":"Per\u00fa mantendr\u00e1 cerradas todas sus fronteras y aeropuertos por un tiempo indefinido, como parte de la estrategia contra el nuevo coronavirus","og_url":"https:\/\/aeronoticias.com.pe\/noticiero\/transporte-aereo\/nacional\/peru-continuara-con-aeropuertos-cerrados-por-coronavirus\/","og_site_name":"Aeronoticias.com.pe","article_publisher":"https:\/\/www.facebook.com\/Aeronoticias.com.pe\/","article_published_time":"2020-04-29T00:54:01+00:00","article_modified_time":"2020-10-01T00:08:37+00:00","og_image":[{"width":1706,"height":1280,"url":"https:\/\/aeronoticias.com.pe\/noticiero\/wp-content\/uploads\/2020\/04\/proteccion-contra-el-coronavirus-1.jpg","type":"image\/jpeg"}],"author":"Redacci\u00f3n Aeronoticias","twitter_card":"summary_large_image","twitter_creator":"@aeronoticias","twitter_site":"@aeronoticias","twitter_misc":{"Escrito por":"Redacci\u00f3n Aeronoticias","Tiempo de lectura":"2 minutos"},"schema":{"@context":"https:\/\/schema.org","@graph":[{"@type":"WebPage","@id":"https:\/\/aeronoticias.com.pe\/noticiero\/transporte-aereo\/nacional\/peru-continuara-con-aeropuertos-cerrados-por-coronavirus\/","url":"https:\/\/aeronoticias.com.pe\/noticiero\/transporte-aereo\/nacional\/peru-continuara-con-aeropuertos-cerrados-por-coronavirus\/","name":"Per\u00fa continuar\u00e1 con aeropuertos cerrados por coronavirus","isPartOf":{"@id":"https:\/\/aeronoticias.com.pe\/noticiero\/#website"},"primaryImageOfPage":{"@id":"https:\/\/aeronoticias.com.pe\/noticiero\/transporte-aereo\/nacional\/peru-continuara-con-aeropuertos-cerrados-por-coronavirus\/#primaryimage"},"image":{"@id":"https:\/\/aeronoticias.com.pe\/noticiero\/transporte-aereo\/nacional\/peru-continuara-con-aeropuertos-cerrados-por-coronavirus\/#primaryimage"},"thumbnailUrl":"https:\/\/aeronoticias.com.pe\/noticiero\/wp-content\/uploads\/2020\/04\/proteccion-contra-el-coronavirus-1.jpg","datePublished":"2020-04-29T00:54:01+00:00","dateModified":"2020-10-01T00:08:37+00:00","author":{"@id":"https:\/\/aeronoticias.com.pe\/noticiero\/#\/schema\/person\/fc1e5d578f4b62ba1cf7ac2bba1170a0"},"description":"Per\u00fa mantendr\u00e1 cerradas todas sus fronteras y aeropuertos por un tiempo indefinido, como parte de la estrategia contra el nuevo coronavirus","breadcrumb":{"@id":"https:\/\/aeronoticias.com.pe\/noticiero\/transporte-aereo\/nacional\/peru-continuara-con-aeropuertos-cerrados-por-coronavirus\/#breadcrumb"},"inLanguage":"es","potentialAction":[{"@type":"ReadAction","target":["https:\/\/aeronoticias.com.pe\/noticiero\/transporte-aereo\/nacional\/peru-continuara-con-aeropuertos-cerrados-por-coronavirus\/"]}]},{"@type":"ImageObject","inLanguage":"es","@id":"https:\/\/aeronoticias.com.pe\/noticiero\/transporte-aereo\/nacional\/peru-continuara-con-aeropuertos-cerrados-por-coronavirus\/#primaryimage","url":"https:\/\/aeronoticias.com.pe\/noticiero\/wp-content\/uploads\/2020\/04\/proteccion-contra-el-coronavirus-1.jpg","contentUrl":"https:\/\/aeronoticias.com.pe\/noticiero\/wp-content\/uploads\/2020\/04\/proteccion-contra-el-coronavirus-1.jpg","width":1706,"height":1280},{"@type":"BreadcrumbList","@id":"https:\/\/aeronoticias.com.pe\/noticiero\/transporte-aereo\/nacional\/peru-continuara-con-aeropuertos-cerrados-por-coronavirus\/#breadcrumb","itemListElement":[{"@type":"ListItem","position":1,"name":"Portada","item":"https:\/\/aeronoticias.com.pe\/noticiero\/"},{"@type":"ListItem","position":2,"name":"Per\u00fa continuar\u00e1 con aeropuertos cerrados por coronavirus"}]},{"@type":"WebSite","@id":"https:\/\/aeronoticias.com.pe\/noticiero\/#website","url":"https:\/\/aeronoticias.com.pe\/noticiero\/","name":"Aeronoticias.com.pe","description":"Noticias de tranporte aereo, turismo, hoteles, gastronomia, actualidad, internacional","potentialAction":[{"@type":"SearchAction","target":{"@type":"EntryPoint","urlTemplate":"https:\/\/aeronoticias.com.pe\/noticiero\/?s={search_term_string}"},"query-input":{"@type":"PropertyValueSpecification","valueRequired":true,"valueName":"search_term_string"}}],"inLanguage":"es"},{"@type":"Person","@id":"https:\/\/aeronoticias.com.pe\/noticiero\/#\/schema\/person\/fc1e5d578f4b62ba1cf7ac2bba1170a0","name":"Redacci\u00f3n Aeronoticias","url":"https:\/\/aeronoticias.com.pe\/noticiero\/author\/piloto\/"}]}},"_links":{"self":[{"href":"https:\/\/aeronoticias.com.pe\/noticiero\/wp-json\/wp\/v2\/posts\/59711","targetHints":{"allow":["GET"]}}],"collection":[{"href":"https:\/\/aeronoticias.com.pe\/noticiero\/wp-json\/wp\/v2\/posts"}],"about":[{"href":"https:\/\/aeronoticias.com.pe\/noticiero\/wp-json\/wp\/v2\/types\/post"}],"author":[{"embeddable":true,"href":"https:\/\/aeronoticias.com.pe\/noticiero\/wp-json\/wp\/v2\/users\/1"}],"replies":[{"embeddable":true,"href":"https:\/\/aeronoticias.com.pe\/noticiero\/wp-json\/wp\/v2\/comments?post=59711"}],"version-history":[{"count":0,"href":"https:\/\/aeronoticias.com.pe\/noticiero\/wp-json\/wp\/v2\/posts\/59711\/revisions"}],"wp:featuredmedia":[{"embeddable":true,"href":"https:\/\/aeronoticias.com.pe\/noticiero\/wp-json\/wp\/v2\/media\/63435"}],"wp:attachment":[{"href":"https:\/\/aeronoticias.com.pe\/noticiero\/wp-json\/wp\/v2\/media?parent=59711"}],"wp:term":[{"taxonomy":"category","embeddable":true,"href":"https:\/\/aeronoticias.com.pe\/noticiero\/wp-json\/wp\/v2\/categories?post=59711"},{"taxonomy":"post_tag","embeddable":true,"href":"https:\/\/aeronoticias.com.pe\/noticiero\/wp-json\/wp\/v2\/tags?post=59711"}],"curies":[{"name":"wp","href":"https:\/\/api.w.org\/{rel}","templated":true}]}}