{"id":59715,"date":"2020-04-29T20:58:55","date_gmt":"2020-04-29T20:58:55","guid":{"rendered":"http:\/\/desarrollo.mcvicious.com\/aero2020\/2020\/04\/29\/penales-peruanos-misiles-virales-de-la-pandemia\/"},"modified":"2020-04-29T20:58:55","modified_gmt":"2020-04-29T20:58:55","slug":"penales-peruanos-misiles-virales-de-la-pandemia","status":"publish","type":"post","link":"https:\/\/aeronoticias.com.pe\/noticiero\/politica\/penales-peruanos-misiles-virales-de-la-pandemia\/","title":{"rendered":"Penales peruanos, misiles virales de la pandemia"},"content":{"rendered":"<p>(Aeronoticias).-\u00a0<span style=\"color: #454545; font-family: Helvetica; font-size: 12px; text-align: justify;\">La vida humana se enfrenta al peor desastre de la historia, toda nuestra civilizaci\u00f3n esta en peligro de extinci\u00f3n por culpa de la misma humanidad; el mundo creci\u00f3 sin tener una visi\u00f3n humanista y sostenida para dar paso al poder del mercado, de los poderosos y del dinero.<\/span><\/p>\n<p class=\"p1\" style=\"margin: 0px; text-align: justify; font-variant-numeric: normal; font-variant-east-asian: normal; font-stretch: normal; font-size: 12px; line-height: normal; font-family: Helvetica; color: #454545;\">Somos parte de una sociedad que tienen un sistema de justicia desigual, tenemos instituciones bancarias que nos roban<span> <\/span>cobrando<span> <\/span>intereses de hasta el 300% por usar una tarjeta de cr\u00e9dito que el ciudadano pobre la usa para comer en tiempos de pandemia; tenemos un sistema de pensiones AFP que cautela el dinero de los jubilados, guard\u00e1ndola en sus propios bancos para luego ruletearnos cobr\u00e1ndonos tasas leoninas si queremos acceder a un pr\u00e9stamo para un capital de trabajo o para adquirir un peque\u00f1o departamento. Esta forma asolapada del actuar de la banca ES UN ROBO \u00bfDe que equidad y justicia estamos hablando?<\/p>\n<p class=\"p2\" style=\"margin: 0px; text-align: justify; font-variant-numeric: normal; font-variant-east-asian: normal; font-stretch: normal; font-size: 12px; line-height: normal; font-family: Helvetica; color: #454545; min-height: 14px;\">\u00a0<\/p>\n<p class=\"p1\" style=\"margin: 0px; text-align: justify; font-variant-numeric: normal; font-variant-east-asian: normal; font-stretch: normal; font-size: 12px; line-height: normal; font-family: Helvetica; color: #454545;\">En el Per\u00fa, hay personas privadas de libertad porque un polic\u00eda corrupto le sembr\u00f3 pruebas a un inocente; a\u00fan tenemos<span> <\/span>fiscales que no ven que tras un n\u00famero de expediente hay un ser humano<span> <\/span>y sin importar los descargos legales act\u00faan con desidia e incapacidad, enviando a gente inocente a prisi\u00f3n preventiva.<\/p>\n<p class=\"p1\" style=\"margin: 0px; text-align: justify; font-variant-numeric: normal; font-variant-east-asian: normal; font-stretch: normal; font-size: 12px; line-height: normal; font-family: Helvetica; color: #454545;\">\u00a0<\/p>\n<p class=\"p1\" style=\"margin: 0px; text-align: justify; font-variant-numeric: normal; font-variant-east-asian: normal; font-stretch: normal; font-size: 12px; line-height: normal; font-family: Helvetica; color: #454545;\">En las c\u00e1rceles peruanas hay mujeres que por pobreza son captadas para ser Burriers y por haber ganado 5,000 soles purgan una pena de 8 a\u00f1os que las aleja de su familia, sin embargo el empresario, banquero y poderoso consumidor que promueve<span> <\/span>el mercado recibe la droga por delivery, por ello me pregunto <strong>QUE SOCIEDAD HIPOCRITA HEMOS CONSTRUIDO.<\/strong><\/p>\n<p class=\"p2\" style=\"margin: 0px; text-align: justify; font-variant-numeric: normal; font-variant-east-asian: normal; font-stretch: normal; font-size: 12px; line-height: normal; font-family: Helvetica; color: #454545; min-height: 14px;\">\u00a0<\/p>\n<p class=\"p1\" style=\"margin: 0px; text-align: justify; font-variant-numeric: normal; font-variant-east-asian: normal; font-stretch: normal; font-size: 12px; line-height: normal; font-family: Helvetica; color: #454545;\">Hoy en medio de esta pandemia<span> <\/span>vemos con espanto como los altos mandos policiales peruanos han sido denunciados por compras fraudulentas, en tiempos de la peor desgracia de la humanidad.<\/p>\n<p class=\"p2\" style=\"margin: 0px; text-align: justify; font-variant-numeric: normal; font-variant-east-asian: normal; font-stretch: normal; font-size: 12px; line-height: normal; font-family: Helvetica; color: #454545; min-height: 14px;\">\u00a0<\/p>\n<p class=\"p1\" style=\"margin: 0px; text-align: justify; font-variant-numeric: normal; font-variant-east-asian: normal; font-stretch: normal; font-size: 12px; line-height: normal; font-family: Helvetica; color: #454545;\">Por ello, tenemos dos opciones o nos quedamos<span> <\/span>inertes y pasamos a formar parte de la legi\u00f3n de idiotas que seg\u00fan el escritor y fil\u00f3sofo italiano Humberto Eco es en lo que se han convertido las redes sociales, \u00f3 desde nuestro lugar de influencia proponemos, ideas, cambios , que puedan servir para construir un sistema de justicia<span> <\/span>m\u00e1s equitativo<span> <\/span>y humano.<\/p>\n<p class=\"p2\" style=\"margin: 0px; text-align: justify; font-variant-numeric: normal; font-variant-east-asian: normal; font-stretch: normal; font-size: 12px; line-height: normal; font-family: Helvetica; color: #454545; min-height: 14px;\">\u00a0<\/p>\n<p class=\"p1\" style=\"margin: 0px; text-align: justify; font-variant-numeric: normal; font-variant-east-asian: normal; font-stretch: normal; font-size: 12px; line-height: normal; font-family: Helvetica; color: #454545;\">En el Per\u00fa la poblaci\u00f3n penitenciaria es de aproximadamente 95,548 internos el 45% de esta poblaci\u00f3n esta en prisi\u00f3n preventiva y sin sentencia, gente pobre y sin justicia que no tiene dinero para costear los honorarios de un buen abogado, realidad que nos hace preguntarnos si existe realmente la justicia en el Per\u00fa o es solo una ILUSI\u00d3N?<\/p>\n<p class=\"p2\" style=\"margin: 0px; text-align: justify; font-variant-numeric: normal; font-variant-east-asian: normal; font-stretch: normal; font-size: 12px; line-height: normal; font-family: Helvetica; color: #454545; min-height: 14px;\">\u00a0<\/p>\n<p class=\"p1\" style=\"margin: 0px; text-align: justify; font-variant-numeric: normal; font-variant-east-asian: normal; font-stretch: normal; font-size: 12px; line-height: normal; font-family: Helvetica; color: #454545;\">El Dr. \u00d1ique de la Puente Past Decano del Colegio de Abogados de Lima (2009- 2010) expreso sobre el concepto justicia lo siguiente:<\/p>\n<p class=\"p1\" style=\"margin: 0px; text-align: justify; font-variant-numeric: normal; font-variant-east-asian: normal; font-stretch: normal; font-size: 12px; line-height: normal; font-family: Helvetica; color: #454545;\">\u00a0<\/p>\n<p class=\"p1\" style=\"margin: 0px; text-align: justify; font-variant-numeric: normal; font-variant-east-asian: normal; font-stretch: normal; font-size: 12px; line-height: normal; font-family: Helvetica; color: #454545;\">\u201c<em>La\u00a0Justicia sin<\/em> <em>amor es una parodia\u2026\u201d \u201cEl amor es lo que construye\u2026\u201d \u201cHay que formar gente con amor\u201d.<\/em> <em>\u201cLa\u00a0Caridad es aplicar\u00a0la\u00a0justicia, mas all\u00e1\u00a0de\u00a0la\u00a0justicia legal, ilumin\u00e1ndola con el amor, porque el amor es lo que nos permite ir m\u00e1s all\u00e1\u00a0de\u00a0la\u00a0justicia legal y lo \u00fanico que puede sustituir a\u00a0la\u00a0justicia es\u00a0la\u00a0Misericordia. \u2026\u201dLa\u00a0Misericordia ilumina con\u00a0la\u00a0f\u00e9 y con\u00a0la\u00a0raz\u00f3n<\/em> <em>la\u00a0mas correcta administraci\u00f3n\u00a0de\u00a0justicia\u201d.<\/em><\/p>\n<p class=\"p2\" style=\"margin: 0px; text-align: justify; font-variant-numeric: normal; font-variant-east-asian: normal; font-stretch: normal; font-size: 12px; line-height: normal; font-family: Helvetica; color: #454545; min-height: 14px;\"><em> <\/em><\/p>\n<p class=\"p1\" style=\"margin: 0px; text-align: justify; font-variant-numeric: normal; font-variant-east-asian: normal; font-stretch: normal; font-size: 12px; line-height: normal; font-family: Helvetica; color: #454545;\">Los penales peruanos se han convertido en misiles virales de la pendemia, que ya empezaron a disparase y nos abofetea en la cara una realidad espantosa, cruel y despiadada, hoy en los penales<span> <\/span>no funcionan los t\u00f3picos, no hay m\u00e9dicos, no hay medicinas, no hay visita que les pueda suministrar alivio alguno y no hay una estad\u00edstica<span> <\/span>real de cuantos enfermos hay; todo ahunado a la falta de personal del INPE que al no tener materiales de seguridad personal mandilones y tapabocas ya no quieren laborar para no exponerse.<span> <\/span><\/p>\n<p class=\"p2\" style=\"margin: 0px; text-align: justify; font-variant-numeric: normal; font-variant-east-asian: normal; font-stretch: normal; font-size: 12px; line-height: normal; font-family: Helvetica; color: #454545; min-height: 14px;\">\u00a0<\/p>\n<p class=\"p1\" style=\"margin: 0px; text-align: justify; font-variant-numeric: normal; font-variant-east-asian: normal; font-stretch: normal; font-size: 12px; line-height: normal; font-family: Helvetica; color: #454545;\">Ya no hay tiempo, se debe actuar de inmediato aceptando los Habeas Corpus que se est\u00e1n presentando al Tribunal Constitucional, agilizando los procesos de Indulto y Conmutaci\u00f3n de la Pena y dando prisi\u00f3n domiciliaria a los internos con prisi\u00f3n preventiva; se deben realizar acciones legales, creativas y r\u00e1pidas inmediatamente, hay que gerenciar oportunamente la pandemia.<\/p>\n<p class=\"p2\" style=\"margin: 0px; text-align: justify; font-variant-numeric: normal; font-variant-east-asian: normal; font-stretch: normal; font-size: 12px; line-height: normal; font-family: Helvetica; color: #454545; min-height: 14px;\">\u00a0<\/p>\n<p class=\"p1\" style=\"margin: 0px; text-align: justify; font-variant-numeric: normal; font-variant-east-asian: normal; font-stretch: normal; font-size: 12px; line-height: normal; font-family: Helvetica; color: #454545;\">Desde nuestro frente nos toca luchar y rebelarnos, hay que crear y romper paradigmas legales que tanto gustan a jueces y fiscales de anta\u00f1o, luego pediremos cuentas, haremos nuevas leyes, hoy nos convoca el escribir la historia contempor\u00e1nea del mundo, ya que el COVID 19 llego y estar\u00e1 con nosotros por mucho tiempo, de no hacerlo nuestro sistema de justicia peruano se convertir\u00e1 en COMPLICE DE LA EXTINCI\u00d3N HUMANA DEL MUNDO.<span> <\/span><\/p>\n<p class=\"p2\" style=\"margin: 0px; text-align: justify; font-variant-numeric: normal; font-variant-east-asian: normal; font-stretch: normal; font-size: 12px; line-height: normal; font-family: Helvetica; color: #454545; min-height: 14px;\">\u00a0<\/p>\n<p class=\"p1\" style=\"margin: 0px; text-align: justify; font-variant-numeric: normal; font-variant-east-asian: normal; font-stretch: normal; font-size: 12px; line-height: normal; font-family: Helvetica; color: #454545;\">Rosy Guzm\u00e1n<\/p>\n<p class=\"p1\" style=\"margin: 0px; text-align: justify; font-variant-numeric: normal; font-variant-east-asian: normal; font-stretch: normal; font-size: 12px; line-height: normal; font-family: Helvetica; color: #454545;\">Periodista CPP 3,528<\/p>\n<p class=\"p1\" style=\"margin: 0px; text-align: justify; font-variant-numeric: normal; font-variant-east-asian: normal; font-stretch: normal; font-size: 12px; line-height: normal; font-family: Helvetica; color: #454545;\">Doctorando en Derecho<\/p>\n<p class=\"p1\" style=\"margin: 0px; text-align: justify; font-variant-numeric: normal; font-variant-east-asian: normal; font-stretch: normal; font-size: 12px; line-height: normal; font-family: Helvetica; color: #454545;\">Lima, 29 de abril del 2020<\/p>\n<p class=\"p1\" style=\"margin: 0px; text-align: justify; font-variant-numeric: normal; font-variant-east-asian: normal; font-stretch: normal; font-size: 12px; line-height: normal; font-family: Helvetica; color: #454545;\">\u00a0<\/p>\n<p class=\"p1\" style=\"margin: 0px; text-align: justify; font-variant-numeric: normal; font-variant-east-asian: normal; font-stretch: normal; font-size: 12px; line-height: normal; font-family: Helvetica; color: #454545;\"><img decoding=\"async\" src=\"images\/stories\/rosy.jpg\" border=\"0\" \/><\/p>\n","protected":false},"excerpt":{"rendered":"<p>(Aeronoticias).-\u00a0La vida humana se enfrenta al peor desastre de la historia, toda nuestra civilizaci\u00f3n esta en peligro de extinci\u00f3n por culpa de la misma humanidad; el mundo creci\u00f3 sin tener una visi\u00f3n humanista y sostenida para dar paso al poder del mercado, de los poderosos y del dinero. Somos parte de una sociedad que tienen [&hellip;]<\/p>\n","protected":false},"author":1,"featured_media":0,"comment_status":"open","ping_status":"open","sticky":false,"template":"","format":"standard","meta":{"tdm_status":"","tdm_grid_status":"","footnotes":""},"categories":[36],"tags":[],"class_list":{"0":"post-59715","1":"post","2":"type-post","3":"status-publish","4":"format-standard","6":"category-politica"},"yoast_head":"<!-- This site is optimized with the Yoast SEO plugin v25.1 - https:\/\/yoast.com\/wordpress\/plugins\/seo\/ -->\n<title>Penales peruanos, misiles virales de la pandemia<\/title>\n<meta name=\"description\" content=\"Portal de noticias del Per\u00fa sobre el transporte a\u00e9reo, aviaci\u00f3n, turismo, hoteleria, actualidad.\" \/>\n<meta name=\"robots\" content=\"index, follow, max-snippet:-1, max-image-preview:large, max-video-preview:-1\" \/>\n<link rel=\"canonical\" href=\"https:\/\/aeronoticias.com.pe\/noticiero\/politica\/penales-peruanos-misiles-virales-de-la-pandemia\/\" \/>\n<meta property=\"og:locale\" content=\"es_ES\" \/>\n<meta property=\"og:type\" content=\"article\" \/>\n<meta property=\"og:title\" content=\"Penales peruanos, misiles virales de la pandemia\" \/>\n<meta property=\"og:description\" content=\"Portal de noticias del Per\u00fa sobre el transporte a\u00e9reo, aviaci\u00f3n, turismo, hoteleria, actualidad.\" \/>\n<meta property=\"og:url\" content=\"https:\/\/aeronoticias.com.pe\/noticiero\/politica\/penales-peruanos-misiles-virales-de-la-pandemia\/\" \/>\n<meta property=\"og:site_name\" content=\"Aeronoticias.com.pe\" \/>\n<meta property=\"article:publisher\" content=\"https:\/\/www.facebook.com\/Aeronoticias.com.pe\/\" \/>\n<meta property=\"article:published_time\" content=\"2020-04-29T20:58:55+00:00\" \/>\n<meta name=\"author\" content=\"Redacci\u00f3n Aeronoticias\" \/>\n<meta name=\"twitter:card\" content=\"summary_large_image\" \/>\n<meta name=\"twitter:creator\" content=\"@aeronoticias\" \/>\n<meta name=\"twitter:site\" content=\"@aeronoticias\" \/>\n<meta name=\"twitter:label1\" content=\"Escrito por\" \/>\n\t<meta name=\"twitter:data1\" content=\"Redacci\u00f3n Aeronoticias\" \/>\n\t<meta name=\"twitter:label2\" content=\"Tiempo de lectura\" \/>\n\t<meta name=\"twitter:data2\" content=\"4 minutos\" \/>\n<script type=\"application\/ld+json\" class=\"yoast-schema-graph\">{\"@context\":\"https:\/\/schema.org\",\"@graph\":[{\"@type\":\"WebPage\",\"@id\":\"https:\/\/aeronoticias.com.pe\/noticiero\/politica\/penales-peruanos-misiles-virales-de-la-pandemia\/\",\"url\":\"https:\/\/aeronoticias.com.pe\/noticiero\/politica\/penales-peruanos-misiles-virales-de-la-pandemia\/\",\"name\":\"Penales peruanos, misiles virales de la pandemia\",\"isPartOf\":{\"@id\":\"https:\/\/aeronoticias.com.pe\/noticiero\/#website\"},\"datePublished\":\"2020-04-29T20:58:55+00:00\",\"author\":{\"@id\":\"https:\/\/aeronoticias.com.pe\/noticiero\/#\/schema\/person\/fc1e5d578f4b62ba1cf7ac2bba1170a0\"},\"description\":\"Portal de noticias del Per\u00fa sobre el transporte a\u00e9reo, aviaci\u00f3n, turismo, hoteleria, actualidad.\",\"breadcrumb\":{\"@id\":\"https:\/\/aeronoticias.com.pe\/noticiero\/politica\/penales-peruanos-misiles-virales-de-la-pandemia\/#breadcrumb\"},\"inLanguage\":\"es\",\"potentialAction\":[{\"@type\":\"ReadAction\",\"target\":[\"https:\/\/aeronoticias.com.pe\/noticiero\/politica\/penales-peruanos-misiles-virales-de-la-pandemia\/\"]}]},{\"@type\":\"BreadcrumbList\",\"@id\":\"https:\/\/aeronoticias.com.pe\/noticiero\/politica\/penales-peruanos-misiles-virales-de-la-pandemia\/#breadcrumb\",\"itemListElement\":[{\"@type\":\"ListItem\",\"position\":1,\"name\":\"Portada\",\"item\":\"https:\/\/aeronoticias.com.pe\/noticiero\/\"},{\"@type\":\"ListItem\",\"position\":2,\"name\":\"Penales peruanos, misiles virales de la pandemia\"}]},{\"@type\":\"WebSite\",\"@id\":\"https:\/\/aeronoticias.com.pe\/noticiero\/#website\",\"url\":\"https:\/\/aeronoticias.com.pe\/noticiero\/\",\"name\":\"Aeronoticias.com.pe\",\"description\":\"Noticias de tranporte aereo, turismo, hoteles, gastronomia, actualidad, internacional\",\"potentialAction\":[{\"@type\":\"SearchAction\",\"target\":{\"@type\":\"EntryPoint\",\"urlTemplate\":\"https:\/\/aeronoticias.com.pe\/noticiero\/?s={search_term_string}\"},\"query-input\":{\"@type\":\"PropertyValueSpecification\",\"valueRequired\":true,\"valueName\":\"search_term_string\"}}],\"inLanguage\":\"es\"},{\"@type\":\"Person\",\"@id\":\"https:\/\/aeronoticias.com.pe\/noticiero\/#\/schema\/person\/fc1e5d578f4b62ba1cf7ac2bba1170a0\",\"name\":\"Redacci\u00f3n Aeronoticias\",\"url\":\"https:\/\/aeronoticias.com.pe\/noticiero\/author\/piloto\/\"}]}<\/script>\n<!-- \/ Yoast SEO plugin. -->","yoast_head_json":{"title":"Penales peruanos, misiles virales de la pandemia","description":"Portal de noticias del Per\u00fa sobre el transporte a\u00e9reo, aviaci\u00f3n, turismo, hoteleria, actualidad.","robots":{"index":"index","follow":"follow","max-snippet":"max-snippet:-1","max-image-preview":"max-image-preview:large","max-video-preview":"max-video-preview:-1"},"canonical":"https:\/\/aeronoticias.com.pe\/noticiero\/politica\/penales-peruanos-misiles-virales-de-la-pandemia\/","og_locale":"es_ES","og_type":"article","og_title":"Penales peruanos, misiles virales de la pandemia","og_description":"Portal de noticias del Per\u00fa sobre el transporte a\u00e9reo, aviaci\u00f3n, turismo, hoteleria, actualidad.","og_url":"https:\/\/aeronoticias.com.pe\/noticiero\/politica\/penales-peruanos-misiles-virales-de-la-pandemia\/","og_site_name":"Aeronoticias.com.pe","article_publisher":"https:\/\/www.facebook.com\/Aeronoticias.com.pe\/","article_published_time":"2020-04-29T20:58:55+00:00","author":"Redacci\u00f3n Aeronoticias","twitter_card":"summary_large_image","twitter_creator":"@aeronoticias","twitter_site":"@aeronoticias","twitter_misc":{"Escrito por":"Redacci\u00f3n Aeronoticias","Tiempo de lectura":"4 minutos"},"schema":{"@context":"https:\/\/schema.org","@graph":[{"@type":"WebPage","@id":"https:\/\/aeronoticias.com.pe\/noticiero\/politica\/penales-peruanos-misiles-virales-de-la-pandemia\/","url":"https:\/\/aeronoticias.com.pe\/noticiero\/politica\/penales-peruanos-misiles-virales-de-la-pandemia\/","name":"Penales peruanos, misiles virales de la pandemia","isPartOf":{"@id":"https:\/\/aeronoticias.com.pe\/noticiero\/#website"},"datePublished":"2020-04-29T20:58:55+00:00","author":{"@id":"https:\/\/aeronoticias.com.pe\/noticiero\/#\/schema\/person\/fc1e5d578f4b62ba1cf7ac2bba1170a0"},"description":"Portal de noticias del Per\u00fa sobre el transporte a\u00e9reo, aviaci\u00f3n, turismo, hoteleria, actualidad.","breadcrumb":{"@id":"https:\/\/aeronoticias.com.pe\/noticiero\/politica\/penales-peruanos-misiles-virales-de-la-pandemia\/#breadcrumb"},"inLanguage":"es","potentialAction":[{"@type":"ReadAction","target":["https:\/\/aeronoticias.com.pe\/noticiero\/politica\/penales-peruanos-misiles-virales-de-la-pandemia\/"]}]},{"@type":"BreadcrumbList","@id":"https:\/\/aeronoticias.com.pe\/noticiero\/politica\/penales-peruanos-misiles-virales-de-la-pandemia\/#breadcrumb","itemListElement":[{"@type":"ListItem","position":1,"name":"Portada","item":"https:\/\/aeronoticias.com.pe\/noticiero\/"},{"@type":"ListItem","position":2,"name":"Penales peruanos, misiles virales de la pandemia"}]},{"@type":"WebSite","@id":"https:\/\/aeronoticias.com.pe\/noticiero\/#website","url":"https:\/\/aeronoticias.com.pe\/noticiero\/","name":"Aeronoticias.com.pe","description":"Noticias de tranporte aereo, turismo, hoteles, gastronomia, actualidad, internacional","potentialAction":[{"@type":"SearchAction","target":{"@type":"EntryPoint","urlTemplate":"https:\/\/aeronoticias.com.pe\/noticiero\/?s={search_term_string}"},"query-input":{"@type":"PropertyValueSpecification","valueRequired":true,"valueName":"search_term_string"}}],"inLanguage":"es"},{"@type":"Person","@id":"https:\/\/aeronoticias.com.pe\/noticiero\/#\/schema\/person\/fc1e5d578f4b62ba1cf7ac2bba1170a0","name":"Redacci\u00f3n Aeronoticias","url":"https:\/\/aeronoticias.com.pe\/noticiero\/author\/piloto\/"}]}},"_links":{"self":[{"href":"https:\/\/aeronoticias.com.pe\/noticiero\/wp-json\/wp\/v2\/posts\/59715","targetHints":{"allow":["GET"]}}],"collection":[{"href":"https:\/\/aeronoticias.com.pe\/noticiero\/wp-json\/wp\/v2\/posts"}],"about":[{"href":"https:\/\/aeronoticias.com.pe\/noticiero\/wp-json\/wp\/v2\/types\/post"}],"author":[{"embeddable":true,"href":"https:\/\/aeronoticias.com.pe\/noticiero\/wp-json\/wp\/v2\/users\/1"}],"replies":[{"embeddable":true,"href":"https:\/\/aeronoticias.com.pe\/noticiero\/wp-json\/wp\/v2\/comments?post=59715"}],"version-history":[{"count":0,"href":"https:\/\/aeronoticias.com.pe\/noticiero\/wp-json\/wp\/v2\/posts\/59715\/revisions"}],"wp:attachment":[{"href":"https:\/\/aeronoticias.com.pe\/noticiero\/wp-json\/wp\/v2\/media?parent=59715"}],"wp:term":[{"taxonomy":"category","embeddable":true,"href":"https:\/\/aeronoticias.com.pe\/noticiero\/wp-json\/wp\/v2\/categories?post=59715"},{"taxonomy":"post_tag","embeddable":true,"href":"https:\/\/aeronoticias.com.pe\/noticiero\/wp-json\/wp\/v2\/tags?post=59715"}],"curies":[{"name":"wp","href":"https:\/\/api.w.org\/{rel}","templated":true}]}}