{"id":59716,"date":"2020-04-29T21:15:36","date_gmt":"2020-04-29T21:15:36","guid":{"rendered":"http:\/\/desarrollo.mcvicious.com\/aero2020\/2020\/04\/29\/aeromexico-anuncia-reanudacion-progresiva-a-partir-de-mayo-de-vuelos-internacionales\/"},"modified":"2020-09-30T23:56:14","modified_gmt":"2020-09-30T23:56:14","slug":"aeromexico-anuncia-reanudacion-progresiva-a-partir-de-mayo-de-vuelos-internacionales","status":"publish","type":"post","link":"https:\/\/aeronoticias.com.pe\/noticiero\/transporte-aereo\/internacional\/aeromexico-anuncia-reanudacion-progresiva-a-partir-de-mayo-de-vuelos-internacionales\/","title":{"rendered":"Aerom\u00e9xico anuncia reanudaci\u00f3n progresiva a partir de mayo de vuelos internacionales"},"content":{"rendered":"\n<p>Aerom\u00e9xico, la principal l\u00ednea a\u00e9rea mexicana, anunci\u00f3 la reanudaci\u00f3n de algunos vuelos a Asia, Europa, Estados Unidos, Canad\u00e1 y otros pa\u00edses de Latinoam\u00e9rica, aunque con menores frecuencias, a partir del 1 de mayo, y en algunos casos en junio e incluso septiembre.<\/p>\n\n\n\n<p class=\"p1\">La aerol\u00ednea revel\u00f3 las modificaciones a sus rutas en un comunicado difundido en su p\u00e1gina web el martes por la noche, en el que se\u00f1ala que \u201cla seguridad de sus clientes y colaboradores es lo m\u00e1s importante\u201d para la empresa.<\/p>\n\n\n\n<p class=\"p1\">Por esta raz\u00f3n, \u201cseguir\u00e1 implementando las medidas preventivas necesarias y realizando ajustes a la operaci\u00f3n\u201d, dijo la compa\u00f1\u00eda, que tambi\u00e9n anuncio ajustes en las frecuencias de los vuelos nacionales y la suspensi\u00f3n de la operaci\u00f3n a algunos destinos locales.<\/p>\n\n\n\n<p class=\"p1\">Aerom\u00e9xico registr\u00f3 en el primer trimestre de 2020 una p\u00e9rdida neta de 2,508 millones de pesos (105.3 millones de d\u00f3lares) duplicando la del mismo lapso del a\u00f1o anterior, golpeada por una d\u00e9bil econom\u00eda y la epidemia del coronavirus, que provoc\u00f3 el cierre de fronteras y un desplome en la demanda de vuelos.<\/p>\n\n\n\n<p class=\"p1\">Fuente: <span style=\"text-decoration: underline;\"><em><strong>Reuters.<\/strong><\/em><\/span><\/p>\n\n\n\n<p class=\"p1\"><span style=\"text-decoration: underline;\"><em><strong><br><\/strong><\/em><\/span><\/p>\n","protected":false},"excerpt":{"rendered":"<p>Aerom\u00e9xico, la principal l\u00ednea a\u00e9rea mexicana, anunci\u00f3 la reanudaci\u00f3n de algunos vuelos a Asia, Europa, Estados Unidos, Canad\u00e1 y otros pa\u00edses de Latinoam\u00e9rica, aunque con menores frecuencias, a partir del 1 de mayo, y en algunos casos en junio e incluso septiembre. La aerol\u00ednea revel\u00f3 las modificaciones a sus rutas en un comunicado difundido en [&hellip;]<\/p>\n","protected":false},"author":1,"featured_media":63429,"comment_status":"open","ping_status":"open","sticky":false,"template":"","format":"standard","meta":{"tdm_status":"","tdm_grid_status":"","footnotes":""},"categories":[32,11],"tags":[224],"class_list":{"0":"post-59716","1":"post","2":"type-post","3":"status-publish","4":"format-standard","5":"has-post-thumbnail","7":"category-internacional","8":"category-transporte-aereo","9":"tag-aeromexico"},"yoast_head":"<!-- This site is optimized with the Yoast SEO plugin v25.1 - https:\/\/yoast.com\/wordpress\/plugins\/seo\/ -->\n<title>Aerom\u00e9xico anuncia reanudaci\u00f3n progresiva a partir de mayo de vuelos internacionales<\/title>\n<meta name=\"description\" content=\"Aerom\u00e9xico, la principal l\u00ednea a\u00e9rea mexicana, anunci\u00f3 la reanudaci\u00f3n de algunos vuelos a Asia, Europa, Estados Unidos, Canad\u00e1 y otros\" \/>\n<meta name=\"robots\" content=\"index, follow, max-snippet:-1, max-image-preview:large, max-video-preview:-1\" \/>\n<link rel=\"canonical\" href=\"https:\/\/aeronoticias.com.pe\/noticiero\/transporte-aereo\/internacional\/aeromexico-anuncia-reanudacion-progresiva-a-partir-de-mayo-de-vuelos-internacionales\/\" \/>\n<meta property=\"og:locale\" content=\"es_ES\" \/>\n<meta property=\"og:type\" content=\"article\" \/>\n<meta property=\"og:title\" content=\"Aerom\u00e9xico anuncia reanudaci\u00f3n progresiva a partir de mayo de vuelos internacionales\" \/>\n<meta property=\"og:description\" content=\"Aerom\u00e9xico, la principal l\u00ednea a\u00e9rea mexicana, anunci\u00f3 la reanudaci\u00f3n de algunos vuelos a Asia, Europa, Estados Unidos, Canad\u00e1 y otros\" \/>\n<meta property=\"og:url\" content=\"https:\/\/aeronoticias.com.pe\/noticiero\/transporte-aereo\/internacional\/aeromexico-anuncia-reanudacion-progresiva-a-partir-de-mayo-de-vuelos-internacionales\/\" \/>\n<meta property=\"og:site_name\" content=\"Aeronoticias.com.pe\" \/>\n<meta property=\"article:publisher\" content=\"https:\/\/www.facebook.com\/Aeronoticias.com.pe\/\" \/>\n<meta property=\"article:published_time\" content=\"2020-04-29T21:15:36+00:00\" \/>\n<meta property=\"article:modified_time\" content=\"2020-09-30T23:56:14+00:00\" \/>\n<meta property=\"og:image\" content=\"https:\/\/aeronoticias.com.pe\/noticiero\/wp-content\/uploads\/2020\/04\/Aerom\u00e9xico.jpg\" \/>\n\t<meta property=\"og:image:width\" content=\"1280\" \/>\n\t<meta property=\"og:image:height\" content=\"720\" \/>\n\t<meta property=\"og:image:type\" content=\"image\/jpeg\" \/>\n<meta name=\"author\" content=\"Redacci\u00f3n Aeronoticias\" \/>\n<meta name=\"twitter:card\" content=\"summary_large_image\" \/>\n<meta name=\"twitter:creator\" content=\"@aeronoticias\" \/>\n<meta name=\"twitter:site\" content=\"@aeronoticias\" \/>\n<meta name=\"twitter:label1\" content=\"Escrito por\" \/>\n\t<meta name=\"twitter:data1\" content=\"Redacci\u00f3n Aeronoticias\" \/>\n\t<meta name=\"twitter:label2\" content=\"Tiempo de lectura\" \/>\n\t<meta name=\"twitter:data2\" content=\"1 minuto\" \/>\n<script type=\"application\/ld+json\" class=\"yoast-schema-graph\">{\"@context\":\"https:\/\/schema.org\",\"@graph\":[{\"@type\":\"WebPage\",\"@id\":\"https:\/\/aeronoticias.com.pe\/noticiero\/transporte-aereo\/internacional\/aeromexico-anuncia-reanudacion-progresiva-a-partir-de-mayo-de-vuelos-internacionales\/\",\"url\":\"https:\/\/aeronoticias.com.pe\/noticiero\/transporte-aereo\/internacional\/aeromexico-anuncia-reanudacion-progresiva-a-partir-de-mayo-de-vuelos-internacionales\/\",\"name\":\"Aerom\u00e9xico anuncia reanudaci\u00f3n progresiva a partir de mayo de vuelos internacionales\",\"isPartOf\":{\"@id\":\"https:\/\/aeronoticias.com.pe\/noticiero\/#website\"},\"primaryImageOfPage\":{\"@id\":\"https:\/\/aeronoticias.com.pe\/noticiero\/transporte-aereo\/internacional\/aeromexico-anuncia-reanudacion-progresiva-a-partir-de-mayo-de-vuelos-internacionales\/#primaryimage\"},\"image\":{\"@id\":\"https:\/\/aeronoticias.com.pe\/noticiero\/transporte-aereo\/internacional\/aeromexico-anuncia-reanudacion-progresiva-a-partir-de-mayo-de-vuelos-internacionales\/#primaryimage\"},\"thumbnailUrl\":\"https:\/\/aeronoticias.com.pe\/noticiero\/wp-content\/uploads\/2020\/04\/Aerom\u00e9xico.jpg\",\"datePublished\":\"2020-04-29T21:15:36+00:00\",\"dateModified\":\"2020-09-30T23:56:14+00:00\",\"author\":{\"@id\":\"https:\/\/aeronoticias.com.pe\/noticiero\/#\/schema\/person\/fc1e5d578f4b62ba1cf7ac2bba1170a0\"},\"description\":\"Aerom\u00e9xico, la principal l\u00ednea a\u00e9rea mexicana, anunci\u00f3 la reanudaci\u00f3n de algunos vuelos a Asia, Europa, Estados Unidos, Canad\u00e1 y otros\",\"breadcrumb\":{\"@id\":\"https:\/\/aeronoticias.com.pe\/noticiero\/transporte-aereo\/internacional\/aeromexico-anuncia-reanudacion-progresiva-a-partir-de-mayo-de-vuelos-internacionales\/#breadcrumb\"},\"inLanguage\":\"es\",\"potentialAction\":[{\"@type\":\"ReadAction\",\"target\":[\"https:\/\/aeronoticias.com.pe\/noticiero\/transporte-aereo\/internacional\/aeromexico-anuncia-reanudacion-progresiva-a-partir-de-mayo-de-vuelos-internacionales\/\"]}]},{\"@type\":\"ImageObject\",\"inLanguage\":\"es\",\"@id\":\"https:\/\/aeronoticias.com.pe\/noticiero\/transporte-aereo\/internacional\/aeromexico-anuncia-reanudacion-progresiva-a-partir-de-mayo-de-vuelos-internacionales\/#primaryimage\",\"url\":\"https:\/\/aeronoticias.com.pe\/noticiero\/wp-content\/uploads\/2020\/04\/Aerom\u00e9xico.jpg\",\"contentUrl\":\"https:\/\/aeronoticias.com.pe\/noticiero\/wp-content\/uploads\/2020\/04\/Aerom\u00e9xico.jpg\",\"width\":1280,\"height\":720},{\"@type\":\"BreadcrumbList\",\"@id\":\"https:\/\/aeronoticias.com.pe\/noticiero\/transporte-aereo\/internacional\/aeromexico-anuncia-reanudacion-progresiva-a-partir-de-mayo-de-vuelos-internacionales\/#breadcrumb\",\"itemListElement\":[{\"@type\":\"ListItem\",\"position\":1,\"name\":\"Portada\",\"item\":\"https:\/\/aeronoticias.com.pe\/noticiero\/\"},{\"@type\":\"ListItem\",\"position\":2,\"name\":\"Aerom\u00e9xico anuncia reanudaci\u00f3n progresiva a partir de mayo de vuelos internacionales\"}]},{\"@type\":\"WebSite\",\"@id\":\"https:\/\/aeronoticias.com.pe\/noticiero\/#website\",\"url\":\"https:\/\/aeronoticias.com.pe\/noticiero\/\",\"name\":\"Aeronoticias.com.pe\",\"description\":\"Noticias de tranporte aereo, turismo, hoteles, gastronomia, actualidad, internacional\",\"potentialAction\":[{\"@type\":\"SearchAction\",\"target\":{\"@type\":\"EntryPoint\",\"urlTemplate\":\"https:\/\/aeronoticias.com.pe\/noticiero\/?s={search_term_string}\"},\"query-input\":{\"@type\":\"PropertyValueSpecification\",\"valueRequired\":true,\"valueName\":\"search_term_string\"}}],\"inLanguage\":\"es\"},{\"@type\":\"Person\",\"@id\":\"https:\/\/aeronoticias.com.pe\/noticiero\/#\/schema\/person\/fc1e5d578f4b62ba1cf7ac2bba1170a0\",\"name\":\"Redacci\u00f3n Aeronoticias\",\"url\":\"https:\/\/aeronoticias.com.pe\/noticiero\/author\/piloto\/\"}]}<\/script>\n<!-- \/ Yoast SEO plugin. -->","yoast_head_json":{"title":"Aerom\u00e9xico anuncia reanudaci\u00f3n progresiva a partir de mayo de vuelos internacionales","description":"Aerom\u00e9xico, la principal l\u00ednea a\u00e9rea mexicana, anunci\u00f3 la reanudaci\u00f3n de algunos vuelos a Asia, Europa, Estados Unidos, Canad\u00e1 y otros","robots":{"index":"index","follow":"follow","max-snippet":"max-snippet:-1","max-image-preview":"max-image-preview:large","max-video-preview":"max-video-preview:-1"},"canonical":"https:\/\/aeronoticias.com.pe\/noticiero\/transporte-aereo\/internacional\/aeromexico-anuncia-reanudacion-progresiva-a-partir-de-mayo-de-vuelos-internacionales\/","og_locale":"es_ES","og_type":"article","og_title":"Aerom\u00e9xico anuncia reanudaci\u00f3n progresiva a partir de mayo de vuelos internacionales","og_description":"Aerom\u00e9xico, la principal l\u00ednea a\u00e9rea mexicana, anunci\u00f3 la reanudaci\u00f3n de algunos vuelos a Asia, Europa, Estados Unidos, Canad\u00e1 y otros","og_url":"https:\/\/aeronoticias.com.pe\/noticiero\/transporte-aereo\/internacional\/aeromexico-anuncia-reanudacion-progresiva-a-partir-de-mayo-de-vuelos-internacionales\/","og_site_name":"Aeronoticias.com.pe","article_publisher":"https:\/\/www.facebook.com\/Aeronoticias.com.pe\/","article_published_time":"2020-04-29T21:15:36+00:00","article_modified_time":"2020-09-30T23:56:14+00:00","og_image":[{"width":1280,"height":720,"url":"https:\/\/aeronoticias.com.pe\/noticiero\/wp-content\/uploads\/2020\/04\/Aerom\u00e9xico.jpg","type":"image\/jpeg"}],"author":"Redacci\u00f3n Aeronoticias","twitter_card":"summary_large_image","twitter_creator":"@aeronoticias","twitter_site":"@aeronoticias","twitter_misc":{"Escrito por":"Redacci\u00f3n Aeronoticias","Tiempo de lectura":"1 minuto"},"schema":{"@context":"https:\/\/schema.org","@graph":[{"@type":"WebPage","@id":"https:\/\/aeronoticias.com.pe\/noticiero\/transporte-aereo\/internacional\/aeromexico-anuncia-reanudacion-progresiva-a-partir-de-mayo-de-vuelos-internacionales\/","url":"https:\/\/aeronoticias.com.pe\/noticiero\/transporte-aereo\/internacional\/aeromexico-anuncia-reanudacion-progresiva-a-partir-de-mayo-de-vuelos-internacionales\/","name":"Aerom\u00e9xico anuncia reanudaci\u00f3n progresiva a partir de mayo de vuelos internacionales","isPartOf":{"@id":"https:\/\/aeronoticias.com.pe\/noticiero\/#website"},"primaryImageOfPage":{"@id":"https:\/\/aeronoticias.com.pe\/noticiero\/transporte-aereo\/internacional\/aeromexico-anuncia-reanudacion-progresiva-a-partir-de-mayo-de-vuelos-internacionales\/#primaryimage"},"image":{"@id":"https:\/\/aeronoticias.com.pe\/noticiero\/transporte-aereo\/internacional\/aeromexico-anuncia-reanudacion-progresiva-a-partir-de-mayo-de-vuelos-internacionales\/#primaryimage"},"thumbnailUrl":"https:\/\/aeronoticias.com.pe\/noticiero\/wp-content\/uploads\/2020\/04\/Aerom\u00e9xico.jpg","datePublished":"2020-04-29T21:15:36+00:00","dateModified":"2020-09-30T23:56:14+00:00","author":{"@id":"https:\/\/aeronoticias.com.pe\/noticiero\/#\/schema\/person\/fc1e5d578f4b62ba1cf7ac2bba1170a0"},"description":"Aerom\u00e9xico, la principal l\u00ednea a\u00e9rea mexicana, anunci\u00f3 la reanudaci\u00f3n de algunos vuelos a Asia, Europa, Estados Unidos, Canad\u00e1 y otros","breadcrumb":{"@id":"https:\/\/aeronoticias.com.pe\/noticiero\/transporte-aereo\/internacional\/aeromexico-anuncia-reanudacion-progresiva-a-partir-de-mayo-de-vuelos-internacionales\/#breadcrumb"},"inLanguage":"es","potentialAction":[{"@type":"ReadAction","target":["https:\/\/aeronoticias.com.pe\/noticiero\/transporte-aereo\/internacional\/aeromexico-anuncia-reanudacion-progresiva-a-partir-de-mayo-de-vuelos-internacionales\/"]}]},{"@type":"ImageObject","inLanguage":"es","@id":"https:\/\/aeronoticias.com.pe\/noticiero\/transporte-aereo\/internacional\/aeromexico-anuncia-reanudacion-progresiva-a-partir-de-mayo-de-vuelos-internacionales\/#primaryimage","url":"https:\/\/aeronoticias.com.pe\/noticiero\/wp-content\/uploads\/2020\/04\/Aerom\u00e9xico.jpg","contentUrl":"https:\/\/aeronoticias.com.pe\/noticiero\/wp-content\/uploads\/2020\/04\/Aerom\u00e9xico.jpg","width":1280,"height":720},{"@type":"BreadcrumbList","@id":"https:\/\/aeronoticias.com.pe\/noticiero\/transporte-aereo\/internacional\/aeromexico-anuncia-reanudacion-progresiva-a-partir-de-mayo-de-vuelos-internacionales\/#breadcrumb","itemListElement":[{"@type":"ListItem","position":1,"name":"Portada","item":"https:\/\/aeronoticias.com.pe\/noticiero\/"},{"@type":"ListItem","position":2,"name":"Aerom\u00e9xico anuncia reanudaci\u00f3n progresiva a partir de mayo de vuelos internacionales"}]},{"@type":"WebSite","@id":"https:\/\/aeronoticias.com.pe\/noticiero\/#website","url":"https:\/\/aeronoticias.com.pe\/noticiero\/","name":"Aeronoticias.com.pe","description":"Noticias de tranporte aereo, turismo, hoteles, gastronomia, actualidad, internacional","potentialAction":[{"@type":"SearchAction","target":{"@type":"EntryPoint","urlTemplate":"https:\/\/aeronoticias.com.pe\/noticiero\/?s={search_term_string}"},"query-input":{"@type":"PropertyValueSpecification","valueRequired":true,"valueName":"search_term_string"}}],"inLanguage":"es"},{"@type":"Person","@id":"https:\/\/aeronoticias.com.pe\/noticiero\/#\/schema\/person\/fc1e5d578f4b62ba1cf7ac2bba1170a0","name":"Redacci\u00f3n Aeronoticias","url":"https:\/\/aeronoticias.com.pe\/noticiero\/author\/piloto\/"}]}},"_links":{"self":[{"href":"https:\/\/aeronoticias.com.pe\/noticiero\/wp-json\/wp\/v2\/posts\/59716","targetHints":{"allow":["GET"]}}],"collection":[{"href":"https:\/\/aeronoticias.com.pe\/noticiero\/wp-json\/wp\/v2\/posts"}],"about":[{"href":"https:\/\/aeronoticias.com.pe\/noticiero\/wp-json\/wp\/v2\/types\/post"}],"author":[{"embeddable":true,"href":"https:\/\/aeronoticias.com.pe\/noticiero\/wp-json\/wp\/v2\/users\/1"}],"replies":[{"embeddable":true,"href":"https:\/\/aeronoticias.com.pe\/noticiero\/wp-json\/wp\/v2\/comments?post=59716"}],"version-history":[{"count":0,"href":"https:\/\/aeronoticias.com.pe\/noticiero\/wp-json\/wp\/v2\/posts\/59716\/revisions"}],"wp:featuredmedia":[{"embeddable":true,"href":"https:\/\/aeronoticias.com.pe\/noticiero\/wp-json\/wp\/v2\/media\/63429"}],"wp:attachment":[{"href":"https:\/\/aeronoticias.com.pe\/noticiero\/wp-json\/wp\/v2\/media?parent=59716"}],"wp:term":[{"taxonomy":"category","embeddable":true,"href":"https:\/\/aeronoticias.com.pe\/noticiero\/wp-json\/wp\/v2\/categories?post=59716"},{"taxonomy":"post_tag","embeddable":true,"href":"https:\/\/aeronoticias.com.pe\/noticiero\/wp-json\/wp\/v2\/tags?post=59716"}],"curies":[{"name":"wp","href":"https:\/\/api.w.org\/{rel}","templated":true}]}}