{"id":59717,"date":"2020-04-29T21:21:23","date_gmt":"2020-04-29T21:21:23","guid":{"rendered":"http:\/\/desarrollo.mcvicious.com\/aero2020\/2020\/04\/29\/boeing-recortara-16000-empleos-y-reducira-produccion-de-aviones-comerciales\/"},"modified":"2020-09-30T23:53:45","modified_gmt":"2020-09-30T23:53:45","slug":"boeing-recortara-16000-empleos-y-reducira-produccion-de-aviones-comerciales","status":"publish","type":"post","link":"https:\/\/aeronoticias.com.pe\/noticiero\/transporte-aereo\/internacional\/boeing-recortara-16000-empleos-y-reducira-produccion-de-aviones-comerciales\/","title":{"rendered":"Boeing recortar\u00e1 16.000 empleos y reducir\u00e1 producci\u00f3n de aviones comerciales"},"content":{"rendered":"\n<p>El gigante aeron\u00e1utico Boeing anunci\u00f3 este mi\u00e9rcoles que planea recortar un 10 % de su plantilla, unos 16.000 empleos, y reducir la producci\u00f3n de varios de sus modelos de aviaci\u00f3n comercial, incluido el accidentado 737 MAX, tras registrar p\u00e9rdidas de 628 millones de d\u00f3lares en el primer trimestre de 2020, debido al impacto del COVID-19.<\/p>\n\n\n\n<p class=\"p1\">\u201cEn estos momentos estamos tomando acciones para reducir nuestra plantilla, aproximadamente un 10 %, de nuestros 160.000 empleados, hasta finales de este a\u00f1o, a trav\u00e9s de una combinaci\u00f3n de bajas voluntarias y despidos involuntarios, como sea necesario\u201d, dijo el presidente y consejero delegado de la firma, David Calhoun, en una conferencia con analistas.<\/p>\n\n\n\n<p class=\"p1\">Calhoun revel\u00f3 que esa reducci\u00f3n de personal impactar\u00e1 \u201cen las \u00e1reas que est\u00e1n m\u00e1s expuestas a las condiciones\u201d econ\u00f3micas de sus clientes, sobre todo aerol\u00edneas, por lo que un 15 % de los despidos se dar\u00e1n en el segmento de aviaci\u00f3n comercial, seg\u00fan adelant\u00f3 esta ma\u00f1ana a sus trabajadores.<\/p>\n\n\n\n<p class=\"p1\">Asimismo, el m\u00e1ximo ejecutivo de Boeing indic\u00f3 que, de entre sus aviones, los de cuerpo estrecho \u201cliderar\u00e1n el camino a la recuperaci\u00f3n\u201d y los de cuerpo ancho \u201cresultar\u00e1n m\u00e1s impactados\u201d por la crisis de demanda, por lo que se va a ralentizar la producci\u00f3n del modelo 787 y del modelo 777.<\/p>\n\n\n\n<p class=\"p1\">Respecto al modelo 737 MAX, Boeing reconoci\u00f3 que su ritmo de producci\u00f3n es \u201cm\u00e1s lento de lo planeado\u201d y comunic\u00f3 que producir\u00e1 unos 31 al mes en 2021 y planea incrementar el ritmo m\u00e1s adelante.<\/p>\n\n\n\n<p class=\"p1\">La compa\u00f1\u00eda aeron\u00e1utica estadounidense anunci\u00f3 esta ma\u00f1ana sus resultados del primer trimestre de 2020, en el que ha registrado 628 millones de d\u00f3lares en p\u00e9rdidas frente a los 2.149 millones de ganancias del mismo tramo del a\u00f1o pasado, al sumarse la crisis del COVID-19 a sus problemas por la paralizaci\u00f3n de los 737 MAX despu\u00e9s de dos accidentes.<\/p>\n\n\n\n<p class=\"p1\">Fuente: <span style=\"text-decoration: underline;\"><em><strong>EFE<\/strong><\/em><\/span>.<\/p>\n","protected":false},"excerpt":{"rendered":"<p>El gigante aeron\u00e1utico Boeing anunci\u00f3 este mi\u00e9rcoles que planea recortar un 10 % de su plantilla, unos 16.000 empleos, y reducir la producci\u00f3n de varios de sus modelos de aviaci\u00f3n comercial, incluido el accidentado 737 MAX, tras registrar p\u00e9rdidas de 628 millones de d\u00f3lares en el primer trimestre de 2020, debido al impacto del COVID-19. [&hellip;]<\/p>\n","protected":false},"author":1,"featured_media":63427,"comment_status":"open","ping_status":"open","sticky":false,"template":"","format":"standard","meta":{"tdm_status":"","tdm_grid_status":"","footnotes":""},"categories":[32,11],"tags":[118,163,110],"class_list":{"0":"post-59717","1":"post","2":"type-post","3":"status-publish","4":"format-standard","5":"has-post-thumbnail","7":"category-internacional","8":"category-transporte-aereo","9":"tag-boeing","10":"tag-coronavirus","11":"tag-covid-19"},"yoast_head":"<!-- This site is optimized with the Yoast SEO plugin v25.1 - https:\/\/yoast.com\/wordpress\/plugins\/seo\/ -->\n<title>Boeing recortar\u00e1 16.000 empleos y reducir\u00e1 producci\u00f3n de aviones comerciales<\/title>\n<meta name=\"description\" content=\"El gigante aeron\u00e1utico Boeing anunci\u00f3 este mi\u00e9rcoles que planea recortar un 10 % de su plantilla, unos 16.000 empleos\" \/>\n<meta name=\"robots\" content=\"index, follow, max-snippet:-1, max-image-preview:large, max-video-preview:-1\" \/>\n<link rel=\"canonical\" href=\"https:\/\/aeronoticias.com.pe\/noticiero\/transporte-aereo\/internacional\/boeing-recortara-16000-empleos-y-reducira-produccion-de-aviones-comerciales\/\" \/>\n<meta property=\"og:locale\" content=\"es_ES\" \/>\n<meta property=\"og:type\" content=\"article\" \/>\n<meta property=\"og:title\" content=\"Boeing recortar\u00e1 16.000 empleos y reducir\u00e1 producci\u00f3n de aviones comerciales\" \/>\n<meta property=\"og:description\" content=\"El gigante aeron\u00e1utico Boeing anunci\u00f3 este mi\u00e9rcoles que planea recortar un 10 % de su plantilla, unos 16.000 empleos\" \/>\n<meta property=\"og:url\" content=\"https:\/\/aeronoticias.com.pe\/noticiero\/transporte-aereo\/internacional\/boeing-recortara-16000-empleos-y-reducira-produccion-de-aviones-comerciales\/\" \/>\n<meta property=\"og:site_name\" content=\"Aeronoticias.com.pe\" \/>\n<meta property=\"article:publisher\" content=\"https:\/\/www.facebook.com\/Aeronoticias.com.pe\/\" \/>\n<meta property=\"article:published_time\" content=\"2020-04-29T21:21:23+00:00\" \/>\n<meta property=\"article:modified_time\" content=\"2020-09-30T23:53:45+00:00\" \/>\n<meta property=\"og:image\" content=\"https:\/\/aeronoticias.com.pe\/noticiero\/wp-content\/uploads\/2020\/04\/images.jpg\" \/>\n\t<meta property=\"og:image:width\" content=\"275\" \/>\n\t<meta property=\"og:image:height\" content=\"183\" \/>\n\t<meta property=\"og:image:type\" content=\"image\/jpeg\" \/>\n<meta name=\"author\" content=\"Redacci\u00f3n Aeronoticias\" \/>\n<meta name=\"twitter:card\" content=\"summary_large_image\" \/>\n<meta name=\"twitter:creator\" content=\"@aeronoticias\" \/>\n<meta name=\"twitter:site\" content=\"@aeronoticias\" \/>\n<meta name=\"twitter:label1\" content=\"Escrito por\" \/>\n\t<meta name=\"twitter:data1\" content=\"Redacci\u00f3n Aeronoticias\" \/>\n\t<meta name=\"twitter:label2\" content=\"Tiempo de lectura\" \/>\n\t<meta name=\"twitter:data2\" content=\"2 minutos\" \/>\n<script type=\"application\/ld+json\" class=\"yoast-schema-graph\">{\"@context\":\"https:\/\/schema.org\",\"@graph\":[{\"@type\":\"WebPage\",\"@id\":\"https:\/\/aeronoticias.com.pe\/noticiero\/transporte-aereo\/internacional\/boeing-recortara-16000-empleos-y-reducira-produccion-de-aviones-comerciales\/\",\"url\":\"https:\/\/aeronoticias.com.pe\/noticiero\/transporte-aereo\/internacional\/boeing-recortara-16000-empleos-y-reducira-produccion-de-aviones-comerciales\/\",\"name\":\"Boeing recortar\u00e1 16.000 empleos y reducir\u00e1 producci\u00f3n de aviones comerciales\",\"isPartOf\":{\"@id\":\"https:\/\/aeronoticias.com.pe\/noticiero\/#website\"},\"primaryImageOfPage\":{\"@id\":\"https:\/\/aeronoticias.com.pe\/noticiero\/transporte-aereo\/internacional\/boeing-recortara-16000-empleos-y-reducira-produccion-de-aviones-comerciales\/#primaryimage\"},\"image\":{\"@id\":\"https:\/\/aeronoticias.com.pe\/noticiero\/transporte-aereo\/internacional\/boeing-recortara-16000-empleos-y-reducira-produccion-de-aviones-comerciales\/#primaryimage\"},\"thumbnailUrl\":\"https:\/\/aeronoticias.com.pe\/noticiero\/wp-content\/uploads\/2020\/04\/images.jpg\",\"datePublished\":\"2020-04-29T21:21:23+00:00\",\"dateModified\":\"2020-09-30T23:53:45+00:00\",\"author\":{\"@id\":\"https:\/\/aeronoticias.com.pe\/noticiero\/#\/schema\/person\/fc1e5d578f4b62ba1cf7ac2bba1170a0\"},\"description\":\"El gigante aeron\u00e1utico Boeing anunci\u00f3 este mi\u00e9rcoles que planea recortar un 10 % de su plantilla, unos 16.000 empleos\",\"breadcrumb\":{\"@id\":\"https:\/\/aeronoticias.com.pe\/noticiero\/transporte-aereo\/internacional\/boeing-recortara-16000-empleos-y-reducira-produccion-de-aviones-comerciales\/#breadcrumb\"},\"inLanguage\":\"es\",\"potentialAction\":[{\"@type\":\"ReadAction\",\"target\":[\"https:\/\/aeronoticias.com.pe\/noticiero\/transporte-aereo\/internacional\/boeing-recortara-16000-empleos-y-reducira-produccion-de-aviones-comerciales\/\"]}]},{\"@type\":\"ImageObject\",\"inLanguage\":\"es\",\"@id\":\"https:\/\/aeronoticias.com.pe\/noticiero\/transporte-aereo\/internacional\/boeing-recortara-16000-empleos-y-reducira-produccion-de-aviones-comerciales\/#primaryimage\",\"url\":\"https:\/\/aeronoticias.com.pe\/noticiero\/wp-content\/uploads\/2020\/04\/images.jpg\",\"contentUrl\":\"https:\/\/aeronoticias.com.pe\/noticiero\/wp-content\/uploads\/2020\/04\/images.jpg\",\"width\":275,\"height\":183},{\"@type\":\"BreadcrumbList\",\"@id\":\"https:\/\/aeronoticias.com.pe\/noticiero\/transporte-aereo\/internacional\/boeing-recortara-16000-empleos-y-reducira-produccion-de-aviones-comerciales\/#breadcrumb\",\"itemListElement\":[{\"@type\":\"ListItem\",\"position\":1,\"name\":\"Portada\",\"item\":\"https:\/\/aeronoticias.com.pe\/noticiero\/\"},{\"@type\":\"ListItem\",\"position\":2,\"name\":\"Boeing recortar\u00e1 16.000 empleos y reducir\u00e1 producci\u00f3n de aviones comerciales\"}]},{\"@type\":\"WebSite\",\"@id\":\"https:\/\/aeronoticias.com.pe\/noticiero\/#website\",\"url\":\"https:\/\/aeronoticias.com.pe\/noticiero\/\",\"name\":\"Aeronoticias.com.pe\",\"description\":\"Noticias de tranporte aereo, turismo, hoteles, gastronomia, actualidad, internacional\",\"potentialAction\":[{\"@type\":\"SearchAction\",\"target\":{\"@type\":\"EntryPoint\",\"urlTemplate\":\"https:\/\/aeronoticias.com.pe\/noticiero\/?s={search_term_string}\"},\"query-input\":{\"@type\":\"PropertyValueSpecification\",\"valueRequired\":true,\"valueName\":\"search_term_string\"}}],\"inLanguage\":\"es\"},{\"@type\":\"Person\",\"@id\":\"https:\/\/aeronoticias.com.pe\/noticiero\/#\/schema\/person\/fc1e5d578f4b62ba1cf7ac2bba1170a0\",\"name\":\"Redacci\u00f3n Aeronoticias\",\"url\":\"https:\/\/aeronoticias.com.pe\/noticiero\/author\/piloto\/\"}]}<\/script>\n<!-- \/ Yoast SEO plugin. -->","yoast_head_json":{"title":"Boeing recortar\u00e1 16.000 empleos y reducir\u00e1 producci\u00f3n de aviones comerciales","description":"El gigante aeron\u00e1utico Boeing anunci\u00f3 este mi\u00e9rcoles que planea recortar un 10 % de su plantilla, unos 16.000 empleos","robots":{"index":"index","follow":"follow","max-snippet":"max-snippet:-1","max-image-preview":"max-image-preview:large","max-video-preview":"max-video-preview:-1"},"canonical":"https:\/\/aeronoticias.com.pe\/noticiero\/transporte-aereo\/internacional\/boeing-recortara-16000-empleos-y-reducira-produccion-de-aviones-comerciales\/","og_locale":"es_ES","og_type":"article","og_title":"Boeing recortar\u00e1 16.000 empleos y reducir\u00e1 producci\u00f3n de aviones comerciales","og_description":"El gigante aeron\u00e1utico Boeing anunci\u00f3 este mi\u00e9rcoles que planea recortar un 10 % de su plantilla, unos 16.000 empleos","og_url":"https:\/\/aeronoticias.com.pe\/noticiero\/transporte-aereo\/internacional\/boeing-recortara-16000-empleos-y-reducira-produccion-de-aviones-comerciales\/","og_site_name":"Aeronoticias.com.pe","article_publisher":"https:\/\/www.facebook.com\/Aeronoticias.com.pe\/","article_published_time":"2020-04-29T21:21:23+00:00","article_modified_time":"2020-09-30T23:53:45+00:00","og_image":[{"width":275,"height":183,"url":"https:\/\/aeronoticias.com.pe\/noticiero\/wp-content\/uploads\/2020\/04\/images.jpg","type":"image\/jpeg"}],"author":"Redacci\u00f3n Aeronoticias","twitter_card":"summary_large_image","twitter_creator":"@aeronoticias","twitter_site":"@aeronoticias","twitter_misc":{"Escrito por":"Redacci\u00f3n Aeronoticias","Tiempo de lectura":"2 minutos"},"schema":{"@context":"https:\/\/schema.org","@graph":[{"@type":"WebPage","@id":"https:\/\/aeronoticias.com.pe\/noticiero\/transporte-aereo\/internacional\/boeing-recortara-16000-empleos-y-reducira-produccion-de-aviones-comerciales\/","url":"https:\/\/aeronoticias.com.pe\/noticiero\/transporte-aereo\/internacional\/boeing-recortara-16000-empleos-y-reducira-produccion-de-aviones-comerciales\/","name":"Boeing recortar\u00e1 16.000 empleos y reducir\u00e1 producci\u00f3n de aviones comerciales","isPartOf":{"@id":"https:\/\/aeronoticias.com.pe\/noticiero\/#website"},"primaryImageOfPage":{"@id":"https:\/\/aeronoticias.com.pe\/noticiero\/transporte-aereo\/internacional\/boeing-recortara-16000-empleos-y-reducira-produccion-de-aviones-comerciales\/#primaryimage"},"image":{"@id":"https:\/\/aeronoticias.com.pe\/noticiero\/transporte-aereo\/internacional\/boeing-recortara-16000-empleos-y-reducira-produccion-de-aviones-comerciales\/#primaryimage"},"thumbnailUrl":"https:\/\/aeronoticias.com.pe\/noticiero\/wp-content\/uploads\/2020\/04\/images.jpg","datePublished":"2020-04-29T21:21:23+00:00","dateModified":"2020-09-30T23:53:45+00:00","author":{"@id":"https:\/\/aeronoticias.com.pe\/noticiero\/#\/schema\/person\/fc1e5d578f4b62ba1cf7ac2bba1170a0"},"description":"El gigante aeron\u00e1utico Boeing anunci\u00f3 este mi\u00e9rcoles que planea recortar un 10 % de su plantilla, unos 16.000 empleos","breadcrumb":{"@id":"https:\/\/aeronoticias.com.pe\/noticiero\/transporte-aereo\/internacional\/boeing-recortara-16000-empleos-y-reducira-produccion-de-aviones-comerciales\/#breadcrumb"},"inLanguage":"es","potentialAction":[{"@type":"ReadAction","target":["https:\/\/aeronoticias.com.pe\/noticiero\/transporte-aereo\/internacional\/boeing-recortara-16000-empleos-y-reducira-produccion-de-aviones-comerciales\/"]}]},{"@type":"ImageObject","inLanguage":"es","@id":"https:\/\/aeronoticias.com.pe\/noticiero\/transporte-aereo\/internacional\/boeing-recortara-16000-empleos-y-reducira-produccion-de-aviones-comerciales\/#primaryimage","url":"https:\/\/aeronoticias.com.pe\/noticiero\/wp-content\/uploads\/2020\/04\/images.jpg","contentUrl":"https:\/\/aeronoticias.com.pe\/noticiero\/wp-content\/uploads\/2020\/04\/images.jpg","width":275,"height":183},{"@type":"BreadcrumbList","@id":"https:\/\/aeronoticias.com.pe\/noticiero\/transporte-aereo\/internacional\/boeing-recortara-16000-empleos-y-reducira-produccion-de-aviones-comerciales\/#breadcrumb","itemListElement":[{"@type":"ListItem","position":1,"name":"Portada","item":"https:\/\/aeronoticias.com.pe\/noticiero\/"},{"@type":"ListItem","position":2,"name":"Boeing recortar\u00e1 16.000 empleos y reducir\u00e1 producci\u00f3n de aviones comerciales"}]},{"@type":"WebSite","@id":"https:\/\/aeronoticias.com.pe\/noticiero\/#website","url":"https:\/\/aeronoticias.com.pe\/noticiero\/","name":"Aeronoticias.com.pe","description":"Noticias de tranporte aereo, turismo, hoteles, gastronomia, actualidad, internacional","potentialAction":[{"@type":"SearchAction","target":{"@type":"EntryPoint","urlTemplate":"https:\/\/aeronoticias.com.pe\/noticiero\/?s={search_term_string}"},"query-input":{"@type":"PropertyValueSpecification","valueRequired":true,"valueName":"search_term_string"}}],"inLanguage":"es"},{"@type":"Person","@id":"https:\/\/aeronoticias.com.pe\/noticiero\/#\/schema\/person\/fc1e5d578f4b62ba1cf7ac2bba1170a0","name":"Redacci\u00f3n Aeronoticias","url":"https:\/\/aeronoticias.com.pe\/noticiero\/author\/piloto\/"}]}},"_links":{"self":[{"href":"https:\/\/aeronoticias.com.pe\/noticiero\/wp-json\/wp\/v2\/posts\/59717","targetHints":{"allow":["GET"]}}],"collection":[{"href":"https:\/\/aeronoticias.com.pe\/noticiero\/wp-json\/wp\/v2\/posts"}],"about":[{"href":"https:\/\/aeronoticias.com.pe\/noticiero\/wp-json\/wp\/v2\/types\/post"}],"author":[{"embeddable":true,"href":"https:\/\/aeronoticias.com.pe\/noticiero\/wp-json\/wp\/v2\/users\/1"}],"replies":[{"embeddable":true,"href":"https:\/\/aeronoticias.com.pe\/noticiero\/wp-json\/wp\/v2\/comments?post=59717"}],"version-history":[{"count":0,"href":"https:\/\/aeronoticias.com.pe\/noticiero\/wp-json\/wp\/v2\/posts\/59717\/revisions"}],"wp:featuredmedia":[{"embeddable":true,"href":"https:\/\/aeronoticias.com.pe\/noticiero\/wp-json\/wp\/v2\/media\/63427"}],"wp:attachment":[{"href":"https:\/\/aeronoticias.com.pe\/noticiero\/wp-json\/wp\/v2\/media?parent=59717"}],"wp:term":[{"taxonomy":"category","embeddable":true,"href":"https:\/\/aeronoticias.com.pe\/noticiero\/wp-json\/wp\/v2\/categories?post=59717"},{"taxonomy":"post_tag","embeddable":true,"href":"https:\/\/aeronoticias.com.pe\/noticiero\/wp-json\/wp\/v2\/tags?post=59717"}],"curies":[{"name":"wp","href":"https:\/\/api.w.org\/{rel}","templated":true}]}}