{"id":59718,"date":"2020-04-29T21:28:04","date_gmt":"2020-04-29T21:28:04","guid":{"rendered":"http:\/\/desarrollo.mcvicious.com\/aero2020\/2020\/04\/29\/las-medidas-de-algunas-aerolineas-en-materia-de-proteccion-personal-y-distanciamiento-social-por-el-coronavirus\/"},"modified":"2020-09-30T23:51:00","modified_gmt":"2020-09-30T23:51:00","slug":"las-medidas-de-algunas-aerolineas-en-materia-de-proteccion-personal-y-distanciamiento-social-por-el-coronavirus","status":"publish","type":"post","link":"https:\/\/aeronoticias.com.pe\/noticiero\/transporte-aereo\/internacional\/las-medidas-de-algunas-aerolineas-en-materia-de-proteccion-personal-y-distanciamiento-social-por-el-coronavirus\/","title":{"rendered":"Las medidas de algunas aerol\u00edneas en materia de protecci\u00f3n personal y distanciamiento social por el coronavirus"},"content":{"rendered":"\n<p>Los destellos de un retorno gradual al transporte a\u00e9reo significan que las aerol\u00edneas est\u00e1n implementando nuevas pol\u00edticas destinadas a proteger a los pasajeros y a la tripulaci\u00f3n de la transmisi\u00f3n del coronavirus y aumentar la confianza del consumidor en la seguridad del transporte a\u00e9reo.<\/p>\n\n\n\n<p class=\"p1\">Un d\u00eda despu\u00e9s de que la Administraci\u00f3n de Seguridad en el Transporte (TSA, por sus siglas en ingl\u00e9s) lleg\u00f3 a su mayor n\u00famero de pasajeros examinados en EE. UU. desde el 3 de abril, JetBlue Airways anunci\u00f3 que requerir\u00e1 que todos los pasajeros usen m\u00e1scaras faciales a partir del 4 de mayo. Los miembros de la tripulaci\u00f3n ya estaban obligados a usar m\u00e1scaras.<\/p>\n\n\n\n<p class=\"p1\">La cifra de la TSA \u2013128.875 pasajeros examinados el domingo\u2013 todav\u00eda era solo alrededor del 5% de los 2,5 millones de personas examinadas en el d\u00eda equivalente en 2019, sin embargo, es un aumento y las medidas de seguridad son lo m\u00e1s importante para cualquiera que est\u00e9 considerando volar.<\/p>\n\n\n\n<p class=\"p1\">La medida de JetBlue sigue el anuncio de American Airlines el lunes de que requerir\u00e1 que los tripulantes de cabina usen m\u00e1scaras a partir del 1 de mayo.<\/p>\n\n\n\n<p class=\"p1\">American tambi\u00e9n comenzar\u00e1 a distribuir toallitas y geles desinfectantes y m\u00e1scaras faciales a los clientes a principios de mayo, \u201ccomo suministros y condiciones operativas\u201d, dec\u00eda el comunicado de prensa.<\/p>\n\n\n\n<p class=\"p1\">A medida que las personas en muchos rincones del mundo comienzan a moverse m\u00e1s libremente, las aerol\u00edneas emiten pol\u00edticas que probablemente evolucionen con la pandemia.<\/p>\n\n\n\n<p class=\"p1\">Todos los transportistas tienen planes para mejorar la limpieza y el saneamiento.<\/p>\n\n\n\n<p class=\"p1\">Aqu\u00ed es donde algunas de las principales aerol\u00edneas se encuentran hasta ahora en cuanto a equipos de protecci\u00f3n personal y medidas de distanciamiento social:<\/p>\n\n\n\n<p class=\"p1\"><strong>United Airlines<\/strong><\/p>\n\n\n\n<p class=\"p1\">Todos los asistentes de vuelo de United Airlines deben usar m\u00e1scaras faciales. United fue la primera aerol\u00ednea estadounidense importante en anunciar el requisito.<\/p>\n\n\n\n<p class=\"p1\">La transportista tambi\u00e9n ha modificado el servicio en vuelo para minimizar los puntos de contacto y se ha pasado principalmente a alimentos preenvasados y bebidas selladas.<\/p>\n\n\n\n<p class=\"p1\">United tambi\u00e9n est\u00e1 implementando cambios en las asignaciones de embarque y asientos para promover el distanciamiento social al menos hasta el 31 de mayo.<\/p>\n\n\n\n<p class=\"p1\">encarecidamente a nuestros clientes a que usen tapabocas y los pondremos a disposici\u00f3n en los mostradores de boletos, puertas y aviones a bordo\u201d, dec\u00eda el memorando.<\/p>\n\n\n\n<p class=\"p1\">Delta est\u00e1 bloqueando los asientos intermedios y reduciendo el n\u00famero de pasajeros en cada vuelo, abordando a diez clientes cada vez y cambiando el servicio de alimentos y bebidas para reducir los puntos de contacto entre los pasajeros y la tripulaci\u00f3n, de acuerdo con las medidas descritas en el sitio web del transportista.<\/p>\n\n\n\n<p class=\"p1\"><strong>American Airlines<\/strong><\/p>\n\n\n\n<p class=\"p1\">Adem\u00e1s de entregar mascarillas a los pasajeros y exigir a los asistentes de vuelo que las usen a partir de mayo, American Airlines ha apagado algunas computadoras y quioscos en los mostradores de boletos para alentar el distanciamiento social.<\/p>\n\n\n\n<p class=\"p1\">La se\u00f1alizaci\u00f3n en las puertas le recuerda a los pasajeros que no se acerquen demasiado durante el proceso de embarque. American tambi\u00e9n ha reducido el servicio de alimentos y bebidas hasta el 30 de abril y ha limitado el n\u00famero de pasajeros en cada avi\u00f3n hasta el 31 de mayo.<\/p>\n\n\n\n<p class=\"p1\">\u201cAmerican no asignar\u00e1 el 50% de los asientos centrales de la cabina principal o los asientos cerca de los de la azafata en cada vuelo, y solo usar\u00e1 esos asientos intermedios cuando sea necesario\u201d, dice la pol\u00edtica temporal del transportista.<\/p>\n\n\n\n<p class=\"p1\"><strong>JetBlue Airways<\/strong><\/p>\n\n\n\n<p class=\"p1\">JetBlue es la primera aerol\u00ednea importante de EE. UU. que exigi\u00f3 que los pasajeros usen m\u00e1scaras, a partir del 4 de mayo.<\/p>\n\n\n\n<p class=\"p1\">\u201cUsar una cubierta para la cara no se trata de protegerse a s\u00ed mismo, se trata de proteger a quienes lo rodean\u201d, dijo Joanna Geraghty, presidenta y jefa oficial operativo de JetBlue, en un comunicado. \u201cEsta es la nueva etiqueta de vuelo\u201d.<\/p>\n\n\n\n<p class=\"p1\">JetBlue tambi\u00e9n ha limitado el n\u00famero de asientos disponibles en la mayor\u00eda de los vuelos y revisa regularmente la asignaci\u00f3n de asientos para maximizar el espacio entre los pasajeros.<\/p>\n\n\n\n<p class=\"p1\">La transportista ha ajustado el servicio de alimentos y bebidas para minimizar los puntos de contacto, con ofertas m\u00e1s limitadas en muchas clases de tarifas.<\/p>\n\n\n\n<p class=\"p1\"><strong>Air Canad\u00e1<\/strong><\/p>\n\n\n\n<p class=\"p1\">Se requiere que todos los pasajeros de Air Canada cumplan con el mandato del Gobierno canadiense de que todos los pasajeros que vuelan a trav\u00e9s o hacia Canad\u00e1 usen una mascarilla no m\u00e9dica o una cubierta facial sobre su nariz y boca.<\/p>\n\n\n\n<p class=\"p1\">Air Canad\u00e1 ha ajustado sus procedimientos de embarque y est\u00e1 reubicando a los clientes para permitir el distanciamiento social. Cuando no sea posible un espacio adecuado, los pasajeros pueden optar por tomar un vuelo posterior sin costo adicional.<\/p>\n\n\n\n<p class=\"p1\">Los servicios y comodidades tambi\u00e9n se han ajustado para mitigar el riesgo de transmisi\u00f3n viral. Algunos servicios de comida han sido suspendidos o cambiados a preempaquetados y el servicio de bar y las almohadas y las mantas ya no est\u00e1n disponibles en algunos vuelos.<\/p>\n\n\n\n<p class=\"p1\"><strong>M\u00e1scaras y otros equipos de protecci\u00f3n comunes en Asia<\/strong><\/p>\n\n\n\n<p class=\"p1\">Desde el 23 de abril, Malaysia Airlines ha exigido que todos los pasajeros (excepto los beb\u00e9s) usen m\u00e1scaras faciales.<\/p>\n\n\n\n<p class=\"p1\">Korean Air proporciona a la tripulaci\u00f3n de cabina ropa protectora, que incluye gafas, m\u00e1scaras y guantes.<\/p>\n\n\n\n<p class=\"p1\">\u201cSe proporcionan batas protectoras en vuelos entrantes de media y larga distancia a medida que los casos de covid-19 en el extranjero contin\u00faan aumentando significativamente\u201d, dice Korean Air al describir sus pol\u00edticas de protecci\u00f3n.<\/p>\n\n\n\n<p class=\"p1\">Todos los pasajeros de Korean Air deben usar m\u00e1scaras, y la aerol\u00ednea est\u00e1 proporcionando m\u00e1scaras quir\u00fargicas y desinfectante para manos en los aeropuertos y en los aviones.<\/p>\n\n\n\n<p class=\"p1\"><strong>Algunas aerol\u00edneas europeas ofrecen m\u00e1scaras<\/strong><\/p>\n\n\n\n<p class=\"p1\">Air France dice en su sitio web que la mayor\u00eda de sus vuelos no est\u00e1n llenos, lo que permite el distanciamiento social.<\/p>\n\n\n\n<p class=\"p1\">\u201cEn los casos en que no es posible el distanciamiento social, nuestros equipos distribuyen m\u00e1scaras en la puerta del avi\u00f3n a los clientes que a\u00fan no las tienen\u201d, dice el sitio.<\/p>\n\n\n\n<p class=\"p1\">La transportista holandesa KLM dice que los miembros de su tripulaci\u00f3n usan \u201ccapuchones y guantes protectores\u201d. CNN ha pedido aclaraciones e informaci\u00f3n sobre si los pasajeros deben usar m\u00e1scaras.<\/p>\n\n\n\n<p class=\"p1\">Fuente: <span style=\"text-decoration: underline;\"><em><strong>CNN <\/strong><\/em><\/span><\/p>\n","protected":false},"excerpt":{"rendered":"<p>Los destellos de un retorno gradual al transporte a\u00e9reo significan que las aerol\u00edneas est\u00e1n implementando nuevas pol\u00edticas destinadas a proteger a los pasajeros y a la tripulaci\u00f3n de la transmisi\u00f3n del coronavirus y aumentar la confianza del consumidor en la seguridad del transporte a\u00e9reo. Un d\u00eda despu\u00e9s de que la Administraci\u00f3n de Seguridad en el [&hellip;]<\/p>\n","protected":false},"author":1,"featured_media":63424,"comment_status":"open","ping_status":"open","sticky":false,"template":"","format":"standard","meta":{"tdm_status":"","tdm_grid_status":"","footnotes":""},"categories":[32,11],"tags":[163,110],"class_list":{"0":"post-59718","1":"post","2":"type-post","3":"status-publish","4":"format-standard","5":"has-post-thumbnail","7":"category-internacional","8":"category-transporte-aereo","9":"tag-coronavirus","10":"tag-covid-19"},"yoast_head":"<!-- This site is optimized with the Yoast SEO plugin v25.1 - https:\/\/yoast.com\/wordpress\/plugins\/seo\/ -->\n<title>Las medidas de algunas aerol\u00edneas en materia de protecci\u00f3n personal y distanciamiento social por el coronavirus<\/title>\n<meta name=\"description\" content=\"Los destellos de un retorno gradual al transporte a\u00e9reo significan que las aerol\u00edneas est\u00e1n implementando nuevas pol\u00edticas destinadas a proteger a los pasajeros\" \/>\n<meta name=\"robots\" content=\"index, follow, max-snippet:-1, max-image-preview:large, max-video-preview:-1\" \/>\n<link rel=\"canonical\" href=\"https:\/\/aeronoticias.com.pe\/noticiero\/transporte-aereo\/internacional\/las-medidas-de-algunas-aerolineas-en-materia-de-proteccion-personal-y-distanciamiento-social-por-el-coronavirus\/\" \/>\n<meta property=\"og:locale\" content=\"es_ES\" \/>\n<meta property=\"og:type\" content=\"article\" \/>\n<meta property=\"og:title\" content=\"Las medidas de algunas aerol\u00edneas en materia de protecci\u00f3n personal y distanciamiento social por el coronavirus\" \/>\n<meta property=\"og:description\" content=\"Los destellos de un retorno gradual al transporte a\u00e9reo significan que las aerol\u00edneas est\u00e1n implementando nuevas pol\u00edticas destinadas a proteger a los pasajeros\" \/>\n<meta property=\"og:url\" content=\"https:\/\/aeronoticias.com.pe\/noticiero\/transporte-aereo\/internacional\/las-medidas-de-algunas-aerolineas-en-materia-de-proteccion-personal-y-distanciamiento-social-por-el-coronavirus\/\" \/>\n<meta property=\"og:site_name\" content=\"Aeronoticias.com.pe\" \/>\n<meta property=\"article:publisher\" content=\"https:\/\/www.facebook.com\/Aeronoticias.com.pe\/\" \/>\n<meta property=\"article:published_time\" content=\"2020-04-29T21:28:04+00:00\" \/>\n<meta property=\"article:modified_time\" content=\"2020-09-30T23:51:00+00:00\" \/>\n<meta property=\"og:image\" content=\"https:\/\/aeronoticias.com.pe\/noticiero\/wp-content\/uploads\/2020\/04\/proteccion-contra-el-coronavirus.jpg\" \/>\n\t<meta property=\"og:image:width\" content=\"1706\" \/>\n\t<meta property=\"og:image:height\" content=\"1280\" \/>\n\t<meta property=\"og:image:type\" content=\"image\/jpeg\" \/>\n<meta name=\"author\" content=\"Redacci\u00f3n Aeronoticias\" \/>\n<meta name=\"twitter:card\" content=\"summary_large_image\" \/>\n<meta name=\"twitter:creator\" content=\"@aeronoticias\" \/>\n<meta name=\"twitter:site\" content=\"@aeronoticias\" \/>\n<meta name=\"twitter:label1\" content=\"Escrito por\" \/>\n\t<meta name=\"twitter:data1\" content=\"Redacci\u00f3n Aeronoticias\" \/>\n\t<meta name=\"twitter:label2\" content=\"Tiempo de lectura\" \/>\n\t<meta name=\"twitter:data2\" content=\"5 minutos\" \/>\n<script type=\"application\/ld+json\" class=\"yoast-schema-graph\">{\"@context\":\"https:\/\/schema.org\",\"@graph\":[{\"@type\":\"WebPage\",\"@id\":\"https:\/\/aeronoticias.com.pe\/noticiero\/transporte-aereo\/internacional\/las-medidas-de-algunas-aerolineas-en-materia-de-proteccion-personal-y-distanciamiento-social-por-el-coronavirus\/\",\"url\":\"https:\/\/aeronoticias.com.pe\/noticiero\/transporte-aereo\/internacional\/las-medidas-de-algunas-aerolineas-en-materia-de-proteccion-personal-y-distanciamiento-social-por-el-coronavirus\/\",\"name\":\"Las medidas de algunas aerol\u00edneas en materia de protecci\u00f3n personal y distanciamiento social por el coronavirus\",\"isPartOf\":{\"@id\":\"https:\/\/aeronoticias.com.pe\/noticiero\/#website\"},\"primaryImageOfPage\":{\"@id\":\"https:\/\/aeronoticias.com.pe\/noticiero\/transporte-aereo\/internacional\/las-medidas-de-algunas-aerolineas-en-materia-de-proteccion-personal-y-distanciamiento-social-por-el-coronavirus\/#primaryimage\"},\"image\":{\"@id\":\"https:\/\/aeronoticias.com.pe\/noticiero\/transporte-aereo\/internacional\/las-medidas-de-algunas-aerolineas-en-materia-de-proteccion-personal-y-distanciamiento-social-por-el-coronavirus\/#primaryimage\"},\"thumbnailUrl\":\"https:\/\/aeronoticias.com.pe\/noticiero\/wp-content\/uploads\/2020\/04\/proteccion-contra-el-coronavirus.jpg\",\"datePublished\":\"2020-04-29T21:28:04+00:00\",\"dateModified\":\"2020-09-30T23:51:00+00:00\",\"author\":{\"@id\":\"https:\/\/aeronoticias.com.pe\/noticiero\/#\/schema\/person\/fc1e5d578f4b62ba1cf7ac2bba1170a0\"},\"description\":\"Los destellos de un retorno gradual al transporte a\u00e9reo significan que las aerol\u00edneas est\u00e1n implementando nuevas pol\u00edticas destinadas a proteger a los pasajeros\",\"breadcrumb\":{\"@id\":\"https:\/\/aeronoticias.com.pe\/noticiero\/transporte-aereo\/internacional\/las-medidas-de-algunas-aerolineas-en-materia-de-proteccion-personal-y-distanciamiento-social-por-el-coronavirus\/#breadcrumb\"},\"inLanguage\":\"es\",\"potentialAction\":[{\"@type\":\"ReadAction\",\"target\":[\"https:\/\/aeronoticias.com.pe\/noticiero\/transporte-aereo\/internacional\/las-medidas-de-algunas-aerolineas-en-materia-de-proteccion-personal-y-distanciamiento-social-por-el-coronavirus\/\"]}]},{\"@type\":\"ImageObject\",\"inLanguage\":\"es\",\"@id\":\"https:\/\/aeronoticias.com.pe\/noticiero\/transporte-aereo\/internacional\/las-medidas-de-algunas-aerolineas-en-materia-de-proteccion-personal-y-distanciamiento-social-por-el-coronavirus\/#primaryimage\",\"url\":\"https:\/\/aeronoticias.com.pe\/noticiero\/wp-content\/uploads\/2020\/04\/proteccion-contra-el-coronavirus.jpg\",\"contentUrl\":\"https:\/\/aeronoticias.com.pe\/noticiero\/wp-content\/uploads\/2020\/04\/proteccion-contra-el-coronavirus.jpg\",\"width\":1706,\"height\":1280},{\"@type\":\"BreadcrumbList\",\"@id\":\"https:\/\/aeronoticias.com.pe\/noticiero\/transporte-aereo\/internacional\/las-medidas-de-algunas-aerolineas-en-materia-de-proteccion-personal-y-distanciamiento-social-por-el-coronavirus\/#breadcrumb\",\"itemListElement\":[{\"@type\":\"ListItem\",\"position\":1,\"name\":\"Portada\",\"item\":\"https:\/\/aeronoticias.com.pe\/noticiero\/\"},{\"@type\":\"ListItem\",\"position\":2,\"name\":\"Las medidas de algunas aerol\u00edneas en materia de protecci\u00f3n personal y distanciamiento social por el coronavirus\"}]},{\"@type\":\"WebSite\",\"@id\":\"https:\/\/aeronoticias.com.pe\/noticiero\/#website\",\"url\":\"https:\/\/aeronoticias.com.pe\/noticiero\/\",\"name\":\"Aeronoticias.com.pe\",\"description\":\"Noticias de tranporte aereo, turismo, hoteles, gastronomia, actualidad, internacional\",\"potentialAction\":[{\"@type\":\"SearchAction\",\"target\":{\"@type\":\"EntryPoint\",\"urlTemplate\":\"https:\/\/aeronoticias.com.pe\/noticiero\/?s={search_term_string}\"},\"query-input\":{\"@type\":\"PropertyValueSpecification\",\"valueRequired\":true,\"valueName\":\"search_term_string\"}}],\"inLanguage\":\"es\"},{\"@type\":\"Person\",\"@id\":\"https:\/\/aeronoticias.com.pe\/noticiero\/#\/schema\/person\/fc1e5d578f4b62ba1cf7ac2bba1170a0\",\"name\":\"Redacci\u00f3n Aeronoticias\",\"url\":\"https:\/\/aeronoticias.com.pe\/noticiero\/author\/piloto\/\"}]}<\/script>\n<!-- \/ Yoast SEO plugin. -->","yoast_head_json":{"title":"Las medidas de algunas aerol\u00edneas en materia de protecci\u00f3n personal y distanciamiento social por el coronavirus","description":"Los destellos de un retorno gradual al transporte a\u00e9reo significan que las aerol\u00edneas est\u00e1n implementando nuevas pol\u00edticas destinadas a proteger a los pasajeros","robots":{"index":"index","follow":"follow","max-snippet":"max-snippet:-1","max-image-preview":"max-image-preview:large","max-video-preview":"max-video-preview:-1"},"canonical":"https:\/\/aeronoticias.com.pe\/noticiero\/transporte-aereo\/internacional\/las-medidas-de-algunas-aerolineas-en-materia-de-proteccion-personal-y-distanciamiento-social-por-el-coronavirus\/","og_locale":"es_ES","og_type":"article","og_title":"Las medidas de algunas aerol\u00edneas en materia de protecci\u00f3n personal y distanciamiento social por el coronavirus","og_description":"Los destellos de un retorno gradual al transporte a\u00e9reo significan que las aerol\u00edneas est\u00e1n implementando nuevas pol\u00edticas destinadas a proteger a los pasajeros","og_url":"https:\/\/aeronoticias.com.pe\/noticiero\/transporte-aereo\/internacional\/las-medidas-de-algunas-aerolineas-en-materia-de-proteccion-personal-y-distanciamiento-social-por-el-coronavirus\/","og_site_name":"Aeronoticias.com.pe","article_publisher":"https:\/\/www.facebook.com\/Aeronoticias.com.pe\/","article_published_time":"2020-04-29T21:28:04+00:00","article_modified_time":"2020-09-30T23:51:00+00:00","og_image":[{"width":1706,"height":1280,"url":"https:\/\/aeronoticias.com.pe\/noticiero\/wp-content\/uploads\/2020\/04\/proteccion-contra-el-coronavirus.jpg","type":"image\/jpeg"}],"author":"Redacci\u00f3n Aeronoticias","twitter_card":"summary_large_image","twitter_creator":"@aeronoticias","twitter_site":"@aeronoticias","twitter_misc":{"Escrito por":"Redacci\u00f3n Aeronoticias","Tiempo de lectura":"5 minutos"},"schema":{"@context":"https:\/\/schema.org","@graph":[{"@type":"WebPage","@id":"https:\/\/aeronoticias.com.pe\/noticiero\/transporte-aereo\/internacional\/las-medidas-de-algunas-aerolineas-en-materia-de-proteccion-personal-y-distanciamiento-social-por-el-coronavirus\/","url":"https:\/\/aeronoticias.com.pe\/noticiero\/transporte-aereo\/internacional\/las-medidas-de-algunas-aerolineas-en-materia-de-proteccion-personal-y-distanciamiento-social-por-el-coronavirus\/","name":"Las medidas de algunas aerol\u00edneas en materia de protecci\u00f3n personal y distanciamiento social por el coronavirus","isPartOf":{"@id":"https:\/\/aeronoticias.com.pe\/noticiero\/#website"},"primaryImageOfPage":{"@id":"https:\/\/aeronoticias.com.pe\/noticiero\/transporte-aereo\/internacional\/las-medidas-de-algunas-aerolineas-en-materia-de-proteccion-personal-y-distanciamiento-social-por-el-coronavirus\/#primaryimage"},"image":{"@id":"https:\/\/aeronoticias.com.pe\/noticiero\/transporte-aereo\/internacional\/las-medidas-de-algunas-aerolineas-en-materia-de-proteccion-personal-y-distanciamiento-social-por-el-coronavirus\/#primaryimage"},"thumbnailUrl":"https:\/\/aeronoticias.com.pe\/noticiero\/wp-content\/uploads\/2020\/04\/proteccion-contra-el-coronavirus.jpg","datePublished":"2020-04-29T21:28:04+00:00","dateModified":"2020-09-30T23:51:00+00:00","author":{"@id":"https:\/\/aeronoticias.com.pe\/noticiero\/#\/schema\/person\/fc1e5d578f4b62ba1cf7ac2bba1170a0"},"description":"Los destellos de un retorno gradual al transporte a\u00e9reo significan que las aerol\u00edneas est\u00e1n implementando nuevas pol\u00edticas destinadas a proteger a los pasajeros","breadcrumb":{"@id":"https:\/\/aeronoticias.com.pe\/noticiero\/transporte-aereo\/internacional\/las-medidas-de-algunas-aerolineas-en-materia-de-proteccion-personal-y-distanciamiento-social-por-el-coronavirus\/#breadcrumb"},"inLanguage":"es","potentialAction":[{"@type":"ReadAction","target":["https:\/\/aeronoticias.com.pe\/noticiero\/transporte-aereo\/internacional\/las-medidas-de-algunas-aerolineas-en-materia-de-proteccion-personal-y-distanciamiento-social-por-el-coronavirus\/"]}]},{"@type":"ImageObject","inLanguage":"es","@id":"https:\/\/aeronoticias.com.pe\/noticiero\/transporte-aereo\/internacional\/las-medidas-de-algunas-aerolineas-en-materia-de-proteccion-personal-y-distanciamiento-social-por-el-coronavirus\/#primaryimage","url":"https:\/\/aeronoticias.com.pe\/noticiero\/wp-content\/uploads\/2020\/04\/proteccion-contra-el-coronavirus.jpg","contentUrl":"https:\/\/aeronoticias.com.pe\/noticiero\/wp-content\/uploads\/2020\/04\/proteccion-contra-el-coronavirus.jpg","width":1706,"height":1280},{"@type":"BreadcrumbList","@id":"https:\/\/aeronoticias.com.pe\/noticiero\/transporte-aereo\/internacional\/las-medidas-de-algunas-aerolineas-en-materia-de-proteccion-personal-y-distanciamiento-social-por-el-coronavirus\/#breadcrumb","itemListElement":[{"@type":"ListItem","position":1,"name":"Portada","item":"https:\/\/aeronoticias.com.pe\/noticiero\/"},{"@type":"ListItem","position":2,"name":"Las medidas de algunas aerol\u00edneas en materia de protecci\u00f3n personal y distanciamiento social por el coronavirus"}]},{"@type":"WebSite","@id":"https:\/\/aeronoticias.com.pe\/noticiero\/#website","url":"https:\/\/aeronoticias.com.pe\/noticiero\/","name":"Aeronoticias.com.pe","description":"Noticias de tranporte aereo, turismo, hoteles, gastronomia, actualidad, internacional","potentialAction":[{"@type":"SearchAction","target":{"@type":"EntryPoint","urlTemplate":"https:\/\/aeronoticias.com.pe\/noticiero\/?s={search_term_string}"},"query-input":{"@type":"PropertyValueSpecification","valueRequired":true,"valueName":"search_term_string"}}],"inLanguage":"es"},{"@type":"Person","@id":"https:\/\/aeronoticias.com.pe\/noticiero\/#\/schema\/person\/fc1e5d578f4b62ba1cf7ac2bba1170a0","name":"Redacci\u00f3n Aeronoticias","url":"https:\/\/aeronoticias.com.pe\/noticiero\/author\/piloto\/"}]}},"_links":{"self":[{"href":"https:\/\/aeronoticias.com.pe\/noticiero\/wp-json\/wp\/v2\/posts\/59718","targetHints":{"allow":["GET"]}}],"collection":[{"href":"https:\/\/aeronoticias.com.pe\/noticiero\/wp-json\/wp\/v2\/posts"}],"about":[{"href":"https:\/\/aeronoticias.com.pe\/noticiero\/wp-json\/wp\/v2\/types\/post"}],"author":[{"embeddable":true,"href":"https:\/\/aeronoticias.com.pe\/noticiero\/wp-json\/wp\/v2\/users\/1"}],"replies":[{"embeddable":true,"href":"https:\/\/aeronoticias.com.pe\/noticiero\/wp-json\/wp\/v2\/comments?post=59718"}],"version-history":[{"count":0,"href":"https:\/\/aeronoticias.com.pe\/noticiero\/wp-json\/wp\/v2\/posts\/59718\/revisions"}],"wp:featuredmedia":[{"embeddable":true,"href":"https:\/\/aeronoticias.com.pe\/noticiero\/wp-json\/wp\/v2\/media\/63424"}],"wp:attachment":[{"href":"https:\/\/aeronoticias.com.pe\/noticiero\/wp-json\/wp\/v2\/media?parent=59718"}],"wp:term":[{"taxonomy":"category","embeddable":true,"href":"https:\/\/aeronoticias.com.pe\/noticiero\/wp-json\/wp\/v2\/categories?post=59718"},{"taxonomy":"post_tag","embeddable":true,"href":"https:\/\/aeronoticias.com.pe\/noticiero\/wp-json\/wp\/v2\/tags?post=59718"}],"curies":[{"name":"wp","href":"https:\/\/api.w.org\/{rel}","templated":true}]}}