{"id":59725,"date":"2020-04-30T16:24:56","date_gmt":"2020-04-30T16:24:56","guid":{"rendered":"http:\/\/desarrollo.mcvicious.com\/aero2020\/2020\/04\/30\/ministro-de-defensa-informo-que-seis-militares-de-las-fuerzas-armadas-han-fallecido-por-coronavirus\/"},"modified":"2020-04-30T16:24:56","modified_gmt":"2020-04-30T16:24:56","slug":"ministro-de-defensa-informo-que-seis-militares-de-las-fuerzas-armadas-han-fallecido-por-coronavirus","status":"publish","type":"post","link":"https:\/\/aeronoticias.com.pe\/noticiero\/49\/ministro-de-defensa-informo-que-seis-militares-de-las-fuerzas-armadas-han-fallecido-por-coronavirus\/","title":{"rendered":"Ministro de Defensa inform\u00f3 que seis militares de las Fuerzas Armadas han fallecido por coronavirus"},"content":{"rendered":"<p style=\"text-align: justify;\"><strong>(Aeronoticias).- <\/strong>\u201cTenemos seis fallecidos en las Fuerzas Armadas. Cinco de la Marina de Guerra, uno del Ej\u00e9rcito y ninguno de la Fuerza A\u00e9rea hasta el momento\u201d, dijo durante la presentaci\u00f3n de la plataforma digital que utiliza el grupo de trabajo \u2018Te Cuido Per\u00fa\u2019. Coronavirus en Per\u00fa: cerrar\u00e1n por 10 d\u00edas los negocios del cuadrante que comprende el mercado de Caquet\u00e1<\/p>\n<p style=\"text-align: justify;\">Nuevo pase vehicular de cuarentena por COVID-19 tiene vigencia desde hoy jueves 30 de abril. Los contagios, explic\u00f3, no implican necesariamente que estos se hayan registrado durante el cumplimiento de la labores de resguardo de los miembros de las FF.AA. en el marco del estado de emergencia decretado para frenar el coronavirus en el pa\u00eds. \u201cHasta el momento tenemos 349 contagiados en los tres institutos: Ej\u00e9rcito, Marina y FAP a nivel nacional. Afortunadamente es una cifra bastante baja porque son m\u00e1s de 65 mil miembros. No necesariamente todos los infectados son los que est\u00e1n haciendo el control. Tambi\u00e9n hay aquellos que hacen labores administrativos\u201d, se\u00f1al\u00f3.<\/p>\n<p style=\"text-align: justify;\">\u201cLa mayor parte de contagios no ha sido en el patrullaje. Ellos tienen su tiempo de descanso de unos d\u00edas, luego van a sus viviendas y cuando regresan ah\u00ed los casos se reportan. Hay personas que est\u00e1n en estado intermedio, la gran mayor\u00eda est\u00e1n con estado leve y tienen que hacer descanso\u201d, remarc\u00f3.<\/p>\n<p style=\"text-align: justify;\"><strong>\u00bfQui\u00e9nes son las personas que corren m\u00e1s riesgo por el coronavirus?<\/strong><\/p>\n<p style=\"text-align: justify;\">Debido a que la covid-19 es un nuevo coronavirus, de acuerdo con los reportes que se tienen a nivel mundial, las personas mayores y quienes padecen afecciones m\u00e9dicas preexistentes como hipertensi\u00f3n arterial, enfermedades cardiacas o diabetes son las que desarrollan casos graves de la enfermedad con m\u00e1s frecuencia que otras.<\/p>\n<p style=\"text-align: justify;\"><strong>\u00bfHay cura para el COVID-19?<\/strong><\/p>\n<p style=\"text-align: justify;\">A\u00fan no existen pruebas de que alguna vacuna o medicamento pueda prevenir o curar la enfermedad. Sin embargo, los afectados deben recibir atenci\u00f3n de salud para aliviar los s\u00edntomas; y si el paciente est\u00e1 grave, deber\u00e1 ser hospitalizado. La OMS coordina esfuerzos para encontrar la cura contra este nuevo coronavirus que ha acabado con la vida de miles de personas.<\/p>\n<p style=\"text-align: justify;\">Fuente: El Comercio<\/p>\n<p style=\"text-align: justify;\"><img decoding=\"async\" src=\"images\/stories\/ejercito-peruano.jpg\" border=\"0\" \/><\/p>\n","protected":false},"excerpt":{"rendered":"<p>(Aeronoticias).- \u201cTenemos seis fallecidos en las Fuerzas Armadas. Cinco de la Marina de Guerra, uno del Ej\u00e9rcito y ninguno de la Fuerza A\u00e9rea hasta el momento\u201d, dijo durante la presentaci\u00f3n de la plataforma digital que utiliza el grupo de trabajo \u2018Te Cuido Per\u00fa\u2019. Coronavirus en Per\u00fa: cerrar\u00e1n por 10 d\u00edas los negocios del cuadrante que [&hellip;]<\/p>\n","protected":false},"author":1,"featured_media":0,"comment_status":"open","ping_status":"open","sticky":false,"template":"","format":"standard","meta":{"tdm_status":"","tdm_grid_status":"","footnotes":""},"categories":[39],"tags":[],"class_list":{"0":"post-59725","1":"post","2":"type-post","3":"status-publish","4":"format-standard","6":"category-39"},"yoast_head":"<!-- This site is optimized with the Yoast SEO plugin v25.1 - https:\/\/yoast.com\/wordpress\/plugins\/seo\/ -->\n<title>Ministro de Defensa inform\u00f3 que seis militares de las Fuerzas Armadas han fallecido por coronavirus<\/title>\n<meta name=\"description\" content=\"Portal de noticias del Per\u00fa sobre el transporte a\u00e9reo, aviaci\u00f3n, turismo, hoteleria, actualidad.\" \/>\n<meta name=\"robots\" content=\"index, follow, max-snippet:-1, max-image-preview:large, max-video-preview:-1\" \/>\n<link rel=\"canonical\" href=\"https:\/\/aeronoticias.com.pe\/noticiero\/49\/ministro-de-defensa-informo-que-seis-militares-de-las-fuerzas-armadas-han-fallecido-por-coronavirus\/\" \/>\n<meta property=\"og:locale\" content=\"es_ES\" \/>\n<meta property=\"og:type\" content=\"article\" \/>\n<meta property=\"og:title\" content=\"Ministro de Defensa inform\u00f3 que seis militares de las Fuerzas Armadas han fallecido por coronavirus\" \/>\n<meta property=\"og:description\" content=\"Portal de noticias del Per\u00fa sobre el transporte a\u00e9reo, aviaci\u00f3n, turismo, hoteleria, actualidad.\" \/>\n<meta property=\"og:url\" content=\"https:\/\/aeronoticias.com.pe\/noticiero\/49\/ministro-de-defensa-informo-que-seis-militares-de-las-fuerzas-armadas-han-fallecido-por-coronavirus\/\" \/>\n<meta property=\"og:site_name\" content=\"Aeronoticias.com.pe\" \/>\n<meta property=\"article:publisher\" content=\"https:\/\/www.facebook.com\/Aeronoticias.com.pe\/\" \/>\n<meta property=\"article:published_time\" content=\"2020-04-30T16:24:56+00:00\" \/>\n<meta name=\"author\" content=\"Redacci\u00f3n Aeronoticias\" \/>\n<meta name=\"twitter:card\" content=\"summary_large_image\" \/>\n<meta name=\"twitter:creator\" content=\"@aeronoticias\" \/>\n<meta name=\"twitter:site\" content=\"@aeronoticias\" \/>\n<meta name=\"twitter:label1\" content=\"Escrito por\" \/>\n\t<meta name=\"twitter:data1\" content=\"Redacci\u00f3n Aeronoticias\" \/>\n\t<meta name=\"twitter:label2\" content=\"Tiempo de lectura\" \/>\n\t<meta name=\"twitter:data2\" content=\"2 minutos\" \/>\n<script type=\"application\/ld+json\" class=\"yoast-schema-graph\">{\"@context\":\"https:\/\/schema.org\",\"@graph\":[{\"@type\":\"WebPage\",\"@id\":\"https:\/\/aeronoticias.com.pe\/noticiero\/49\/ministro-de-defensa-informo-que-seis-militares-de-las-fuerzas-armadas-han-fallecido-por-coronavirus\/\",\"url\":\"https:\/\/aeronoticias.com.pe\/noticiero\/49\/ministro-de-defensa-informo-que-seis-militares-de-las-fuerzas-armadas-han-fallecido-por-coronavirus\/\",\"name\":\"Ministro de Defensa inform\u00f3 que seis militares de las Fuerzas Armadas han fallecido por coronavirus\",\"isPartOf\":{\"@id\":\"https:\/\/aeronoticias.com.pe\/noticiero\/#website\"},\"datePublished\":\"2020-04-30T16:24:56+00:00\",\"author\":{\"@id\":\"https:\/\/aeronoticias.com.pe\/noticiero\/#\/schema\/person\/fc1e5d578f4b62ba1cf7ac2bba1170a0\"},\"description\":\"Portal de noticias del Per\u00fa sobre el transporte a\u00e9reo, aviaci\u00f3n, turismo, hoteleria, actualidad.\",\"breadcrumb\":{\"@id\":\"https:\/\/aeronoticias.com.pe\/noticiero\/49\/ministro-de-defensa-informo-que-seis-militares-de-las-fuerzas-armadas-han-fallecido-por-coronavirus\/#breadcrumb\"},\"inLanguage\":\"es\",\"potentialAction\":[{\"@type\":\"ReadAction\",\"target\":[\"https:\/\/aeronoticias.com.pe\/noticiero\/49\/ministro-de-defensa-informo-que-seis-militares-de-las-fuerzas-armadas-han-fallecido-por-coronavirus\/\"]}]},{\"@type\":\"BreadcrumbList\",\"@id\":\"https:\/\/aeronoticias.com.pe\/noticiero\/49\/ministro-de-defensa-informo-que-seis-militares-de-las-fuerzas-armadas-han-fallecido-por-coronavirus\/#breadcrumb\",\"itemListElement\":[{\"@type\":\"ListItem\",\"position\":1,\"name\":\"Portada\",\"item\":\"https:\/\/aeronoticias.com.pe\/noticiero\/\"},{\"@type\":\"ListItem\",\"position\":2,\"name\":\"Ministro de Defensa inform\u00f3 que seis militares de las Fuerzas Armadas han fallecido por coronavirus\"}]},{\"@type\":\"WebSite\",\"@id\":\"https:\/\/aeronoticias.com.pe\/noticiero\/#website\",\"url\":\"https:\/\/aeronoticias.com.pe\/noticiero\/\",\"name\":\"Aeronoticias.com.pe\",\"description\":\"Noticias de tranporte aereo, turismo, hoteles, gastronomia, actualidad, internacional\",\"potentialAction\":[{\"@type\":\"SearchAction\",\"target\":{\"@type\":\"EntryPoint\",\"urlTemplate\":\"https:\/\/aeronoticias.com.pe\/noticiero\/?s={search_term_string}\"},\"query-input\":{\"@type\":\"PropertyValueSpecification\",\"valueRequired\":true,\"valueName\":\"search_term_string\"}}],\"inLanguage\":\"es\"},{\"@type\":\"Person\",\"@id\":\"https:\/\/aeronoticias.com.pe\/noticiero\/#\/schema\/person\/fc1e5d578f4b62ba1cf7ac2bba1170a0\",\"name\":\"Redacci\u00f3n Aeronoticias\",\"url\":\"https:\/\/aeronoticias.com.pe\/noticiero\/author\/piloto\/\"}]}<\/script>\n<!-- \/ Yoast SEO plugin. -->","yoast_head_json":{"title":"Ministro de Defensa inform\u00f3 que seis militares de las Fuerzas Armadas han fallecido por coronavirus","description":"Portal de noticias del Per\u00fa sobre el transporte a\u00e9reo, aviaci\u00f3n, turismo, hoteleria, actualidad.","robots":{"index":"index","follow":"follow","max-snippet":"max-snippet:-1","max-image-preview":"max-image-preview:large","max-video-preview":"max-video-preview:-1"},"canonical":"https:\/\/aeronoticias.com.pe\/noticiero\/49\/ministro-de-defensa-informo-que-seis-militares-de-las-fuerzas-armadas-han-fallecido-por-coronavirus\/","og_locale":"es_ES","og_type":"article","og_title":"Ministro de Defensa inform\u00f3 que seis militares de las Fuerzas Armadas han fallecido por coronavirus","og_description":"Portal de noticias del Per\u00fa sobre el transporte a\u00e9reo, aviaci\u00f3n, turismo, hoteleria, actualidad.","og_url":"https:\/\/aeronoticias.com.pe\/noticiero\/49\/ministro-de-defensa-informo-que-seis-militares-de-las-fuerzas-armadas-han-fallecido-por-coronavirus\/","og_site_name":"Aeronoticias.com.pe","article_publisher":"https:\/\/www.facebook.com\/Aeronoticias.com.pe\/","article_published_time":"2020-04-30T16:24:56+00:00","author":"Redacci\u00f3n Aeronoticias","twitter_card":"summary_large_image","twitter_creator":"@aeronoticias","twitter_site":"@aeronoticias","twitter_misc":{"Escrito por":"Redacci\u00f3n Aeronoticias","Tiempo de lectura":"2 minutos"},"schema":{"@context":"https:\/\/schema.org","@graph":[{"@type":"WebPage","@id":"https:\/\/aeronoticias.com.pe\/noticiero\/49\/ministro-de-defensa-informo-que-seis-militares-de-las-fuerzas-armadas-han-fallecido-por-coronavirus\/","url":"https:\/\/aeronoticias.com.pe\/noticiero\/49\/ministro-de-defensa-informo-que-seis-militares-de-las-fuerzas-armadas-han-fallecido-por-coronavirus\/","name":"Ministro de Defensa inform\u00f3 que seis militares de las Fuerzas Armadas han fallecido por coronavirus","isPartOf":{"@id":"https:\/\/aeronoticias.com.pe\/noticiero\/#website"},"datePublished":"2020-04-30T16:24:56+00:00","author":{"@id":"https:\/\/aeronoticias.com.pe\/noticiero\/#\/schema\/person\/fc1e5d578f4b62ba1cf7ac2bba1170a0"},"description":"Portal de noticias del Per\u00fa sobre el transporte a\u00e9reo, aviaci\u00f3n, turismo, hoteleria, actualidad.","breadcrumb":{"@id":"https:\/\/aeronoticias.com.pe\/noticiero\/49\/ministro-de-defensa-informo-que-seis-militares-de-las-fuerzas-armadas-han-fallecido-por-coronavirus\/#breadcrumb"},"inLanguage":"es","potentialAction":[{"@type":"ReadAction","target":["https:\/\/aeronoticias.com.pe\/noticiero\/49\/ministro-de-defensa-informo-que-seis-militares-de-las-fuerzas-armadas-han-fallecido-por-coronavirus\/"]}]},{"@type":"BreadcrumbList","@id":"https:\/\/aeronoticias.com.pe\/noticiero\/49\/ministro-de-defensa-informo-que-seis-militares-de-las-fuerzas-armadas-han-fallecido-por-coronavirus\/#breadcrumb","itemListElement":[{"@type":"ListItem","position":1,"name":"Portada","item":"https:\/\/aeronoticias.com.pe\/noticiero\/"},{"@type":"ListItem","position":2,"name":"Ministro de Defensa inform\u00f3 que seis militares de las Fuerzas Armadas han fallecido por coronavirus"}]},{"@type":"WebSite","@id":"https:\/\/aeronoticias.com.pe\/noticiero\/#website","url":"https:\/\/aeronoticias.com.pe\/noticiero\/","name":"Aeronoticias.com.pe","description":"Noticias de tranporte aereo, turismo, hoteles, gastronomia, actualidad, internacional","potentialAction":[{"@type":"SearchAction","target":{"@type":"EntryPoint","urlTemplate":"https:\/\/aeronoticias.com.pe\/noticiero\/?s={search_term_string}"},"query-input":{"@type":"PropertyValueSpecification","valueRequired":true,"valueName":"search_term_string"}}],"inLanguage":"es"},{"@type":"Person","@id":"https:\/\/aeronoticias.com.pe\/noticiero\/#\/schema\/person\/fc1e5d578f4b62ba1cf7ac2bba1170a0","name":"Redacci\u00f3n Aeronoticias","url":"https:\/\/aeronoticias.com.pe\/noticiero\/author\/piloto\/"}]}},"_links":{"self":[{"href":"https:\/\/aeronoticias.com.pe\/noticiero\/wp-json\/wp\/v2\/posts\/59725","targetHints":{"allow":["GET"]}}],"collection":[{"href":"https:\/\/aeronoticias.com.pe\/noticiero\/wp-json\/wp\/v2\/posts"}],"about":[{"href":"https:\/\/aeronoticias.com.pe\/noticiero\/wp-json\/wp\/v2\/types\/post"}],"author":[{"embeddable":true,"href":"https:\/\/aeronoticias.com.pe\/noticiero\/wp-json\/wp\/v2\/users\/1"}],"replies":[{"embeddable":true,"href":"https:\/\/aeronoticias.com.pe\/noticiero\/wp-json\/wp\/v2\/comments?post=59725"}],"version-history":[{"count":0,"href":"https:\/\/aeronoticias.com.pe\/noticiero\/wp-json\/wp\/v2\/posts\/59725\/revisions"}],"wp:attachment":[{"href":"https:\/\/aeronoticias.com.pe\/noticiero\/wp-json\/wp\/v2\/media?parent=59725"}],"wp:term":[{"taxonomy":"category","embeddable":true,"href":"https:\/\/aeronoticias.com.pe\/noticiero\/wp-json\/wp\/v2\/categories?post=59725"},{"taxonomy":"post_tag","embeddable":true,"href":"https:\/\/aeronoticias.com.pe\/noticiero\/wp-json\/wp\/v2\/tags?post=59725"}],"curies":[{"name":"wp","href":"https:\/\/api.w.org\/{rel}","templated":true}]}}