{"id":59726,"date":"2020-04-30T16:36:10","date_gmt":"2020-04-30T16:36:10","guid":{"rendered":"http:\/\/desarrollo.mcvicious.com\/aero2020\/2020\/04\/30\/mas-de-30-millones-de-desempleados-en-estados-unidos-desde-el-inicio-de-la-crisis-del-coronavirus\/"},"modified":"2020-09-11T15:21:54","modified_gmt":"2020-09-11T15:21:54","slug":"mas-de-30-millones-de-desempleados-en-estados-unidos-desde-el-inicio-de-la-crisis-del-coronavirus","status":"publish","type":"post","link":"https:\/\/aeronoticias.com.pe\/noticiero\/diplomatica\/mas-de-30-millones-de-desempleados-en-estados-unidos-desde-el-inicio-de-la-crisis-del-coronavirus\/","title":{"rendered":"M\u00e1s de 30 millones de desempleados en Estados Unidos desde el inicio de la crisis del coronavirus"},"content":{"rendered":"<p style=\"text-align: justify;\"><strong>(Aeronoticias).- <\/strong>La semana pasada m\u00e1s de 3,8 millones de trabajadores despedidos presentaron solicitudes de ayudas por desempleo, lo que eleva la cifra total desde el inicio de la crisis del coronavirus a cerca de 30,3 millones. El dato entregado este jueves por el Departamento del Trabajo, como todos los que ha revelado en las \u00faltimas seis semanas, arroja un escenario sin precedentes, en t\u00e9rminos de la profundidad y la rapidez del impacto econ\u00f3mico que est\u00e1n teniendo las medidas de cierre de locales y confinamiento para atajar la pandemia. Los economistas de JP Morgan pronostican que la tasa de desempleo en la primera potencia mundial puede alcanzar el 20% en abril.<\/p>\n<p style=\"text-align: justify;\">La Reserva Federal advirti\u00f3 este mi\u00e9rcoles que la econom\u00eda ver\u00e1 una ca\u00edda \u201csin precedentes\u201d en el segundo trimestre en Estados Unidos y necesitar\u00e1 m\u00e1s ayuda de la que ha recibido hasta ahora (tres billones de d\u00f3lares) para recuperarse. Jerome Powell, presidente del Banco Central estadounidense, sostuvo que se espera que la pr\u00f3xima cifra de desempleo, que en febrero era la m\u00ednima en 50 a\u00f1os, alcance los dos d\u00edgitos. Tambi\u00e9n aclar\u00f3 que la Fed mantendr\u00e1 los tipos de inter\u00e9s pr\u00f3ximos a cero hasta que EE UU alcance los m\u00e1ximos de empleo y estabilidad de precios.<\/p>\n<p style=\"text-align: justify;\">Los esfuerzos para atajar la propagaci\u00f3n del virus han desmoronado en cuesti\u00f3n de semanas las cifras de crecimiento que ven\u00eda acumulando Estados Unidos durante a\u00f1os. Con los cierres de empresas, f\u00e1bricas, hoteles, restaurantes y peque\u00f1os comercios, entre otros, el pa\u00eds se enfrenta a una crisis que va encaminada a ser la m\u00e1s devastadora desde 1930. La econom\u00eda retrocedi\u00f3 un 4,8% en el primer trimestre, poniendo fin al periodo de crecimiento m\u00e1s largo de la historia del pa\u00eds, seg\u00fan los datos publicados este mi\u00e9rcoles por el Departamento de Comercio. La confianza del consumidor ha ca\u00eddo a su m\u00ednimo de seis a\u00f1os y las ventas minoristas sufrieron un retroceso r\u00e9cord en marzo del 8,7% debido a las medidas para controlar la propagaci\u00f3n del brote.<\/p>\n<p style=\"text-align: justify;\">Una de las aprehensiones de los economistas sobre las posibilidades de un repunte r\u00e1pido, una vez que se levanten las medidas -como ya lo est\u00e1n haciendo algunos Estados-, tiene que ver con el comportamiento que tendr\u00e1 el consumidor en la llamada \u201cnueva realidad\u201d. Incluso con las tasas de infectados controladas, las muertes a la baja y los Estados abiertos, es posible que los estadounidenses desconf\u00eden de volver a comprar, viajar y otras actividades econ\u00f3micas.<\/p>\n<p style=\"text-align: justify;\">Fuente: El pais<\/p>\n<p style=\"text-align: justify;\"><img decoding=\"async\" src=\"images\/stories\/abc1.png\" border=\"0\" \/><\/p>\n","protected":false},"excerpt":{"rendered":"<p>(Aeronoticias).- La semana pasada m\u00e1s de 3,8 millones de trabajadores despedidos presentaron solicitudes de ayudas por desempleo, lo que eleva la cifra total desde el inicio de la crisis del coronavirus a cerca de 30,3 millones. El dato entregado este jueves por el Departamento del Trabajo, como todos los que ha revelado en las \u00faltimas [&hellip;]<\/p>\n","protected":false},"author":1,"featured_media":0,"comment_status":"open","ping_status":"open","sticky":false,"template":"","format":"standard","meta":{"tdm_status":"","tdm_grid_status":"","footnotes":""},"categories":[25],"tags":[],"class_list":{"0":"post-59726","1":"post","2":"type-post","3":"status-publish","4":"format-standard","6":"category-diplomatica"},"yoast_head":"<!-- This site is optimized with the Yoast SEO plugin v25.1 - https:\/\/yoast.com\/wordpress\/plugins\/seo\/ -->\n<title>M\u00e1s de 30 millones de desempleados en Estados Unidos desde el inicio de la crisis del coronavirus<\/title>\n<meta name=\"description\" content=\"Portal de noticias del Per\u00fa sobre el transporte a\u00e9reo, aviaci\u00f3n, turismo, hoteleria, actualidad.\" \/>\n<meta name=\"robots\" content=\"index, follow, max-snippet:-1, max-image-preview:large, max-video-preview:-1\" \/>\n<link rel=\"canonical\" href=\"https:\/\/aeronoticias.com.pe\/noticiero\/diplomatica\/mas-de-30-millones-de-desempleados-en-estados-unidos-desde-el-inicio-de-la-crisis-del-coronavirus\/\" \/>\n<meta property=\"og:locale\" content=\"es_ES\" \/>\n<meta property=\"og:type\" content=\"article\" \/>\n<meta property=\"og:title\" content=\"M\u00e1s de 30 millones de desempleados en Estados Unidos desde el inicio de la crisis del coronavirus\" \/>\n<meta property=\"og:description\" content=\"Portal de noticias del Per\u00fa sobre el transporte a\u00e9reo, aviaci\u00f3n, turismo, hoteleria, actualidad.\" \/>\n<meta property=\"og:url\" content=\"https:\/\/aeronoticias.com.pe\/noticiero\/diplomatica\/mas-de-30-millones-de-desempleados-en-estados-unidos-desde-el-inicio-de-la-crisis-del-coronavirus\/\" \/>\n<meta property=\"og:site_name\" content=\"Aeronoticias.com.pe\" \/>\n<meta property=\"article:publisher\" content=\"https:\/\/www.facebook.com\/Aeronoticias.com.pe\/\" \/>\n<meta property=\"article:published_time\" content=\"2020-04-30T16:36:10+00:00\" \/>\n<meta property=\"article:modified_time\" content=\"2020-09-11T15:21:54+00:00\" \/>\n<meta name=\"author\" content=\"Redacci\u00f3n Aeronoticias\" \/>\n<meta name=\"twitter:card\" content=\"summary_large_image\" \/>\n<meta name=\"twitter:creator\" content=\"@aeronoticias\" \/>\n<meta name=\"twitter:site\" content=\"@aeronoticias\" \/>\n<meta name=\"twitter:label1\" content=\"Escrito por\" \/>\n\t<meta name=\"twitter:data1\" content=\"Redacci\u00f3n Aeronoticias\" \/>\n\t<meta name=\"twitter:label2\" content=\"Tiempo de lectura\" \/>\n\t<meta name=\"twitter:data2\" content=\"2 minutos\" \/>\n<script type=\"application\/ld+json\" class=\"yoast-schema-graph\">{\"@context\":\"https:\/\/schema.org\",\"@graph\":[{\"@type\":\"WebPage\",\"@id\":\"https:\/\/aeronoticias.com.pe\/noticiero\/diplomatica\/mas-de-30-millones-de-desempleados-en-estados-unidos-desde-el-inicio-de-la-crisis-del-coronavirus\/\",\"url\":\"https:\/\/aeronoticias.com.pe\/noticiero\/diplomatica\/mas-de-30-millones-de-desempleados-en-estados-unidos-desde-el-inicio-de-la-crisis-del-coronavirus\/\",\"name\":\"M\u00e1s de 30 millones de desempleados en Estados Unidos desde el inicio de la crisis del coronavirus\",\"isPartOf\":{\"@id\":\"https:\/\/aeronoticias.com.pe\/noticiero\/#website\"},\"datePublished\":\"2020-04-30T16:36:10+00:00\",\"dateModified\":\"2020-09-11T15:21:54+00:00\",\"author\":{\"@id\":\"https:\/\/aeronoticias.com.pe\/noticiero\/#\/schema\/person\/fc1e5d578f4b62ba1cf7ac2bba1170a0\"},\"description\":\"Portal de noticias del Per\u00fa sobre el transporte a\u00e9reo, aviaci\u00f3n, turismo, hoteleria, actualidad.\",\"breadcrumb\":{\"@id\":\"https:\/\/aeronoticias.com.pe\/noticiero\/diplomatica\/mas-de-30-millones-de-desempleados-en-estados-unidos-desde-el-inicio-de-la-crisis-del-coronavirus\/#breadcrumb\"},\"inLanguage\":\"es\",\"potentialAction\":[{\"@type\":\"ReadAction\",\"target\":[\"https:\/\/aeronoticias.com.pe\/noticiero\/diplomatica\/mas-de-30-millones-de-desempleados-en-estados-unidos-desde-el-inicio-de-la-crisis-del-coronavirus\/\"]}]},{\"@type\":\"BreadcrumbList\",\"@id\":\"https:\/\/aeronoticias.com.pe\/noticiero\/diplomatica\/mas-de-30-millones-de-desempleados-en-estados-unidos-desde-el-inicio-de-la-crisis-del-coronavirus\/#breadcrumb\",\"itemListElement\":[{\"@type\":\"ListItem\",\"position\":1,\"name\":\"Portada\",\"item\":\"https:\/\/aeronoticias.com.pe\/noticiero\/\"},{\"@type\":\"ListItem\",\"position\":2,\"name\":\"M\u00e1s de 30 millones de desempleados en Estados Unidos desde el inicio de la crisis del coronavirus\"}]},{\"@type\":\"WebSite\",\"@id\":\"https:\/\/aeronoticias.com.pe\/noticiero\/#website\",\"url\":\"https:\/\/aeronoticias.com.pe\/noticiero\/\",\"name\":\"Aeronoticias.com.pe\",\"description\":\"Noticias de tranporte aereo, turismo, hoteles, gastronomia, actualidad, internacional\",\"potentialAction\":[{\"@type\":\"SearchAction\",\"target\":{\"@type\":\"EntryPoint\",\"urlTemplate\":\"https:\/\/aeronoticias.com.pe\/noticiero\/?s={search_term_string}\"},\"query-input\":{\"@type\":\"PropertyValueSpecification\",\"valueRequired\":true,\"valueName\":\"search_term_string\"}}],\"inLanguage\":\"es\"},{\"@type\":\"Person\",\"@id\":\"https:\/\/aeronoticias.com.pe\/noticiero\/#\/schema\/person\/fc1e5d578f4b62ba1cf7ac2bba1170a0\",\"name\":\"Redacci\u00f3n Aeronoticias\",\"url\":\"https:\/\/aeronoticias.com.pe\/noticiero\/author\/piloto\/\"}]}<\/script>\n<!-- \/ Yoast SEO plugin. -->","yoast_head_json":{"title":"M\u00e1s de 30 millones de desempleados en Estados Unidos desde el inicio de la crisis del coronavirus","description":"Portal de noticias del Per\u00fa sobre el transporte a\u00e9reo, aviaci\u00f3n, turismo, hoteleria, actualidad.","robots":{"index":"index","follow":"follow","max-snippet":"max-snippet:-1","max-image-preview":"max-image-preview:large","max-video-preview":"max-video-preview:-1"},"canonical":"https:\/\/aeronoticias.com.pe\/noticiero\/diplomatica\/mas-de-30-millones-de-desempleados-en-estados-unidos-desde-el-inicio-de-la-crisis-del-coronavirus\/","og_locale":"es_ES","og_type":"article","og_title":"M\u00e1s de 30 millones de desempleados en Estados Unidos desde el inicio de la crisis del coronavirus","og_description":"Portal de noticias del Per\u00fa sobre el transporte a\u00e9reo, aviaci\u00f3n, turismo, hoteleria, actualidad.","og_url":"https:\/\/aeronoticias.com.pe\/noticiero\/diplomatica\/mas-de-30-millones-de-desempleados-en-estados-unidos-desde-el-inicio-de-la-crisis-del-coronavirus\/","og_site_name":"Aeronoticias.com.pe","article_publisher":"https:\/\/www.facebook.com\/Aeronoticias.com.pe\/","article_published_time":"2020-04-30T16:36:10+00:00","article_modified_time":"2020-09-11T15:21:54+00:00","author":"Redacci\u00f3n Aeronoticias","twitter_card":"summary_large_image","twitter_creator":"@aeronoticias","twitter_site":"@aeronoticias","twitter_misc":{"Escrito por":"Redacci\u00f3n Aeronoticias","Tiempo de lectura":"2 minutos"},"schema":{"@context":"https:\/\/schema.org","@graph":[{"@type":"WebPage","@id":"https:\/\/aeronoticias.com.pe\/noticiero\/diplomatica\/mas-de-30-millones-de-desempleados-en-estados-unidos-desde-el-inicio-de-la-crisis-del-coronavirus\/","url":"https:\/\/aeronoticias.com.pe\/noticiero\/diplomatica\/mas-de-30-millones-de-desempleados-en-estados-unidos-desde-el-inicio-de-la-crisis-del-coronavirus\/","name":"M\u00e1s de 30 millones de desempleados en Estados Unidos desde el inicio de la crisis del coronavirus","isPartOf":{"@id":"https:\/\/aeronoticias.com.pe\/noticiero\/#website"},"datePublished":"2020-04-30T16:36:10+00:00","dateModified":"2020-09-11T15:21:54+00:00","author":{"@id":"https:\/\/aeronoticias.com.pe\/noticiero\/#\/schema\/person\/fc1e5d578f4b62ba1cf7ac2bba1170a0"},"description":"Portal de noticias del Per\u00fa sobre el transporte a\u00e9reo, aviaci\u00f3n, turismo, hoteleria, actualidad.","breadcrumb":{"@id":"https:\/\/aeronoticias.com.pe\/noticiero\/diplomatica\/mas-de-30-millones-de-desempleados-en-estados-unidos-desde-el-inicio-de-la-crisis-del-coronavirus\/#breadcrumb"},"inLanguage":"es","potentialAction":[{"@type":"ReadAction","target":["https:\/\/aeronoticias.com.pe\/noticiero\/diplomatica\/mas-de-30-millones-de-desempleados-en-estados-unidos-desde-el-inicio-de-la-crisis-del-coronavirus\/"]}]},{"@type":"BreadcrumbList","@id":"https:\/\/aeronoticias.com.pe\/noticiero\/diplomatica\/mas-de-30-millones-de-desempleados-en-estados-unidos-desde-el-inicio-de-la-crisis-del-coronavirus\/#breadcrumb","itemListElement":[{"@type":"ListItem","position":1,"name":"Portada","item":"https:\/\/aeronoticias.com.pe\/noticiero\/"},{"@type":"ListItem","position":2,"name":"M\u00e1s de 30 millones de desempleados en Estados Unidos desde el inicio de la crisis del coronavirus"}]},{"@type":"WebSite","@id":"https:\/\/aeronoticias.com.pe\/noticiero\/#website","url":"https:\/\/aeronoticias.com.pe\/noticiero\/","name":"Aeronoticias.com.pe","description":"Noticias de tranporte aereo, turismo, hoteles, gastronomia, actualidad, internacional","potentialAction":[{"@type":"SearchAction","target":{"@type":"EntryPoint","urlTemplate":"https:\/\/aeronoticias.com.pe\/noticiero\/?s={search_term_string}"},"query-input":{"@type":"PropertyValueSpecification","valueRequired":true,"valueName":"search_term_string"}}],"inLanguage":"es"},{"@type":"Person","@id":"https:\/\/aeronoticias.com.pe\/noticiero\/#\/schema\/person\/fc1e5d578f4b62ba1cf7ac2bba1170a0","name":"Redacci\u00f3n Aeronoticias","url":"https:\/\/aeronoticias.com.pe\/noticiero\/author\/piloto\/"}]}},"_links":{"self":[{"href":"https:\/\/aeronoticias.com.pe\/noticiero\/wp-json\/wp\/v2\/posts\/59726","targetHints":{"allow":["GET"]}}],"collection":[{"href":"https:\/\/aeronoticias.com.pe\/noticiero\/wp-json\/wp\/v2\/posts"}],"about":[{"href":"https:\/\/aeronoticias.com.pe\/noticiero\/wp-json\/wp\/v2\/types\/post"}],"author":[{"embeddable":true,"href":"https:\/\/aeronoticias.com.pe\/noticiero\/wp-json\/wp\/v2\/users\/1"}],"replies":[{"embeddable":true,"href":"https:\/\/aeronoticias.com.pe\/noticiero\/wp-json\/wp\/v2\/comments?post=59726"}],"version-history":[{"count":0,"href":"https:\/\/aeronoticias.com.pe\/noticiero\/wp-json\/wp\/v2\/posts\/59726\/revisions"}],"wp:attachment":[{"href":"https:\/\/aeronoticias.com.pe\/noticiero\/wp-json\/wp\/v2\/media?parent=59726"}],"wp:term":[{"taxonomy":"category","embeddable":true,"href":"https:\/\/aeronoticias.com.pe\/noticiero\/wp-json\/wp\/v2\/categories?post=59726"},{"taxonomy":"post_tag","embeddable":true,"href":"https:\/\/aeronoticias.com.pe\/noticiero\/wp-json\/wp\/v2\/tags?post=59726"}],"curies":[{"name":"wp","href":"https:\/\/api.w.org\/{rel}","templated":true}]}}