{"id":59728,"date":"2020-05-01T03:23:57","date_gmt":"2020-05-01T03:23:57","guid":{"rendered":"http:\/\/desarrollo.mcvicious.com\/aero2020\/2020\/05\/01\/airbus-desarrolla-una-solucion-para-adaptar-aviones-de-cabina-ancha-a-las-operaciones-de-carga-durante-la-pandemia\/"},"modified":"2020-09-29T00:09:15","modified_gmt":"2020-09-29T00:09:15","slug":"airbus-desarrolla-una-solucion-para-adaptar-aviones-de-cabina-ancha-a-las-operaciones-de-carga-durante-la-pandemia","status":"publish","type":"post","link":"https:\/\/aeronoticias.com.pe\/noticiero\/transporte-aereo\/internacional\/airbus-desarrolla-una-solucion-para-adaptar-aviones-de-cabina-ancha-a-las-operaciones-de-carga-durante-la-pandemia\/","title":{"rendered":"Airbus desarrolla una soluci\u00f3n para adaptar aviones de cabina ancha a las operaciones de carga durante la pandemia"},"content":{"rendered":"\n<p>Airbus est\u00e1 desarrollando una soluci\u00f3n para los aviones de las familias A330 y A350 que permitir\u00e1 a las aerol\u00ednea instalar pal\u00e9s de carga directamente sobre los rieles de los asientos de clase \u2018economy\u2019, pudiendo as\u00ed adaptar el aeronave a las operaciones de transporte de carga que est\u00e1n desarrollando durante la pandemia.<\/p>\n\n\n\n<p class=\"p1\">Con esta modificaci\u00f3n, el fabricante quiere contribuir a que las aerol\u00edneas puedan continuar sus operaciones y ayudar al alivio de la escasez de capacidad de carga, pudiendo atender a una mayor parte de la demanda de transporte de equipos m\u00e9dicos u otros suministros a destinos a larga distancia.<\/p>\n\n\n\n<p class=\"p1\">Esta soluci\u00f3n es, adem\u00e1s, m\u00e1s segura que colocar los bultos sobre los asientos en materia de protecci\u00f3n contra incendios y para evitar desplazamientos indeseados, adem\u00e1s de hacer m\u00e1s sencillo el proceso de carga y descarga.<\/p>\n\n\n\n<p class=\"p1\">El fabricante aeron\u00e1utico ofrece estos cambios a los operadores como paquete Airbus Service Bulletin. De esta forma, Airbus define el alcance de trabajo de ingenier\u00eda y se ocupa tambi\u00e9n del tr\u00e1mite para conseguir el certificado de la Agencia Europea de Seguridad A\u00e9rea (EASA).<\/p>\n\n\n\n<p class=\"p1\">El paquete cubre la retirada de asientos y del sistema IFE, la instalaci\u00f3n de los pal\u00e9s de carga y de los equipos de seguridad asociados, as\u00ed como la reinstalaci\u00f3n de los elementos de cabina originales para la vuelta a las operaciones con pasajeros. El paquete se podr\u00e1 seguir aplicando despu\u00e9s de la pandemia.<\/p>\n\n\n\n<p class=\"p1\">Fuente: <span style=\"text-decoration: underline;\"><em><strong>Europa Press<\/strong><\/em><\/span>.<\/p>\n","protected":false},"excerpt":{"rendered":"<p>Airbus est\u00e1 desarrollando una soluci\u00f3n para los aviones de las familias A330 y A350 que permitir\u00e1 a las aerol\u00ednea instalar pal\u00e9s de carga directamente sobre los rieles de los asientos de clase \u2018economy\u2019, pudiendo as\u00ed adaptar el aeronave a las operaciones de transporte de carga que est\u00e1n desarrollando durante la pandemia. Con esta modificaci\u00f3n, el [&hellip;]<\/p>\n","protected":false},"author":1,"featured_media":63314,"comment_status":"open","ping_status":"open","sticky":false,"template":"","format":"standard","meta":{"tdm_status":"","tdm_grid_status":"","footnotes":""},"categories":[32,11],"tags":[414,415,181],"class_list":{"0":"post-59728","1":"post","2":"type-post","3":"status-publish","4":"format-standard","5":"has-post-thumbnail","7":"category-internacional","8":"category-transporte-aereo","9":"tag-a330","10":"tag-a350","11":"tag-airbus"},"yoast_head":"<!-- This site is optimized with the Yoast SEO plugin v25.1 - https:\/\/yoast.com\/wordpress\/plugins\/seo\/ -->\n<title>Airbus desarrolla una soluci\u00f3n para adaptar aviones de cabina ancha a las operaciones de carga durante la pandemia<\/title>\n<meta name=\"description\" content=\"Airbus est\u00e1 desarrollando una soluci\u00f3n para los aviones de las familias A330 y A350 que permitir\u00e1 a las aerol\u00ednea instalar pal\u00e9s de carga\" \/>\n<meta name=\"robots\" content=\"index, follow, max-snippet:-1, max-image-preview:large, max-video-preview:-1\" \/>\n<link rel=\"canonical\" href=\"https:\/\/aeronoticias.com.pe\/noticiero\/transporte-aereo\/internacional\/airbus-desarrolla-una-solucion-para-adaptar-aviones-de-cabina-ancha-a-las-operaciones-de-carga-durante-la-pandemia\/\" \/>\n<meta property=\"og:locale\" content=\"es_ES\" \/>\n<meta property=\"og:type\" content=\"article\" \/>\n<meta property=\"og:title\" content=\"Airbus desarrolla una soluci\u00f3n para adaptar aviones de cabina ancha a las operaciones de carga durante la pandemia\" \/>\n<meta property=\"og:description\" content=\"Airbus est\u00e1 desarrollando una soluci\u00f3n para los aviones de las familias A330 y A350 que permitir\u00e1 a las aerol\u00ednea instalar pal\u00e9s de carga\" \/>\n<meta property=\"og:url\" content=\"https:\/\/aeronoticias.com.pe\/noticiero\/transporte-aereo\/internacional\/airbus-desarrolla-una-solucion-para-adaptar-aviones-de-cabina-ancha-a-las-operaciones-de-carga-durante-la-pandemia\/\" \/>\n<meta property=\"og:site_name\" content=\"Aeronoticias.com.pe\" \/>\n<meta property=\"article:publisher\" content=\"https:\/\/www.facebook.com\/Aeronoticias.com.pe\/\" \/>\n<meta property=\"article:published_time\" content=\"2020-05-01T03:23:57+00:00\" \/>\n<meta property=\"article:modified_time\" content=\"2020-09-29T00:09:15+00:00\" \/>\n<meta property=\"og:image\" content=\"https:\/\/aeronoticias.com.pe\/noticiero\/wp-content\/uploads\/2020\/05\/Airbus-2.jpg\" \/>\n\t<meta property=\"og:image:width\" content=\"1200\" \/>\n\t<meta property=\"og:image:height\" content=\"630\" \/>\n\t<meta property=\"og:image:type\" content=\"image\/jpeg\" \/>\n<meta name=\"author\" content=\"Redacci\u00f3n Aeronoticias\" \/>\n<meta name=\"twitter:card\" content=\"summary_large_image\" \/>\n<meta name=\"twitter:creator\" content=\"@aeronoticias\" \/>\n<meta name=\"twitter:site\" content=\"@aeronoticias\" \/>\n<meta name=\"twitter:label1\" content=\"Escrito por\" \/>\n\t<meta name=\"twitter:data1\" content=\"Redacci\u00f3n Aeronoticias\" \/>\n\t<meta name=\"twitter:label2\" content=\"Tiempo de lectura\" \/>\n\t<meta name=\"twitter:data2\" content=\"1 minuto\" \/>\n<script type=\"application\/ld+json\" class=\"yoast-schema-graph\">{\"@context\":\"https:\/\/schema.org\",\"@graph\":[{\"@type\":\"WebPage\",\"@id\":\"https:\/\/aeronoticias.com.pe\/noticiero\/transporte-aereo\/internacional\/airbus-desarrolla-una-solucion-para-adaptar-aviones-de-cabina-ancha-a-las-operaciones-de-carga-durante-la-pandemia\/\",\"url\":\"https:\/\/aeronoticias.com.pe\/noticiero\/transporte-aereo\/internacional\/airbus-desarrolla-una-solucion-para-adaptar-aviones-de-cabina-ancha-a-las-operaciones-de-carga-durante-la-pandemia\/\",\"name\":\"Airbus desarrolla una soluci\u00f3n para adaptar aviones de cabina ancha a las operaciones de carga durante la pandemia\",\"isPartOf\":{\"@id\":\"https:\/\/aeronoticias.com.pe\/noticiero\/#website\"},\"primaryImageOfPage\":{\"@id\":\"https:\/\/aeronoticias.com.pe\/noticiero\/transporte-aereo\/internacional\/airbus-desarrolla-una-solucion-para-adaptar-aviones-de-cabina-ancha-a-las-operaciones-de-carga-durante-la-pandemia\/#primaryimage\"},\"image\":{\"@id\":\"https:\/\/aeronoticias.com.pe\/noticiero\/transporte-aereo\/internacional\/airbus-desarrolla-una-solucion-para-adaptar-aviones-de-cabina-ancha-a-las-operaciones-de-carga-durante-la-pandemia\/#primaryimage\"},\"thumbnailUrl\":\"https:\/\/aeronoticias.com.pe\/noticiero\/wp-content\/uploads\/2020\/05\/Airbus-2.jpg\",\"datePublished\":\"2020-05-01T03:23:57+00:00\",\"dateModified\":\"2020-09-29T00:09:15+00:00\",\"author\":{\"@id\":\"https:\/\/aeronoticias.com.pe\/noticiero\/#\/schema\/person\/fc1e5d578f4b62ba1cf7ac2bba1170a0\"},\"description\":\"Airbus est\u00e1 desarrollando una soluci\u00f3n para los aviones de las familias A330 y A350 que permitir\u00e1 a las aerol\u00ednea instalar pal\u00e9s de carga\",\"breadcrumb\":{\"@id\":\"https:\/\/aeronoticias.com.pe\/noticiero\/transporte-aereo\/internacional\/airbus-desarrolla-una-solucion-para-adaptar-aviones-de-cabina-ancha-a-las-operaciones-de-carga-durante-la-pandemia\/#breadcrumb\"},\"inLanguage\":\"es\",\"potentialAction\":[{\"@type\":\"ReadAction\",\"target\":[\"https:\/\/aeronoticias.com.pe\/noticiero\/transporte-aereo\/internacional\/airbus-desarrolla-una-solucion-para-adaptar-aviones-de-cabina-ancha-a-las-operaciones-de-carga-durante-la-pandemia\/\"]}]},{\"@type\":\"ImageObject\",\"inLanguage\":\"es\",\"@id\":\"https:\/\/aeronoticias.com.pe\/noticiero\/transporte-aereo\/internacional\/airbus-desarrolla-una-solucion-para-adaptar-aviones-de-cabina-ancha-a-las-operaciones-de-carga-durante-la-pandemia\/#primaryimage\",\"url\":\"https:\/\/aeronoticias.com.pe\/noticiero\/wp-content\/uploads\/2020\/05\/Airbus-2.jpg\",\"contentUrl\":\"https:\/\/aeronoticias.com.pe\/noticiero\/wp-content\/uploads\/2020\/05\/Airbus-2.jpg\",\"width\":1200,\"height\":630},{\"@type\":\"BreadcrumbList\",\"@id\":\"https:\/\/aeronoticias.com.pe\/noticiero\/transporte-aereo\/internacional\/airbus-desarrolla-una-solucion-para-adaptar-aviones-de-cabina-ancha-a-las-operaciones-de-carga-durante-la-pandemia\/#breadcrumb\",\"itemListElement\":[{\"@type\":\"ListItem\",\"position\":1,\"name\":\"Portada\",\"item\":\"https:\/\/aeronoticias.com.pe\/noticiero\/\"},{\"@type\":\"ListItem\",\"position\":2,\"name\":\"Airbus desarrolla una soluci\u00f3n para adaptar aviones de cabina ancha a las operaciones de carga durante la pandemia\"}]},{\"@type\":\"WebSite\",\"@id\":\"https:\/\/aeronoticias.com.pe\/noticiero\/#website\",\"url\":\"https:\/\/aeronoticias.com.pe\/noticiero\/\",\"name\":\"Aeronoticias.com.pe\",\"description\":\"Noticias de tranporte aereo, turismo, hoteles, gastronomia, actualidad, internacional\",\"potentialAction\":[{\"@type\":\"SearchAction\",\"target\":{\"@type\":\"EntryPoint\",\"urlTemplate\":\"https:\/\/aeronoticias.com.pe\/noticiero\/?s={search_term_string}\"},\"query-input\":{\"@type\":\"PropertyValueSpecification\",\"valueRequired\":true,\"valueName\":\"search_term_string\"}}],\"inLanguage\":\"es\"},{\"@type\":\"Person\",\"@id\":\"https:\/\/aeronoticias.com.pe\/noticiero\/#\/schema\/person\/fc1e5d578f4b62ba1cf7ac2bba1170a0\",\"name\":\"Redacci\u00f3n Aeronoticias\",\"url\":\"https:\/\/aeronoticias.com.pe\/noticiero\/author\/piloto\/\"}]}<\/script>\n<!-- \/ Yoast SEO plugin. -->","yoast_head_json":{"title":"Airbus desarrolla una soluci\u00f3n para adaptar aviones de cabina ancha a las operaciones de carga durante la pandemia","description":"Airbus est\u00e1 desarrollando una soluci\u00f3n para los aviones de las familias A330 y A350 que permitir\u00e1 a las aerol\u00ednea instalar pal\u00e9s de carga","robots":{"index":"index","follow":"follow","max-snippet":"max-snippet:-1","max-image-preview":"max-image-preview:large","max-video-preview":"max-video-preview:-1"},"canonical":"https:\/\/aeronoticias.com.pe\/noticiero\/transporte-aereo\/internacional\/airbus-desarrolla-una-solucion-para-adaptar-aviones-de-cabina-ancha-a-las-operaciones-de-carga-durante-la-pandemia\/","og_locale":"es_ES","og_type":"article","og_title":"Airbus desarrolla una soluci\u00f3n para adaptar aviones de cabina ancha a las operaciones de carga durante la pandemia","og_description":"Airbus est\u00e1 desarrollando una soluci\u00f3n para los aviones de las familias A330 y A350 que permitir\u00e1 a las aerol\u00ednea instalar pal\u00e9s de carga","og_url":"https:\/\/aeronoticias.com.pe\/noticiero\/transporte-aereo\/internacional\/airbus-desarrolla-una-solucion-para-adaptar-aviones-de-cabina-ancha-a-las-operaciones-de-carga-durante-la-pandemia\/","og_site_name":"Aeronoticias.com.pe","article_publisher":"https:\/\/www.facebook.com\/Aeronoticias.com.pe\/","article_published_time":"2020-05-01T03:23:57+00:00","article_modified_time":"2020-09-29T00:09:15+00:00","og_image":[{"width":1200,"height":630,"url":"https:\/\/aeronoticias.com.pe\/noticiero\/wp-content\/uploads\/2020\/05\/Airbus-2.jpg","type":"image\/jpeg"}],"author":"Redacci\u00f3n Aeronoticias","twitter_card":"summary_large_image","twitter_creator":"@aeronoticias","twitter_site":"@aeronoticias","twitter_misc":{"Escrito por":"Redacci\u00f3n Aeronoticias","Tiempo de lectura":"1 minuto"},"schema":{"@context":"https:\/\/schema.org","@graph":[{"@type":"WebPage","@id":"https:\/\/aeronoticias.com.pe\/noticiero\/transporte-aereo\/internacional\/airbus-desarrolla-una-solucion-para-adaptar-aviones-de-cabina-ancha-a-las-operaciones-de-carga-durante-la-pandemia\/","url":"https:\/\/aeronoticias.com.pe\/noticiero\/transporte-aereo\/internacional\/airbus-desarrolla-una-solucion-para-adaptar-aviones-de-cabina-ancha-a-las-operaciones-de-carga-durante-la-pandemia\/","name":"Airbus desarrolla una soluci\u00f3n para adaptar aviones de cabina ancha a las operaciones de carga durante la pandemia","isPartOf":{"@id":"https:\/\/aeronoticias.com.pe\/noticiero\/#website"},"primaryImageOfPage":{"@id":"https:\/\/aeronoticias.com.pe\/noticiero\/transporte-aereo\/internacional\/airbus-desarrolla-una-solucion-para-adaptar-aviones-de-cabina-ancha-a-las-operaciones-de-carga-durante-la-pandemia\/#primaryimage"},"image":{"@id":"https:\/\/aeronoticias.com.pe\/noticiero\/transporte-aereo\/internacional\/airbus-desarrolla-una-solucion-para-adaptar-aviones-de-cabina-ancha-a-las-operaciones-de-carga-durante-la-pandemia\/#primaryimage"},"thumbnailUrl":"https:\/\/aeronoticias.com.pe\/noticiero\/wp-content\/uploads\/2020\/05\/Airbus-2.jpg","datePublished":"2020-05-01T03:23:57+00:00","dateModified":"2020-09-29T00:09:15+00:00","author":{"@id":"https:\/\/aeronoticias.com.pe\/noticiero\/#\/schema\/person\/fc1e5d578f4b62ba1cf7ac2bba1170a0"},"description":"Airbus est\u00e1 desarrollando una soluci\u00f3n para los aviones de las familias A330 y A350 que permitir\u00e1 a las aerol\u00ednea instalar pal\u00e9s de carga","breadcrumb":{"@id":"https:\/\/aeronoticias.com.pe\/noticiero\/transporte-aereo\/internacional\/airbus-desarrolla-una-solucion-para-adaptar-aviones-de-cabina-ancha-a-las-operaciones-de-carga-durante-la-pandemia\/#breadcrumb"},"inLanguage":"es","potentialAction":[{"@type":"ReadAction","target":["https:\/\/aeronoticias.com.pe\/noticiero\/transporte-aereo\/internacional\/airbus-desarrolla-una-solucion-para-adaptar-aviones-de-cabina-ancha-a-las-operaciones-de-carga-durante-la-pandemia\/"]}]},{"@type":"ImageObject","inLanguage":"es","@id":"https:\/\/aeronoticias.com.pe\/noticiero\/transporte-aereo\/internacional\/airbus-desarrolla-una-solucion-para-adaptar-aviones-de-cabina-ancha-a-las-operaciones-de-carga-durante-la-pandemia\/#primaryimage","url":"https:\/\/aeronoticias.com.pe\/noticiero\/wp-content\/uploads\/2020\/05\/Airbus-2.jpg","contentUrl":"https:\/\/aeronoticias.com.pe\/noticiero\/wp-content\/uploads\/2020\/05\/Airbus-2.jpg","width":1200,"height":630},{"@type":"BreadcrumbList","@id":"https:\/\/aeronoticias.com.pe\/noticiero\/transporte-aereo\/internacional\/airbus-desarrolla-una-solucion-para-adaptar-aviones-de-cabina-ancha-a-las-operaciones-de-carga-durante-la-pandemia\/#breadcrumb","itemListElement":[{"@type":"ListItem","position":1,"name":"Portada","item":"https:\/\/aeronoticias.com.pe\/noticiero\/"},{"@type":"ListItem","position":2,"name":"Airbus desarrolla una soluci\u00f3n para adaptar aviones de cabina ancha a las operaciones de carga durante la pandemia"}]},{"@type":"WebSite","@id":"https:\/\/aeronoticias.com.pe\/noticiero\/#website","url":"https:\/\/aeronoticias.com.pe\/noticiero\/","name":"Aeronoticias.com.pe","description":"Noticias de tranporte aereo, turismo, hoteles, gastronomia, actualidad, internacional","potentialAction":[{"@type":"SearchAction","target":{"@type":"EntryPoint","urlTemplate":"https:\/\/aeronoticias.com.pe\/noticiero\/?s={search_term_string}"},"query-input":{"@type":"PropertyValueSpecification","valueRequired":true,"valueName":"search_term_string"}}],"inLanguage":"es"},{"@type":"Person","@id":"https:\/\/aeronoticias.com.pe\/noticiero\/#\/schema\/person\/fc1e5d578f4b62ba1cf7ac2bba1170a0","name":"Redacci\u00f3n Aeronoticias","url":"https:\/\/aeronoticias.com.pe\/noticiero\/author\/piloto\/"}]}},"_links":{"self":[{"href":"https:\/\/aeronoticias.com.pe\/noticiero\/wp-json\/wp\/v2\/posts\/59728","targetHints":{"allow":["GET"]}}],"collection":[{"href":"https:\/\/aeronoticias.com.pe\/noticiero\/wp-json\/wp\/v2\/posts"}],"about":[{"href":"https:\/\/aeronoticias.com.pe\/noticiero\/wp-json\/wp\/v2\/types\/post"}],"author":[{"embeddable":true,"href":"https:\/\/aeronoticias.com.pe\/noticiero\/wp-json\/wp\/v2\/users\/1"}],"replies":[{"embeddable":true,"href":"https:\/\/aeronoticias.com.pe\/noticiero\/wp-json\/wp\/v2\/comments?post=59728"}],"version-history":[{"count":0,"href":"https:\/\/aeronoticias.com.pe\/noticiero\/wp-json\/wp\/v2\/posts\/59728\/revisions"}],"wp:featuredmedia":[{"embeddable":true,"href":"https:\/\/aeronoticias.com.pe\/noticiero\/wp-json\/wp\/v2\/media\/63314"}],"wp:attachment":[{"href":"https:\/\/aeronoticias.com.pe\/noticiero\/wp-json\/wp\/v2\/media?parent=59728"}],"wp:term":[{"taxonomy":"category","embeddable":true,"href":"https:\/\/aeronoticias.com.pe\/noticiero\/wp-json\/wp\/v2\/categories?post=59728"},{"taxonomy":"post_tag","embeddable":true,"href":"https:\/\/aeronoticias.com.pe\/noticiero\/wp-json\/wp\/v2\/tags?post=59728"}],"curies":[{"name":"wp","href":"https:\/\/api.w.org\/{rel}","templated":true}]}}