{"id":59729,"date":"2020-05-01T03:28:20","date_gmt":"2020-05-01T03:28:20","guid":{"rendered":"http:\/\/desarrollo.mcvicious.com\/aero2020\/2020\/05\/01\/colombia-gobierno-abre-la-puerta-a-una-compra-de-acciones-de-avianca\/"},"modified":"2020-09-29T00:07:34","modified_gmt":"2020-09-29T00:07:34","slug":"colombia-gobierno-abre-la-puerta-a-una-compra-de-acciones-de-avianca","status":"publish","type":"post","link":"https:\/\/aeronoticias.com.pe\/noticiero\/transporte-aereo\/internacional\/colombia-gobierno-abre-la-puerta-a-una-compra-de-acciones-de-avianca\/","title":{"rendered":"Colombia: Gobierno abre la puerta a una compra de acciones de Avianca"},"content":{"rendered":"\n<p>El Gobierno colombiano abri\u00f3 la puerta a una compra de acciones en la mayor aerol\u00ednea del pa\u00eds, Avianca, la cual est\u00e1 teniendo dificultades para mantenerse a flote ante la pandemia de coronavirus. (Lee tambi\u00e9n: Estudian declarar Estado de Emergencia Econ\u00f3mica II por COVID-19).<\/p>\n\n\n\n<p class=\"p1\">El Gobierno y la aerol\u00ednea a\u00fan est\u00e1n en conversaciones. Pero este mi\u00e9rcoles el ministro de Hacienda, Alberto Carrasquilla, dijo ante el Senado que asumir una participaci\u00f3n accionarial es una de las opciones que deben considerarse, aunque todav\u00eda no se ha decidido nada.<\/p>\n\n\n\n<p class=\"p1\">El t\u00edtulo de la aerol\u00ednea en la Bolsa de Valores de Colombia ha perdido m\u00e1s de 60 % en 2020 y se encuentra a un precio debajo de los $600. Una dram\u00e1tica ca\u00edda para una acci\u00f3n que se emiti\u00f3 a un precio de $5.000 en 2013.<\/p>\n\n\n\n<p class=\"p1\">La aerol\u00ednea suspendi\u00f3 los vuelos el mes pasado a medida que los Gobiernos de toda la regi\u00f3n promulgaron prohibiciones de viaje para frenar la propagaci\u00f3n de Covid-19, eliminando los ingresos de Avianca.<\/p>\n\n\n\n<p class=\"p1\">La aerol\u00ednea dijo que hay dudas significativas sobre su capacidad para continuar operando. Los bonos en d\u00f3lares de la compa\u00f1\u00eda con vencimiento en 2023 se negocian a alrededor de 20 centavos por d\u00f3lar, lo que indica que los inversionistas est\u00e1n contabilizando la probabilidad de un incumplimiento.<\/p>\n\n\n\n<p class=\"p1\">Si bien, es una empresa clave para el transporte a\u00e9reo colombiano, el plan de rescate ha sido criticado por diferentes analistas pues consideran que es ayudar a una empresa extranjera por el poder que ha ganado United Airlines en el \u00faltimo a\u00f1o en Avianca. Adem\u00e1s, los problemas econ\u00f3micos vienen desde antes.<\/p>\n\n\n\n<p class=\"p1\"><strong>Las finanzas de Avianca antes de la cuarentena<\/strong><\/p>\n\n\n\n<p class=\"p1\">El estado financiero de la aerol\u00ednea es negativo, pues en 2019 registr\u00f3 p\u00e9rdidas de US$893 millones. Sin embargo, ha logrado reducir su carga financiera por medio de diferentes estrategias.<\/p>\n\n\n\n<p class=\"p1\">El pasado 9 de diciembre Avianca confirm\u00f3 que termin\u00f3 el intercambio de US$484 millones de los bonos que venc\u00edan en mayo del 2020, por bonos garantizados con vencimiento en mayo de 2023. Lo que le dio un respiro a la aerol\u00ednea pues evit\u00f3 tener que pagar US$500 en deuda que venc\u00eda en mayo de 2020. Y tras lograr este hito, United Airlines accedi\u00f3 a prestarle a la aerol\u00ednea US$250 millones.<\/p>\n\n\n\n<p class=\"p1\">A comienzos de enero Avianca inform\u00f3 que reducir\u00e1 sus planes de adquisici\u00f3n de flota a\u00e9rea con el fin de mejorar los estados financieros de la empresa. La estrategia implica comprar menos aviones de los contemplados inicialmente, diferir la entrega de algunos, y aumentar el arrendamiento de aeronaves.<\/p>\n\n\n\n<p class=\"p1\">En primer lugar, acord\u00f3 con Airbus reducir sus compromisos de 108 a 88 aviones A320neo, los cuales ahora est\u00e1n programados para entregarse entre 2025 y 2029: 20 anuales por los primeros cuatro a\u00f1os, y ocho en 2029.<\/p>\n\n\n\n<p class=\"p1\">Asimismo, ha firmado un acuerdo con el BOC Aviation para celebrar contratos de arrendamiento operativo por 12 a\u00f1os para 12 aviones A320neo, los cuales ser\u00e1n entregados despu\u00e9s de 2023.<\/p>\n\n\n\n<p class=\"p1\">A pesar de estas maniobras, Avianca sigue teniendo una deuda por US$5.000 millones que le ha pesado en esta coyuntura de d\u00f3lar en m\u00e1ximos (en m\u00e1s de $4.000), y de una incertidumbre mundial por el coronavirus que ha restringido los vuelos. Por esto, la acci\u00f3n de la aerol\u00ednea, en la Bolsa de Valores de Colombia (BVC), ha perdido casi 70 % desde comienzos de marzo y se encuentra por debajo de los $500. Una dram\u00e1tica situaci\u00f3n para una acci\u00f3n que entr\u00f3 en 2013 a la BVC con un precio de $5.000, es decir ahora vale una d\u00e9cima parte de su precio inicial.<\/p>\n\n\n\n<p class=\"p1\"><strong>El nuevo de poder en Avianca<\/strong><\/p>\n\n\n\n<p class=\"p1\">En 2019 el poder pol\u00edtico en Avianca sufri\u00f3 grandes cambios. Germ\u00e1n Efomovich, el principal socio de la aerol\u00ednea perdi\u00f3 el derecho pol\u00edtico de sus acciones debido a que incumpli\u00f3 las condiciones de un pr\u00e9stamo de US$475 millones que adquiri\u00f3 con United Airlines, por lo que desde mayo esta reclam\u00f3 el derecho sobre el 51 % de las acciones de Avianca que ten\u00eda Efromovich, y nombr\u00f3 a Kingsland (due\u00f1o del 22 %% de avianca) como el representante de sus intereses.<\/p>\n\n\n\n<p class=\"p1\">De hecho, el 25 de mayo de 2018 Roberto Kriete, el presidente de Kingsland, fue nombrado como presidente de la junta directiva de Avianca. Y en junio de 2019 fue nombrado presidente Anko Van Der Werff como el nuevo presidente de Avianca.<\/p>\n\n\n\n<p class=\"p1\">Fuente: <strong><em><span style=\"text-decoration: underline;\">El Espectador.<\/span><\/em><\/strong><\/p>\n","protected":false},"excerpt":{"rendered":"<p>El Gobierno colombiano abri\u00f3 la puerta a una compra de acciones en la mayor aerol\u00ednea del pa\u00eds, Avianca, la cual est\u00e1 teniendo dificultades para mantenerse a flote ante la pandemia de coronavirus. (Lee tambi\u00e9n: Estudian declarar Estado de Emergencia Econ\u00f3mica II por COVID-19). El Gobierno y la aerol\u00ednea a\u00fan est\u00e1n en conversaciones. Pero este mi\u00e9rcoles [&hellip;]<\/p>\n","protected":false},"author":1,"featured_media":63313,"comment_status":"open","ping_status":"open","sticky":false,"template":"","format":"standard","meta":{"tdm_status":"","tdm_grid_status":"","footnotes":""},"categories":[32,11],"tags":[163,110,413,316],"class_list":{"0":"post-59729","1":"post","2":"type-post","3":"status-publish","4":"format-standard","5":"has-post-thumbnail","7":"category-internacional","8":"category-transporte-aereo","9":"tag-coronavirus","10":"tag-covid-19","11":"tag-gobierno-colombiano","12":"tag-pandemia"},"yoast_head":"<!-- This site is optimized with the Yoast SEO plugin v25.1 - https:\/\/yoast.com\/wordpress\/plugins\/seo\/ -->\n<title>Colombia: Gobierno abre la puerta a una compra de acciones de Avianca<\/title>\n<meta name=\"description\" content=\"El Gobierno colombiano abri\u00f3 la puerta a una compra de acciones en la mayor aerol\u00ednea del pa\u00eds, Avianca, la cual est\u00e1 teniendo dificultades para mantenerse a flote ante la pandemia de coronavirus.\" \/>\n<meta name=\"robots\" content=\"index, follow, max-snippet:-1, max-image-preview:large, max-video-preview:-1\" \/>\n<link rel=\"canonical\" href=\"https:\/\/aeronoticias.com.pe\/noticiero\/transporte-aereo\/internacional\/colombia-gobierno-abre-la-puerta-a-una-compra-de-acciones-de-avianca\/\" \/>\n<meta property=\"og:locale\" content=\"es_ES\" \/>\n<meta property=\"og:type\" content=\"article\" \/>\n<meta property=\"og:title\" content=\"Colombia: Gobierno abre la puerta a una compra de acciones de Avianca\" \/>\n<meta property=\"og:description\" content=\"El Gobierno colombiano abri\u00f3 la puerta a una compra de acciones en la mayor aerol\u00ednea del pa\u00eds, Avianca, la cual est\u00e1 teniendo dificultades para mantenerse a flote ante la pandemia de coronavirus.\" \/>\n<meta property=\"og:url\" content=\"https:\/\/aeronoticias.com.pe\/noticiero\/transporte-aereo\/internacional\/colombia-gobierno-abre-la-puerta-a-una-compra-de-acciones-de-avianca\/\" \/>\n<meta property=\"og:site_name\" content=\"Aeronoticias.com.pe\" \/>\n<meta property=\"article:publisher\" content=\"https:\/\/www.facebook.com\/Aeronoticias.com.pe\/\" \/>\n<meta property=\"article:published_time\" content=\"2020-05-01T03:28:20+00:00\" \/>\n<meta property=\"article:modified_time\" content=\"2020-09-29T00:07:34+00:00\" \/>\n<meta property=\"og:image\" content=\"https:\/\/aeronoticias.com.pe\/noticiero\/wp-content\/uploads\/2020\/05\/Gobierno-colombiano.jpg\" \/>\n\t<meta property=\"og:image:width\" content=\"720\" \/>\n\t<meta property=\"og:image:height\" content=\"405\" \/>\n\t<meta property=\"og:image:type\" content=\"image\/jpeg\" \/>\n<meta name=\"author\" content=\"Redacci\u00f3n Aeronoticias\" \/>\n<meta name=\"twitter:card\" content=\"summary_large_image\" \/>\n<meta name=\"twitter:creator\" content=\"@aeronoticias\" \/>\n<meta name=\"twitter:site\" content=\"@aeronoticias\" \/>\n<meta name=\"twitter:label1\" content=\"Escrito por\" \/>\n\t<meta name=\"twitter:data1\" content=\"Redacci\u00f3n Aeronoticias\" \/>\n\t<meta name=\"twitter:label2\" content=\"Tiempo de lectura\" \/>\n\t<meta name=\"twitter:data2\" content=\"4 minutos\" \/>\n<script type=\"application\/ld+json\" class=\"yoast-schema-graph\">{\"@context\":\"https:\/\/schema.org\",\"@graph\":[{\"@type\":\"WebPage\",\"@id\":\"https:\/\/aeronoticias.com.pe\/noticiero\/transporte-aereo\/internacional\/colombia-gobierno-abre-la-puerta-a-una-compra-de-acciones-de-avianca\/\",\"url\":\"https:\/\/aeronoticias.com.pe\/noticiero\/transporte-aereo\/internacional\/colombia-gobierno-abre-la-puerta-a-una-compra-de-acciones-de-avianca\/\",\"name\":\"Colombia: Gobierno abre la puerta a una compra de acciones de Avianca\",\"isPartOf\":{\"@id\":\"https:\/\/aeronoticias.com.pe\/noticiero\/#website\"},\"primaryImageOfPage\":{\"@id\":\"https:\/\/aeronoticias.com.pe\/noticiero\/transporte-aereo\/internacional\/colombia-gobierno-abre-la-puerta-a-una-compra-de-acciones-de-avianca\/#primaryimage\"},\"image\":{\"@id\":\"https:\/\/aeronoticias.com.pe\/noticiero\/transporte-aereo\/internacional\/colombia-gobierno-abre-la-puerta-a-una-compra-de-acciones-de-avianca\/#primaryimage\"},\"thumbnailUrl\":\"https:\/\/aeronoticias.com.pe\/noticiero\/wp-content\/uploads\/2020\/05\/Gobierno-colombiano.jpg\",\"datePublished\":\"2020-05-01T03:28:20+00:00\",\"dateModified\":\"2020-09-29T00:07:34+00:00\",\"author\":{\"@id\":\"https:\/\/aeronoticias.com.pe\/noticiero\/#\/schema\/person\/fc1e5d578f4b62ba1cf7ac2bba1170a0\"},\"description\":\"El Gobierno colombiano abri\u00f3 la puerta a una compra de acciones en la mayor aerol\u00ednea del pa\u00eds, Avianca, la cual est\u00e1 teniendo dificultades para mantenerse a flote ante la pandemia de coronavirus.\",\"breadcrumb\":{\"@id\":\"https:\/\/aeronoticias.com.pe\/noticiero\/transporte-aereo\/internacional\/colombia-gobierno-abre-la-puerta-a-una-compra-de-acciones-de-avianca\/#breadcrumb\"},\"inLanguage\":\"es\",\"potentialAction\":[{\"@type\":\"ReadAction\",\"target\":[\"https:\/\/aeronoticias.com.pe\/noticiero\/transporte-aereo\/internacional\/colombia-gobierno-abre-la-puerta-a-una-compra-de-acciones-de-avianca\/\"]}]},{\"@type\":\"ImageObject\",\"inLanguage\":\"es\",\"@id\":\"https:\/\/aeronoticias.com.pe\/noticiero\/transporte-aereo\/internacional\/colombia-gobierno-abre-la-puerta-a-una-compra-de-acciones-de-avianca\/#primaryimage\",\"url\":\"https:\/\/aeronoticias.com.pe\/noticiero\/wp-content\/uploads\/2020\/05\/Gobierno-colombiano.jpg\",\"contentUrl\":\"https:\/\/aeronoticias.com.pe\/noticiero\/wp-content\/uploads\/2020\/05\/Gobierno-colombiano.jpg\",\"width\":720,\"height\":405},{\"@type\":\"BreadcrumbList\",\"@id\":\"https:\/\/aeronoticias.com.pe\/noticiero\/transporte-aereo\/internacional\/colombia-gobierno-abre-la-puerta-a-una-compra-de-acciones-de-avianca\/#breadcrumb\",\"itemListElement\":[{\"@type\":\"ListItem\",\"position\":1,\"name\":\"Portada\",\"item\":\"https:\/\/aeronoticias.com.pe\/noticiero\/\"},{\"@type\":\"ListItem\",\"position\":2,\"name\":\"Colombia: Gobierno abre la puerta a una compra de acciones de Avianca\"}]},{\"@type\":\"WebSite\",\"@id\":\"https:\/\/aeronoticias.com.pe\/noticiero\/#website\",\"url\":\"https:\/\/aeronoticias.com.pe\/noticiero\/\",\"name\":\"Aeronoticias.com.pe\",\"description\":\"Noticias de tranporte aereo, turismo, hoteles, gastronomia, actualidad, internacional\",\"potentialAction\":[{\"@type\":\"SearchAction\",\"target\":{\"@type\":\"EntryPoint\",\"urlTemplate\":\"https:\/\/aeronoticias.com.pe\/noticiero\/?s={search_term_string}\"},\"query-input\":{\"@type\":\"PropertyValueSpecification\",\"valueRequired\":true,\"valueName\":\"search_term_string\"}}],\"inLanguage\":\"es\"},{\"@type\":\"Person\",\"@id\":\"https:\/\/aeronoticias.com.pe\/noticiero\/#\/schema\/person\/fc1e5d578f4b62ba1cf7ac2bba1170a0\",\"name\":\"Redacci\u00f3n Aeronoticias\",\"url\":\"https:\/\/aeronoticias.com.pe\/noticiero\/author\/piloto\/\"}]}<\/script>\n<!-- \/ Yoast SEO plugin. -->","yoast_head_json":{"title":"Colombia: Gobierno abre la puerta a una compra de acciones de Avianca","description":"El Gobierno colombiano abri\u00f3 la puerta a una compra de acciones en la mayor aerol\u00ednea del pa\u00eds, Avianca, la cual est\u00e1 teniendo dificultades para mantenerse a flote ante la pandemia de coronavirus.","robots":{"index":"index","follow":"follow","max-snippet":"max-snippet:-1","max-image-preview":"max-image-preview:large","max-video-preview":"max-video-preview:-1"},"canonical":"https:\/\/aeronoticias.com.pe\/noticiero\/transporte-aereo\/internacional\/colombia-gobierno-abre-la-puerta-a-una-compra-de-acciones-de-avianca\/","og_locale":"es_ES","og_type":"article","og_title":"Colombia: Gobierno abre la puerta a una compra de acciones de Avianca","og_description":"El Gobierno colombiano abri\u00f3 la puerta a una compra de acciones en la mayor aerol\u00ednea del pa\u00eds, Avianca, la cual est\u00e1 teniendo dificultades para mantenerse a flote ante la pandemia de coronavirus.","og_url":"https:\/\/aeronoticias.com.pe\/noticiero\/transporte-aereo\/internacional\/colombia-gobierno-abre-la-puerta-a-una-compra-de-acciones-de-avianca\/","og_site_name":"Aeronoticias.com.pe","article_publisher":"https:\/\/www.facebook.com\/Aeronoticias.com.pe\/","article_published_time":"2020-05-01T03:28:20+00:00","article_modified_time":"2020-09-29T00:07:34+00:00","og_image":[{"width":720,"height":405,"url":"https:\/\/aeronoticias.com.pe\/noticiero\/wp-content\/uploads\/2020\/05\/Gobierno-colombiano.jpg","type":"image\/jpeg"}],"author":"Redacci\u00f3n Aeronoticias","twitter_card":"summary_large_image","twitter_creator":"@aeronoticias","twitter_site":"@aeronoticias","twitter_misc":{"Escrito por":"Redacci\u00f3n Aeronoticias","Tiempo de lectura":"4 minutos"},"schema":{"@context":"https:\/\/schema.org","@graph":[{"@type":"WebPage","@id":"https:\/\/aeronoticias.com.pe\/noticiero\/transporte-aereo\/internacional\/colombia-gobierno-abre-la-puerta-a-una-compra-de-acciones-de-avianca\/","url":"https:\/\/aeronoticias.com.pe\/noticiero\/transporte-aereo\/internacional\/colombia-gobierno-abre-la-puerta-a-una-compra-de-acciones-de-avianca\/","name":"Colombia: Gobierno abre la puerta a una compra de acciones de Avianca","isPartOf":{"@id":"https:\/\/aeronoticias.com.pe\/noticiero\/#website"},"primaryImageOfPage":{"@id":"https:\/\/aeronoticias.com.pe\/noticiero\/transporte-aereo\/internacional\/colombia-gobierno-abre-la-puerta-a-una-compra-de-acciones-de-avianca\/#primaryimage"},"image":{"@id":"https:\/\/aeronoticias.com.pe\/noticiero\/transporte-aereo\/internacional\/colombia-gobierno-abre-la-puerta-a-una-compra-de-acciones-de-avianca\/#primaryimage"},"thumbnailUrl":"https:\/\/aeronoticias.com.pe\/noticiero\/wp-content\/uploads\/2020\/05\/Gobierno-colombiano.jpg","datePublished":"2020-05-01T03:28:20+00:00","dateModified":"2020-09-29T00:07:34+00:00","author":{"@id":"https:\/\/aeronoticias.com.pe\/noticiero\/#\/schema\/person\/fc1e5d578f4b62ba1cf7ac2bba1170a0"},"description":"El Gobierno colombiano abri\u00f3 la puerta a una compra de acciones en la mayor aerol\u00ednea del pa\u00eds, Avianca, la cual est\u00e1 teniendo dificultades para mantenerse a flote ante la pandemia de coronavirus.","breadcrumb":{"@id":"https:\/\/aeronoticias.com.pe\/noticiero\/transporte-aereo\/internacional\/colombia-gobierno-abre-la-puerta-a-una-compra-de-acciones-de-avianca\/#breadcrumb"},"inLanguage":"es","potentialAction":[{"@type":"ReadAction","target":["https:\/\/aeronoticias.com.pe\/noticiero\/transporte-aereo\/internacional\/colombia-gobierno-abre-la-puerta-a-una-compra-de-acciones-de-avianca\/"]}]},{"@type":"ImageObject","inLanguage":"es","@id":"https:\/\/aeronoticias.com.pe\/noticiero\/transporte-aereo\/internacional\/colombia-gobierno-abre-la-puerta-a-una-compra-de-acciones-de-avianca\/#primaryimage","url":"https:\/\/aeronoticias.com.pe\/noticiero\/wp-content\/uploads\/2020\/05\/Gobierno-colombiano.jpg","contentUrl":"https:\/\/aeronoticias.com.pe\/noticiero\/wp-content\/uploads\/2020\/05\/Gobierno-colombiano.jpg","width":720,"height":405},{"@type":"BreadcrumbList","@id":"https:\/\/aeronoticias.com.pe\/noticiero\/transporte-aereo\/internacional\/colombia-gobierno-abre-la-puerta-a-una-compra-de-acciones-de-avianca\/#breadcrumb","itemListElement":[{"@type":"ListItem","position":1,"name":"Portada","item":"https:\/\/aeronoticias.com.pe\/noticiero\/"},{"@type":"ListItem","position":2,"name":"Colombia: Gobierno abre la puerta a una compra de acciones de Avianca"}]},{"@type":"WebSite","@id":"https:\/\/aeronoticias.com.pe\/noticiero\/#website","url":"https:\/\/aeronoticias.com.pe\/noticiero\/","name":"Aeronoticias.com.pe","description":"Noticias de tranporte aereo, turismo, hoteles, gastronomia, actualidad, internacional","potentialAction":[{"@type":"SearchAction","target":{"@type":"EntryPoint","urlTemplate":"https:\/\/aeronoticias.com.pe\/noticiero\/?s={search_term_string}"},"query-input":{"@type":"PropertyValueSpecification","valueRequired":true,"valueName":"search_term_string"}}],"inLanguage":"es"},{"@type":"Person","@id":"https:\/\/aeronoticias.com.pe\/noticiero\/#\/schema\/person\/fc1e5d578f4b62ba1cf7ac2bba1170a0","name":"Redacci\u00f3n Aeronoticias","url":"https:\/\/aeronoticias.com.pe\/noticiero\/author\/piloto\/"}]}},"_links":{"self":[{"href":"https:\/\/aeronoticias.com.pe\/noticiero\/wp-json\/wp\/v2\/posts\/59729","targetHints":{"allow":["GET"]}}],"collection":[{"href":"https:\/\/aeronoticias.com.pe\/noticiero\/wp-json\/wp\/v2\/posts"}],"about":[{"href":"https:\/\/aeronoticias.com.pe\/noticiero\/wp-json\/wp\/v2\/types\/post"}],"author":[{"embeddable":true,"href":"https:\/\/aeronoticias.com.pe\/noticiero\/wp-json\/wp\/v2\/users\/1"}],"replies":[{"embeddable":true,"href":"https:\/\/aeronoticias.com.pe\/noticiero\/wp-json\/wp\/v2\/comments?post=59729"}],"version-history":[{"count":0,"href":"https:\/\/aeronoticias.com.pe\/noticiero\/wp-json\/wp\/v2\/posts\/59729\/revisions"}],"wp:featuredmedia":[{"embeddable":true,"href":"https:\/\/aeronoticias.com.pe\/noticiero\/wp-json\/wp\/v2\/media\/63313"}],"wp:attachment":[{"href":"https:\/\/aeronoticias.com.pe\/noticiero\/wp-json\/wp\/v2\/media?parent=59729"}],"wp:term":[{"taxonomy":"category","embeddable":true,"href":"https:\/\/aeronoticias.com.pe\/noticiero\/wp-json\/wp\/v2\/categories?post=59729"},{"taxonomy":"post_tag","embeddable":true,"href":"https:\/\/aeronoticias.com.pe\/noticiero\/wp-json\/wp\/v2\/tags?post=59729"}],"curies":[{"name":"wp","href":"https:\/\/api.w.org\/{rel}","templated":true}]}}