{"id":59731,"date":"2020-05-01T03:44:05","date_gmt":"2020-05-01T03:44:05","guid":{"rendered":"http:\/\/desarrollo.mcvicious.com\/aero2020\/2020\/05\/01\/american-airlines-registra-perdidas-de-2241-millones-en-el-primer-trimestre-por-covid-19\/"},"modified":"2020-05-01T03:44:05","modified_gmt":"2020-05-01T03:44:05","slug":"american-airlines-registra-perdidas-de-2241-millones-en-el-primer-trimestre-por-covid-19","status":"publish","type":"post","link":"https:\/\/aeronoticias.com.pe\/noticiero\/economia\/american-airlines-registra-perdidas-de-2241-millones-en-el-primer-trimestre-por-covid-19\/","title":{"rendered":"American Airlines registra p\u00e9rdidas de 2.241 millones en el primer trimestre por COVID-19"},"content":{"rendered":"<p style=\"text-align: justify;\"><strong>(Aeronoticias)<\/strong>.-\u00a0<span style=\"color: #454545; font-family: Helvetica; font-size: 12px;\">La compa\u00f1\u00eda a\u00e9rea American Airlines arranc\u00f3 2020 con unas p\u00e9rdidas netas de 2.241 millones de d\u00f3lares en el primer trimestre, frente a las ganancias de 185 millones que obtuvo los tres primeros meses del pasado a\u00f1o, como consecuencia de la ca\u00edda en los desplazamientos y las medidas de confinamiento por la crisis del COVID-19.<\/span><\/p>\n<p class=\"p1\" style=\"margin: 0px; font-variant-numeric: normal; font-variant-east-asian: normal; font-stretch: normal; font-size: 12px; line-height: normal; font-family: Helvetica; color: #454545; text-align: justify;\">La aerol\u00ednea, con sede en Texas (EEUU), registr\u00f3 una p\u00e9rdida neta por acci\u00f3n de 5.26 d\u00f3lares, frente a las ganancias de 0.41 d\u00f3lares que report\u00f3 durante los tres primeros meses de 2019.<\/p>\n<p class=\"p1\" style=\"margin: 0px; font-variant-numeric: normal; font-variant-east-asian: normal; font-stretch: normal; font-size: 12px; line-height: normal; font-family: Helvetica; color: #454545; text-align: justify;\">Se trata de los peores resultados que ha registrado la aerol\u00ednea desde la crisis financiera de 2008 y est\u00e1n causados principalmente por la ca\u00edda del 95% en sus operaciones desde que se impusieron las restricciones a los viajes para contener el virus.<\/p>\n<p class=\"p1\" style=\"margin: 0px; font-variant-numeric: normal; font-variant-east-asian: normal; font-stretch: normal; font-size: 12px; line-height: normal; font-family: Helvetica; color: #454545; text-align: justify;\">\u00a0<\/p>\n<p class=\"p1\" style=\"margin: 0px; font-variant-numeric: normal; font-variant-east-asian: normal; font-stretch: normal; font-size: 12px; line-height: normal; font-family: Helvetica; color: #454545; text-align: justify;\">Los analistas calculan que durante el segundo trimestre del a\u00f1o la aerol\u00ednea perder\u00e1 70 millones de d\u00f3lares cada d\u00eda por culpa de la pandemia.<\/p>\n<p class=\"p1\" style=\"margin: 0px; font-variant-numeric: normal; font-variant-east-asian: normal; font-stretch: normal; font-size: 12px; line-height: normal; font-family: Helvetica; color: #454545; text-align: justify;\">\u00a0<\/p>\n<p class=\"p1\" style=\"margin: 0px; font-variant-numeric: normal; font-variant-east-asian: normal; font-stretch: normal; font-size: 12px; line-height: normal; font-family: Helvetica; color: #454545; text-align: justify;\">En cuanto a la facturaci\u00f3n, American Airlines ingres\u00f3 8.515 millones de d\u00f3lares en el primer trimestre de este a\u00f1o, una disminuci\u00f3n del 19.5% con respecto al ejercicio anterior, cuando logr\u00f3 una facturaci\u00f3n 10.584 millones.<\/p>\n<p class=\"p1\" style=\"margin: 0px; font-variant-numeric: normal; font-variant-east-asian: normal; font-stretch: normal; font-size: 12px; line-height: normal; font-family: Helvetica; color: #454545; text-align: justify;\">\u00a0<\/p>\n<p class=\"p1\" style=\"margin: 0px; font-variant-numeric: normal; font-variant-east-asian: normal; font-stretch: normal; font-size: 12px; line-height: normal; font-family: Helvetica; color: #454545; text-align: justify;\">En cuanto a los gastos operativos, registraron una subida y pasaron de 10.209 millones entre enero y marzo del pasado a\u00f1o a los 11.064 millones en los tres primeros meses de 2020, lo que supone un incremento del 8.4%.<\/p>\n<p class=\"p3\" style=\"margin: 0px; font-variant-numeric: normal; font-variant-east-asian: normal; font-stretch: normal; font-size: 12px; line-height: normal; font-family: Helvetica; color: #454545; min-height: 14px; text-align: justify;\">\u00a0<\/p>\n<p class=\"p1\" style=\"margin: 0px; font-variant-numeric: normal; font-variant-east-asian: normal; font-stretch: normal; font-size: 12px; line-height: normal; font-family: Helvetica; color: #454545; text-align: justify;\">Hasta final del a\u00f1o pasado, antes del brote de coronavirus, la compa\u00f1\u00eda daba trabajo a unas 133.000 personas. Sin embargo, la pandemia les ha obligado a congelar las contrataciones y cerca de 39.000 empleados han aceptado voluntariamente el cese de sus n\u00f3minas o bajas incentivadas.<\/p>\n<p class=\"p1\" style=\"margin: 0px; font-variant-numeric: normal; font-variant-east-asian: normal; font-stretch: normal; font-size: 12px; line-height: normal; font-family: Helvetica; color: #454545; text-align: justify;\">\u00a0<\/p>\n<p class=\"p1\" style=\"margin: 0px; font-variant-numeric: normal; font-variant-east-asian: normal; font-stretch: normal; font-size: 12px; line-height: normal; font-family: Helvetica; color: #454545; text-align: justify;\">En un comunicado, el presidente y primer ejecutivo de la aerol\u00ednea, Doug Parker, declar\u00f3 que la empresa nunca se hab\u00eda tenido que enfrentar a un \u201cdesaf\u00edo tan significativo\u201d.<\/p>\n<p class=\"p1\" style=\"margin: 0px; font-variant-numeric: normal; font-variant-east-asian: normal; font-stretch: normal; font-size: 12px; line-height: normal; font-family: Helvetica; color: #454545; text-align: justify;\">\u00a0<\/p>\n<p class=\"p1\" style=\"margin: 0px; font-variant-numeric: normal; font-variant-east-asian: normal; font-stretch: normal; font-size: 12px; line-height: normal; font-family: Helvetica; color: #454545; text-align: justify;\">\u201cNos hemos movido r\u00e1pida y agresivamente para reducir nuestros costos y reforzar nuestra liquidez\u201d, dijo Parker, que agradeci\u00f3 la asistencia financiera de 5.800 millones de d\u00f3lares que recibir\u00e1 American Airlines a trav\u00e9s de los programas de ayudas aprobados en Washington por dem\u00f3cratas y republicanos y que a su juicio ayudar\u00e1n a que el sector contin\u00fae siendo fuerte cuando pase la crisis.<\/p>\n<p class=\"p1\" style=\"margin: 0px; font-variant-numeric: normal; font-variant-east-asian: normal; font-stretch: normal; font-size: 12px; line-height: normal; font-family: Helvetica; color: #454545; text-align: justify;\">\u201cTenemos mucho trabajo dif\u00edcil por delante.<\/p>\n<p class=\"p1\" style=\"margin: 0px; font-variant-numeric: normal; font-variant-east-asian: normal; font-stretch: normal; font-size: 12px; line-height: normal; font-family: Helvetica; color: #454545; text-align: justify;\">\u00a0<\/p>\n<p class=\"p1\" style=\"margin: 0px; font-variant-numeric: normal; font-variant-east-asian: normal; font-stretch: normal; font-size: 12px; line-height: normal; font-family: Helvetica; color: #454545; text-align: justify;\">Y aunque todav\u00eda hay incertidumbre sobre lo que est\u00e1 por venir, confiamos en que a trav\u00e9s de la dedicaci\u00f3n del equipo de American Airlines y nuestras acciones r\u00e1pidas superaremos esto con nuestro equipo, nuestros clientes y nuestros accionistas\u201d, concluy\u00f3 Parker.<\/p>\n<p class=\"p1\" style=\"margin: 0px; font-variant-numeric: normal; font-variant-east-asian: normal; font-stretch: normal; font-size: 12px; line-height: normal; font-family: Helvetica; color: #454545; text-align: justify;\">\u00a0<\/p>\n<p class=\"p1\" style=\"margin: 0px; font-variant-numeric: normal; font-variant-east-asian: normal; font-stretch: normal; font-size: 12px; line-height: normal; font-family: Helvetica; color: #454545; text-align: justify;\">Los resultados de la aerol\u00ednea decepcionaron a los inversores en Wall Street y en las operaciones electr\u00f3nicas previas al inicio de la sesi\u00f3n los t\u00edtulos de American Airlines ca\u00edan un 5 %. En lo que va de a\u00f1o las acciones de la aerol\u00ednea han perdido cerca de un 56 % de su valor.<\/p>\n<p class=\"p1\" style=\"margin: 0px; font-variant-numeric: normal; font-variant-east-asian: normal; font-stretch: normal; font-size: 12px; line-height: normal; font-family: Helvetica; color: #454545; text-align: justify;\">\u00a0<\/p>\n<p class=\"p1\" style=\"margin: 0px; font-variant-numeric: normal; font-variant-east-asian: normal; font-stretch: normal; font-size: 12px; line-height: normal; font-family: Helvetica; color: #454545; text-align: justify;\">Fuente: <span style=\"text-decoration: underline;\"><em><strong>EFE<\/strong><\/em><\/span>.<\/p>\n<p class=\"p1\" style=\"margin: 0px; font-variant-numeric: normal; font-variant-east-asian: normal; font-stretch: normal; font-size: 12px; line-height: normal; font-family: Helvetica; color: #454545; text-align: justify;\">\u00a0<\/p>\n<p class=\"p1\" style=\"margin: 0px; font-variant-numeric: normal; font-variant-east-asian: normal; font-stretch: normal; font-size: 12px; line-height: normal; font-family: Helvetica; color: #454545; text-align: justify;\"><img decoding=\"async\" src=\"images\/stories\/americanairlines02.jpg\" border=\"0\" \/><\/p>\n","protected":false},"excerpt":{"rendered":"<p>(Aeronoticias).-\u00a0La compa\u00f1\u00eda a\u00e9rea American Airlines arranc\u00f3 2020 con unas p\u00e9rdidas netas de 2.241 millones de d\u00f3lares en el primer trimestre, frente a las ganancias de 185 millones que obtuvo los tres primeros meses del pasado a\u00f1o, como consecuencia de la ca\u00edda en los desplazamientos y las medidas de confinamiento por la crisis del COVID-19. La [&hellip;]<\/p>\n","protected":false},"author":1,"featured_media":0,"comment_status":"open","ping_status":"open","sticky":false,"template":"","format":"standard","meta":{"tdm_status":"","tdm_grid_status":"","footnotes":""},"categories":[33],"tags":[],"class_list":{"0":"post-59731","1":"post","2":"type-post","3":"status-publish","4":"format-standard","6":"category-economia"},"yoast_head":"<!-- This site is optimized with the Yoast SEO plugin v25.1 - https:\/\/yoast.com\/wordpress\/plugins\/seo\/ -->\n<title>American Airlines registra p\u00e9rdidas de 2.241 millones en el primer trimestre por COVID-19<\/title>\n<meta name=\"description\" content=\"Portal de noticias del Per\u00fa sobre el transporte a\u00e9reo, aviaci\u00f3n, turismo, hoteleria, actualidad.\" \/>\n<meta name=\"robots\" content=\"index, follow, max-snippet:-1, max-image-preview:large, max-video-preview:-1\" \/>\n<link rel=\"canonical\" href=\"https:\/\/aeronoticias.com.pe\/noticiero\/economia\/american-airlines-registra-perdidas-de-2241-millones-en-el-primer-trimestre-por-covid-19\/\" \/>\n<meta property=\"og:locale\" content=\"es_ES\" \/>\n<meta property=\"og:type\" content=\"article\" \/>\n<meta property=\"og:title\" content=\"American Airlines registra p\u00e9rdidas de 2.241 millones en el primer trimestre por COVID-19\" \/>\n<meta property=\"og:description\" content=\"Portal de noticias del Per\u00fa sobre el transporte a\u00e9reo, aviaci\u00f3n, turismo, hoteleria, actualidad.\" \/>\n<meta property=\"og:url\" content=\"https:\/\/aeronoticias.com.pe\/noticiero\/economia\/american-airlines-registra-perdidas-de-2241-millones-en-el-primer-trimestre-por-covid-19\/\" \/>\n<meta property=\"og:site_name\" content=\"Aeronoticias.com.pe\" \/>\n<meta property=\"article:publisher\" content=\"https:\/\/www.facebook.com\/Aeronoticias.com.pe\/\" \/>\n<meta property=\"article:published_time\" content=\"2020-05-01T03:44:05+00:00\" \/>\n<meta name=\"author\" content=\"Redacci\u00f3n Aeronoticias\" \/>\n<meta name=\"twitter:card\" content=\"summary_large_image\" \/>\n<meta name=\"twitter:creator\" content=\"@aeronoticias\" \/>\n<meta name=\"twitter:site\" content=\"@aeronoticias\" \/>\n<meta name=\"twitter:label1\" content=\"Escrito por\" \/>\n\t<meta name=\"twitter:data1\" content=\"Redacci\u00f3n Aeronoticias\" \/>\n\t<meta name=\"twitter:label2\" content=\"Tiempo de lectura\" \/>\n\t<meta name=\"twitter:data2\" content=\"2 minutos\" \/>\n<script type=\"application\/ld+json\" class=\"yoast-schema-graph\">{\"@context\":\"https:\/\/schema.org\",\"@graph\":[{\"@type\":\"WebPage\",\"@id\":\"https:\/\/aeronoticias.com.pe\/noticiero\/economia\/american-airlines-registra-perdidas-de-2241-millones-en-el-primer-trimestre-por-covid-19\/\",\"url\":\"https:\/\/aeronoticias.com.pe\/noticiero\/economia\/american-airlines-registra-perdidas-de-2241-millones-en-el-primer-trimestre-por-covid-19\/\",\"name\":\"American Airlines registra p\u00e9rdidas de 2.241 millones en el primer trimestre por COVID-19\",\"isPartOf\":{\"@id\":\"https:\/\/aeronoticias.com.pe\/noticiero\/#website\"},\"datePublished\":\"2020-05-01T03:44:05+00:00\",\"author\":{\"@id\":\"https:\/\/aeronoticias.com.pe\/noticiero\/#\/schema\/person\/fc1e5d578f4b62ba1cf7ac2bba1170a0\"},\"description\":\"Portal de noticias del Per\u00fa sobre el transporte a\u00e9reo, aviaci\u00f3n, turismo, hoteleria, actualidad.\",\"breadcrumb\":{\"@id\":\"https:\/\/aeronoticias.com.pe\/noticiero\/economia\/american-airlines-registra-perdidas-de-2241-millones-en-el-primer-trimestre-por-covid-19\/#breadcrumb\"},\"inLanguage\":\"es\",\"potentialAction\":[{\"@type\":\"ReadAction\",\"target\":[\"https:\/\/aeronoticias.com.pe\/noticiero\/economia\/american-airlines-registra-perdidas-de-2241-millones-en-el-primer-trimestre-por-covid-19\/\"]}]},{\"@type\":\"BreadcrumbList\",\"@id\":\"https:\/\/aeronoticias.com.pe\/noticiero\/economia\/american-airlines-registra-perdidas-de-2241-millones-en-el-primer-trimestre-por-covid-19\/#breadcrumb\",\"itemListElement\":[{\"@type\":\"ListItem\",\"position\":1,\"name\":\"Portada\",\"item\":\"https:\/\/aeronoticias.com.pe\/noticiero\/\"},{\"@type\":\"ListItem\",\"position\":2,\"name\":\"American Airlines registra p\u00e9rdidas de 2.241 millones en el primer trimestre por COVID-19\"}]},{\"@type\":\"WebSite\",\"@id\":\"https:\/\/aeronoticias.com.pe\/noticiero\/#website\",\"url\":\"https:\/\/aeronoticias.com.pe\/noticiero\/\",\"name\":\"Aeronoticias.com.pe\",\"description\":\"Noticias de tranporte aereo, turismo, hoteles, gastronomia, actualidad, internacional\",\"potentialAction\":[{\"@type\":\"SearchAction\",\"target\":{\"@type\":\"EntryPoint\",\"urlTemplate\":\"https:\/\/aeronoticias.com.pe\/noticiero\/?s={search_term_string}\"},\"query-input\":{\"@type\":\"PropertyValueSpecification\",\"valueRequired\":true,\"valueName\":\"search_term_string\"}}],\"inLanguage\":\"es\"},{\"@type\":\"Person\",\"@id\":\"https:\/\/aeronoticias.com.pe\/noticiero\/#\/schema\/person\/fc1e5d578f4b62ba1cf7ac2bba1170a0\",\"name\":\"Redacci\u00f3n Aeronoticias\",\"url\":\"https:\/\/aeronoticias.com.pe\/noticiero\/author\/piloto\/\"}]}<\/script>\n<!-- \/ Yoast SEO plugin. -->","yoast_head_json":{"title":"American Airlines registra p\u00e9rdidas de 2.241 millones en el primer trimestre por COVID-19","description":"Portal de noticias del Per\u00fa sobre el transporte a\u00e9reo, aviaci\u00f3n, turismo, hoteleria, actualidad.","robots":{"index":"index","follow":"follow","max-snippet":"max-snippet:-1","max-image-preview":"max-image-preview:large","max-video-preview":"max-video-preview:-1"},"canonical":"https:\/\/aeronoticias.com.pe\/noticiero\/economia\/american-airlines-registra-perdidas-de-2241-millones-en-el-primer-trimestre-por-covid-19\/","og_locale":"es_ES","og_type":"article","og_title":"American Airlines registra p\u00e9rdidas de 2.241 millones en el primer trimestre por COVID-19","og_description":"Portal de noticias del Per\u00fa sobre el transporte a\u00e9reo, aviaci\u00f3n, turismo, hoteleria, actualidad.","og_url":"https:\/\/aeronoticias.com.pe\/noticiero\/economia\/american-airlines-registra-perdidas-de-2241-millones-en-el-primer-trimestre-por-covid-19\/","og_site_name":"Aeronoticias.com.pe","article_publisher":"https:\/\/www.facebook.com\/Aeronoticias.com.pe\/","article_published_time":"2020-05-01T03:44:05+00:00","author":"Redacci\u00f3n Aeronoticias","twitter_card":"summary_large_image","twitter_creator":"@aeronoticias","twitter_site":"@aeronoticias","twitter_misc":{"Escrito por":"Redacci\u00f3n Aeronoticias","Tiempo de lectura":"2 minutos"},"schema":{"@context":"https:\/\/schema.org","@graph":[{"@type":"WebPage","@id":"https:\/\/aeronoticias.com.pe\/noticiero\/economia\/american-airlines-registra-perdidas-de-2241-millones-en-el-primer-trimestre-por-covid-19\/","url":"https:\/\/aeronoticias.com.pe\/noticiero\/economia\/american-airlines-registra-perdidas-de-2241-millones-en-el-primer-trimestre-por-covid-19\/","name":"American Airlines registra p\u00e9rdidas de 2.241 millones en el primer trimestre por COVID-19","isPartOf":{"@id":"https:\/\/aeronoticias.com.pe\/noticiero\/#website"},"datePublished":"2020-05-01T03:44:05+00:00","author":{"@id":"https:\/\/aeronoticias.com.pe\/noticiero\/#\/schema\/person\/fc1e5d578f4b62ba1cf7ac2bba1170a0"},"description":"Portal de noticias del Per\u00fa sobre el transporte a\u00e9reo, aviaci\u00f3n, turismo, hoteleria, actualidad.","breadcrumb":{"@id":"https:\/\/aeronoticias.com.pe\/noticiero\/economia\/american-airlines-registra-perdidas-de-2241-millones-en-el-primer-trimestre-por-covid-19\/#breadcrumb"},"inLanguage":"es","potentialAction":[{"@type":"ReadAction","target":["https:\/\/aeronoticias.com.pe\/noticiero\/economia\/american-airlines-registra-perdidas-de-2241-millones-en-el-primer-trimestre-por-covid-19\/"]}]},{"@type":"BreadcrumbList","@id":"https:\/\/aeronoticias.com.pe\/noticiero\/economia\/american-airlines-registra-perdidas-de-2241-millones-en-el-primer-trimestre-por-covid-19\/#breadcrumb","itemListElement":[{"@type":"ListItem","position":1,"name":"Portada","item":"https:\/\/aeronoticias.com.pe\/noticiero\/"},{"@type":"ListItem","position":2,"name":"American Airlines registra p\u00e9rdidas de 2.241 millones en el primer trimestre por COVID-19"}]},{"@type":"WebSite","@id":"https:\/\/aeronoticias.com.pe\/noticiero\/#website","url":"https:\/\/aeronoticias.com.pe\/noticiero\/","name":"Aeronoticias.com.pe","description":"Noticias de tranporte aereo, turismo, hoteles, gastronomia, actualidad, internacional","potentialAction":[{"@type":"SearchAction","target":{"@type":"EntryPoint","urlTemplate":"https:\/\/aeronoticias.com.pe\/noticiero\/?s={search_term_string}"},"query-input":{"@type":"PropertyValueSpecification","valueRequired":true,"valueName":"search_term_string"}}],"inLanguage":"es"},{"@type":"Person","@id":"https:\/\/aeronoticias.com.pe\/noticiero\/#\/schema\/person\/fc1e5d578f4b62ba1cf7ac2bba1170a0","name":"Redacci\u00f3n Aeronoticias","url":"https:\/\/aeronoticias.com.pe\/noticiero\/author\/piloto\/"}]}},"_links":{"self":[{"href":"https:\/\/aeronoticias.com.pe\/noticiero\/wp-json\/wp\/v2\/posts\/59731","targetHints":{"allow":["GET"]}}],"collection":[{"href":"https:\/\/aeronoticias.com.pe\/noticiero\/wp-json\/wp\/v2\/posts"}],"about":[{"href":"https:\/\/aeronoticias.com.pe\/noticiero\/wp-json\/wp\/v2\/types\/post"}],"author":[{"embeddable":true,"href":"https:\/\/aeronoticias.com.pe\/noticiero\/wp-json\/wp\/v2\/users\/1"}],"replies":[{"embeddable":true,"href":"https:\/\/aeronoticias.com.pe\/noticiero\/wp-json\/wp\/v2\/comments?post=59731"}],"version-history":[{"count":0,"href":"https:\/\/aeronoticias.com.pe\/noticiero\/wp-json\/wp\/v2\/posts\/59731\/revisions"}],"wp:attachment":[{"href":"https:\/\/aeronoticias.com.pe\/noticiero\/wp-json\/wp\/v2\/media?parent=59731"}],"wp:term":[{"taxonomy":"category","embeddable":true,"href":"https:\/\/aeronoticias.com.pe\/noticiero\/wp-json\/wp\/v2\/categories?post=59731"},{"taxonomy":"post_tag","embeddable":true,"href":"https:\/\/aeronoticias.com.pe\/noticiero\/wp-json\/wp\/v2\/tags?post=59731"}],"curies":[{"name":"wp","href":"https:\/\/api.w.org\/{rel}","templated":true}]}}