{"id":59732,"date":"2020-05-01T03:51:19","date_gmt":"2020-05-01T03:51:19","guid":{"rendered":"http:\/\/desarrollo.mcvicious.com\/aero2020\/2020\/05\/01\/aerolineas-low-cost-desmienten-al-gobierno-argentino-denuncian-que-no-les-advirtieron-sobre-suspension-de-vuelos\/"},"modified":"2020-09-29T00:06:31","modified_gmt":"2020-09-29T00:06:31","slug":"aerolineas-low-cost-desmienten-al-gobierno-argentino-denuncian-que-no-les-advirtieron-sobre-suspension-de-vuelos","status":"publish","type":"post","link":"https:\/\/aeronoticias.com.pe\/noticiero\/transporte-aereo\/internacional\/aerolineas-low-cost-desmienten-al-gobierno-argentino-denuncian-que-no-les-advirtieron-sobre-suspension-de-vuelos\/","title":{"rendered":"Aerol\u00edneas low cost desmienten al gobierno argentino: denuncian que no les advirtieron sobre suspensi\u00f3n de vuelos"},"content":{"rendered":"\n<p>Las dos aerol\u00edneas de bajo costo de Argentina desmintieron al Gobierno, que dijo que la implementaci\u00f3n de una de las prohibiciones de viaje m\u00e1s duras del mundo durante la pandemia del coronavirus se hab\u00eda discutido previamente con la industria.<\/p>\n\n\n\n<p class=\"p1\">A principios de esta semana, Argentina prohibi\u00f3 todos los vuelos comerciales y la venta de boletos hasta el 1 de septiembre.<\/p>\n\n\n\n<p class=\"p1\">JetSMART y Flybondi, que compiten con la aerol\u00ednea m\u00e1s grande del pa\u00eds, Aerol\u00edneas Argentinas -propiedad del Estado y que es subsidiada por los contribuyentes-, dijeron que estaban sorprendidas y acusaron al Gobierno de ignorar las preocupaciones del sector.<\/p>\n\n\n\n<p class=\"p1\">\u201cNo ten\u00edamos conocimiento de que exist\u00eda alguna discusi\u00f3n, mucho menos una decisi\u00f3n, sobre esta medida que se est\u00e1 aplicando\u201d, dijo a Reuters Estuardo Ort\u00edz, presidente ejecutivo de JetSMART, que comenz\u00f3 a operar en Argentina recientemente. \u201cAtenta contra la sostenibilidad de la aviaci\u00f3n privada en el pa\u00eds\u201d.<\/p>\n\n\n\n<p class=\"p1\">Esteban Tossutti, presidente de Flybondi, dijo por su parte que la decisi\u00f3n tambi\u00e9n lo tom\u00f3 por sorpresa y que el Gobierno argentino no les ha explicado desde entonces por qu\u00e9 tomaron una medida tan dr\u00e1stica.<\/p>\n\n\n\n<p class=\"p1\">\u201cNadie tiene esa respuesta de por qu\u00e9 eligieron esa fecha del 1 de setiembre\u201d, dijo Tossutti.<\/p>\n\n\n\n<p class=\"p1\">El ejecutivo inform\u00f3 que las aerol\u00edneas de Argentina mantuvieron una reuni\u00f3n con el Gobierno hace menos de dos semanas, que describi\u00f3 como improductiva, pero agreg\u00f3 que no se dieron indicios de que se avecinaba una extensi\u00f3n de la prohibici\u00f3n de viajes, que originalmente reg\u00eda hasta mayo.<\/p>\n\n\n\n<p class=\"p1\">Como la mayor\u00eda de las aerol\u00edneas de todo el mundo, Flybondi y JetSMART est\u00e1n buscando el apoyo del Gobierno para capear la crisis.<\/p>\n\n\n\n<p class=\"p1\">El Gobierno del presidente argentino de centroizquierda, Alberto Fern\u00e1ndez, ha insistido en que se consult\u00f3 a la industria antes de implementar la prohibici\u00f3n.<\/p>\n\n\n\n<p class=\"p1\">Un portavoz presidencial dijo el lunes que la decisi\u00f3n fue tomada en base a \u201cun consenso entre el Gobierno y las aerol\u00edneas del sector\u201d y que la fecha del 1 de septiembre fue acordada con las compa\u00f1\u00edas. \u201cEsta decisi\u00f3n no fue unilateral\u201d, se\u00f1al\u00f3.<\/p>\n\n\n\n<p class=\"p1\">El martes, el portavoz no quiso responder a los comentarios de JetSMART y Flybondi.<\/p>\n\n\n\n<p class=\"p1\">\u201cA menos que el Gobierno de Argentina sepa algo que nosotros no, porque ning\u00fan pa\u00eds ha tomado esa medida, me parece que es excesiva\u201d, Carlos Ozores, consultor de aviaci\u00f3n de la consultora ICF. \u201cNo entiendo cu\u00e1l es su motivaci\u00f3n\u201d, agreg\u00f3.<\/p>\n\n\n\n<p class=\"p1\">LATAM Airlines Group, que tambi\u00e9n opera vuelos dom\u00e9sticos en Argentina entre otros pa\u00edses, declin\u00f3 referirse a la situaci\u00f3n. Aerol\u00edneas Argentinas no respondi\u00f3 a una solicitud de comentarios.<\/p>\n\n\n\n<p class=\"p1\"><strong>Empresas en peligro<\/strong><\/p>\n\n\n\n<p class=\"p1\">La participaci\u00f3n de mercado de la aerol\u00ednea de bandera se ha visto desafiada en los \u00faltimos a\u00f1os por las agresivas estrategias de precios de jugadores como Flybondi, que llegaron al mercado apoyados en las pol\u00edticas de la anterior gesti\u00f3n de centroderecha liderada por Mauricio Macri.<\/p>\n\n\n\n<p class=\"p1\">Argentina ha sido una de las pocas historias de \u00e9xito de las empresas de ultra bajo costo en Am\u00e9rica Latina. Pa\u00edses como Brasil han sido abiertos al decir que les gustar\u00eda emular ese tipo de competencia en su territorio.<\/p>\n\n\n\n<p class=\"p1\">Sin embargo, establecer aerol\u00edneas privadas para desafiar a Aerol\u00edneas Argentinas ha sido arriesgado, incluso en tiempos normales.<\/p>\n\n\n\n<p class=\"p1\">Avianca Argentina, filial de la aerol\u00ednea colombiana Avianca, cerr\u00f3 sus negocios menos de dos a\u00f1os despu\u00e9s del lanzamiento.<\/p>\n\n\n\n<p class=\"p1\">Norwegian Air Shuttle termin\u00f3 vendiendo su filial a JetSMART tras solo un a\u00f1o de su lanzamiento. Si bien Flybondi y JetSMART no han despedido a los trabajadores durante la actual prohibici\u00f3n de vuelo, impuesta para evitar la expansi\u00f3n del coronavirus en el pa\u00eds, los salarios se vieron afectados porque parte de los mismos se componen por las horas de vuelo.<\/p>\n\n\n\n<p class=\"p1\">A ra\u00edz de la situaci\u00f3n actual, JetSMART puso en duda los planes que ten\u00eda para el pa\u00eds, que inclu\u00edan el aumento de rutas nacionales y regionales y el env\u00edo de dos nuevos aviones.<\/p>\n\n\n\n<p class=\"p1\">\u201cLas low cost necesitan vender con tres meses de anticipaci\u00f3n\u201d, dijo Tossutti, de Flybondi. \u201cAhora te dicen no solo que no puedes volar, sino que no puedes vender.\u201d<\/p>\n\n\n\n<p class=\"p1\">Fuente: <span style=\"text-decoration: underline;\"><em><strong>Reuters<\/strong><\/em><\/span>.<\/p>\n","protected":false},"excerpt":{"rendered":"<p>Las dos aerol\u00edneas de bajo costo de Argentina desmintieron al Gobierno, que dijo que la implementaci\u00f3n de una de las prohibiciones de viaje m\u00e1s duras del mundo durante la pandemia del coronavirus se hab\u00eda discutido previamente con la industria. A principios de esta semana, Argentina prohibi\u00f3 todos los vuelos comerciales y la venta de boletos [&hellip;]<\/p>\n","protected":false},"author":1,"featured_media":63312,"comment_status":"open","ping_status":"open","sticky":false,"template":"","format":"standard","meta":{"tdm_status":"","tdm_grid_status":"","footnotes":""},"categories":[32,11],"tags":[412,91],"class_list":{"0":"post-59732","1":"post","2":"type-post","3":"status-publish","4":"format-standard","5":"has-post-thumbnail","7":"category-internacional","8":"category-transporte-aereo","9":"tag-aerolineas-low-cost","10":"tag-low-cost"},"yoast_head":"<!-- This site is optimized with the Yoast SEO plugin v25.1 - https:\/\/yoast.com\/wordpress\/plugins\/seo\/ -->\n<title>Aerol\u00edneas low cost desmienten al gobierno argentino: denuncian que no les advirtieron sobre suspensi\u00f3n de vuelos<\/title>\n<meta name=\"description\" content=\"Las dos aerol\u00edneas de bajo costo de Argentina desmintieron al Gobierno, que dijo que la implementaci\u00f3n de una de las prohibiciones de viaje m\u00e1s duras del mundo durante la pandemia del coronavirus se hab\u00eda discutido previamente con la industria.\" \/>\n<meta name=\"robots\" content=\"index, follow, max-snippet:-1, max-image-preview:large, max-video-preview:-1\" \/>\n<link rel=\"canonical\" href=\"https:\/\/aeronoticias.com.pe\/noticiero\/transporte-aereo\/internacional\/aerolineas-low-cost-desmienten-al-gobierno-argentino-denuncian-que-no-les-advirtieron-sobre-suspension-de-vuelos\/\" \/>\n<meta property=\"og:locale\" content=\"es_ES\" \/>\n<meta property=\"og:type\" content=\"article\" \/>\n<meta property=\"og:title\" content=\"Aerol\u00edneas low cost desmienten al gobierno argentino: denuncian que no les advirtieron sobre suspensi\u00f3n de vuelos\" \/>\n<meta property=\"og:description\" content=\"Las dos aerol\u00edneas de bajo costo de Argentina desmintieron al Gobierno, que dijo que la implementaci\u00f3n de una de las prohibiciones de viaje m\u00e1s duras del mundo durante la pandemia del coronavirus se hab\u00eda discutido previamente con la industria.\" \/>\n<meta property=\"og:url\" content=\"https:\/\/aeronoticias.com.pe\/noticiero\/transporte-aereo\/internacional\/aerolineas-low-cost-desmienten-al-gobierno-argentino-denuncian-que-no-les-advirtieron-sobre-suspension-de-vuelos\/\" \/>\n<meta property=\"og:site_name\" content=\"Aeronoticias.com.pe\" \/>\n<meta property=\"article:publisher\" content=\"https:\/\/www.facebook.com\/Aeronoticias.com.pe\/\" \/>\n<meta property=\"article:published_time\" content=\"2020-05-01T03:51:19+00:00\" \/>\n<meta property=\"article:modified_time\" content=\"2020-09-29T00:06:31+00:00\" \/>\n<meta property=\"og:image\" content=\"https:\/\/aeronoticias.com.pe\/noticiero\/wp-content\/uploads\/2020\/05\/Aerol\u00edneas-low-cost.jpeg\" \/>\n\t<meta property=\"og:image:width\" content=\"1187\" \/>\n\t<meta property=\"og:image:height\" content=\"791\" \/>\n\t<meta property=\"og:image:type\" content=\"image\/jpeg\" \/>\n<meta name=\"author\" content=\"Redacci\u00f3n Aeronoticias\" \/>\n<meta name=\"twitter:card\" content=\"summary_large_image\" \/>\n<meta name=\"twitter:creator\" content=\"@aeronoticias\" \/>\n<meta name=\"twitter:site\" content=\"@aeronoticias\" \/>\n<meta name=\"twitter:label1\" content=\"Escrito por\" \/>\n\t<meta name=\"twitter:data1\" content=\"Redacci\u00f3n Aeronoticias\" \/>\n\t<meta name=\"twitter:label2\" content=\"Tiempo de lectura\" \/>\n\t<meta name=\"twitter:data2\" content=\"4 minutos\" \/>\n<script type=\"application\/ld+json\" class=\"yoast-schema-graph\">{\"@context\":\"https:\/\/schema.org\",\"@graph\":[{\"@type\":\"WebPage\",\"@id\":\"https:\/\/aeronoticias.com.pe\/noticiero\/transporte-aereo\/internacional\/aerolineas-low-cost-desmienten-al-gobierno-argentino-denuncian-que-no-les-advirtieron-sobre-suspension-de-vuelos\/\",\"url\":\"https:\/\/aeronoticias.com.pe\/noticiero\/transporte-aereo\/internacional\/aerolineas-low-cost-desmienten-al-gobierno-argentino-denuncian-que-no-les-advirtieron-sobre-suspension-de-vuelos\/\",\"name\":\"Aerol\u00edneas low cost desmienten al gobierno argentino: denuncian que no les advirtieron sobre suspensi\u00f3n de vuelos\",\"isPartOf\":{\"@id\":\"https:\/\/aeronoticias.com.pe\/noticiero\/#website\"},\"primaryImageOfPage\":{\"@id\":\"https:\/\/aeronoticias.com.pe\/noticiero\/transporte-aereo\/internacional\/aerolineas-low-cost-desmienten-al-gobierno-argentino-denuncian-que-no-les-advirtieron-sobre-suspension-de-vuelos\/#primaryimage\"},\"image\":{\"@id\":\"https:\/\/aeronoticias.com.pe\/noticiero\/transporte-aereo\/internacional\/aerolineas-low-cost-desmienten-al-gobierno-argentino-denuncian-que-no-les-advirtieron-sobre-suspension-de-vuelos\/#primaryimage\"},\"thumbnailUrl\":\"https:\/\/aeronoticias.com.pe\/noticiero\/wp-content\/uploads\/2020\/05\/Aerol\u00edneas-low-cost.jpeg\",\"datePublished\":\"2020-05-01T03:51:19+00:00\",\"dateModified\":\"2020-09-29T00:06:31+00:00\",\"author\":{\"@id\":\"https:\/\/aeronoticias.com.pe\/noticiero\/#\/schema\/person\/fc1e5d578f4b62ba1cf7ac2bba1170a0\"},\"description\":\"Las dos aerol\u00edneas de bajo costo de Argentina desmintieron al Gobierno, que dijo que la implementaci\u00f3n de una de las prohibiciones de viaje m\u00e1s duras del mundo durante la pandemia del coronavirus se hab\u00eda discutido previamente con la industria.\",\"breadcrumb\":{\"@id\":\"https:\/\/aeronoticias.com.pe\/noticiero\/transporte-aereo\/internacional\/aerolineas-low-cost-desmienten-al-gobierno-argentino-denuncian-que-no-les-advirtieron-sobre-suspension-de-vuelos\/#breadcrumb\"},\"inLanguage\":\"es\",\"potentialAction\":[{\"@type\":\"ReadAction\",\"target\":[\"https:\/\/aeronoticias.com.pe\/noticiero\/transporte-aereo\/internacional\/aerolineas-low-cost-desmienten-al-gobierno-argentino-denuncian-que-no-les-advirtieron-sobre-suspension-de-vuelos\/\"]}]},{\"@type\":\"ImageObject\",\"inLanguage\":\"es\",\"@id\":\"https:\/\/aeronoticias.com.pe\/noticiero\/transporte-aereo\/internacional\/aerolineas-low-cost-desmienten-al-gobierno-argentino-denuncian-que-no-les-advirtieron-sobre-suspension-de-vuelos\/#primaryimage\",\"url\":\"https:\/\/aeronoticias.com.pe\/noticiero\/wp-content\/uploads\/2020\/05\/Aerol\u00edneas-low-cost.jpeg\",\"contentUrl\":\"https:\/\/aeronoticias.com.pe\/noticiero\/wp-content\/uploads\/2020\/05\/Aerol\u00edneas-low-cost.jpeg\",\"width\":1187,\"height\":791},{\"@type\":\"BreadcrumbList\",\"@id\":\"https:\/\/aeronoticias.com.pe\/noticiero\/transporte-aereo\/internacional\/aerolineas-low-cost-desmienten-al-gobierno-argentino-denuncian-que-no-les-advirtieron-sobre-suspension-de-vuelos\/#breadcrumb\",\"itemListElement\":[{\"@type\":\"ListItem\",\"position\":1,\"name\":\"Portada\",\"item\":\"https:\/\/aeronoticias.com.pe\/noticiero\/\"},{\"@type\":\"ListItem\",\"position\":2,\"name\":\"Aerol\u00edneas low cost desmienten al gobierno argentino: denuncian que no les advirtieron sobre suspensi\u00f3n de vuelos\"}]},{\"@type\":\"WebSite\",\"@id\":\"https:\/\/aeronoticias.com.pe\/noticiero\/#website\",\"url\":\"https:\/\/aeronoticias.com.pe\/noticiero\/\",\"name\":\"Aeronoticias.com.pe\",\"description\":\"Noticias de tranporte aereo, turismo, hoteles, gastronomia, actualidad, internacional\",\"potentialAction\":[{\"@type\":\"SearchAction\",\"target\":{\"@type\":\"EntryPoint\",\"urlTemplate\":\"https:\/\/aeronoticias.com.pe\/noticiero\/?s={search_term_string}\"},\"query-input\":{\"@type\":\"PropertyValueSpecification\",\"valueRequired\":true,\"valueName\":\"search_term_string\"}}],\"inLanguage\":\"es\"},{\"@type\":\"Person\",\"@id\":\"https:\/\/aeronoticias.com.pe\/noticiero\/#\/schema\/person\/fc1e5d578f4b62ba1cf7ac2bba1170a0\",\"name\":\"Redacci\u00f3n Aeronoticias\",\"url\":\"https:\/\/aeronoticias.com.pe\/noticiero\/author\/piloto\/\"}]}<\/script>\n<!-- \/ Yoast SEO plugin. -->","yoast_head_json":{"title":"Aerol\u00edneas low cost desmienten al gobierno argentino: denuncian que no les advirtieron sobre suspensi\u00f3n de vuelos","description":"Las dos aerol\u00edneas de bajo costo de Argentina desmintieron al Gobierno, que dijo que la implementaci\u00f3n de una de las prohibiciones de viaje m\u00e1s duras del mundo durante la pandemia del coronavirus se hab\u00eda discutido previamente con la industria.","robots":{"index":"index","follow":"follow","max-snippet":"max-snippet:-1","max-image-preview":"max-image-preview:large","max-video-preview":"max-video-preview:-1"},"canonical":"https:\/\/aeronoticias.com.pe\/noticiero\/transporte-aereo\/internacional\/aerolineas-low-cost-desmienten-al-gobierno-argentino-denuncian-que-no-les-advirtieron-sobre-suspension-de-vuelos\/","og_locale":"es_ES","og_type":"article","og_title":"Aerol\u00edneas low cost desmienten al gobierno argentino: denuncian que no les advirtieron sobre suspensi\u00f3n de vuelos","og_description":"Las dos aerol\u00edneas de bajo costo de Argentina desmintieron al Gobierno, que dijo que la implementaci\u00f3n de una de las prohibiciones de viaje m\u00e1s duras del mundo durante la pandemia del coronavirus se hab\u00eda discutido previamente con la industria.","og_url":"https:\/\/aeronoticias.com.pe\/noticiero\/transporte-aereo\/internacional\/aerolineas-low-cost-desmienten-al-gobierno-argentino-denuncian-que-no-les-advirtieron-sobre-suspension-de-vuelos\/","og_site_name":"Aeronoticias.com.pe","article_publisher":"https:\/\/www.facebook.com\/Aeronoticias.com.pe\/","article_published_time":"2020-05-01T03:51:19+00:00","article_modified_time":"2020-09-29T00:06:31+00:00","og_image":[{"width":1187,"height":791,"url":"https:\/\/aeronoticias.com.pe\/noticiero\/wp-content\/uploads\/2020\/05\/Aerol\u00edneas-low-cost.jpeg","type":"image\/jpeg"}],"author":"Redacci\u00f3n Aeronoticias","twitter_card":"summary_large_image","twitter_creator":"@aeronoticias","twitter_site":"@aeronoticias","twitter_misc":{"Escrito por":"Redacci\u00f3n Aeronoticias","Tiempo de lectura":"4 minutos"},"schema":{"@context":"https:\/\/schema.org","@graph":[{"@type":"WebPage","@id":"https:\/\/aeronoticias.com.pe\/noticiero\/transporte-aereo\/internacional\/aerolineas-low-cost-desmienten-al-gobierno-argentino-denuncian-que-no-les-advirtieron-sobre-suspension-de-vuelos\/","url":"https:\/\/aeronoticias.com.pe\/noticiero\/transporte-aereo\/internacional\/aerolineas-low-cost-desmienten-al-gobierno-argentino-denuncian-que-no-les-advirtieron-sobre-suspension-de-vuelos\/","name":"Aerol\u00edneas low cost desmienten al gobierno argentino: denuncian que no les advirtieron sobre suspensi\u00f3n de vuelos","isPartOf":{"@id":"https:\/\/aeronoticias.com.pe\/noticiero\/#website"},"primaryImageOfPage":{"@id":"https:\/\/aeronoticias.com.pe\/noticiero\/transporte-aereo\/internacional\/aerolineas-low-cost-desmienten-al-gobierno-argentino-denuncian-que-no-les-advirtieron-sobre-suspension-de-vuelos\/#primaryimage"},"image":{"@id":"https:\/\/aeronoticias.com.pe\/noticiero\/transporte-aereo\/internacional\/aerolineas-low-cost-desmienten-al-gobierno-argentino-denuncian-que-no-les-advirtieron-sobre-suspension-de-vuelos\/#primaryimage"},"thumbnailUrl":"https:\/\/aeronoticias.com.pe\/noticiero\/wp-content\/uploads\/2020\/05\/Aerol\u00edneas-low-cost.jpeg","datePublished":"2020-05-01T03:51:19+00:00","dateModified":"2020-09-29T00:06:31+00:00","author":{"@id":"https:\/\/aeronoticias.com.pe\/noticiero\/#\/schema\/person\/fc1e5d578f4b62ba1cf7ac2bba1170a0"},"description":"Las dos aerol\u00edneas de bajo costo de Argentina desmintieron al Gobierno, que dijo que la implementaci\u00f3n de una de las prohibiciones de viaje m\u00e1s duras del mundo durante la pandemia del coronavirus se hab\u00eda discutido previamente con la industria.","breadcrumb":{"@id":"https:\/\/aeronoticias.com.pe\/noticiero\/transporte-aereo\/internacional\/aerolineas-low-cost-desmienten-al-gobierno-argentino-denuncian-que-no-les-advirtieron-sobre-suspension-de-vuelos\/#breadcrumb"},"inLanguage":"es","potentialAction":[{"@type":"ReadAction","target":["https:\/\/aeronoticias.com.pe\/noticiero\/transporte-aereo\/internacional\/aerolineas-low-cost-desmienten-al-gobierno-argentino-denuncian-que-no-les-advirtieron-sobre-suspension-de-vuelos\/"]}]},{"@type":"ImageObject","inLanguage":"es","@id":"https:\/\/aeronoticias.com.pe\/noticiero\/transporte-aereo\/internacional\/aerolineas-low-cost-desmienten-al-gobierno-argentino-denuncian-que-no-les-advirtieron-sobre-suspension-de-vuelos\/#primaryimage","url":"https:\/\/aeronoticias.com.pe\/noticiero\/wp-content\/uploads\/2020\/05\/Aerol\u00edneas-low-cost.jpeg","contentUrl":"https:\/\/aeronoticias.com.pe\/noticiero\/wp-content\/uploads\/2020\/05\/Aerol\u00edneas-low-cost.jpeg","width":1187,"height":791},{"@type":"BreadcrumbList","@id":"https:\/\/aeronoticias.com.pe\/noticiero\/transporte-aereo\/internacional\/aerolineas-low-cost-desmienten-al-gobierno-argentino-denuncian-que-no-les-advirtieron-sobre-suspension-de-vuelos\/#breadcrumb","itemListElement":[{"@type":"ListItem","position":1,"name":"Portada","item":"https:\/\/aeronoticias.com.pe\/noticiero\/"},{"@type":"ListItem","position":2,"name":"Aerol\u00edneas low cost desmienten al gobierno argentino: denuncian que no les advirtieron sobre suspensi\u00f3n de vuelos"}]},{"@type":"WebSite","@id":"https:\/\/aeronoticias.com.pe\/noticiero\/#website","url":"https:\/\/aeronoticias.com.pe\/noticiero\/","name":"Aeronoticias.com.pe","description":"Noticias de tranporte aereo, turismo, hoteles, gastronomia, actualidad, internacional","potentialAction":[{"@type":"SearchAction","target":{"@type":"EntryPoint","urlTemplate":"https:\/\/aeronoticias.com.pe\/noticiero\/?s={search_term_string}"},"query-input":{"@type":"PropertyValueSpecification","valueRequired":true,"valueName":"search_term_string"}}],"inLanguage":"es"},{"@type":"Person","@id":"https:\/\/aeronoticias.com.pe\/noticiero\/#\/schema\/person\/fc1e5d578f4b62ba1cf7ac2bba1170a0","name":"Redacci\u00f3n Aeronoticias","url":"https:\/\/aeronoticias.com.pe\/noticiero\/author\/piloto\/"}]}},"_links":{"self":[{"href":"https:\/\/aeronoticias.com.pe\/noticiero\/wp-json\/wp\/v2\/posts\/59732","targetHints":{"allow":["GET"]}}],"collection":[{"href":"https:\/\/aeronoticias.com.pe\/noticiero\/wp-json\/wp\/v2\/posts"}],"about":[{"href":"https:\/\/aeronoticias.com.pe\/noticiero\/wp-json\/wp\/v2\/types\/post"}],"author":[{"embeddable":true,"href":"https:\/\/aeronoticias.com.pe\/noticiero\/wp-json\/wp\/v2\/users\/1"}],"replies":[{"embeddable":true,"href":"https:\/\/aeronoticias.com.pe\/noticiero\/wp-json\/wp\/v2\/comments?post=59732"}],"version-history":[{"count":0,"href":"https:\/\/aeronoticias.com.pe\/noticiero\/wp-json\/wp\/v2\/posts\/59732\/revisions"}],"wp:featuredmedia":[{"embeddable":true,"href":"https:\/\/aeronoticias.com.pe\/noticiero\/wp-json\/wp\/v2\/media\/63312"}],"wp:attachment":[{"href":"https:\/\/aeronoticias.com.pe\/noticiero\/wp-json\/wp\/v2\/media?parent=59732"}],"wp:term":[{"taxonomy":"category","embeddable":true,"href":"https:\/\/aeronoticias.com.pe\/noticiero\/wp-json\/wp\/v2\/categories?post=59732"},{"taxonomy":"post_tag","embeddable":true,"href":"https:\/\/aeronoticias.com.pe\/noticiero\/wp-json\/wp\/v2\/tags?post=59732"}],"curies":[{"name":"wp","href":"https:\/\/api.w.org\/{rel}","templated":true}]}}