{"id":59778,"date":"2020-05-07T18:00:04","date_gmt":"2020-05-07T18:00:04","guid":{"rendered":"http:\/\/desarrollo.mcvicious.com\/aero2020\/2020\/05\/07\/empresas-del-rubro-gastronomico-y-otros-cambian-de-giro-en-miraflores-para-subsistir-en-pandemia\/"},"modified":"2020-05-07T18:00:04","modified_gmt":"2020-05-07T18:00:04","slug":"empresas-del-rubro-gastronomico-y-otros-cambian-de-giro-en-miraflores-para-subsistir-en-pandemia","status":"publish","type":"post","link":"https:\/\/aeronoticias.com.pe\/noticiero\/economia\/empresas-del-rubro-gastronomico-y-otros-cambian-de-giro-en-miraflores-para-subsistir-en-pandemia\/","title":{"rendered":"Empresas del rubro gastron\u00f3mico y otros cambian de giro en Miraflores para subsistir en pandemia"},"content":{"rendered":"<p><strong>(Aeronoticias).- <\/strong>Empresas grandes, medianas y peque\u00f1as del sector gastron\u00f3mico y de otros rubros que operan en el distrito de Miraflores, solicitaron hoy cambio o ampliaci\u00f3n de giro acogi\u00e9ndose al Decreto N\u00ba 003-MM expedido por el alcalde Luis Molina, con el prop\u00f3sito de afrontar la crisis generada por la pandemia del coronavirus y evitar el cierre de los negocios. Por medio de correos electr\u00f3nicos dirigidos al \u00e1rea de comercializaci\u00f3n de la comuna, los representantes de las empresas hicieron su solicitud. La mayor\u00eda corresponden al sector gastron\u00f3mico.<\/p>\n<p>Luego de la evaluaci\u00f3n correspondiente, en breve tiempo varias de ellas recibieron su licencia, como el caso del conocido Restaurant Cebicher\u00eda La Mar y la Pasteler\u00eda San Antonio de la avenida 28 de Julio. El primero funcionar\u00e1 como minimarket y pescader\u00eda, mientras que el segundo como panader\u00eda, pasteler\u00eda y minimarket.<\/p>\n<p>Estas acciones forman parte del Plan de Reactivaci\u00f3n Econ\u00f3mica de la Municipalidad de Miraflores y que ha empezado con el sector gastron\u00f3mico. Los negocios cambian y ampl\u00edan su giro hasta por un a\u00f1o, sin pago alguno y sin perder su licencia original. Pero teniendo como prioridad el cuidado de la salud.<\/p>\n<p>Al respecto, el alcalde Luis Molina ratific\u00f3 la pol\u00edtica de apoyo al empresariado para permitir su reconversi\u00f3n, salvar a las empresas y los puestos de trabajo de miles de empleados. Lo que fue muy bien recibido por el empresariado miraflorino. Agradecieron la disposici\u00f3n de la Municipalidad de apoyar la reconversi\u00f3n empresarial y, sobre todo, evitar el cierre de los negocios.<\/p>\n<p>Las solicitudes de cambio o ampliaci\u00f3n de giro continuar\u00e1n en los siguientes d\u00edas y las empresas ir\u00e1n recibiendo sus respectivas licencias.<\/p>\n<p>Fuente: GESTION<\/p>\n<p><img decoding=\"async\" src=\"images\/stories\/san antonio.png\" border=\"0\" \/><\/p>\n","protected":false},"excerpt":{"rendered":"<p>(Aeronoticias).- Empresas grandes, medianas y peque\u00f1as del sector gastron\u00f3mico y de otros rubros que operan en el distrito de Miraflores, solicitaron hoy cambio o ampliaci\u00f3n de giro acogi\u00e9ndose al Decreto N\u00ba 003-MM expedido por el alcalde Luis Molina, con el prop\u00f3sito de afrontar la crisis generada por la pandemia del coronavirus y evitar el cierre [&hellip;]<\/p>\n","protected":false},"author":1,"featured_media":0,"comment_status":"open","ping_status":"open","sticky":false,"template":"","format":"standard","meta":{"tdm_status":"","tdm_grid_status":"","footnotes":""},"categories":[33],"tags":[],"class_list":{"0":"post-59778","1":"post","2":"type-post","3":"status-publish","4":"format-standard","6":"category-economia"},"yoast_head":"<!-- This site is optimized with the Yoast SEO plugin v25.1 - https:\/\/yoast.com\/wordpress\/plugins\/seo\/ -->\n<title>Empresas del rubro gastron\u00f3mico y otros cambian de giro en Miraflores para subsistir en pandemia<\/title>\n<meta name=\"description\" content=\"Portal de noticias del Per\u00fa sobre el transporte a\u00e9reo, aviaci\u00f3n, turismo, hoteleria, actualidad.\" \/>\n<meta name=\"robots\" content=\"index, follow, max-snippet:-1, max-image-preview:large, max-video-preview:-1\" \/>\n<link rel=\"canonical\" href=\"https:\/\/aeronoticias.com.pe\/noticiero\/economia\/empresas-del-rubro-gastronomico-y-otros-cambian-de-giro-en-miraflores-para-subsistir-en-pandemia\/\" \/>\n<meta property=\"og:locale\" content=\"es_ES\" \/>\n<meta property=\"og:type\" content=\"article\" \/>\n<meta property=\"og:title\" content=\"Empresas del rubro gastron\u00f3mico y otros cambian de giro en Miraflores para subsistir en pandemia\" \/>\n<meta property=\"og:description\" content=\"Portal de noticias del Per\u00fa sobre el transporte a\u00e9reo, aviaci\u00f3n, turismo, hoteleria, actualidad.\" \/>\n<meta property=\"og:url\" content=\"https:\/\/aeronoticias.com.pe\/noticiero\/economia\/empresas-del-rubro-gastronomico-y-otros-cambian-de-giro-en-miraflores-para-subsistir-en-pandemia\/\" \/>\n<meta property=\"og:site_name\" content=\"Aeronoticias.com.pe\" \/>\n<meta property=\"article:publisher\" content=\"https:\/\/www.facebook.com\/Aeronoticias.com.pe\/\" \/>\n<meta property=\"article:published_time\" content=\"2020-05-07T18:00:04+00:00\" \/>\n<meta name=\"author\" content=\"Redacci\u00f3n Aeronoticias\" \/>\n<meta name=\"twitter:card\" content=\"summary_large_image\" \/>\n<meta name=\"twitter:creator\" content=\"@aeronoticias\" \/>\n<meta name=\"twitter:site\" content=\"@aeronoticias\" \/>\n<meta name=\"twitter:label1\" content=\"Escrito por\" \/>\n\t<meta name=\"twitter:data1\" content=\"Redacci\u00f3n Aeronoticias\" \/>\n\t<meta name=\"twitter:label2\" content=\"Tiempo de lectura\" \/>\n\t<meta name=\"twitter:data2\" content=\"1 minuto\" \/>\n<script type=\"application\/ld+json\" class=\"yoast-schema-graph\">{\"@context\":\"https:\/\/schema.org\",\"@graph\":[{\"@type\":\"WebPage\",\"@id\":\"https:\/\/aeronoticias.com.pe\/noticiero\/economia\/empresas-del-rubro-gastronomico-y-otros-cambian-de-giro-en-miraflores-para-subsistir-en-pandemia\/\",\"url\":\"https:\/\/aeronoticias.com.pe\/noticiero\/economia\/empresas-del-rubro-gastronomico-y-otros-cambian-de-giro-en-miraflores-para-subsistir-en-pandemia\/\",\"name\":\"Empresas del rubro gastron\u00f3mico y otros cambian de giro en Miraflores para subsistir en pandemia\",\"isPartOf\":{\"@id\":\"https:\/\/aeronoticias.com.pe\/noticiero\/#website\"},\"datePublished\":\"2020-05-07T18:00:04+00:00\",\"author\":{\"@id\":\"https:\/\/aeronoticias.com.pe\/noticiero\/#\/schema\/person\/fc1e5d578f4b62ba1cf7ac2bba1170a0\"},\"description\":\"Portal de noticias del Per\u00fa sobre el transporte a\u00e9reo, aviaci\u00f3n, turismo, hoteleria, actualidad.\",\"breadcrumb\":{\"@id\":\"https:\/\/aeronoticias.com.pe\/noticiero\/economia\/empresas-del-rubro-gastronomico-y-otros-cambian-de-giro-en-miraflores-para-subsistir-en-pandemia\/#breadcrumb\"},\"inLanguage\":\"es\",\"potentialAction\":[{\"@type\":\"ReadAction\",\"target\":[\"https:\/\/aeronoticias.com.pe\/noticiero\/economia\/empresas-del-rubro-gastronomico-y-otros-cambian-de-giro-en-miraflores-para-subsistir-en-pandemia\/\"]}]},{\"@type\":\"BreadcrumbList\",\"@id\":\"https:\/\/aeronoticias.com.pe\/noticiero\/economia\/empresas-del-rubro-gastronomico-y-otros-cambian-de-giro-en-miraflores-para-subsistir-en-pandemia\/#breadcrumb\",\"itemListElement\":[{\"@type\":\"ListItem\",\"position\":1,\"name\":\"Portada\",\"item\":\"https:\/\/aeronoticias.com.pe\/noticiero\/\"},{\"@type\":\"ListItem\",\"position\":2,\"name\":\"Empresas del rubro gastron\u00f3mico y otros cambian de giro en Miraflores para subsistir en pandemia\"}]},{\"@type\":\"WebSite\",\"@id\":\"https:\/\/aeronoticias.com.pe\/noticiero\/#website\",\"url\":\"https:\/\/aeronoticias.com.pe\/noticiero\/\",\"name\":\"Aeronoticias.com.pe\",\"description\":\"Noticias de tranporte aereo, turismo, hoteles, gastronomia, actualidad, internacional\",\"potentialAction\":[{\"@type\":\"SearchAction\",\"target\":{\"@type\":\"EntryPoint\",\"urlTemplate\":\"https:\/\/aeronoticias.com.pe\/noticiero\/?s={search_term_string}\"},\"query-input\":{\"@type\":\"PropertyValueSpecification\",\"valueRequired\":true,\"valueName\":\"search_term_string\"}}],\"inLanguage\":\"es\"},{\"@type\":\"Person\",\"@id\":\"https:\/\/aeronoticias.com.pe\/noticiero\/#\/schema\/person\/fc1e5d578f4b62ba1cf7ac2bba1170a0\",\"name\":\"Redacci\u00f3n Aeronoticias\",\"url\":\"https:\/\/aeronoticias.com.pe\/noticiero\/author\/piloto\/\"}]}<\/script>\n<!-- \/ Yoast SEO plugin. -->","yoast_head_json":{"title":"Empresas del rubro gastron\u00f3mico y otros cambian de giro en Miraflores para subsistir en pandemia","description":"Portal de noticias del Per\u00fa sobre el transporte a\u00e9reo, aviaci\u00f3n, turismo, hoteleria, actualidad.","robots":{"index":"index","follow":"follow","max-snippet":"max-snippet:-1","max-image-preview":"max-image-preview:large","max-video-preview":"max-video-preview:-1"},"canonical":"https:\/\/aeronoticias.com.pe\/noticiero\/economia\/empresas-del-rubro-gastronomico-y-otros-cambian-de-giro-en-miraflores-para-subsistir-en-pandemia\/","og_locale":"es_ES","og_type":"article","og_title":"Empresas del rubro gastron\u00f3mico y otros cambian de giro en Miraflores para subsistir en pandemia","og_description":"Portal de noticias del Per\u00fa sobre el transporte a\u00e9reo, aviaci\u00f3n, turismo, hoteleria, actualidad.","og_url":"https:\/\/aeronoticias.com.pe\/noticiero\/economia\/empresas-del-rubro-gastronomico-y-otros-cambian-de-giro-en-miraflores-para-subsistir-en-pandemia\/","og_site_name":"Aeronoticias.com.pe","article_publisher":"https:\/\/www.facebook.com\/Aeronoticias.com.pe\/","article_published_time":"2020-05-07T18:00:04+00:00","author":"Redacci\u00f3n Aeronoticias","twitter_card":"summary_large_image","twitter_creator":"@aeronoticias","twitter_site":"@aeronoticias","twitter_misc":{"Escrito por":"Redacci\u00f3n Aeronoticias","Tiempo de lectura":"1 minuto"},"schema":{"@context":"https:\/\/schema.org","@graph":[{"@type":"WebPage","@id":"https:\/\/aeronoticias.com.pe\/noticiero\/economia\/empresas-del-rubro-gastronomico-y-otros-cambian-de-giro-en-miraflores-para-subsistir-en-pandemia\/","url":"https:\/\/aeronoticias.com.pe\/noticiero\/economia\/empresas-del-rubro-gastronomico-y-otros-cambian-de-giro-en-miraflores-para-subsistir-en-pandemia\/","name":"Empresas del rubro gastron\u00f3mico y otros cambian de giro en Miraflores para subsistir en pandemia","isPartOf":{"@id":"https:\/\/aeronoticias.com.pe\/noticiero\/#website"},"datePublished":"2020-05-07T18:00:04+00:00","author":{"@id":"https:\/\/aeronoticias.com.pe\/noticiero\/#\/schema\/person\/fc1e5d578f4b62ba1cf7ac2bba1170a0"},"description":"Portal de noticias del Per\u00fa sobre el transporte a\u00e9reo, aviaci\u00f3n, turismo, hoteleria, actualidad.","breadcrumb":{"@id":"https:\/\/aeronoticias.com.pe\/noticiero\/economia\/empresas-del-rubro-gastronomico-y-otros-cambian-de-giro-en-miraflores-para-subsistir-en-pandemia\/#breadcrumb"},"inLanguage":"es","potentialAction":[{"@type":"ReadAction","target":["https:\/\/aeronoticias.com.pe\/noticiero\/economia\/empresas-del-rubro-gastronomico-y-otros-cambian-de-giro-en-miraflores-para-subsistir-en-pandemia\/"]}]},{"@type":"BreadcrumbList","@id":"https:\/\/aeronoticias.com.pe\/noticiero\/economia\/empresas-del-rubro-gastronomico-y-otros-cambian-de-giro-en-miraflores-para-subsistir-en-pandemia\/#breadcrumb","itemListElement":[{"@type":"ListItem","position":1,"name":"Portada","item":"https:\/\/aeronoticias.com.pe\/noticiero\/"},{"@type":"ListItem","position":2,"name":"Empresas del rubro gastron\u00f3mico y otros cambian de giro en Miraflores para subsistir en pandemia"}]},{"@type":"WebSite","@id":"https:\/\/aeronoticias.com.pe\/noticiero\/#website","url":"https:\/\/aeronoticias.com.pe\/noticiero\/","name":"Aeronoticias.com.pe","description":"Noticias de tranporte aereo, turismo, hoteles, gastronomia, actualidad, internacional","potentialAction":[{"@type":"SearchAction","target":{"@type":"EntryPoint","urlTemplate":"https:\/\/aeronoticias.com.pe\/noticiero\/?s={search_term_string}"},"query-input":{"@type":"PropertyValueSpecification","valueRequired":true,"valueName":"search_term_string"}}],"inLanguage":"es"},{"@type":"Person","@id":"https:\/\/aeronoticias.com.pe\/noticiero\/#\/schema\/person\/fc1e5d578f4b62ba1cf7ac2bba1170a0","name":"Redacci\u00f3n Aeronoticias","url":"https:\/\/aeronoticias.com.pe\/noticiero\/author\/piloto\/"}]}},"_links":{"self":[{"href":"https:\/\/aeronoticias.com.pe\/noticiero\/wp-json\/wp\/v2\/posts\/59778","targetHints":{"allow":["GET"]}}],"collection":[{"href":"https:\/\/aeronoticias.com.pe\/noticiero\/wp-json\/wp\/v2\/posts"}],"about":[{"href":"https:\/\/aeronoticias.com.pe\/noticiero\/wp-json\/wp\/v2\/types\/post"}],"author":[{"embeddable":true,"href":"https:\/\/aeronoticias.com.pe\/noticiero\/wp-json\/wp\/v2\/users\/1"}],"replies":[{"embeddable":true,"href":"https:\/\/aeronoticias.com.pe\/noticiero\/wp-json\/wp\/v2\/comments?post=59778"}],"version-history":[{"count":0,"href":"https:\/\/aeronoticias.com.pe\/noticiero\/wp-json\/wp\/v2\/posts\/59778\/revisions"}],"wp:attachment":[{"href":"https:\/\/aeronoticias.com.pe\/noticiero\/wp-json\/wp\/v2\/media?parent=59778"}],"wp:term":[{"taxonomy":"category","embeddable":true,"href":"https:\/\/aeronoticias.com.pe\/noticiero\/wp-json\/wp\/v2\/categories?post=59778"},{"taxonomy":"post_tag","embeddable":true,"href":"https:\/\/aeronoticias.com.pe\/noticiero\/wp-json\/wp\/v2\/tags?post=59778"}],"curies":[{"name":"wp","href":"https:\/\/api.w.org\/{rel}","templated":true}]}}