{"id":59779,"date":"2020-05-07T18:13:28","date_gmt":"2020-05-07T18:13:28","guid":{"rendered":"http:\/\/desarrollo.mcvicious.com\/aero2020\/2020\/05\/07\/ministro-de-agricultura-jorge-montenegro-dio-positivo-a-prueba-de-covid-19\/"},"modified":"2020-05-07T18:13:28","modified_gmt":"2020-05-07T18:13:28","slug":"ministro-de-agricultura-jorge-montenegro-dio-positivo-a-prueba-de-covid-19","status":"publish","type":"post","link":"https:\/\/aeronoticias.com.pe\/noticiero\/nacionales\/ministro-de-agricultura-jorge-montenegro-dio-positivo-a-prueba-de-covid-19\/","title":{"rendered":"Ministro de Agricultura, Jorge Montenegro, dio positivo a prueba de COVID-19"},"content":{"rendered":"<p style=\"text-align: justify;\"><strong>(Aeronoticias).- <\/strong>El ministro de Agricultura Jorge Montenegro dio positivo a la prueba de coronavirus (COVID-19), inform\u00f3 este jueves dicho sector en un comunicado. Adem\u00e1s, precis\u00f3 que el representante del gabinete se recupera tras este diagn\u00f3stico. El resultado del examen fue dado el \u00faltimo mi\u00e9rcoles. Luego de conocer el diagn\u00f3stico, Montenegro est\u00e1 cumpliendo el aislamiento social y siguiendo las recomendaciones de los m\u00e9dicos para su pronta recuperaci\u00f3n, se\u00f1al\u00f3 el comunicado del Ministerio de Agricultura.<\/p>\n<p style=\"text-align: justify;\">El sector tambi\u00e9n se\u00f1al\u00f3 que el ministro Montenegro ha estado ha cargo del trabajo desde los mercados para el correcto cumplimiento de las medidas de salubridad y seguridad, as\u00ed como tambi\u00e9n para la realizaci\u00f3n de pruebas de descarte entre los comerciantes en los mercados de Caquet\u00e1, San Mart\u00edn de Porres, San Felipe en Surquillo, entre otros.<\/p>\n<p style=\"text-align: justify;\">Montenegro realiz\u00f3 el \u00faltimo s\u00e1bado una actividad con el titular de Salud, V\u00edctor Zamora, en el mercado San Felipe de Surquillo. Fuentes de El Comercio, indican que Zamora fue sometido a una prueba, que descart\u00f3 que tenga coronavirus.<\/p>\n<p style=\"text-align: justify;\">Las mismas fuentes agregaron que el presidente Mart\u00edn Vizcarra y el resto de los integrantes del Gabinete Ministerial pasaron por pruebas de coronavirus. En todos los casos dieron negativo A\u00f1adieron que no se ha registrado ning\u00fan otro caso de COVID-19 en el gabinete.<\/p>\n<p style=\"text-align: justify;\">Fuente: El comercio<\/p>\n<p style=\"text-align: justify;\"><img decoding=\"async\" src=\"images\/stories\/ministro.png\" border=\"0\" \/><\/p>\n","protected":false},"excerpt":{"rendered":"<p>(Aeronoticias).- El ministro de Agricultura Jorge Montenegro dio positivo a la prueba de coronavirus (COVID-19), inform\u00f3 este jueves dicho sector en un comunicado. Adem\u00e1s, precis\u00f3 que el representante del gabinete se recupera tras este diagn\u00f3stico. El resultado del examen fue dado el \u00faltimo mi\u00e9rcoles. Luego de conocer el diagn\u00f3stico, Montenegro est\u00e1 cumpliendo el aislamiento social [&hellip;]<\/p>\n","protected":false},"author":1,"featured_media":0,"comment_status":"open","ping_status":"open","sticky":false,"template":"","format":"standard","meta":{"tdm_status":"","tdm_grid_status":"","footnotes":""},"categories":[38],"tags":[],"class_list":{"0":"post-59779","1":"post","2":"type-post","3":"status-publish","4":"format-standard","6":"category-nacionales"},"yoast_head":"<!-- This site is optimized with the Yoast SEO plugin v25.1 - https:\/\/yoast.com\/wordpress\/plugins\/seo\/ -->\n<title>Ministro de Agricultura, Jorge Montenegro, dio positivo a prueba de COVID-19<\/title>\n<meta name=\"description\" content=\"Portal de noticias del Per\u00fa sobre el transporte a\u00e9reo, aviaci\u00f3n, turismo, hoteleria, actualidad.\" \/>\n<meta name=\"robots\" content=\"index, follow, max-snippet:-1, max-image-preview:large, max-video-preview:-1\" \/>\n<link rel=\"canonical\" href=\"https:\/\/aeronoticias.com.pe\/noticiero\/nacionales\/ministro-de-agricultura-jorge-montenegro-dio-positivo-a-prueba-de-covid-19\/\" \/>\n<meta property=\"og:locale\" content=\"es_ES\" \/>\n<meta property=\"og:type\" content=\"article\" \/>\n<meta property=\"og:title\" content=\"Ministro de Agricultura, Jorge Montenegro, dio positivo a prueba de COVID-19\" \/>\n<meta property=\"og:description\" content=\"Portal de noticias del Per\u00fa sobre el transporte a\u00e9reo, aviaci\u00f3n, turismo, hoteleria, actualidad.\" \/>\n<meta property=\"og:url\" content=\"https:\/\/aeronoticias.com.pe\/noticiero\/nacionales\/ministro-de-agricultura-jorge-montenegro-dio-positivo-a-prueba-de-covid-19\/\" \/>\n<meta property=\"og:site_name\" content=\"Aeronoticias.com.pe\" \/>\n<meta property=\"article:publisher\" content=\"https:\/\/www.facebook.com\/Aeronoticias.com.pe\/\" \/>\n<meta property=\"article:published_time\" content=\"2020-05-07T18:13:28+00:00\" \/>\n<meta name=\"author\" content=\"Redacci\u00f3n Aeronoticias\" \/>\n<meta name=\"twitter:card\" content=\"summary_large_image\" \/>\n<meta name=\"twitter:creator\" content=\"@aeronoticias\" \/>\n<meta name=\"twitter:site\" content=\"@aeronoticias\" \/>\n<meta name=\"twitter:label1\" content=\"Escrito por\" \/>\n\t<meta name=\"twitter:data1\" content=\"Redacci\u00f3n Aeronoticias\" \/>\n\t<meta name=\"twitter:label2\" content=\"Tiempo de lectura\" \/>\n\t<meta name=\"twitter:data2\" content=\"1 minuto\" \/>\n<script type=\"application\/ld+json\" class=\"yoast-schema-graph\">{\"@context\":\"https:\/\/schema.org\",\"@graph\":[{\"@type\":\"WebPage\",\"@id\":\"https:\/\/aeronoticias.com.pe\/noticiero\/nacionales\/ministro-de-agricultura-jorge-montenegro-dio-positivo-a-prueba-de-covid-19\/\",\"url\":\"https:\/\/aeronoticias.com.pe\/noticiero\/nacionales\/ministro-de-agricultura-jorge-montenegro-dio-positivo-a-prueba-de-covid-19\/\",\"name\":\"Ministro de Agricultura, Jorge Montenegro, dio positivo a prueba de COVID-19\",\"isPartOf\":{\"@id\":\"https:\/\/aeronoticias.com.pe\/noticiero\/#website\"},\"datePublished\":\"2020-05-07T18:13:28+00:00\",\"author\":{\"@id\":\"https:\/\/aeronoticias.com.pe\/noticiero\/#\/schema\/person\/fc1e5d578f4b62ba1cf7ac2bba1170a0\"},\"description\":\"Portal de noticias del Per\u00fa sobre el transporte a\u00e9reo, aviaci\u00f3n, turismo, hoteleria, actualidad.\",\"breadcrumb\":{\"@id\":\"https:\/\/aeronoticias.com.pe\/noticiero\/nacionales\/ministro-de-agricultura-jorge-montenegro-dio-positivo-a-prueba-de-covid-19\/#breadcrumb\"},\"inLanguage\":\"es\",\"potentialAction\":[{\"@type\":\"ReadAction\",\"target\":[\"https:\/\/aeronoticias.com.pe\/noticiero\/nacionales\/ministro-de-agricultura-jorge-montenegro-dio-positivo-a-prueba-de-covid-19\/\"]}]},{\"@type\":\"BreadcrumbList\",\"@id\":\"https:\/\/aeronoticias.com.pe\/noticiero\/nacionales\/ministro-de-agricultura-jorge-montenegro-dio-positivo-a-prueba-de-covid-19\/#breadcrumb\",\"itemListElement\":[{\"@type\":\"ListItem\",\"position\":1,\"name\":\"Portada\",\"item\":\"https:\/\/aeronoticias.com.pe\/noticiero\/\"},{\"@type\":\"ListItem\",\"position\":2,\"name\":\"Ministro de Agricultura, Jorge Montenegro, dio positivo a prueba de COVID-19\"}]},{\"@type\":\"WebSite\",\"@id\":\"https:\/\/aeronoticias.com.pe\/noticiero\/#website\",\"url\":\"https:\/\/aeronoticias.com.pe\/noticiero\/\",\"name\":\"Aeronoticias.com.pe\",\"description\":\"Noticias de tranporte aereo, turismo, hoteles, gastronomia, actualidad, internacional\",\"potentialAction\":[{\"@type\":\"SearchAction\",\"target\":{\"@type\":\"EntryPoint\",\"urlTemplate\":\"https:\/\/aeronoticias.com.pe\/noticiero\/?s={search_term_string}\"},\"query-input\":{\"@type\":\"PropertyValueSpecification\",\"valueRequired\":true,\"valueName\":\"search_term_string\"}}],\"inLanguage\":\"es\"},{\"@type\":\"Person\",\"@id\":\"https:\/\/aeronoticias.com.pe\/noticiero\/#\/schema\/person\/fc1e5d578f4b62ba1cf7ac2bba1170a0\",\"name\":\"Redacci\u00f3n Aeronoticias\",\"url\":\"https:\/\/aeronoticias.com.pe\/noticiero\/author\/piloto\/\"}]}<\/script>\n<!-- \/ Yoast SEO plugin. -->","yoast_head_json":{"title":"Ministro de Agricultura, Jorge Montenegro, dio positivo a prueba de COVID-19","description":"Portal de noticias del Per\u00fa sobre el transporte a\u00e9reo, aviaci\u00f3n, turismo, hoteleria, actualidad.","robots":{"index":"index","follow":"follow","max-snippet":"max-snippet:-1","max-image-preview":"max-image-preview:large","max-video-preview":"max-video-preview:-1"},"canonical":"https:\/\/aeronoticias.com.pe\/noticiero\/nacionales\/ministro-de-agricultura-jorge-montenegro-dio-positivo-a-prueba-de-covid-19\/","og_locale":"es_ES","og_type":"article","og_title":"Ministro de Agricultura, Jorge Montenegro, dio positivo a prueba de COVID-19","og_description":"Portal de noticias del Per\u00fa sobre el transporte a\u00e9reo, aviaci\u00f3n, turismo, hoteleria, actualidad.","og_url":"https:\/\/aeronoticias.com.pe\/noticiero\/nacionales\/ministro-de-agricultura-jorge-montenegro-dio-positivo-a-prueba-de-covid-19\/","og_site_name":"Aeronoticias.com.pe","article_publisher":"https:\/\/www.facebook.com\/Aeronoticias.com.pe\/","article_published_time":"2020-05-07T18:13:28+00:00","author":"Redacci\u00f3n Aeronoticias","twitter_card":"summary_large_image","twitter_creator":"@aeronoticias","twitter_site":"@aeronoticias","twitter_misc":{"Escrito por":"Redacci\u00f3n Aeronoticias","Tiempo de lectura":"1 minuto"},"schema":{"@context":"https:\/\/schema.org","@graph":[{"@type":"WebPage","@id":"https:\/\/aeronoticias.com.pe\/noticiero\/nacionales\/ministro-de-agricultura-jorge-montenegro-dio-positivo-a-prueba-de-covid-19\/","url":"https:\/\/aeronoticias.com.pe\/noticiero\/nacionales\/ministro-de-agricultura-jorge-montenegro-dio-positivo-a-prueba-de-covid-19\/","name":"Ministro de Agricultura, Jorge Montenegro, dio positivo a prueba de COVID-19","isPartOf":{"@id":"https:\/\/aeronoticias.com.pe\/noticiero\/#website"},"datePublished":"2020-05-07T18:13:28+00:00","author":{"@id":"https:\/\/aeronoticias.com.pe\/noticiero\/#\/schema\/person\/fc1e5d578f4b62ba1cf7ac2bba1170a0"},"description":"Portal de noticias del Per\u00fa sobre el transporte a\u00e9reo, aviaci\u00f3n, turismo, hoteleria, actualidad.","breadcrumb":{"@id":"https:\/\/aeronoticias.com.pe\/noticiero\/nacionales\/ministro-de-agricultura-jorge-montenegro-dio-positivo-a-prueba-de-covid-19\/#breadcrumb"},"inLanguage":"es","potentialAction":[{"@type":"ReadAction","target":["https:\/\/aeronoticias.com.pe\/noticiero\/nacionales\/ministro-de-agricultura-jorge-montenegro-dio-positivo-a-prueba-de-covid-19\/"]}]},{"@type":"BreadcrumbList","@id":"https:\/\/aeronoticias.com.pe\/noticiero\/nacionales\/ministro-de-agricultura-jorge-montenegro-dio-positivo-a-prueba-de-covid-19\/#breadcrumb","itemListElement":[{"@type":"ListItem","position":1,"name":"Portada","item":"https:\/\/aeronoticias.com.pe\/noticiero\/"},{"@type":"ListItem","position":2,"name":"Ministro de Agricultura, Jorge Montenegro, dio positivo a prueba de COVID-19"}]},{"@type":"WebSite","@id":"https:\/\/aeronoticias.com.pe\/noticiero\/#website","url":"https:\/\/aeronoticias.com.pe\/noticiero\/","name":"Aeronoticias.com.pe","description":"Noticias de tranporte aereo, turismo, hoteles, gastronomia, actualidad, internacional","potentialAction":[{"@type":"SearchAction","target":{"@type":"EntryPoint","urlTemplate":"https:\/\/aeronoticias.com.pe\/noticiero\/?s={search_term_string}"},"query-input":{"@type":"PropertyValueSpecification","valueRequired":true,"valueName":"search_term_string"}}],"inLanguage":"es"},{"@type":"Person","@id":"https:\/\/aeronoticias.com.pe\/noticiero\/#\/schema\/person\/fc1e5d578f4b62ba1cf7ac2bba1170a0","name":"Redacci\u00f3n Aeronoticias","url":"https:\/\/aeronoticias.com.pe\/noticiero\/author\/piloto\/"}]}},"_links":{"self":[{"href":"https:\/\/aeronoticias.com.pe\/noticiero\/wp-json\/wp\/v2\/posts\/59779","targetHints":{"allow":["GET"]}}],"collection":[{"href":"https:\/\/aeronoticias.com.pe\/noticiero\/wp-json\/wp\/v2\/posts"}],"about":[{"href":"https:\/\/aeronoticias.com.pe\/noticiero\/wp-json\/wp\/v2\/types\/post"}],"author":[{"embeddable":true,"href":"https:\/\/aeronoticias.com.pe\/noticiero\/wp-json\/wp\/v2\/users\/1"}],"replies":[{"embeddable":true,"href":"https:\/\/aeronoticias.com.pe\/noticiero\/wp-json\/wp\/v2\/comments?post=59779"}],"version-history":[{"count":0,"href":"https:\/\/aeronoticias.com.pe\/noticiero\/wp-json\/wp\/v2\/posts\/59779\/revisions"}],"wp:attachment":[{"href":"https:\/\/aeronoticias.com.pe\/noticiero\/wp-json\/wp\/v2\/media?parent=59779"}],"wp:term":[{"taxonomy":"category","embeddable":true,"href":"https:\/\/aeronoticias.com.pe\/noticiero\/wp-json\/wp\/v2\/categories?post=59779"},{"taxonomy":"post_tag","embeddable":true,"href":"https:\/\/aeronoticias.com.pe\/noticiero\/wp-json\/wp\/v2\/tags?post=59779"}],"curies":[{"name":"wp","href":"https:\/\/api.w.org\/{rel}","templated":true}]}}