{"id":59780,"date":"2020-05-07T18:28:00","date_gmt":"2020-05-07T18:28:00","guid":{"rendered":"http:\/\/desarrollo.mcvicious.com\/aero2020\/2020\/05\/07\/covid-19-ien-que-etapa-de-la-pandemia-se-encuentra-el-peru\/"},"modified":"2020-05-07T18:28:00","modified_gmt":"2020-05-07T18:28:00","slug":"covid-19-ien-que-etapa-de-la-pandemia-se-encuentra-el-peru","status":"publish","type":"post","link":"https:\/\/aeronoticias.com.pe\/noticiero\/salud\/covid-19-ien-que-etapa-de-la-pandemia-se-encuentra-el-peru\/","title":{"rendered":"COVID-19 | \u00bfEn qu\u00e9 etapa de la pandemia se encuentra el Per\u00fa?"},"content":{"rendered":"<p style=\"text-align: justify;\"><strong>(Aeronoticias).- <\/strong>En el Per\u00fa, el primer caso de COVID-19 se report\u00f3 el 5 de marzo del 2020 y el Gobierno decidi\u00f3 decretar la inmovilizaci\u00f3n obligatoria el 16 de ese mes. Desde entonces, m\u00e1s de 40 mil peruanos han resultado contagiados. En ese per\u00edodo, se pas\u00f3 de los casos importados hasta llegar a la fase que el Gobierno ha llamado de transmisi\u00f3n comunitaria. Los expertos consultados por El Comercio coinciden en que no existe una clasificaci\u00f3n oficial para poder determinar en qu\u00e9 etapa nos encontramos, pero aseguran que, por los datos actuales, se estar\u00eda superando la fase de transmisi\u00f3n comunitaria y se llegar\u00eda al estadio m\u00e1s elevado del brote epid\u00e9mico: transmisi\u00f3n diseminada con llegada a lugares lejanos.<\/p>\n<p style=\"text-align: justify;\">\u201cNo podemos saber ahora si estamos en el pico [de casos], solo vamos a saber que hemos superado esa fase cuando veamos hacia atr\u00e1s. Pero definitivamente estamos en la fase tres, que es la fase de transmisi\u00f3n comunitaria. Esa fase puede durar varias semanas\u201d, aclara la infect\u00f3loga Fiorella Krapp, investigadora de la Universidad Peruana Cayetano Heredia (UPCH). El epidemi\u00f3logo Luis Su\u00e1rez-Ognio, exdirector del Centro Nacional de Epidemiolog\u00eda, Prevenci\u00f3n y Control de Enfermedades del Ministerio de Salud, coincide en ello y afirma que \u201cestamos pasando de una transmisi\u00f3n comunitaria sostenida a una transmisi\u00f3n diseminada que llega a lugares lejanos. No podemos evitar que eso suceda\u201d<\/p>\n<p style=\"text-align: justify;\">Los especialistas creen que los modelos que actualmente se manejan deben ser le\u00eddos con cuidado, considerando las caracter\u00edsticas locales, como asegura la infect\u00f3loga Theresa Ochoa, directora del Instituto de Medicina Tropical Alexander von Humboldt de la UPCH: \u201cHay proyecciones diferentes que dicen que podr\u00edan comenzar a bajar los casos en estas semanas y que podr\u00eda comenzar a haber un cierto control de la epidemia en junio o julio. Ahora hay mucha incertidumbre porque esas proyecciones est\u00e1n hechas en base a modelos de otros pa\u00edses, pero se debe tomar en cuenta la capacidad de respuesta del pa\u00eds, la comorbilidad es distinta y otras caracter\u00edsticas propias. Esos detalles se deben tomar con mucho cuidado\u201d.<\/p>\n<p style=\"text-align: justify;\">Leonid Lecca, epidemi\u00f3logo y profesor de la Universidad de Harvard, explica en qu\u00e9 etapa de la pandemia nos encontramos en el pa\u00eds: Luego de m\u00e1s de 50 d\u00edas de cuarentena, en el pa\u00eds se han registrado hasta el momento m\u00e1s de 1.500 muertos y m\u00e1s de 54 mil contagiados por COVID-19. En el mundo, desde el comienzo de la epidemia se contabilizaron m\u00e1s de 3.6 millones de casos en 195 pa\u00edses o territorios y cerca de 260 mil fallecidos.<\/p>\n<p style=\"text-align: justify;\">Fuente: EL COMERCIO<\/p>\n<p style=\"text-align: justify;\"><img decoding=\"async\" src=\"images\/stories\/peste.png\" border=\"0\" \/><\/p>\n","protected":false},"excerpt":{"rendered":"<p>(Aeronoticias).- En el Per\u00fa, el primer caso de COVID-19 se report\u00f3 el 5 de marzo del 2020 y el Gobierno decidi\u00f3 decretar la inmovilizaci\u00f3n obligatoria el 16 de ese mes. Desde entonces, m\u00e1s de 40 mil peruanos han resultado contagiados. En ese per\u00edodo, se pas\u00f3 de los casos importados hasta llegar a la fase que [&hellip;]<\/p>\n","protected":false},"author":1,"featured_media":0,"comment_status":"open","ping_status":"open","sticky":false,"template":"","format":"standard","meta":{"tdm_status":"","tdm_grid_status":"","footnotes":""},"categories":[37],"tags":[],"class_list":{"0":"post-59780","1":"post","2":"type-post","3":"status-publish","4":"format-standard","6":"category-salud"},"yoast_head":"<!-- This site is optimized with the Yoast SEO plugin v25.1 - https:\/\/yoast.com\/wordpress\/plugins\/seo\/ -->\n<title>COVID-19 | \u00bfEn qu\u00e9 etapa de la pandemia se encuentra el Per\u00fa?<\/title>\n<meta name=\"description\" content=\"Portal de noticias del Per\u00fa sobre el transporte a\u00e9reo, aviaci\u00f3n, turismo, hoteleria, actualidad.\" \/>\n<meta name=\"robots\" content=\"index, follow, max-snippet:-1, max-image-preview:large, max-video-preview:-1\" \/>\n<link rel=\"canonical\" href=\"https:\/\/aeronoticias.com.pe\/noticiero\/salud\/covid-19-ien-que-etapa-de-la-pandemia-se-encuentra-el-peru\/\" \/>\n<meta property=\"og:locale\" content=\"es_ES\" \/>\n<meta property=\"og:type\" content=\"article\" \/>\n<meta property=\"og:title\" content=\"COVID-19 | \u00bfEn qu\u00e9 etapa de la pandemia se encuentra el Per\u00fa?\" \/>\n<meta property=\"og:description\" content=\"Portal de noticias del Per\u00fa sobre el transporte a\u00e9reo, aviaci\u00f3n, turismo, hoteleria, actualidad.\" \/>\n<meta property=\"og:url\" content=\"https:\/\/aeronoticias.com.pe\/noticiero\/salud\/covid-19-ien-que-etapa-de-la-pandemia-se-encuentra-el-peru\/\" \/>\n<meta property=\"og:site_name\" content=\"Aeronoticias.com.pe\" \/>\n<meta property=\"article:publisher\" content=\"https:\/\/www.facebook.com\/Aeronoticias.com.pe\/\" \/>\n<meta property=\"article:published_time\" content=\"2020-05-07T18:28:00+00:00\" \/>\n<meta name=\"author\" content=\"Redacci\u00f3n Aeronoticias\" \/>\n<meta name=\"twitter:card\" content=\"summary_large_image\" \/>\n<meta name=\"twitter:creator\" content=\"@aeronoticias\" \/>\n<meta name=\"twitter:site\" content=\"@aeronoticias\" \/>\n<meta name=\"twitter:label1\" content=\"Escrito por\" \/>\n\t<meta name=\"twitter:data1\" content=\"Redacci\u00f3n Aeronoticias\" \/>\n\t<meta name=\"twitter:label2\" content=\"Tiempo de lectura\" \/>\n\t<meta name=\"twitter:data2\" content=\"2 minutos\" \/>\n<script type=\"application\/ld+json\" class=\"yoast-schema-graph\">{\"@context\":\"https:\/\/schema.org\",\"@graph\":[{\"@type\":\"WebPage\",\"@id\":\"https:\/\/aeronoticias.com.pe\/noticiero\/salud\/covid-19-ien-que-etapa-de-la-pandemia-se-encuentra-el-peru\/\",\"url\":\"https:\/\/aeronoticias.com.pe\/noticiero\/salud\/covid-19-ien-que-etapa-de-la-pandemia-se-encuentra-el-peru\/\",\"name\":\"COVID-19 | \u00bfEn qu\u00e9 etapa de la pandemia se encuentra el Per\u00fa?\",\"isPartOf\":{\"@id\":\"https:\/\/aeronoticias.com.pe\/noticiero\/#website\"},\"datePublished\":\"2020-05-07T18:28:00+00:00\",\"author\":{\"@id\":\"https:\/\/aeronoticias.com.pe\/noticiero\/#\/schema\/person\/fc1e5d578f4b62ba1cf7ac2bba1170a0\"},\"description\":\"Portal de noticias del Per\u00fa sobre el transporte a\u00e9reo, aviaci\u00f3n, turismo, hoteleria, actualidad.\",\"breadcrumb\":{\"@id\":\"https:\/\/aeronoticias.com.pe\/noticiero\/salud\/covid-19-ien-que-etapa-de-la-pandemia-se-encuentra-el-peru\/#breadcrumb\"},\"inLanguage\":\"es\",\"potentialAction\":[{\"@type\":\"ReadAction\",\"target\":[\"https:\/\/aeronoticias.com.pe\/noticiero\/salud\/covid-19-ien-que-etapa-de-la-pandemia-se-encuentra-el-peru\/\"]}]},{\"@type\":\"BreadcrumbList\",\"@id\":\"https:\/\/aeronoticias.com.pe\/noticiero\/salud\/covid-19-ien-que-etapa-de-la-pandemia-se-encuentra-el-peru\/#breadcrumb\",\"itemListElement\":[{\"@type\":\"ListItem\",\"position\":1,\"name\":\"Portada\",\"item\":\"https:\/\/aeronoticias.com.pe\/noticiero\/\"},{\"@type\":\"ListItem\",\"position\":2,\"name\":\"COVID-19 | \u00bfEn qu\u00e9 etapa de la pandemia se encuentra el Per\u00fa?\"}]},{\"@type\":\"WebSite\",\"@id\":\"https:\/\/aeronoticias.com.pe\/noticiero\/#website\",\"url\":\"https:\/\/aeronoticias.com.pe\/noticiero\/\",\"name\":\"Aeronoticias.com.pe\",\"description\":\"Noticias de tranporte aereo, turismo, hoteles, gastronomia, actualidad, internacional\",\"potentialAction\":[{\"@type\":\"SearchAction\",\"target\":{\"@type\":\"EntryPoint\",\"urlTemplate\":\"https:\/\/aeronoticias.com.pe\/noticiero\/?s={search_term_string}\"},\"query-input\":{\"@type\":\"PropertyValueSpecification\",\"valueRequired\":true,\"valueName\":\"search_term_string\"}}],\"inLanguage\":\"es\"},{\"@type\":\"Person\",\"@id\":\"https:\/\/aeronoticias.com.pe\/noticiero\/#\/schema\/person\/fc1e5d578f4b62ba1cf7ac2bba1170a0\",\"name\":\"Redacci\u00f3n Aeronoticias\",\"url\":\"https:\/\/aeronoticias.com.pe\/noticiero\/author\/piloto\/\"}]}<\/script>\n<!-- \/ Yoast SEO plugin. -->","yoast_head_json":{"title":"COVID-19 | \u00bfEn qu\u00e9 etapa de la pandemia se encuentra el Per\u00fa?","description":"Portal de noticias del Per\u00fa sobre el transporte a\u00e9reo, aviaci\u00f3n, turismo, hoteleria, actualidad.","robots":{"index":"index","follow":"follow","max-snippet":"max-snippet:-1","max-image-preview":"max-image-preview:large","max-video-preview":"max-video-preview:-1"},"canonical":"https:\/\/aeronoticias.com.pe\/noticiero\/salud\/covid-19-ien-que-etapa-de-la-pandemia-se-encuentra-el-peru\/","og_locale":"es_ES","og_type":"article","og_title":"COVID-19 | \u00bfEn qu\u00e9 etapa de la pandemia se encuentra el Per\u00fa?","og_description":"Portal de noticias del Per\u00fa sobre el transporte a\u00e9reo, aviaci\u00f3n, turismo, hoteleria, actualidad.","og_url":"https:\/\/aeronoticias.com.pe\/noticiero\/salud\/covid-19-ien-que-etapa-de-la-pandemia-se-encuentra-el-peru\/","og_site_name":"Aeronoticias.com.pe","article_publisher":"https:\/\/www.facebook.com\/Aeronoticias.com.pe\/","article_published_time":"2020-05-07T18:28:00+00:00","author":"Redacci\u00f3n Aeronoticias","twitter_card":"summary_large_image","twitter_creator":"@aeronoticias","twitter_site":"@aeronoticias","twitter_misc":{"Escrito por":"Redacci\u00f3n Aeronoticias","Tiempo de lectura":"2 minutos"},"schema":{"@context":"https:\/\/schema.org","@graph":[{"@type":"WebPage","@id":"https:\/\/aeronoticias.com.pe\/noticiero\/salud\/covid-19-ien-que-etapa-de-la-pandemia-se-encuentra-el-peru\/","url":"https:\/\/aeronoticias.com.pe\/noticiero\/salud\/covid-19-ien-que-etapa-de-la-pandemia-se-encuentra-el-peru\/","name":"COVID-19 | \u00bfEn qu\u00e9 etapa de la pandemia se encuentra el Per\u00fa?","isPartOf":{"@id":"https:\/\/aeronoticias.com.pe\/noticiero\/#website"},"datePublished":"2020-05-07T18:28:00+00:00","author":{"@id":"https:\/\/aeronoticias.com.pe\/noticiero\/#\/schema\/person\/fc1e5d578f4b62ba1cf7ac2bba1170a0"},"description":"Portal de noticias del Per\u00fa sobre el transporte a\u00e9reo, aviaci\u00f3n, turismo, hoteleria, actualidad.","breadcrumb":{"@id":"https:\/\/aeronoticias.com.pe\/noticiero\/salud\/covid-19-ien-que-etapa-de-la-pandemia-se-encuentra-el-peru\/#breadcrumb"},"inLanguage":"es","potentialAction":[{"@type":"ReadAction","target":["https:\/\/aeronoticias.com.pe\/noticiero\/salud\/covid-19-ien-que-etapa-de-la-pandemia-se-encuentra-el-peru\/"]}]},{"@type":"BreadcrumbList","@id":"https:\/\/aeronoticias.com.pe\/noticiero\/salud\/covid-19-ien-que-etapa-de-la-pandemia-se-encuentra-el-peru\/#breadcrumb","itemListElement":[{"@type":"ListItem","position":1,"name":"Portada","item":"https:\/\/aeronoticias.com.pe\/noticiero\/"},{"@type":"ListItem","position":2,"name":"COVID-19 | \u00bfEn qu\u00e9 etapa de la pandemia se encuentra el Per\u00fa?"}]},{"@type":"WebSite","@id":"https:\/\/aeronoticias.com.pe\/noticiero\/#website","url":"https:\/\/aeronoticias.com.pe\/noticiero\/","name":"Aeronoticias.com.pe","description":"Noticias de tranporte aereo, turismo, hoteles, gastronomia, actualidad, internacional","potentialAction":[{"@type":"SearchAction","target":{"@type":"EntryPoint","urlTemplate":"https:\/\/aeronoticias.com.pe\/noticiero\/?s={search_term_string}"},"query-input":{"@type":"PropertyValueSpecification","valueRequired":true,"valueName":"search_term_string"}}],"inLanguage":"es"},{"@type":"Person","@id":"https:\/\/aeronoticias.com.pe\/noticiero\/#\/schema\/person\/fc1e5d578f4b62ba1cf7ac2bba1170a0","name":"Redacci\u00f3n Aeronoticias","url":"https:\/\/aeronoticias.com.pe\/noticiero\/author\/piloto\/"}]}},"_links":{"self":[{"href":"https:\/\/aeronoticias.com.pe\/noticiero\/wp-json\/wp\/v2\/posts\/59780","targetHints":{"allow":["GET"]}}],"collection":[{"href":"https:\/\/aeronoticias.com.pe\/noticiero\/wp-json\/wp\/v2\/posts"}],"about":[{"href":"https:\/\/aeronoticias.com.pe\/noticiero\/wp-json\/wp\/v2\/types\/post"}],"author":[{"embeddable":true,"href":"https:\/\/aeronoticias.com.pe\/noticiero\/wp-json\/wp\/v2\/users\/1"}],"replies":[{"embeddable":true,"href":"https:\/\/aeronoticias.com.pe\/noticiero\/wp-json\/wp\/v2\/comments?post=59780"}],"version-history":[{"count":0,"href":"https:\/\/aeronoticias.com.pe\/noticiero\/wp-json\/wp\/v2\/posts\/59780\/revisions"}],"wp:attachment":[{"href":"https:\/\/aeronoticias.com.pe\/noticiero\/wp-json\/wp\/v2\/media?parent=59780"}],"wp:term":[{"taxonomy":"category","embeddable":true,"href":"https:\/\/aeronoticias.com.pe\/noticiero\/wp-json\/wp\/v2\/categories?post=59780"},{"taxonomy":"post_tag","embeddable":true,"href":"https:\/\/aeronoticias.com.pe\/noticiero\/wp-json\/wp\/v2\/tags?post=59780"}],"curies":[{"name":"wp","href":"https:\/\/api.w.org\/{rel}","templated":true}]}}