{"id":59781,"date":"2020-05-07T18:32:05","date_gmt":"2020-05-07T18:32:05","guid":{"rendered":"http:\/\/desarrollo.mcvicious.com\/aero2020\/2020\/05\/07\/ministro-de-defensa-es-necesario-que-se-extienda-la-cuarentena\/"},"modified":"2020-05-07T18:32:05","modified_gmt":"2020-05-07T18:32:05","slug":"ministro-de-defensa-es-necesario-que-se-extienda-la-cuarentena","status":"publish","type":"post","link":"https:\/\/aeronoticias.com.pe\/noticiero\/politica\/ministro-de-defensa-es-necesario-que-se-extienda-la-cuarentena\/","title":{"rendered":"Ministro de Defensa: \u2018Es necesario que se extienda la cuarentena\u2019"},"content":{"rendered":"<p style=\"text-align: justify;\"><strong>(Aeronoticias).- <\/strong>El ministro de Defensa, Walter Martos, asegur\u00f3 que es necesario que se extienda el asilamiento social obligatorio (cuarentena) en el pa\u00eds para frenar el avance del nuevo coronavirus (Covid-19).<\/p>\n<p style=\"text-align: justify;\">Se\u00f1al\u00f3 que en este momento los niveles de contagios a\u00fan contin\u00faan y los ciudadanos \u201ca\u00fan no han adquirido los h\u00e1bitos para convivir con el virus\u201d. \u201cEn estas condiciones, desde el punto de vista de salud y seguridad, es necesario que se extienda la cuarentena y eso estamos evaluando en el Consejo de Ministros\u201d, manifest\u00f3 a Am\u00e9rica Noticias..<\/p>\n<p style=\"text-align: justify;\">El ministro indic\u00f3 que el Gobierno eval\u00faa las condiciones sociales, de salud y econ\u00f3micas para tomar una decisi\u00f3n respecto a la posible extensi\u00f3n de la medida, la cual termina este 10 de mayo.<\/p>\n<p style=\"text-align: justify;\">\u201cTodos estos aspectos hay que evaluarlos, porque no podemos irresponsablemente levantar todas las medidas de restricci\u00f3n si sabemos que los contagios crecer\u00e1n de forma exponencial\u201d, puntualiz\u00f3. Agreg\u00f3 que el presidente Mart\u00edn Vizcarra har\u00e1 los anuncios correspondientes pr\u00f3ximamente.<\/p>\n<p style=\"text-align: justify;\">El estado de emergencia nacional rige en el pa\u00eds desde el pasado 16 de marzo. La medida implica el aislamiento y la inmovilizaci\u00f3n obligatorias a fin de prevenir la propagaci\u00f3n del COVID-19.<\/p>\n<p style=\"text-align: justify;\">Fuente: GESTION<\/p>\n<p style=\"text-align: justify;\"><img decoding=\"async\" src=\"images\/stories\/peste2.png\" border=\"0\" \/><\/p>\n","protected":false},"excerpt":{"rendered":"<p>(Aeronoticias).- El ministro de Defensa, Walter Martos, asegur\u00f3 que es necesario que se extienda el asilamiento social obligatorio (cuarentena) en el pa\u00eds para frenar el avance del nuevo coronavirus (Covid-19). Se\u00f1al\u00f3 que en este momento los niveles de contagios a\u00fan contin\u00faan y los ciudadanos \u201ca\u00fan no han adquirido los h\u00e1bitos para convivir con el virus\u201d. [&hellip;]<\/p>\n","protected":false},"author":1,"featured_media":0,"comment_status":"open","ping_status":"open","sticky":false,"template":"","format":"standard","meta":{"tdm_status":"","tdm_grid_status":"","footnotes":""},"categories":[36],"tags":[],"class_list":{"0":"post-59781","1":"post","2":"type-post","3":"status-publish","4":"format-standard","6":"category-politica"},"yoast_head":"<!-- This site is optimized with the Yoast SEO plugin v25.1 - https:\/\/yoast.com\/wordpress\/plugins\/seo\/ -->\n<title>Ministro de Defensa: \u2018Es necesario que se extienda la cuarentena\u2019<\/title>\n<meta name=\"description\" content=\"Portal de noticias del Per\u00fa sobre el transporte a\u00e9reo, aviaci\u00f3n, turismo, hoteleria, actualidad.\" \/>\n<meta name=\"robots\" content=\"index, follow, max-snippet:-1, max-image-preview:large, max-video-preview:-1\" \/>\n<link rel=\"canonical\" href=\"https:\/\/aeronoticias.com.pe\/noticiero\/politica\/ministro-de-defensa-es-necesario-que-se-extienda-la-cuarentena\/\" \/>\n<meta property=\"og:locale\" content=\"es_ES\" \/>\n<meta property=\"og:type\" content=\"article\" \/>\n<meta property=\"og:title\" content=\"Ministro de Defensa: \u2018Es necesario que se extienda la cuarentena\u2019\" \/>\n<meta property=\"og:description\" content=\"Portal de noticias del Per\u00fa sobre el transporte a\u00e9reo, aviaci\u00f3n, turismo, hoteleria, actualidad.\" \/>\n<meta property=\"og:url\" content=\"https:\/\/aeronoticias.com.pe\/noticiero\/politica\/ministro-de-defensa-es-necesario-que-se-extienda-la-cuarentena\/\" \/>\n<meta property=\"og:site_name\" content=\"Aeronoticias.com.pe\" \/>\n<meta property=\"article:publisher\" content=\"https:\/\/www.facebook.com\/Aeronoticias.com.pe\/\" \/>\n<meta property=\"article:published_time\" content=\"2020-05-07T18:32:05+00:00\" \/>\n<meta name=\"author\" content=\"Redacci\u00f3n Aeronoticias\" \/>\n<meta name=\"twitter:card\" content=\"summary_large_image\" \/>\n<meta name=\"twitter:creator\" content=\"@aeronoticias\" \/>\n<meta name=\"twitter:site\" content=\"@aeronoticias\" \/>\n<meta name=\"twitter:label1\" content=\"Escrito por\" \/>\n\t<meta name=\"twitter:data1\" content=\"Redacci\u00f3n Aeronoticias\" \/>\n\t<meta name=\"twitter:label2\" content=\"Tiempo de lectura\" \/>\n\t<meta name=\"twitter:data2\" content=\"1 minuto\" \/>\n<script type=\"application\/ld+json\" class=\"yoast-schema-graph\">{\"@context\":\"https:\/\/schema.org\",\"@graph\":[{\"@type\":\"WebPage\",\"@id\":\"https:\/\/aeronoticias.com.pe\/noticiero\/politica\/ministro-de-defensa-es-necesario-que-se-extienda-la-cuarentena\/\",\"url\":\"https:\/\/aeronoticias.com.pe\/noticiero\/politica\/ministro-de-defensa-es-necesario-que-se-extienda-la-cuarentena\/\",\"name\":\"Ministro de Defensa: \u2018Es necesario que se extienda la cuarentena\u2019\",\"isPartOf\":{\"@id\":\"https:\/\/aeronoticias.com.pe\/noticiero\/#website\"},\"datePublished\":\"2020-05-07T18:32:05+00:00\",\"author\":{\"@id\":\"https:\/\/aeronoticias.com.pe\/noticiero\/#\/schema\/person\/fc1e5d578f4b62ba1cf7ac2bba1170a0\"},\"description\":\"Portal de noticias del Per\u00fa sobre el transporte a\u00e9reo, aviaci\u00f3n, turismo, hoteleria, actualidad.\",\"breadcrumb\":{\"@id\":\"https:\/\/aeronoticias.com.pe\/noticiero\/politica\/ministro-de-defensa-es-necesario-que-se-extienda-la-cuarentena\/#breadcrumb\"},\"inLanguage\":\"es\",\"potentialAction\":[{\"@type\":\"ReadAction\",\"target\":[\"https:\/\/aeronoticias.com.pe\/noticiero\/politica\/ministro-de-defensa-es-necesario-que-se-extienda-la-cuarentena\/\"]}]},{\"@type\":\"BreadcrumbList\",\"@id\":\"https:\/\/aeronoticias.com.pe\/noticiero\/politica\/ministro-de-defensa-es-necesario-que-se-extienda-la-cuarentena\/#breadcrumb\",\"itemListElement\":[{\"@type\":\"ListItem\",\"position\":1,\"name\":\"Portada\",\"item\":\"https:\/\/aeronoticias.com.pe\/noticiero\/\"},{\"@type\":\"ListItem\",\"position\":2,\"name\":\"Ministro de Defensa: \u2018Es necesario que se extienda la cuarentena\u2019\"}]},{\"@type\":\"WebSite\",\"@id\":\"https:\/\/aeronoticias.com.pe\/noticiero\/#website\",\"url\":\"https:\/\/aeronoticias.com.pe\/noticiero\/\",\"name\":\"Aeronoticias.com.pe\",\"description\":\"Noticias de tranporte aereo, turismo, hoteles, gastronomia, actualidad, internacional\",\"potentialAction\":[{\"@type\":\"SearchAction\",\"target\":{\"@type\":\"EntryPoint\",\"urlTemplate\":\"https:\/\/aeronoticias.com.pe\/noticiero\/?s={search_term_string}\"},\"query-input\":{\"@type\":\"PropertyValueSpecification\",\"valueRequired\":true,\"valueName\":\"search_term_string\"}}],\"inLanguage\":\"es\"},{\"@type\":\"Person\",\"@id\":\"https:\/\/aeronoticias.com.pe\/noticiero\/#\/schema\/person\/fc1e5d578f4b62ba1cf7ac2bba1170a0\",\"name\":\"Redacci\u00f3n Aeronoticias\",\"url\":\"https:\/\/aeronoticias.com.pe\/noticiero\/author\/piloto\/\"}]}<\/script>\n<!-- \/ Yoast SEO plugin. -->","yoast_head_json":{"title":"Ministro de Defensa: \u2018Es necesario que se extienda la cuarentena\u2019","description":"Portal de noticias del Per\u00fa sobre el transporte a\u00e9reo, aviaci\u00f3n, turismo, hoteleria, actualidad.","robots":{"index":"index","follow":"follow","max-snippet":"max-snippet:-1","max-image-preview":"max-image-preview:large","max-video-preview":"max-video-preview:-1"},"canonical":"https:\/\/aeronoticias.com.pe\/noticiero\/politica\/ministro-de-defensa-es-necesario-que-se-extienda-la-cuarentena\/","og_locale":"es_ES","og_type":"article","og_title":"Ministro de Defensa: \u2018Es necesario que se extienda la cuarentena\u2019","og_description":"Portal de noticias del Per\u00fa sobre el transporte a\u00e9reo, aviaci\u00f3n, turismo, hoteleria, actualidad.","og_url":"https:\/\/aeronoticias.com.pe\/noticiero\/politica\/ministro-de-defensa-es-necesario-que-se-extienda-la-cuarentena\/","og_site_name":"Aeronoticias.com.pe","article_publisher":"https:\/\/www.facebook.com\/Aeronoticias.com.pe\/","article_published_time":"2020-05-07T18:32:05+00:00","author":"Redacci\u00f3n Aeronoticias","twitter_card":"summary_large_image","twitter_creator":"@aeronoticias","twitter_site":"@aeronoticias","twitter_misc":{"Escrito por":"Redacci\u00f3n Aeronoticias","Tiempo de lectura":"1 minuto"},"schema":{"@context":"https:\/\/schema.org","@graph":[{"@type":"WebPage","@id":"https:\/\/aeronoticias.com.pe\/noticiero\/politica\/ministro-de-defensa-es-necesario-que-se-extienda-la-cuarentena\/","url":"https:\/\/aeronoticias.com.pe\/noticiero\/politica\/ministro-de-defensa-es-necesario-que-se-extienda-la-cuarentena\/","name":"Ministro de Defensa: \u2018Es necesario que se extienda la cuarentena\u2019","isPartOf":{"@id":"https:\/\/aeronoticias.com.pe\/noticiero\/#website"},"datePublished":"2020-05-07T18:32:05+00:00","author":{"@id":"https:\/\/aeronoticias.com.pe\/noticiero\/#\/schema\/person\/fc1e5d578f4b62ba1cf7ac2bba1170a0"},"description":"Portal de noticias del Per\u00fa sobre el transporte a\u00e9reo, aviaci\u00f3n, turismo, hoteleria, actualidad.","breadcrumb":{"@id":"https:\/\/aeronoticias.com.pe\/noticiero\/politica\/ministro-de-defensa-es-necesario-que-se-extienda-la-cuarentena\/#breadcrumb"},"inLanguage":"es","potentialAction":[{"@type":"ReadAction","target":["https:\/\/aeronoticias.com.pe\/noticiero\/politica\/ministro-de-defensa-es-necesario-que-se-extienda-la-cuarentena\/"]}]},{"@type":"BreadcrumbList","@id":"https:\/\/aeronoticias.com.pe\/noticiero\/politica\/ministro-de-defensa-es-necesario-que-se-extienda-la-cuarentena\/#breadcrumb","itemListElement":[{"@type":"ListItem","position":1,"name":"Portada","item":"https:\/\/aeronoticias.com.pe\/noticiero\/"},{"@type":"ListItem","position":2,"name":"Ministro de Defensa: \u2018Es necesario que se extienda la cuarentena\u2019"}]},{"@type":"WebSite","@id":"https:\/\/aeronoticias.com.pe\/noticiero\/#website","url":"https:\/\/aeronoticias.com.pe\/noticiero\/","name":"Aeronoticias.com.pe","description":"Noticias de tranporte aereo, turismo, hoteles, gastronomia, actualidad, internacional","potentialAction":[{"@type":"SearchAction","target":{"@type":"EntryPoint","urlTemplate":"https:\/\/aeronoticias.com.pe\/noticiero\/?s={search_term_string}"},"query-input":{"@type":"PropertyValueSpecification","valueRequired":true,"valueName":"search_term_string"}}],"inLanguage":"es"},{"@type":"Person","@id":"https:\/\/aeronoticias.com.pe\/noticiero\/#\/schema\/person\/fc1e5d578f4b62ba1cf7ac2bba1170a0","name":"Redacci\u00f3n Aeronoticias","url":"https:\/\/aeronoticias.com.pe\/noticiero\/author\/piloto\/"}]}},"_links":{"self":[{"href":"https:\/\/aeronoticias.com.pe\/noticiero\/wp-json\/wp\/v2\/posts\/59781","targetHints":{"allow":["GET"]}}],"collection":[{"href":"https:\/\/aeronoticias.com.pe\/noticiero\/wp-json\/wp\/v2\/posts"}],"about":[{"href":"https:\/\/aeronoticias.com.pe\/noticiero\/wp-json\/wp\/v2\/types\/post"}],"author":[{"embeddable":true,"href":"https:\/\/aeronoticias.com.pe\/noticiero\/wp-json\/wp\/v2\/users\/1"}],"replies":[{"embeddable":true,"href":"https:\/\/aeronoticias.com.pe\/noticiero\/wp-json\/wp\/v2\/comments?post=59781"}],"version-history":[{"count":0,"href":"https:\/\/aeronoticias.com.pe\/noticiero\/wp-json\/wp\/v2\/posts\/59781\/revisions"}],"wp:attachment":[{"href":"https:\/\/aeronoticias.com.pe\/noticiero\/wp-json\/wp\/v2\/media?parent=59781"}],"wp:term":[{"taxonomy":"category","embeddable":true,"href":"https:\/\/aeronoticias.com.pe\/noticiero\/wp-json\/wp\/v2\/categories?post=59781"},{"taxonomy":"post_tag","embeddable":true,"href":"https:\/\/aeronoticias.com.pe\/noticiero\/wp-json\/wp\/v2\/tags?post=59781"}],"curies":[{"name":"wp","href":"https:\/\/api.w.org\/{rel}","templated":true}]}}