{"id":59782,"date":"2020-05-07T18:35:40","date_gmt":"2020-05-07T18:35:40","guid":{"rendered":"http:\/\/desarrollo.mcvicious.com\/aero2020\/2020\/05\/07\/brasil-se-perfila-como-el-proximo-epicentro-mundial-de-la-pandemia\/"},"modified":"2020-05-07T18:35:40","modified_gmt":"2020-05-07T18:35:40","slug":"brasil-se-perfila-como-el-proximo-epicentro-mundial-de-la-pandemia","status":"publish","type":"post","link":"https:\/\/aeronoticias.com.pe\/noticiero\/internacionales\/brasil-se-perfila-como-el-proximo-epicentro-mundial-de-la-pandemia\/","title":{"rendered":"Brasil se perfila como el pr\u00f3ximo epicentro mundial de la pandemia"},"content":{"rendered":"<p style=\"text-align: justify;\"><strong>(Aeronoticias).- <\/strong>Brasil registr\u00f3 este mi\u00e9rcoles por segundo d\u00eda consecutivo m\u00e1s de 600 nuevos fallecidos, con lo que las muertes se elevan a 8.536 y los contagios a m\u00e1s de 125.000, seg\u00fan el Ministerio de Salud. El 42% de los diagnosticados se consideran curados. El secretario de Vigilancia Sanitaria del ministerio, Wanderson de Oliveira, reconoci\u00f3 al presentar el bolet\u00edn diario que persisten los problemas cr\u00f3nicos desde el comienzo de la crisis del coronavirus: no realizan test suficientes, hay un cuello de botella para procesar los an\u00e1lisis y tampoco logran centralizar los resultados de los test r\u00e1pidos para incluir los realizados por los Estados y la red sanitaria privada.<\/p>\n<p style=\"text-align: justify;\">\u201cA\u00fan no se puede decir cu\u00e1ndo llegar\u00e1 el pico de la crisis. Ser\u00e1 entre mayo, junio y julio, no tengo dudas. El aislamiento social reduce la curva de casos\u201d, dijo el secretario, que subray\u00f3 la diferencia del impacto entre los Estados. Dos estudios reci\u00e9n publicados \u2014uno de investigadores brasile\u00f1os con la Universidad Johns Hopkins, y otro de investigadores tambi\u00e9n brasile\u00f1os con la de Oxford\u2014 indican que Brasil ser\u00e1 el nuevo epicentro global de la pandemia. En un estudio a\u00fan no revisado por otros cient\u00edficos, varios investigadores brasile\u00f1os y brit\u00e1nicos compararon las curvas epid\u00e9micas de Brasil y de Estados Unidos (actual epicentro) y vieron que las tasas de mortalidad siguen un aumento exponencial similar al de EE UU. Por eso estiman que las muertes puedan alcanzar las 64.310 hasta el 9 de junio en el escenario m\u00e1s pesimista, y las 31.384, en el m\u00e1s optimista.<\/p>\n<p style=\"text-align: justify;\">Las proyecciones en colaboraci\u00f3n con Johns Hopkins se\u00f1alan que los casos en Brasil pueden alcanzar los 1,6 millones, m\u00e1s que los 1,1 millones de casos estadounidenses detectados. El estudio destaca la demora en la notificaci\u00f3n de casos en el pa\u00eds como la raz\u00f3n por la que las cifras oficiales a\u00fan no son tan altas: Brasil realiz\u00f3 cerca de 1.600 test por cada mill\u00f3n de habitantes, mientras que EE UU administra 20.200, y algunos pa\u00edses europeos rondan los 30.000. El secretario tambi\u00e9n admiti\u00f3 que hay m\u00e1s de 90.000 test para covid-19 en cola esperando a ser procesados. Adem\u00e1s, los resultados de cerca de los 100.000 realizados en laboratorios privados no se est\u00e1n compartiendo con el Gobierno, ni tampoco los datos de test r\u00e1pidos estatales.<\/p>\n<p style=\"text-align: justify;\"><strong>Confinamiento total<\/strong><\/p>\n<p style=\"text-align: justify;\">Ante el avance de la epidemia, algunos Estados y ayuntamientos est\u00e1n endureciendo las cuarentenas. Desde este martes, S\u00e3o Lu\u00eds, capital de Maranh\u00e3o, fue la primera ciudad en cerrar todo salvo los servicios esenciales. El Gobierno de Cear\u00e1 y el Ayuntamiento de la capital, Fortaleza, aplicar\u00e1n m\u00e1s restricciones a partir del viernes pr\u00f3ximo y ser\u00e1 obligatorio el uso de mascarillas. \u201cEl momento que vivimos es grave\u201d, alert\u00f3 el alcalde Roberto Cl\u00e1udio. Fortaleza concentra casi el 75% de los casos del Estado. \u201cA pesar del gran esfuerzo de facilitar nuevas camas de hospital todos los d\u00edas, la velocidad de propagaci\u00f3n de la enfermedad es mucho m\u00e1s alta que la capacidad de los poderes p\u00fablicos en este momento\u201d, apostill\u00f3 el alcalde.<\/p>\n<p style=\"text-align: justify;\">La circulaci\u00f3n de personas y autom\u00f3viles en \u00e1reas p\u00fablicas (como playas, paseos mar\u00edtimos y parques) ser\u00e1 \u201cpermitida solo con la debida justificaci\u00f3n, como para realizar un servicio esencial. Tambi\u00e9n se controlar\u00e1n las entradas y salidas de la ciudad\u00bb, explic\u00f3 el gobernador, Camilo Santana, que prorrog\u00f3 el decreto estatal de aislamiento social 15 d\u00edas m\u00e1s. Seg\u00fan \u00e9l, el Estado ven\u00eda presentando uno de los \u00edndices m\u00e1s bajos de cumplimiento de las medidas de aislamiento y un incremento de casos y fallecidos. El gobernador a\u00f1adi\u00f3 que se han creado 1.500 nuevas camas de hospital en Cear\u00e1 (un aumento del 63% en el sistema hospitalario). \u201cIncluso con todo este esfuerzo, nuestro sistema sanitario ha llegado al l\u00edmite. Por eso tendremos medidas m\u00e1s r\u00edgidas. Quiero hacer un llamamiento a la poblaci\u00f3n para que cumpla el aislamiento social. Es la principal medida para reducir los efectos de esta pandemia, que mata a la gente\u201d, afirm\u00f3.<\/p>\n<p style=\"text-align: justify;\">En el Estado de Par\u00e1, el gobernador, Helder Barbalho, tambi\u00e9n anunci\u00f3 medidas de bloqueo total en 10 municipios, donde la circulaci\u00f3n de personas se limitar\u00e1, y solo operar\u00e1n los servicios esenciales. Un repunte de casos por encima de la media nacional ha provocado que en Bel\u00e9m, la capital, y en otras ciudades se hayan desbordado los sistemas sanitario y funerario. \u201cQuienes vayan a comprar algo cerca de casa o a trabajar tendr\u00e1n que llevar un carnet con foto o un documento acreditativo de trabajo, ya que cortaremos carreteras y haremos controles en las calles. Y a quienes no lleven m\u00e1scara tambi\u00e9n se les prohibir\u00e1 circular\u201d, dijo.<\/p>\n<p style=\"text-align: justify;\">Mientras tanto, el presidente Jair Bolsonaro y los sectores ligados a \u00e9l siguen haciendo campa\u00f1a contra el aislamiento, afirmando, sin ning\u00fan sustento, que no sirven para desacelerar los contagios.<\/p>\n<p style=\"text-align: justify;\">Fuente: El pais<\/p>\n<p style=\"text-align: justify;\">\u00a0<\/p>\n<p style=\"text-align: justify;\"><img decoding=\"async\" src=\"images\/stories\/doctoresss.png\" border=\"0\" \/><\/p>\n","protected":false},"excerpt":{"rendered":"<p>(Aeronoticias).- Brasil registr\u00f3 este mi\u00e9rcoles por segundo d\u00eda consecutivo m\u00e1s de 600 nuevos fallecidos, con lo que las muertes se elevan a 8.536 y los contagios a m\u00e1s de 125.000, seg\u00fan el Ministerio de Salud. El 42% de los diagnosticados se consideran curados. El secretario de Vigilancia Sanitaria del ministerio, Wanderson de Oliveira, reconoci\u00f3 al [&hellip;]<\/p>\n","protected":false},"author":1,"featured_media":0,"comment_status":"open","ping_status":"open","sticky":false,"template":"","format":"standard","meta":{"tdm_status":"","tdm_grid_status":"","footnotes":""},"categories":[34],"tags":[],"class_list":{"0":"post-59782","1":"post","2":"type-post","3":"status-publish","4":"format-standard","6":"category-internacionales"},"yoast_head":"<!-- This site is optimized with the Yoast SEO plugin v25.1 - https:\/\/yoast.com\/wordpress\/plugins\/seo\/ -->\n<title>Brasil se perfila como el pr\u00f3ximo epicentro mundial de la pandemia<\/title>\n<meta name=\"description\" content=\"Portal de noticias del Per\u00fa sobre el transporte a\u00e9reo, aviaci\u00f3n, turismo, hoteleria, actualidad.\" \/>\n<meta name=\"robots\" content=\"index, follow, max-snippet:-1, max-image-preview:large, max-video-preview:-1\" \/>\n<link rel=\"canonical\" href=\"https:\/\/aeronoticias.com.pe\/noticiero\/internacionales\/brasil-se-perfila-como-el-proximo-epicentro-mundial-de-la-pandemia\/\" \/>\n<meta property=\"og:locale\" content=\"es_ES\" \/>\n<meta property=\"og:type\" content=\"article\" \/>\n<meta property=\"og:title\" content=\"Brasil se perfila como el pr\u00f3ximo epicentro mundial de la pandemia\" \/>\n<meta property=\"og:description\" content=\"Portal de noticias del Per\u00fa sobre el transporte a\u00e9reo, aviaci\u00f3n, turismo, hoteleria, actualidad.\" \/>\n<meta property=\"og:url\" content=\"https:\/\/aeronoticias.com.pe\/noticiero\/internacionales\/brasil-se-perfila-como-el-proximo-epicentro-mundial-de-la-pandemia\/\" \/>\n<meta property=\"og:site_name\" content=\"Aeronoticias.com.pe\" \/>\n<meta property=\"article:publisher\" content=\"https:\/\/www.facebook.com\/Aeronoticias.com.pe\/\" \/>\n<meta property=\"article:published_time\" content=\"2020-05-07T18:35:40+00:00\" \/>\n<meta name=\"author\" content=\"Redacci\u00f3n Aeronoticias\" \/>\n<meta name=\"twitter:card\" content=\"summary_large_image\" \/>\n<meta name=\"twitter:creator\" content=\"@aeronoticias\" \/>\n<meta name=\"twitter:site\" content=\"@aeronoticias\" \/>\n<meta name=\"twitter:label1\" content=\"Escrito por\" \/>\n\t<meta name=\"twitter:data1\" content=\"Redacci\u00f3n Aeronoticias\" \/>\n\t<meta name=\"twitter:label2\" content=\"Tiempo de lectura\" \/>\n\t<meta name=\"twitter:data2\" content=\"4 minutos\" \/>\n<script type=\"application\/ld+json\" class=\"yoast-schema-graph\">{\"@context\":\"https:\/\/schema.org\",\"@graph\":[{\"@type\":\"WebPage\",\"@id\":\"https:\/\/aeronoticias.com.pe\/noticiero\/internacionales\/brasil-se-perfila-como-el-proximo-epicentro-mundial-de-la-pandemia\/\",\"url\":\"https:\/\/aeronoticias.com.pe\/noticiero\/internacionales\/brasil-se-perfila-como-el-proximo-epicentro-mundial-de-la-pandemia\/\",\"name\":\"Brasil se perfila como el pr\u00f3ximo epicentro mundial de la pandemia\",\"isPartOf\":{\"@id\":\"https:\/\/aeronoticias.com.pe\/noticiero\/#website\"},\"datePublished\":\"2020-05-07T18:35:40+00:00\",\"author\":{\"@id\":\"https:\/\/aeronoticias.com.pe\/noticiero\/#\/schema\/person\/fc1e5d578f4b62ba1cf7ac2bba1170a0\"},\"description\":\"Portal de noticias del Per\u00fa sobre el transporte a\u00e9reo, aviaci\u00f3n, turismo, hoteleria, actualidad.\",\"breadcrumb\":{\"@id\":\"https:\/\/aeronoticias.com.pe\/noticiero\/internacionales\/brasil-se-perfila-como-el-proximo-epicentro-mundial-de-la-pandemia\/#breadcrumb\"},\"inLanguage\":\"es\",\"potentialAction\":[{\"@type\":\"ReadAction\",\"target\":[\"https:\/\/aeronoticias.com.pe\/noticiero\/internacionales\/brasil-se-perfila-como-el-proximo-epicentro-mundial-de-la-pandemia\/\"]}]},{\"@type\":\"BreadcrumbList\",\"@id\":\"https:\/\/aeronoticias.com.pe\/noticiero\/internacionales\/brasil-se-perfila-como-el-proximo-epicentro-mundial-de-la-pandemia\/#breadcrumb\",\"itemListElement\":[{\"@type\":\"ListItem\",\"position\":1,\"name\":\"Portada\",\"item\":\"https:\/\/aeronoticias.com.pe\/noticiero\/\"},{\"@type\":\"ListItem\",\"position\":2,\"name\":\"Brasil se perfila como el pr\u00f3ximo epicentro mundial de la pandemia\"}]},{\"@type\":\"WebSite\",\"@id\":\"https:\/\/aeronoticias.com.pe\/noticiero\/#website\",\"url\":\"https:\/\/aeronoticias.com.pe\/noticiero\/\",\"name\":\"Aeronoticias.com.pe\",\"description\":\"Noticias de tranporte aereo, turismo, hoteles, gastronomia, actualidad, internacional\",\"potentialAction\":[{\"@type\":\"SearchAction\",\"target\":{\"@type\":\"EntryPoint\",\"urlTemplate\":\"https:\/\/aeronoticias.com.pe\/noticiero\/?s={search_term_string}\"},\"query-input\":{\"@type\":\"PropertyValueSpecification\",\"valueRequired\":true,\"valueName\":\"search_term_string\"}}],\"inLanguage\":\"es\"},{\"@type\":\"Person\",\"@id\":\"https:\/\/aeronoticias.com.pe\/noticiero\/#\/schema\/person\/fc1e5d578f4b62ba1cf7ac2bba1170a0\",\"name\":\"Redacci\u00f3n Aeronoticias\",\"url\":\"https:\/\/aeronoticias.com.pe\/noticiero\/author\/piloto\/\"}]}<\/script>\n<!-- \/ Yoast SEO plugin. -->","yoast_head_json":{"title":"Brasil se perfila como el pr\u00f3ximo epicentro mundial de la pandemia","description":"Portal de noticias del Per\u00fa sobre el transporte a\u00e9reo, aviaci\u00f3n, turismo, hoteleria, actualidad.","robots":{"index":"index","follow":"follow","max-snippet":"max-snippet:-1","max-image-preview":"max-image-preview:large","max-video-preview":"max-video-preview:-1"},"canonical":"https:\/\/aeronoticias.com.pe\/noticiero\/internacionales\/brasil-se-perfila-como-el-proximo-epicentro-mundial-de-la-pandemia\/","og_locale":"es_ES","og_type":"article","og_title":"Brasil se perfila como el pr\u00f3ximo epicentro mundial de la pandemia","og_description":"Portal de noticias del Per\u00fa sobre el transporte a\u00e9reo, aviaci\u00f3n, turismo, hoteleria, actualidad.","og_url":"https:\/\/aeronoticias.com.pe\/noticiero\/internacionales\/brasil-se-perfila-como-el-proximo-epicentro-mundial-de-la-pandemia\/","og_site_name":"Aeronoticias.com.pe","article_publisher":"https:\/\/www.facebook.com\/Aeronoticias.com.pe\/","article_published_time":"2020-05-07T18:35:40+00:00","author":"Redacci\u00f3n Aeronoticias","twitter_card":"summary_large_image","twitter_creator":"@aeronoticias","twitter_site":"@aeronoticias","twitter_misc":{"Escrito por":"Redacci\u00f3n Aeronoticias","Tiempo de lectura":"4 minutos"},"schema":{"@context":"https:\/\/schema.org","@graph":[{"@type":"WebPage","@id":"https:\/\/aeronoticias.com.pe\/noticiero\/internacionales\/brasil-se-perfila-como-el-proximo-epicentro-mundial-de-la-pandemia\/","url":"https:\/\/aeronoticias.com.pe\/noticiero\/internacionales\/brasil-se-perfila-como-el-proximo-epicentro-mundial-de-la-pandemia\/","name":"Brasil se perfila como el pr\u00f3ximo epicentro mundial de la pandemia","isPartOf":{"@id":"https:\/\/aeronoticias.com.pe\/noticiero\/#website"},"datePublished":"2020-05-07T18:35:40+00:00","author":{"@id":"https:\/\/aeronoticias.com.pe\/noticiero\/#\/schema\/person\/fc1e5d578f4b62ba1cf7ac2bba1170a0"},"description":"Portal de noticias del Per\u00fa sobre el transporte a\u00e9reo, aviaci\u00f3n, turismo, hoteleria, actualidad.","breadcrumb":{"@id":"https:\/\/aeronoticias.com.pe\/noticiero\/internacionales\/brasil-se-perfila-como-el-proximo-epicentro-mundial-de-la-pandemia\/#breadcrumb"},"inLanguage":"es","potentialAction":[{"@type":"ReadAction","target":["https:\/\/aeronoticias.com.pe\/noticiero\/internacionales\/brasil-se-perfila-como-el-proximo-epicentro-mundial-de-la-pandemia\/"]}]},{"@type":"BreadcrumbList","@id":"https:\/\/aeronoticias.com.pe\/noticiero\/internacionales\/brasil-se-perfila-como-el-proximo-epicentro-mundial-de-la-pandemia\/#breadcrumb","itemListElement":[{"@type":"ListItem","position":1,"name":"Portada","item":"https:\/\/aeronoticias.com.pe\/noticiero\/"},{"@type":"ListItem","position":2,"name":"Brasil se perfila como el pr\u00f3ximo epicentro mundial de la pandemia"}]},{"@type":"WebSite","@id":"https:\/\/aeronoticias.com.pe\/noticiero\/#website","url":"https:\/\/aeronoticias.com.pe\/noticiero\/","name":"Aeronoticias.com.pe","description":"Noticias de tranporte aereo, turismo, hoteles, gastronomia, actualidad, internacional","potentialAction":[{"@type":"SearchAction","target":{"@type":"EntryPoint","urlTemplate":"https:\/\/aeronoticias.com.pe\/noticiero\/?s={search_term_string}"},"query-input":{"@type":"PropertyValueSpecification","valueRequired":true,"valueName":"search_term_string"}}],"inLanguage":"es"},{"@type":"Person","@id":"https:\/\/aeronoticias.com.pe\/noticiero\/#\/schema\/person\/fc1e5d578f4b62ba1cf7ac2bba1170a0","name":"Redacci\u00f3n Aeronoticias","url":"https:\/\/aeronoticias.com.pe\/noticiero\/author\/piloto\/"}]}},"_links":{"self":[{"href":"https:\/\/aeronoticias.com.pe\/noticiero\/wp-json\/wp\/v2\/posts\/59782","targetHints":{"allow":["GET"]}}],"collection":[{"href":"https:\/\/aeronoticias.com.pe\/noticiero\/wp-json\/wp\/v2\/posts"}],"about":[{"href":"https:\/\/aeronoticias.com.pe\/noticiero\/wp-json\/wp\/v2\/types\/post"}],"author":[{"embeddable":true,"href":"https:\/\/aeronoticias.com.pe\/noticiero\/wp-json\/wp\/v2\/users\/1"}],"replies":[{"embeddable":true,"href":"https:\/\/aeronoticias.com.pe\/noticiero\/wp-json\/wp\/v2\/comments?post=59782"}],"version-history":[{"count":0,"href":"https:\/\/aeronoticias.com.pe\/noticiero\/wp-json\/wp\/v2\/posts\/59782\/revisions"}],"wp:attachment":[{"href":"https:\/\/aeronoticias.com.pe\/noticiero\/wp-json\/wp\/v2\/media?parent=59782"}],"wp:term":[{"taxonomy":"category","embeddable":true,"href":"https:\/\/aeronoticias.com.pe\/noticiero\/wp-json\/wp\/v2\/categories?post=59782"},{"taxonomy":"post_tag","embeddable":true,"href":"https:\/\/aeronoticias.com.pe\/noticiero\/wp-json\/wp\/v2\/tags?post=59782"}],"curies":[{"name":"wp","href":"https:\/\/api.w.org\/{rel}","templated":true}]}}