{"id":59784,"date":"2020-05-07T23:08:09","date_gmt":"2020-05-07T23:08:09","guid":{"rendered":"http:\/\/desarrollo.mcvicious.com\/aero2020\/2020\/05\/07\/copa-airlines-planea-retirar-flota-de-aviones-boeing-737-700\/"},"modified":"2020-09-24T23:40:17","modified_gmt":"2020-09-24T23:40:17","slug":"copa-airlines-planea-retirar-flota-de-aviones-boeing-737-700","status":"publish","type":"post","link":"https:\/\/aeronoticias.com.pe\/noticiero\/transporte-aereo\/internacional\/copa-airlines-planea-retirar-flota-de-aviones-boeing-737-700\/","title":{"rendered":"Copa Airlines planea retirar flota de aviones Boeing 737-700"},"content":{"rendered":"\n<p>La aerol\u00ednea paname\u00f1a <strong>Copa Airlines<\/strong> dijo el jueves que est\u00e1 planeando retirar su flota de 14 aviones Boeing 737-700 NG por la crisis del coronavirus.<\/p>\n\n\n\n<p class=\"p1\">Copa dijo que, en lugar de estos modelos m\u00e1s antiguos, se centrar\u00e1 en una flota m\u00e1s reducida compuesta sobre todo por sus Boeing 737-800 NG.<\/p>\n\n\n\n<p class=\"p1\">La aerol\u00ednea latinoamericana tiene tambi\u00e9n algunos Boeing 737 MAX 9 nuevos, pero llevan paralizados desde el a\u00f1o pasado en todo el mundo, tras sufrir dos accidentes mortales.<\/p>\n\n\n\n<p class=\"p1\">Fuente: <span style=\"text-decoration: underline;\"><em><strong>Reuters.<\/strong><\/em><\/span><\/p>\n","protected":false},"excerpt":{"rendered":"<p>La aerol\u00ednea paname\u00f1a Copa Airlines dijo el jueves que est\u00e1 planeando retirar su flota de 14 aviones Boeing 737-700 NG por la crisis del coronavirus. Copa dijo que, en lugar de estos modelos m\u00e1s antiguos, se centrar\u00e1 en una flota m\u00e1s reducida compuesta sobre todo por sus Boeing 737-800 NG. La aerol\u00ednea latinoamericana tiene tambi\u00e9n [&hellip;]<\/p>\n","protected":false},"author":1,"featured_media":63144,"comment_status":"open","ping_status":"open","sticky":false,"template":"","format":"standard","meta":{"tdm_status":"","tdm_grid_status":"","footnotes":""},"categories":[32,11],"tags":[393,114,163,110],"class_list":{"0":"post-59784","1":"post","2":"type-post","3":"status-publish","4":"format-standard","5":"has-post-thumbnail","7":"category-internacional","8":"category-transporte-aereo","9":"tag-boeing-737-700","10":"tag-copa-airlines","11":"tag-coronavirus","12":"tag-covid-19"},"yoast_head":"<!-- This site is optimized with the Yoast SEO plugin v25.1 - https:\/\/yoast.com\/wordpress\/plugins\/seo\/ -->\n<title>Copa Airlines planea retirar flota de aviones Boeing 737-700<\/title>\n<meta name=\"description\" content=\"La aerol\u00ednea paname\u00f1a Copa Airlines dijo el jueves que est\u00e1 planeando retirar su flota de 14 aviones Boeing 737-700 NG por la crisis del coronavirus.\" \/>\n<meta name=\"robots\" content=\"index, follow, max-snippet:-1, max-image-preview:large, max-video-preview:-1\" \/>\n<link rel=\"canonical\" href=\"https:\/\/aeronoticias.com.pe\/noticiero\/transporte-aereo\/internacional\/copa-airlines-planea-retirar-flota-de-aviones-boeing-737-700\/\" \/>\n<meta property=\"og:locale\" content=\"es_ES\" \/>\n<meta property=\"og:type\" content=\"article\" \/>\n<meta property=\"og:title\" content=\"Copa Airlines planea retirar flota de aviones Boeing 737-700\" \/>\n<meta property=\"og:description\" content=\"La aerol\u00ednea paname\u00f1a Copa Airlines dijo el jueves que est\u00e1 planeando retirar su flota de 14 aviones Boeing 737-700 NG por la crisis del coronavirus.\" \/>\n<meta property=\"og:url\" content=\"https:\/\/aeronoticias.com.pe\/noticiero\/transporte-aereo\/internacional\/copa-airlines-planea-retirar-flota-de-aviones-boeing-737-700\/\" \/>\n<meta property=\"og:site_name\" content=\"Aeronoticias.com.pe\" \/>\n<meta property=\"article:publisher\" content=\"https:\/\/www.facebook.com\/Aeronoticias.com.pe\/\" \/>\n<meta property=\"article:published_time\" content=\"2020-05-07T23:08:09+00:00\" \/>\n<meta property=\"article:modified_time\" content=\"2020-09-24T23:40:17+00:00\" \/>\n<meta property=\"og:image\" content=\"https:\/\/aeronoticias.com.pe\/noticiero\/wp-content\/uploads\/2020\/05\/Copa_Airlines.png\" \/>\n\t<meta property=\"og:image:width\" content=\"837\" \/>\n\t<meta property=\"og:image:height\" content=\"560\" \/>\n\t<meta property=\"og:image:type\" content=\"image\/png\" \/>\n<meta name=\"author\" content=\"Redacci\u00f3n Aeronoticias\" \/>\n<meta name=\"twitter:card\" content=\"summary_large_image\" \/>\n<meta name=\"twitter:creator\" content=\"@aeronoticias\" \/>\n<meta name=\"twitter:site\" content=\"@aeronoticias\" \/>\n<meta name=\"twitter:label1\" content=\"Escrito por\" \/>\n\t<meta name=\"twitter:data1\" content=\"Redacci\u00f3n Aeronoticias\" \/>\n<script type=\"application\/ld+json\" class=\"yoast-schema-graph\">{\"@context\":\"https:\/\/schema.org\",\"@graph\":[{\"@type\":\"WebPage\",\"@id\":\"https:\/\/aeronoticias.com.pe\/noticiero\/transporte-aereo\/internacional\/copa-airlines-planea-retirar-flota-de-aviones-boeing-737-700\/\",\"url\":\"https:\/\/aeronoticias.com.pe\/noticiero\/transporte-aereo\/internacional\/copa-airlines-planea-retirar-flota-de-aviones-boeing-737-700\/\",\"name\":\"Copa Airlines planea retirar flota de aviones Boeing 737-700\",\"isPartOf\":{\"@id\":\"https:\/\/aeronoticias.com.pe\/noticiero\/#website\"},\"primaryImageOfPage\":{\"@id\":\"https:\/\/aeronoticias.com.pe\/noticiero\/transporte-aereo\/internacional\/copa-airlines-planea-retirar-flota-de-aviones-boeing-737-700\/#primaryimage\"},\"image\":{\"@id\":\"https:\/\/aeronoticias.com.pe\/noticiero\/transporte-aereo\/internacional\/copa-airlines-planea-retirar-flota-de-aviones-boeing-737-700\/#primaryimage\"},\"thumbnailUrl\":\"https:\/\/aeronoticias.com.pe\/noticiero\/wp-content\/uploads\/2020\/05\/Copa_Airlines.png\",\"datePublished\":\"2020-05-07T23:08:09+00:00\",\"dateModified\":\"2020-09-24T23:40:17+00:00\",\"author\":{\"@id\":\"https:\/\/aeronoticias.com.pe\/noticiero\/#\/schema\/person\/fc1e5d578f4b62ba1cf7ac2bba1170a0\"},\"description\":\"La aerol\u00ednea paname\u00f1a Copa Airlines dijo el jueves que est\u00e1 planeando retirar su flota de 14 aviones Boeing 737-700 NG por la crisis del coronavirus.\",\"breadcrumb\":{\"@id\":\"https:\/\/aeronoticias.com.pe\/noticiero\/transporte-aereo\/internacional\/copa-airlines-planea-retirar-flota-de-aviones-boeing-737-700\/#breadcrumb\"},\"inLanguage\":\"es\",\"potentialAction\":[{\"@type\":\"ReadAction\",\"target\":[\"https:\/\/aeronoticias.com.pe\/noticiero\/transporte-aereo\/internacional\/copa-airlines-planea-retirar-flota-de-aviones-boeing-737-700\/\"]}]},{\"@type\":\"ImageObject\",\"inLanguage\":\"es\",\"@id\":\"https:\/\/aeronoticias.com.pe\/noticiero\/transporte-aereo\/internacional\/copa-airlines-planea-retirar-flota-de-aviones-boeing-737-700\/#primaryimage\",\"url\":\"https:\/\/aeronoticias.com.pe\/noticiero\/wp-content\/uploads\/2020\/05\/Copa_Airlines.png\",\"contentUrl\":\"https:\/\/aeronoticias.com.pe\/noticiero\/wp-content\/uploads\/2020\/05\/Copa_Airlines.png\",\"width\":837,\"height\":560},{\"@type\":\"BreadcrumbList\",\"@id\":\"https:\/\/aeronoticias.com.pe\/noticiero\/transporte-aereo\/internacional\/copa-airlines-planea-retirar-flota-de-aviones-boeing-737-700\/#breadcrumb\",\"itemListElement\":[{\"@type\":\"ListItem\",\"position\":1,\"name\":\"Portada\",\"item\":\"https:\/\/aeronoticias.com.pe\/noticiero\/\"},{\"@type\":\"ListItem\",\"position\":2,\"name\":\"Copa Airlines planea retirar flota de aviones Boeing 737-700\"}]},{\"@type\":\"WebSite\",\"@id\":\"https:\/\/aeronoticias.com.pe\/noticiero\/#website\",\"url\":\"https:\/\/aeronoticias.com.pe\/noticiero\/\",\"name\":\"Aeronoticias.com.pe\",\"description\":\"Noticias de tranporte aereo, turismo, hoteles, gastronomia, actualidad, internacional\",\"potentialAction\":[{\"@type\":\"SearchAction\",\"target\":{\"@type\":\"EntryPoint\",\"urlTemplate\":\"https:\/\/aeronoticias.com.pe\/noticiero\/?s={search_term_string}\"},\"query-input\":{\"@type\":\"PropertyValueSpecification\",\"valueRequired\":true,\"valueName\":\"search_term_string\"}}],\"inLanguage\":\"es\"},{\"@type\":\"Person\",\"@id\":\"https:\/\/aeronoticias.com.pe\/noticiero\/#\/schema\/person\/fc1e5d578f4b62ba1cf7ac2bba1170a0\",\"name\":\"Redacci\u00f3n Aeronoticias\",\"url\":\"https:\/\/aeronoticias.com.pe\/noticiero\/author\/piloto\/\"}]}<\/script>\n<!-- \/ Yoast SEO plugin. -->","yoast_head_json":{"title":"Copa Airlines planea retirar flota de aviones Boeing 737-700","description":"La aerol\u00ednea paname\u00f1a Copa Airlines dijo el jueves que est\u00e1 planeando retirar su flota de 14 aviones Boeing 737-700 NG por la crisis del coronavirus.","robots":{"index":"index","follow":"follow","max-snippet":"max-snippet:-1","max-image-preview":"max-image-preview:large","max-video-preview":"max-video-preview:-1"},"canonical":"https:\/\/aeronoticias.com.pe\/noticiero\/transporte-aereo\/internacional\/copa-airlines-planea-retirar-flota-de-aviones-boeing-737-700\/","og_locale":"es_ES","og_type":"article","og_title":"Copa Airlines planea retirar flota de aviones Boeing 737-700","og_description":"La aerol\u00ednea paname\u00f1a Copa Airlines dijo el jueves que est\u00e1 planeando retirar su flota de 14 aviones Boeing 737-700 NG por la crisis del coronavirus.","og_url":"https:\/\/aeronoticias.com.pe\/noticiero\/transporte-aereo\/internacional\/copa-airlines-planea-retirar-flota-de-aviones-boeing-737-700\/","og_site_name":"Aeronoticias.com.pe","article_publisher":"https:\/\/www.facebook.com\/Aeronoticias.com.pe\/","article_published_time":"2020-05-07T23:08:09+00:00","article_modified_time":"2020-09-24T23:40:17+00:00","og_image":[{"width":837,"height":560,"url":"https:\/\/aeronoticias.com.pe\/noticiero\/wp-content\/uploads\/2020\/05\/Copa_Airlines.png","type":"image\/png"}],"author":"Redacci\u00f3n Aeronoticias","twitter_card":"summary_large_image","twitter_creator":"@aeronoticias","twitter_site":"@aeronoticias","twitter_misc":{"Escrito por":"Redacci\u00f3n Aeronoticias"},"schema":{"@context":"https:\/\/schema.org","@graph":[{"@type":"WebPage","@id":"https:\/\/aeronoticias.com.pe\/noticiero\/transporte-aereo\/internacional\/copa-airlines-planea-retirar-flota-de-aviones-boeing-737-700\/","url":"https:\/\/aeronoticias.com.pe\/noticiero\/transporte-aereo\/internacional\/copa-airlines-planea-retirar-flota-de-aviones-boeing-737-700\/","name":"Copa Airlines planea retirar flota de aviones Boeing 737-700","isPartOf":{"@id":"https:\/\/aeronoticias.com.pe\/noticiero\/#website"},"primaryImageOfPage":{"@id":"https:\/\/aeronoticias.com.pe\/noticiero\/transporte-aereo\/internacional\/copa-airlines-planea-retirar-flota-de-aviones-boeing-737-700\/#primaryimage"},"image":{"@id":"https:\/\/aeronoticias.com.pe\/noticiero\/transporte-aereo\/internacional\/copa-airlines-planea-retirar-flota-de-aviones-boeing-737-700\/#primaryimage"},"thumbnailUrl":"https:\/\/aeronoticias.com.pe\/noticiero\/wp-content\/uploads\/2020\/05\/Copa_Airlines.png","datePublished":"2020-05-07T23:08:09+00:00","dateModified":"2020-09-24T23:40:17+00:00","author":{"@id":"https:\/\/aeronoticias.com.pe\/noticiero\/#\/schema\/person\/fc1e5d578f4b62ba1cf7ac2bba1170a0"},"description":"La aerol\u00ednea paname\u00f1a Copa Airlines dijo el jueves que est\u00e1 planeando retirar su flota de 14 aviones Boeing 737-700 NG por la crisis del coronavirus.","breadcrumb":{"@id":"https:\/\/aeronoticias.com.pe\/noticiero\/transporte-aereo\/internacional\/copa-airlines-planea-retirar-flota-de-aviones-boeing-737-700\/#breadcrumb"},"inLanguage":"es","potentialAction":[{"@type":"ReadAction","target":["https:\/\/aeronoticias.com.pe\/noticiero\/transporte-aereo\/internacional\/copa-airlines-planea-retirar-flota-de-aviones-boeing-737-700\/"]}]},{"@type":"ImageObject","inLanguage":"es","@id":"https:\/\/aeronoticias.com.pe\/noticiero\/transporte-aereo\/internacional\/copa-airlines-planea-retirar-flota-de-aviones-boeing-737-700\/#primaryimage","url":"https:\/\/aeronoticias.com.pe\/noticiero\/wp-content\/uploads\/2020\/05\/Copa_Airlines.png","contentUrl":"https:\/\/aeronoticias.com.pe\/noticiero\/wp-content\/uploads\/2020\/05\/Copa_Airlines.png","width":837,"height":560},{"@type":"BreadcrumbList","@id":"https:\/\/aeronoticias.com.pe\/noticiero\/transporte-aereo\/internacional\/copa-airlines-planea-retirar-flota-de-aviones-boeing-737-700\/#breadcrumb","itemListElement":[{"@type":"ListItem","position":1,"name":"Portada","item":"https:\/\/aeronoticias.com.pe\/noticiero\/"},{"@type":"ListItem","position":2,"name":"Copa Airlines planea retirar flota de aviones Boeing 737-700"}]},{"@type":"WebSite","@id":"https:\/\/aeronoticias.com.pe\/noticiero\/#website","url":"https:\/\/aeronoticias.com.pe\/noticiero\/","name":"Aeronoticias.com.pe","description":"Noticias de tranporte aereo, turismo, hoteles, gastronomia, actualidad, internacional","potentialAction":[{"@type":"SearchAction","target":{"@type":"EntryPoint","urlTemplate":"https:\/\/aeronoticias.com.pe\/noticiero\/?s={search_term_string}"},"query-input":{"@type":"PropertyValueSpecification","valueRequired":true,"valueName":"search_term_string"}}],"inLanguage":"es"},{"@type":"Person","@id":"https:\/\/aeronoticias.com.pe\/noticiero\/#\/schema\/person\/fc1e5d578f4b62ba1cf7ac2bba1170a0","name":"Redacci\u00f3n Aeronoticias","url":"https:\/\/aeronoticias.com.pe\/noticiero\/author\/piloto\/"}]}},"_links":{"self":[{"href":"https:\/\/aeronoticias.com.pe\/noticiero\/wp-json\/wp\/v2\/posts\/59784","targetHints":{"allow":["GET"]}}],"collection":[{"href":"https:\/\/aeronoticias.com.pe\/noticiero\/wp-json\/wp\/v2\/posts"}],"about":[{"href":"https:\/\/aeronoticias.com.pe\/noticiero\/wp-json\/wp\/v2\/types\/post"}],"author":[{"embeddable":true,"href":"https:\/\/aeronoticias.com.pe\/noticiero\/wp-json\/wp\/v2\/users\/1"}],"replies":[{"embeddable":true,"href":"https:\/\/aeronoticias.com.pe\/noticiero\/wp-json\/wp\/v2\/comments?post=59784"}],"version-history":[{"count":0,"href":"https:\/\/aeronoticias.com.pe\/noticiero\/wp-json\/wp\/v2\/posts\/59784\/revisions"}],"wp:featuredmedia":[{"embeddable":true,"href":"https:\/\/aeronoticias.com.pe\/noticiero\/wp-json\/wp\/v2\/media\/63144"}],"wp:attachment":[{"href":"https:\/\/aeronoticias.com.pe\/noticiero\/wp-json\/wp\/v2\/media?parent=59784"}],"wp:term":[{"taxonomy":"category","embeddable":true,"href":"https:\/\/aeronoticias.com.pe\/noticiero\/wp-json\/wp\/v2\/categories?post=59784"},{"taxonomy":"post_tag","embeddable":true,"href":"https:\/\/aeronoticias.com.pe\/noticiero\/wp-json\/wp\/v2\/tags?post=59784"}],"curies":[{"name":"wp","href":"https:\/\/api.w.org\/{rel}","templated":true}]}}