{"id":59785,"date":"2020-05-07T23:20:19","date_gmt":"2020-05-07T23:20:19","guid":{"rendered":"http:\/\/desarrollo.mcvicious.com\/aero2020\/2020\/05\/07\/lufthansa-technik-convertira-un-airbus-a380-en-carguero\/"},"modified":"2020-09-24T23:35:03","modified_gmt":"2020-09-24T23:35:03","slug":"lufthansa-technik-convertira-un-airbus-a380-en-carguero","status":"publish","type":"post","link":"https:\/\/aeronoticias.com.pe\/noticiero\/transporte-aereo\/internacional\/lufthansa-technik-convertira-un-airbus-a380-en-carguero\/","title":{"rendered":"Lufthansa Technik convertir\u00e1 un Airbus A380 en carguero"},"content":{"rendered":"\n<p>La divisi\u00f3n de mantenimiento de <strong>Lufthansa<\/strong> ha firmado un acuerdo para la que ser\u00e1 primera conversi\u00f3n a carguero de un Airbus A380.<\/p>\n\n\n\n<p class=\"p1\">Airbus no lo consigui\u00f3, pero finalmente habr\u00e1, al menos, un Airbus A380 de carga.<\/p>\n\n\n\n<p class=\"p1\">Lufthansa Technik acaba de anunciar la firma de un contrato, con un cliente que de momento quiere permanecer en el anonimato, para la conversi\u00f3n a carguero de un Airbus A380.<\/p>\n\n\n\n<p class=\"p1\">Ser\u00e1 la primera modificaci\u00f3n de un avi\u00f3n de este tipo. Antes de iniciar los trabajos, Lufthansa Technik deber\u00e1 completar los trabajos de ingenier\u00eda precisos para definir la conversi\u00f3n y lograr las certificaciones precisas para ello.<\/p>\n\n\n\n<p class=\"p1\">Este trabajo se sumar\u00e1 a las algo m\u00e1s de 15 conversiones a cargueros que est\u00e1 llevando a cabo en estos momentos sobre varios modelos de aviones y a los que se est\u00e1n negociando, una vez que han se\u00f1alado haber recibido consultas para otras posibles 40 conversiones.<\/p>\n\n\n\n<p class=\"p1\">Lufthansa Technik no ha especificado c\u00f3mo ser\u00e1 su transformaci\u00f3n, que en un principio est\u00e1 dise\u00f1ada como algo temporal durante la crisis por el COVID-19, pero que podr\u00e1 incorporarse a un Certificado de Tipo Suplementario despu\u00e9s y hacerse permanente.<\/p>\n\n\n\n<p class=\"p1\">Cuando Airbus trabaj\u00f3 en una versi\u00f3n carguera del A380, inclu\u00eda una compuerta de carga en la cubierta superior por delante del ala, y otra en la inferior detr\u00e1s del ala. Dado que Lufthansa Technik anuncia su conversi\u00f3n como una temporal, no se instalar\u00e1n compuertas de carga, por lo que esta deber\u00e1 ser embarcada y desembarcada por las puertas de pasaje del avi\u00f3n.<\/p>\n\n\n\n<p class=\"p1\">La conversi\u00f3n de Lufthansa Technik incluir\u00e1 la retirada de elementos de la cabina de pasaje, desactivaci\u00f3n de parte de las puertas del avi\u00f3n y la instalaci\u00f3n de elementos de anclaje y retenci\u00f3n de la carga y sistemas de extinci\u00f3n de incendio espec\u00edficos.<\/p>\n\n\n\n<p class=\"p1\">Airbus plante\u00f3 una versi\u00f3n carguera del A380 cuando lanz\u00f3 el modelo pero decidi\u00f3 paralizar, y despu\u00e9s cancelar los trabajos de desarrollo mientras resolv\u00eda los problemas de la versi\u00f3n de pasaje del A380.<\/p>\n\n\n\n<p class=\"p1\">El A380 carguero sin embargo se enfrentaba a una desventaja frente a su principal competidor. El B-747F. Aunque el suelo de las cubiertas de A380 se reforz\u00f3 con respecto al de la versi\u00f3n de pasaje, su resistencia era menor que la del modelo de Boeing y otros cargueros, lo que significaba que la densidad de la carga era menor.<\/p>\n\n\n\n<p class=\"p1\">El A380 de carga ofrec\u00eda 1.134 metros c\u00fabicos para carga, un 32 por ciento m\u00e1s que los 857,7 metros c\u00fabicos de un B-747-8F, pero s\u00f3lo pod\u00eda transportar 150 Tm de carga, un 9 por ciento m\u00e1s que las 137,7 Tm ese mismo B-747.<\/p>\n\n\n\n<p class=\"p1\">Fuente: <span style=\"text-decoration: underline;\"><em><strong>Fly News<\/strong><\/em><\/span>.<\/p>\n","protected":false},"excerpt":{"rendered":"<p>La divisi\u00f3n de mantenimiento de Lufthansa ha firmado un acuerdo para la que ser\u00e1 primera conversi\u00f3n a carguero de un Airbus A380. Airbus no lo consigui\u00f3, pero finalmente habr\u00e1, al menos, un Airbus A380 de carga. Lufthansa Technik acaba de anunciar la firma de un contrato, con un cliente que de momento quiere permanecer en [&hellip;]<\/p>\n","protected":false},"author":1,"featured_media":63141,"comment_status":"open","ping_status":"open","sticky":false,"template":"","format":"standard","meta":{"tdm_status":"","tdm_grid_status":"","footnotes":""},"categories":[32,11],"tags":[294,392,342],"class_list":{"0":"post-59785","1":"post","2":"type-post","3":"status-publish","4":"format-standard","5":"has-post-thumbnail","7":"category-internacional","8":"category-transporte-aereo","9":"tag-airbus-a380","10":"tag-carguero","11":"tag-lufthansa"},"yoast_head":"<!-- This site is optimized with the Yoast SEO plugin v25.1 - https:\/\/yoast.com\/wordpress\/plugins\/seo\/ -->\n<title>Lufthansa Technik convertir\u00e1 un Airbus A380 en carguero<\/title>\n<meta name=\"description\" content=\"La divisi\u00f3n de mantenimiento de Lufthansa ha firmado un acuerdo para la que ser\u00e1 primera conversi\u00f3n a carguero de un Airbus A380.\" \/>\n<meta name=\"robots\" content=\"index, follow, max-snippet:-1, max-image-preview:large, max-video-preview:-1\" \/>\n<link rel=\"canonical\" href=\"https:\/\/aeronoticias.com.pe\/noticiero\/transporte-aereo\/internacional\/lufthansa-technik-convertira-un-airbus-a380-en-carguero\/\" \/>\n<meta property=\"og:locale\" content=\"es_ES\" \/>\n<meta property=\"og:type\" content=\"article\" \/>\n<meta property=\"og:title\" content=\"Lufthansa Technik convertir\u00e1 un Airbus A380 en carguero\" \/>\n<meta property=\"og:description\" content=\"La divisi\u00f3n de mantenimiento de Lufthansa ha firmado un acuerdo para la que ser\u00e1 primera conversi\u00f3n a carguero de un Airbus A380.\" \/>\n<meta property=\"og:url\" content=\"https:\/\/aeronoticias.com.pe\/noticiero\/transporte-aereo\/internacional\/lufthansa-technik-convertira-un-airbus-a380-en-carguero\/\" \/>\n<meta property=\"og:site_name\" content=\"Aeronoticias.com.pe\" \/>\n<meta property=\"article:publisher\" content=\"https:\/\/www.facebook.com\/Aeronoticias.com.pe\/\" \/>\n<meta property=\"article:published_time\" content=\"2020-05-07T23:20:19+00:00\" \/>\n<meta property=\"article:modified_time\" content=\"2020-09-24T23:35:03+00:00\" \/>\n<meta property=\"og:image\" content=\"https:\/\/aeronoticias.com.pe\/noticiero\/wp-content\/uploads\/2020\/05\/Lufthansa-carga.jpg\" \/>\n\t<meta property=\"og:image:width\" content=\"825\" \/>\n\t<meta property=\"og:image:height\" content=\"533\" \/>\n\t<meta property=\"og:image:type\" content=\"image\/jpeg\" \/>\n<meta name=\"author\" content=\"Redacci\u00f3n Aeronoticias\" \/>\n<meta name=\"twitter:card\" content=\"summary_large_image\" \/>\n<meta name=\"twitter:creator\" content=\"@aeronoticias\" \/>\n<meta name=\"twitter:site\" content=\"@aeronoticias\" \/>\n<meta name=\"twitter:label1\" content=\"Escrito por\" \/>\n\t<meta name=\"twitter:data1\" content=\"Redacci\u00f3n Aeronoticias\" \/>\n\t<meta name=\"twitter:label2\" content=\"Tiempo de lectura\" \/>\n\t<meta name=\"twitter:data2\" content=\"2 minutos\" \/>\n<script type=\"application\/ld+json\" class=\"yoast-schema-graph\">{\"@context\":\"https:\/\/schema.org\",\"@graph\":[{\"@type\":\"WebPage\",\"@id\":\"https:\/\/aeronoticias.com.pe\/noticiero\/transporte-aereo\/internacional\/lufthansa-technik-convertira-un-airbus-a380-en-carguero\/\",\"url\":\"https:\/\/aeronoticias.com.pe\/noticiero\/transporte-aereo\/internacional\/lufthansa-technik-convertira-un-airbus-a380-en-carguero\/\",\"name\":\"Lufthansa Technik convertir\u00e1 un Airbus A380 en carguero\",\"isPartOf\":{\"@id\":\"https:\/\/aeronoticias.com.pe\/noticiero\/#website\"},\"primaryImageOfPage\":{\"@id\":\"https:\/\/aeronoticias.com.pe\/noticiero\/transporte-aereo\/internacional\/lufthansa-technik-convertira-un-airbus-a380-en-carguero\/#primaryimage\"},\"image\":{\"@id\":\"https:\/\/aeronoticias.com.pe\/noticiero\/transporte-aereo\/internacional\/lufthansa-technik-convertira-un-airbus-a380-en-carguero\/#primaryimage\"},\"thumbnailUrl\":\"https:\/\/aeronoticias.com.pe\/noticiero\/wp-content\/uploads\/2020\/05\/Lufthansa-carga.jpg\",\"datePublished\":\"2020-05-07T23:20:19+00:00\",\"dateModified\":\"2020-09-24T23:35:03+00:00\",\"author\":{\"@id\":\"https:\/\/aeronoticias.com.pe\/noticiero\/#\/schema\/person\/fc1e5d578f4b62ba1cf7ac2bba1170a0\"},\"description\":\"La divisi\u00f3n de mantenimiento de Lufthansa ha firmado un acuerdo para la que ser\u00e1 primera conversi\u00f3n a carguero de un Airbus A380.\",\"breadcrumb\":{\"@id\":\"https:\/\/aeronoticias.com.pe\/noticiero\/transporte-aereo\/internacional\/lufthansa-technik-convertira-un-airbus-a380-en-carguero\/#breadcrumb\"},\"inLanguage\":\"es\",\"potentialAction\":[{\"@type\":\"ReadAction\",\"target\":[\"https:\/\/aeronoticias.com.pe\/noticiero\/transporte-aereo\/internacional\/lufthansa-technik-convertira-un-airbus-a380-en-carguero\/\"]}]},{\"@type\":\"ImageObject\",\"inLanguage\":\"es\",\"@id\":\"https:\/\/aeronoticias.com.pe\/noticiero\/transporte-aereo\/internacional\/lufthansa-technik-convertira-un-airbus-a380-en-carguero\/#primaryimage\",\"url\":\"https:\/\/aeronoticias.com.pe\/noticiero\/wp-content\/uploads\/2020\/05\/Lufthansa-carga.jpg\",\"contentUrl\":\"https:\/\/aeronoticias.com.pe\/noticiero\/wp-content\/uploads\/2020\/05\/Lufthansa-carga.jpg\",\"width\":825,\"height\":533},{\"@type\":\"BreadcrumbList\",\"@id\":\"https:\/\/aeronoticias.com.pe\/noticiero\/transporte-aereo\/internacional\/lufthansa-technik-convertira-un-airbus-a380-en-carguero\/#breadcrumb\",\"itemListElement\":[{\"@type\":\"ListItem\",\"position\":1,\"name\":\"Portada\",\"item\":\"https:\/\/aeronoticias.com.pe\/noticiero\/\"},{\"@type\":\"ListItem\",\"position\":2,\"name\":\"Lufthansa Technik convertir\u00e1 un Airbus A380 en carguero\"}]},{\"@type\":\"WebSite\",\"@id\":\"https:\/\/aeronoticias.com.pe\/noticiero\/#website\",\"url\":\"https:\/\/aeronoticias.com.pe\/noticiero\/\",\"name\":\"Aeronoticias.com.pe\",\"description\":\"Noticias de tranporte aereo, turismo, hoteles, gastronomia, actualidad, internacional\",\"potentialAction\":[{\"@type\":\"SearchAction\",\"target\":{\"@type\":\"EntryPoint\",\"urlTemplate\":\"https:\/\/aeronoticias.com.pe\/noticiero\/?s={search_term_string}\"},\"query-input\":{\"@type\":\"PropertyValueSpecification\",\"valueRequired\":true,\"valueName\":\"search_term_string\"}}],\"inLanguage\":\"es\"},{\"@type\":\"Person\",\"@id\":\"https:\/\/aeronoticias.com.pe\/noticiero\/#\/schema\/person\/fc1e5d578f4b62ba1cf7ac2bba1170a0\",\"name\":\"Redacci\u00f3n Aeronoticias\",\"url\":\"https:\/\/aeronoticias.com.pe\/noticiero\/author\/piloto\/\"}]}<\/script>\n<!-- \/ Yoast SEO plugin. -->","yoast_head_json":{"title":"Lufthansa Technik convertir\u00e1 un Airbus A380 en carguero","description":"La divisi\u00f3n de mantenimiento de Lufthansa ha firmado un acuerdo para la que ser\u00e1 primera conversi\u00f3n a carguero de un Airbus A380.","robots":{"index":"index","follow":"follow","max-snippet":"max-snippet:-1","max-image-preview":"max-image-preview:large","max-video-preview":"max-video-preview:-1"},"canonical":"https:\/\/aeronoticias.com.pe\/noticiero\/transporte-aereo\/internacional\/lufthansa-technik-convertira-un-airbus-a380-en-carguero\/","og_locale":"es_ES","og_type":"article","og_title":"Lufthansa Technik convertir\u00e1 un Airbus A380 en carguero","og_description":"La divisi\u00f3n de mantenimiento de Lufthansa ha firmado un acuerdo para la que ser\u00e1 primera conversi\u00f3n a carguero de un Airbus A380.","og_url":"https:\/\/aeronoticias.com.pe\/noticiero\/transporte-aereo\/internacional\/lufthansa-technik-convertira-un-airbus-a380-en-carguero\/","og_site_name":"Aeronoticias.com.pe","article_publisher":"https:\/\/www.facebook.com\/Aeronoticias.com.pe\/","article_published_time":"2020-05-07T23:20:19+00:00","article_modified_time":"2020-09-24T23:35:03+00:00","og_image":[{"width":825,"height":533,"url":"https:\/\/aeronoticias.com.pe\/noticiero\/wp-content\/uploads\/2020\/05\/Lufthansa-carga.jpg","type":"image\/jpeg"}],"author":"Redacci\u00f3n Aeronoticias","twitter_card":"summary_large_image","twitter_creator":"@aeronoticias","twitter_site":"@aeronoticias","twitter_misc":{"Escrito por":"Redacci\u00f3n Aeronoticias","Tiempo de lectura":"2 minutos"},"schema":{"@context":"https:\/\/schema.org","@graph":[{"@type":"WebPage","@id":"https:\/\/aeronoticias.com.pe\/noticiero\/transporte-aereo\/internacional\/lufthansa-technik-convertira-un-airbus-a380-en-carguero\/","url":"https:\/\/aeronoticias.com.pe\/noticiero\/transporte-aereo\/internacional\/lufthansa-technik-convertira-un-airbus-a380-en-carguero\/","name":"Lufthansa Technik convertir\u00e1 un Airbus A380 en carguero","isPartOf":{"@id":"https:\/\/aeronoticias.com.pe\/noticiero\/#website"},"primaryImageOfPage":{"@id":"https:\/\/aeronoticias.com.pe\/noticiero\/transporte-aereo\/internacional\/lufthansa-technik-convertira-un-airbus-a380-en-carguero\/#primaryimage"},"image":{"@id":"https:\/\/aeronoticias.com.pe\/noticiero\/transporte-aereo\/internacional\/lufthansa-technik-convertira-un-airbus-a380-en-carguero\/#primaryimage"},"thumbnailUrl":"https:\/\/aeronoticias.com.pe\/noticiero\/wp-content\/uploads\/2020\/05\/Lufthansa-carga.jpg","datePublished":"2020-05-07T23:20:19+00:00","dateModified":"2020-09-24T23:35:03+00:00","author":{"@id":"https:\/\/aeronoticias.com.pe\/noticiero\/#\/schema\/person\/fc1e5d578f4b62ba1cf7ac2bba1170a0"},"description":"La divisi\u00f3n de mantenimiento de Lufthansa ha firmado un acuerdo para la que ser\u00e1 primera conversi\u00f3n a carguero de un Airbus A380.","breadcrumb":{"@id":"https:\/\/aeronoticias.com.pe\/noticiero\/transporte-aereo\/internacional\/lufthansa-technik-convertira-un-airbus-a380-en-carguero\/#breadcrumb"},"inLanguage":"es","potentialAction":[{"@type":"ReadAction","target":["https:\/\/aeronoticias.com.pe\/noticiero\/transporte-aereo\/internacional\/lufthansa-technik-convertira-un-airbus-a380-en-carguero\/"]}]},{"@type":"ImageObject","inLanguage":"es","@id":"https:\/\/aeronoticias.com.pe\/noticiero\/transporte-aereo\/internacional\/lufthansa-technik-convertira-un-airbus-a380-en-carguero\/#primaryimage","url":"https:\/\/aeronoticias.com.pe\/noticiero\/wp-content\/uploads\/2020\/05\/Lufthansa-carga.jpg","contentUrl":"https:\/\/aeronoticias.com.pe\/noticiero\/wp-content\/uploads\/2020\/05\/Lufthansa-carga.jpg","width":825,"height":533},{"@type":"BreadcrumbList","@id":"https:\/\/aeronoticias.com.pe\/noticiero\/transporte-aereo\/internacional\/lufthansa-technik-convertira-un-airbus-a380-en-carguero\/#breadcrumb","itemListElement":[{"@type":"ListItem","position":1,"name":"Portada","item":"https:\/\/aeronoticias.com.pe\/noticiero\/"},{"@type":"ListItem","position":2,"name":"Lufthansa Technik convertir\u00e1 un Airbus A380 en carguero"}]},{"@type":"WebSite","@id":"https:\/\/aeronoticias.com.pe\/noticiero\/#website","url":"https:\/\/aeronoticias.com.pe\/noticiero\/","name":"Aeronoticias.com.pe","description":"Noticias de tranporte aereo, turismo, hoteles, gastronomia, actualidad, internacional","potentialAction":[{"@type":"SearchAction","target":{"@type":"EntryPoint","urlTemplate":"https:\/\/aeronoticias.com.pe\/noticiero\/?s={search_term_string}"},"query-input":{"@type":"PropertyValueSpecification","valueRequired":true,"valueName":"search_term_string"}}],"inLanguage":"es"},{"@type":"Person","@id":"https:\/\/aeronoticias.com.pe\/noticiero\/#\/schema\/person\/fc1e5d578f4b62ba1cf7ac2bba1170a0","name":"Redacci\u00f3n Aeronoticias","url":"https:\/\/aeronoticias.com.pe\/noticiero\/author\/piloto\/"}]}},"_links":{"self":[{"href":"https:\/\/aeronoticias.com.pe\/noticiero\/wp-json\/wp\/v2\/posts\/59785","targetHints":{"allow":["GET"]}}],"collection":[{"href":"https:\/\/aeronoticias.com.pe\/noticiero\/wp-json\/wp\/v2\/posts"}],"about":[{"href":"https:\/\/aeronoticias.com.pe\/noticiero\/wp-json\/wp\/v2\/types\/post"}],"author":[{"embeddable":true,"href":"https:\/\/aeronoticias.com.pe\/noticiero\/wp-json\/wp\/v2\/users\/1"}],"replies":[{"embeddable":true,"href":"https:\/\/aeronoticias.com.pe\/noticiero\/wp-json\/wp\/v2\/comments?post=59785"}],"version-history":[{"count":0,"href":"https:\/\/aeronoticias.com.pe\/noticiero\/wp-json\/wp\/v2\/posts\/59785\/revisions"}],"wp:featuredmedia":[{"embeddable":true,"href":"https:\/\/aeronoticias.com.pe\/noticiero\/wp-json\/wp\/v2\/media\/63141"}],"wp:attachment":[{"href":"https:\/\/aeronoticias.com.pe\/noticiero\/wp-json\/wp\/v2\/media?parent=59785"}],"wp:term":[{"taxonomy":"category","embeddable":true,"href":"https:\/\/aeronoticias.com.pe\/noticiero\/wp-json\/wp\/v2\/categories?post=59785"},{"taxonomy":"post_tag","embeddable":true,"href":"https:\/\/aeronoticias.com.pe\/noticiero\/wp-json\/wp\/v2\/tags?post=59785"}],"curies":[{"name":"wp","href":"https:\/\/api.w.org\/{rel}","templated":true}]}}