{"id":59787,"date":"2020-05-07T23:35:02","date_gmt":"2020-05-07T23:35:02","guid":{"rendered":"http:\/\/desarrollo.mcvicious.com\/aero2020\/2020\/05\/07\/standard-a-poors-asegura-que-avianca-esta-cerca-de-entrar-en-default\/"},"modified":"2020-09-24T23:30:12","modified_gmt":"2020-09-24T23:30:12","slug":"standard-a-poors-asegura-que-avianca-esta-cerca-de-entrar-en-default","status":"publish","type":"post","link":"https:\/\/aeronoticias.com.pe\/noticiero\/transporte-aereo\/internacional\/standard-a-poors-asegura-que-avianca-esta-cerca-de-entrar-en-default\/","title":{"rendered":"Standard &#038; Poors asegura que Avianca est\u00e1 cerca de entrar en \u2018default\u2019"},"content":{"rendered":"\n<p>Standard &amp; Poors rebaj\u00f3 la calificaci\u00f3n de riesgo crediticio de <strong>Avianca<\/strong> de CCC a CCC-, tras analizar la dif\u00edcil situaci\u00f3n que enfrenta el transporte a\u00e9reo de pasajeros por la pandemia del coronavirus, situaci\u00f3n que har\u00eda caer inminentemente los ingresos operacionales de la compa\u00f1\u00eda.<\/p>\n\n\n\n<p class=\"p1\">\u201cDebido a la actual recesi\u00f3n econ\u00f3mica y a la puesta a tierra total de su flota, el n\u00famero de pasajeros que la compa\u00f1\u00eda atendi\u00f3 disminuy\u00f3 un 22,7% durante el primer trimestre y esperamos que las operaciones de Avianca se reduzcan a\u00fan m\u00e1s durante abril y mayo\u201d, explic\u00f3 la calificadora de riesgo.<\/p>\n\n\n\n<p class=\"p1\">En ese sentido, indic\u00f3 que el brote del coronavirus continuar\u00e1 afectando la econom\u00eda y la demanda de servicios de transporte a\u00e9reo, por lo que la liquidez de la compa\u00f1\u00eda seguir\u00e1 seriamente afectada. Frente a esto, dijo que es casi que inminente el incumplimiento por 65,6 millones de d\u00f3lares en capital y 2 millones de d\u00f3lares en intereses que debe hacer este 10 de mayo.<\/p>\n\n\n\n<p class=\"p1\">Standard &amp; Poors tambi\u00e9n indic\u00f3 que la situaci\u00f3n actual de la compa\u00f1\u00eda la puede forzar a incumplir con el repago de sus notas senior no garantizadas a 8,375% con vencimiento en 2020.<\/p>\n\n\n\n<p class=\"p1\">\u201cCreemos que Avianca enfrenta una alta probabilidad de incumplimiento en estos pagar\u00e9s a menos que reciba un respaldo extraordinario de los accionistas o del gobierno colombiano\u201d, explic\u00f3.<\/p>\n\n\n\n<p class=\"p1\">Al respecto, sostuvo que como muchas otras compa\u00f1\u00edas que sufren el impacto econ\u00f3mico, Avianca est\u00e1 en conversaciones con el gobierno para recibir apoyo financiero, sin embargo, no hay noticias de un posible rescate financiero futuro.<\/p>\n\n\n\n<p class=\"p1\">\u201cA menos que la compa\u00f1\u00eda reciba un apoyo extraordinario, creemos que Avianca podr\u00eda entrar en un refinanciamiento de deuda en dificultades o perder el pago de la deuda\u201d, presici\u00f3.<\/p>\n\n\n\n<p class=\"p1\">Fuente: <span style=\"text-decoration: underline;\"><em><strong>Portafolio.<\/strong><\/em><\/span><\/p>\n","protected":false},"excerpt":{"rendered":"<p>Standard &amp; Poors rebaj\u00f3 la calificaci\u00f3n de riesgo crediticio de Avianca de CCC a CCC-, tras analizar la dif\u00edcil situaci\u00f3n que enfrenta el transporte a\u00e9reo de pasajeros por la pandemia del coronavirus, situaci\u00f3n que har\u00eda caer inminentemente los ingresos operacionales de la compa\u00f1\u00eda. \u201cDebido a la actual recesi\u00f3n econ\u00f3mica y a la puesta a tierra [&hellip;]<\/p>\n","protected":false},"author":1,"featured_media":63138,"comment_status":"open","ping_status":"open","sticky":false,"template":"","format":"standard","meta":{"tdm_status":"","tdm_grid_status":"","footnotes":""},"categories":[32,11],"tags":[153,110,391],"class_list":{"0":"post-59787","1":"post","2":"type-post","3":"status-publish","4":"format-standard","5":"has-post-thumbnail","7":"category-internacional","8":"category-transporte-aereo","9":"tag-avianca","10":"tag-covid-19","11":"tag-standard-poors"},"yoast_head":"<!-- This site is optimized with the Yoast SEO plugin v25.1 - https:\/\/yoast.com\/wordpress\/plugins\/seo\/ -->\n<title>Standard &amp; Poors asegura que Avianca est\u00e1 cerca de entrar en \u2018default\u2019<\/title>\n<meta name=\"description\" content=\"Standard &amp; Poors rebaj\u00f3 la calificaci\u00f3n de riesgo crediticio de Avianca de CCC a CCC-, tras analizar la dif\u00edcil situaci\u00f3n\" \/>\n<meta name=\"robots\" content=\"index, follow, max-snippet:-1, max-image-preview:large, max-video-preview:-1\" \/>\n<link rel=\"canonical\" href=\"https:\/\/aeronoticias.com.pe\/noticiero\/transporte-aereo\/internacional\/standard-a-poors-asegura-que-avianca-esta-cerca-de-entrar-en-default\/\" \/>\n<meta property=\"og:locale\" content=\"es_ES\" \/>\n<meta property=\"og:type\" content=\"article\" \/>\n<meta property=\"og:title\" content=\"Standard &amp; Poors asegura que Avianca est\u00e1 cerca de entrar en \u2018default\u2019\" \/>\n<meta property=\"og:description\" content=\"Standard &amp; Poors rebaj\u00f3 la calificaci\u00f3n de riesgo crediticio de Avianca de CCC a CCC-, tras analizar la dif\u00edcil situaci\u00f3n\" \/>\n<meta property=\"og:url\" content=\"https:\/\/aeronoticias.com.pe\/noticiero\/transporte-aereo\/internacional\/standard-a-poors-asegura-que-avianca-esta-cerca-de-entrar-en-default\/\" \/>\n<meta property=\"og:site_name\" content=\"Aeronoticias.com.pe\" \/>\n<meta property=\"article:publisher\" content=\"https:\/\/www.facebook.com\/Aeronoticias.com.pe\/\" \/>\n<meta property=\"article:published_time\" content=\"2020-05-07T23:35:02+00:00\" \/>\n<meta property=\"article:modified_time\" content=\"2020-09-24T23:30:12+00:00\" \/>\n<meta property=\"og:image\" content=\"https:\/\/aeronoticias.com.pe\/noticiero\/wp-content\/uploads\/2020\/05\/Standard-Poors.jpg\" \/>\n\t<meta property=\"og:image:width\" content=\"646\" \/>\n\t<meta property=\"og:image:height\" content=\"384\" \/>\n\t<meta property=\"og:image:type\" content=\"image\/jpeg\" \/>\n<meta name=\"author\" content=\"Redacci\u00f3n Aeronoticias\" \/>\n<meta name=\"twitter:card\" content=\"summary_large_image\" \/>\n<meta name=\"twitter:creator\" content=\"@aeronoticias\" \/>\n<meta name=\"twitter:site\" content=\"@aeronoticias\" \/>\n<meta name=\"twitter:label1\" content=\"Escrito por\" \/>\n\t<meta name=\"twitter:data1\" content=\"Redacci\u00f3n Aeronoticias\" \/>\n\t<meta name=\"twitter:label2\" content=\"Tiempo de lectura\" \/>\n\t<meta name=\"twitter:data2\" content=\"2 minutos\" \/>\n<script type=\"application\/ld+json\" class=\"yoast-schema-graph\">{\"@context\":\"https:\/\/schema.org\",\"@graph\":[{\"@type\":\"WebPage\",\"@id\":\"https:\/\/aeronoticias.com.pe\/noticiero\/transporte-aereo\/internacional\/standard-a-poors-asegura-que-avianca-esta-cerca-de-entrar-en-default\/\",\"url\":\"https:\/\/aeronoticias.com.pe\/noticiero\/transporte-aereo\/internacional\/standard-a-poors-asegura-que-avianca-esta-cerca-de-entrar-en-default\/\",\"name\":\"Standard & Poors asegura que Avianca est\u00e1 cerca de entrar en \u2018default\u2019\",\"isPartOf\":{\"@id\":\"https:\/\/aeronoticias.com.pe\/noticiero\/#website\"},\"primaryImageOfPage\":{\"@id\":\"https:\/\/aeronoticias.com.pe\/noticiero\/transporte-aereo\/internacional\/standard-a-poors-asegura-que-avianca-esta-cerca-de-entrar-en-default\/#primaryimage\"},\"image\":{\"@id\":\"https:\/\/aeronoticias.com.pe\/noticiero\/transporte-aereo\/internacional\/standard-a-poors-asegura-que-avianca-esta-cerca-de-entrar-en-default\/#primaryimage\"},\"thumbnailUrl\":\"https:\/\/aeronoticias.com.pe\/noticiero\/wp-content\/uploads\/2020\/05\/Standard-Poors.jpg\",\"datePublished\":\"2020-05-07T23:35:02+00:00\",\"dateModified\":\"2020-09-24T23:30:12+00:00\",\"author\":{\"@id\":\"https:\/\/aeronoticias.com.pe\/noticiero\/#\/schema\/person\/fc1e5d578f4b62ba1cf7ac2bba1170a0\"},\"description\":\"Standard & Poors rebaj\u00f3 la calificaci\u00f3n de riesgo crediticio de Avianca de CCC a CCC-, tras analizar la dif\u00edcil situaci\u00f3n\",\"breadcrumb\":{\"@id\":\"https:\/\/aeronoticias.com.pe\/noticiero\/transporte-aereo\/internacional\/standard-a-poors-asegura-que-avianca-esta-cerca-de-entrar-en-default\/#breadcrumb\"},\"inLanguage\":\"es\",\"potentialAction\":[{\"@type\":\"ReadAction\",\"target\":[\"https:\/\/aeronoticias.com.pe\/noticiero\/transporte-aereo\/internacional\/standard-a-poors-asegura-que-avianca-esta-cerca-de-entrar-en-default\/\"]}]},{\"@type\":\"ImageObject\",\"inLanguage\":\"es\",\"@id\":\"https:\/\/aeronoticias.com.pe\/noticiero\/transporte-aereo\/internacional\/standard-a-poors-asegura-que-avianca-esta-cerca-de-entrar-en-default\/#primaryimage\",\"url\":\"https:\/\/aeronoticias.com.pe\/noticiero\/wp-content\/uploads\/2020\/05\/Standard-Poors.jpg\",\"contentUrl\":\"https:\/\/aeronoticias.com.pe\/noticiero\/wp-content\/uploads\/2020\/05\/Standard-Poors.jpg\",\"width\":646,\"height\":384,\"caption\":\"ISL01.PARIS (FRANCIA).28\/7\/2012.- Fotograf\u00eda de archivo del 8 de diciembre de 2011 que muestra una placa de Standard &amp; Poor's en sus oficinas de Paris, Francia. La agencia de medici\u00f3n de riesgo Standard and Poor's (S&amp;P) reafirm\u00f3 anoche la triple A sobre la deuda soberana del Reino Unido, con una perspectiva estable, por la buena evoluci\u00f3n de su econom\u00eda, que prev\u00e9 que crezca en 2012.Adem\u00e1s, confirm\u00f3 tambi\u00e9n la A-1+ a corto plazo, en un reflejo de la estabilidad que percibe en la pol\u00edtica econ\u00f3mica de este pa\u00eds. En un comunicado, la agencia se\u00f1al\u00f3 que, aunque el Reino Unido se encuentra ahora en recesi\u00f3n, el Producto Interior Bruto (PIB) se recuperar\u00e1 en la segunda mitad del a\u00f1o \\\"y se fortalecer\u00e1\\\", mientras que continuar\u00e1 la pol\u00edtica gubernamental de reducci\u00f3n del d\u00e9ficit. EFE\/IAN LANGSDON\"},{\"@type\":\"BreadcrumbList\",\"@id\":\"https:\/\/aeronoticias.com.pe\/noticiero\/transporte-aereo\/internacional\/standard-a-poors-asegura-que-avianca-esta-cerca-de-entrar-en-default\/#breadcrumb\",\"itemListElement\":[{\"@type\":\"ListItem\",\"position\":1,\"name\":\"Portada\",\"item\":\"https:\/\/aeronoticias.com.pe\/noticiero\/\"},{\"@type\":\"ListItem\",\"position\":2,\"name\":\"Standard &#038; Poors asegura que Avianca est\u00e1 cerca de entrar en \u2018default\u2019\"}]},{\"@type\":\"WebSite\",\"@id\":\"https:\/\/aeronoticias.com.pe\/noticiero\/#website\",\"url\":\"https:\/\/aeronoticias.com.pe\/noticiero\/\",\"name\":\"Aeronoticias.com.pe\",\"description\":\"Noticias de tranporte aereo, turismo, hoteles, gastronomia, actualidad, internacional\",\"potentialAction\":[{\"@type\":\"SearchAction\",\"target\":{\"@type\":\"EntryPoint\",\"urlTemplate\":\"https:\/\/aeronoticias.com.pe\/noticiero\/?s={search_term_string}\"},\"query-input\":{\"@type\":\"PropertyValueSpecification\",\"valueRequired\":true,\"valueName\":\"search_term_string\"}}],\"inLanguage\":\"es\"},{\"@type\":\"Person\",\"@id\":\"https:\/\/aeronoticias.com.pe\/noticiero\/#\/schema\/person\/fc1e5d578f4b62ba1cf7ac2bba1170a0\",\"name\":\"Redacci\u00f3n Aeronoticias\",\"url\":\"https:\/\/aeronoticias.com.pe\/noticiero\/author\/piloto\/\"}]}<\/script>\n<!-- \/ Yoast SEO plugin. -->","yoast_head_json":{"title":"Standard & Poors asegura que Avianca est\u00e1 cerca de entrar en \u2018default\u2019","description":"Standard & Poors rebaj\u00f3 la calificaci\u00f3n de riesgo crediticio de Avianca de CCC a CCC-, tras analizar la dif\u00edcil situaci\u00f3n","robots":{"index":"index","follow":"follow","max-snippet":"max-snippet:-1","max-image-preview":"max-image-preview:large","max-video-preview":"max-video-preview:-1"},"canonical":"https:\/\/aeronoticias.com.pe\/noticiero\/transporte-aereo\/internacional\/standard-a-poors-asegura-que-avianca-esta-cerca-de-entrar-en-default\/","og_locale":"es_ES","og_type":"article","og_title":"Standard & Poors asegura que Avianca est\u00e1 cerca de entrar en \u2018default\u2019","og_description":"Standard & Poors rebaj\u00f3 la calificaci\u00f3n de riesgo crediticio de Avianca de CCC a CCC-, tras analizar la dif\u00edcil situaci\u00f3n","og_url":"https:\/\/aeronoticias.com.pe\/noticiero\/transporte-aereo\/internacional\/standard-a-poors-asegura-que-avianca-esta-cerca-de-entrar-en-default\/","og_site_name":"Aeronoticias.com.pe","article_publisher":"https:\/\/www.facebook.com\/Aeronoticias.com.pe\/","article_published_time":"2020-05-07T23:35:02+00:00","article_modified_time":"2020-09-24T23:30:12+00:00","og_image":[{"width":646,"height":384,"url":"https:\/\/aeronoticias.com.pe\/noticiero\/wp-content\/uploads\/2020\/05\/Standard-Poors.jpg","type":"image\/jpeg"}],"author":"Redacci\u00f3n Aeronoticias","twitter_card":"summary_large_image","twitter_creator":"@aeronoticias","twitter_site":"@aeronoticias","twitter_misc":{"Escrito por":"Redacci\u00f3n Aeronoticias","Tiempo de lectura":"2 minutos"},"schema":{"@context":"https:\/\/schema.org","@graph":[{"@type":"WebPage","@id":"https:\/\/aeronoticias.com.pe\/noticiero\/transporte-aereo\/internacional\/standard-a-poors-asegura-que-avianca-esta-cerca-de-entrar-en-default\/","url":"https:\/\/aeronoticias.com.pe\/noticiero\/transporte-aereo\/internacional\/standard-a-poors-asegura-que-avianca-esta-cerca-de-entrar-en-default\/","name":"Standard & Poors asegura que Avianca est\u00e1 cerca de entrar en \u2018default\u2019","isPartOf":{"@id":"https:\/\/aeronoticias.com.pe\/noticiero\/#website"},"primaryImageOfPage":{"@id":"https:\/\/aeronoticias.com.pe\/noticiero\/transporte-aereo\/internacional\/standard-a-poors-asegura-que-avianca-esta-cerca-de-entrar-en-default\/#primaryimage"},"image":{"@id":"https:\/\/aeronoticias.com.pe\/noticiero\/transporte-aereo\/internacional\/standard-a-poors-asegura-que-avianca-esta-cerca-de-entrar-en-default\/#primaryimage"},"thumbnailUrl":"https:\/\/aeronoticias.com.pe\/noticiero\/wp-content\/uploads\/2020\/05\/Standard-Poors.jpg","datePublished":"2020-05-07T23:35:02+00:00","dateModified":"2020-09-24T23:30:12+00:00","author":{"@id":"https:\/\/aeronoticias.com.pe\/noticiero\/#\/schema\/person\/fc1e5d578f4b62ba1cf7ac2bba1170a0"},"description":"Standard & Poors rebaj\u00f3 la calificaci\u00f3n de riesgo crediticio de Avianca de CCC a CCC-, tras analizar la dif\u00edcil situaci\u00f3n","breadcrumb":{"@id":"https:\/\/aeronoticias.com.pe\/noticiero\/transporte-aereo\/internacional\/standard-a-poors-asegura-que-avianca-esta-cerca-de-entrar-en-default\/#breadcrumb"},"inLanguage":"es","potentialAction":[{"@type":"ReadAction","target":["https:\/\/aeronoticias.com.pe\/noticiero\/transporte-aereo\/internacional\/standard-a-poors-asegura-que-avianca-esta-cerca-de-entrar-en-default\/"]}]},{"@type":"ImageObject","inLanguage":"es","@id":"https:\/\/aeronoticias.com.pe\/noticiero\/transporte-aereo\/internacional\/standard-a-poors-asegura-que-avianca-esta-cerca-de-entrar-en-default\/#primaryimage","url":"https:\/\/aeronoticias.com.pe\/noticiero\/wp-content\/uploads\/2020\/05\/Standard-Poors.jpg","contentUrl":"https:\/\/aeronoticias.com.pe\/noticiero\/wp-content\/uploads\/2020\/05\/Standard-Poors.jpg","width":646,"height":384,"caption":"ISL01.PARIS (FRANCIA).28\/7\/2012.- Fotograf\u00eda de archivo del 8 de diciembre de 2011 que muestra una placa de Standard &amp; Poor's en sus oficinas de Paris, Francia. La agencia de medici\u00f3n de riesgo Standard and Poor's (S&amp;P) reafirm\u00f3 anoche la triple A sobre la deuda soberana del Reino Unido, con una perspectiva estable, por la buena evoluci\u00f3n de su econom\u00eda, que prev\u00e9 que crezca en 2012.Adem\u00e1s, confirm\u00f3 tambi\u00e9n la A-1+ a corto plazo, en un reflejo de la estabilidad que percibe en la pol\u00edtica econ\u00f3mica de este pa\u00eds. En un comunicado, la agencia se\u00f1al\u00f3 que, aunque el Reino Unido se encuentra ahora en recesi\u00f3n, el Producto Interior Bruto (PIB) se recuperar\u00e1 en la segunda mitad del a\u00f1o \"y se fortalecer\u00e1\", mientras que continuar\u00e1 la pol\u00edtica gubernamental de reducci\u00f3n del d\u00e9ficit. EFE\/IAN LANGSDON"},{"@type":"BreadcrumbList","@id":"https:\/\/aeronoticias.com.pe\/noticiero\/transporte-aereo\/internacional\/standard-a-poors-asegura-que-avianca-esta-cerca-de-entrar-en-default\/#breadcrumb","itemListElement":[{"@type":"ListItem","position":1,"name":"Portada","item":"https:\/\/aeronoticias.com.pe\/noticiero\/"},{"@type":"ListItem","position":2,"name":"Standard &#038; Poors asegura que Avianca est\u00e1 cerca de entrar en \u2018default\u2019"}]},{"@type":"WebSite","@id":"https:\/\/aeronoticias.com.pe\/noticiero\/#website","url":"https:\/\/aeronoticias.com.pe\/noticiero\/","name":"Aeronoticias.com.pe","description":"Noticias de tranporte aereo, turismo, hoteles, gastronomia, actualidad, internacional","potentialAction":[{"@type":"SearchAction","target":{"@type":"EntryPoint","urlTemplate":"https:\/\/aeronoticias.com.pe\/noticiero\/?s={search_term_string}"},"query-input":{"@type":"PropertyValueSpecification","valueRequired":true,"valueName":"search_term_string"}}],"inLanguage":"es"},{"@type":"Person","@id":"https:\/\/aeronoticias.com.pe\/noticiero\/#\/schema\/person\/fc1e5d578f4b62ba1cf7ac2bba1170a0","name":"Redacci\u00f3n Aeronoticias","url":"https:\/\/aeronoticias.com.pe\/noticiero\/author\/piloto\/"}]}},"_links":{"self":[{"href":"https:\/\/aeronoticias.com.pe\/noticiero\/wp-json\/wp\/v2\/posts\/59787","targetHints":{"allow":["GET"]}}],"collection":[{"href":"https:\/\/aeronoticias.com.pe\/noticiero\/wp-json\/wp\/v2\/posts"}],"about":[{"href":"https:\/\/aeronoticias.com.pe\/noticiero\/wp-json\/wp\/v2\/types\/post"}],"author":[{"embeddable":true,"href":"https:\/\/aeronoticias.com.pe\/noticiero\/wp-json\/wp\/v2\/users\/1"}],"replies":[{"embeddable":true,"href":"https:\/\/aeronoticias.com.pe\/noticiero\/wp-json\/wp\/v2\/comments?post=59787"}],"version-history":[{"count":0,"href":"https:\/\/aeronoticias.com.pe\/noticiero\/wp-json\/wp\/v2\/posts\/59787\/revisions"}],"wp:featuredmedia":[{"embeddable":true,"href":"https:\/\/aeronoticias.com.pe\/noticiero\/wp-json\/wp\/v2\/media\/63138"}],"wp:attachment":[{"href":"https:\/\/aeronoticias.com.pe\/noticiero\/wp-json\/wp\/v2\/media?parent=59787"}],"wp:term":[{"taxonomy":"category","embeddable":true,"href":"https:\/\/aeronoticias.com.pe\/noticiero\/wp-json\/wp\/v2\/categories?post=59787"},{"taxonomy":"post_tag","embeddable":true,"href":"https:\/\/aeronoticias.com.pe\/noticiero\/wp-json\/wp\/v2\/tags?post=59787"}],"curies":[{"name":"wp","href":"https:\/\/api.w.org\/{rel}","templated":true}]}}