{"id":59789,"date":"2020-05-08T03:42:12","date_gmt":"2020-05-08T03:42:12","guid":{"rendered":"http:\/\/desarrollo.mcvicious.com\/aero2020\/2020\/05\/08\/jovenes-peruanos-varados-en-aeropuerto-de-miami-por-pandemia-duermen-en-el-piso\/"},"modified":"2020-05-08T03:42:12","modified_gmt":"2020-05-08T03:42:12","slug":"jovenes-peruanos-varados-en-aeropuerto-de-miami-por-pandemia-duermen-en-el-piso","status":"publish","type":"post","link":"https:\/\/aeronoticias.com.pe\/noticiero\/internacionales\/jovenes-peruanos-varados-en-aeropuerto-de-miami-por-pandemia-duermen-en-el-piso\/","title":{"rendered":"J\u00f3venes peruanos varados en aeropuerto de Miami por pandemia duermen en el piso"},"content":{"rendered":"<p style=\"text-align: justify;\"><strong>(Aeronoticias).-<\/strong> Un grupo de j\u00f3venes peruanos estudiantes universitarios est\u00e1 varado desde el domingo en el aeropuerto de Miami en medio de la pandemia del coronavirus, y se quejan de no recibir ayuda de su consulado.<\/p>\n<p style=\"text-align: justify;\"><span style=\"font-size: 12.16px;\">Los j\u00f3venes, de entre 19 y 23 a\u00f1os, que primero eran 7 y ahora son 10, est\u00e1n durmiendo en el piso del aeropuerto. Como parte de un intercambio cultural, todos estaban en diferentes estados de EEUU, pero por el coronavirus terminaron en Miami, aguardando un vuelo humanitario que los lleve de vuelta a su pa\u00eds.<\/span><\/p>\n<p>  <!--more-->  <\/p>\n<p style=\"text-align: justify;\"><span style=\"font-size: 12.16px;\">Seg\u00fan uno de ellos, el consulado de Per\u00fa los ubic\u00f3 en un hotel del \u00e1rea, pero fueron expulsados la semana pasada, porque estaban cocinando en una de las habitaciones. Desde el domingo est\u00e1n viviendo en el aeropuerto.<\/span><\/p>\n<p style=\"text-align: justify;\"><span style=\"font-size: 12.16px;\">En ocasiones, gracias a la caridad de algunos trabajadores del aeropuerto, han logrado comer.<\/span><\/p>\n<p style=\"text-align: justify;\"><span style=\"font-size: 12.16px;\">\u201cEs lamentable que nuestro propio consulado peruano nos haya dado la espalda y no nos haya brindado hospedaje, mientras estamos padeciendo a la espera de un boleto humanitario hace ya m\u00e1s de un mes\u201d, dijo Leyla Campos, una de las j\u00f3venes.<\/span><\/p>\n<p style=\"text-align: justify;\"><span style=\"font-size: 12.16px;\">Otra de las estudiantes se\u00f1al\u00f3 que el consulado en Miami les dijo que no tienen presupuesto para gastar m\u00e1s en ellos.<\/span><\/p>\n<p style=\"text-align: justify;\"><span style=\"font-size: 12.16px;\">En la p\u00e1gina web del consulado de Per\u00fa en Miami hay un formulario para que los varados por el coronavirus se registren, pero no respondieron a preguntas de Noticias 23 sobre este grupo de j\u00f3venes, y sugirieron que nos dirigi\u00e9ramos a la embajada de ese pa\u00eds en Washington D.C. Pero aunque se hizo la solicitud, aun no hay respuesta.<\/span><\/p>\n<p style=\"text-align: justify;\"><span style=\"font-size: 12.16px;\">El jueves en la ma\u00f1ana los estudiantes hicieron la fila para abordar el vuelo humanitario que sal\u00eda a Lima, pero les dijeron que no estaban en la lista.<\/span><\/p>\n<p style=\"text-align: justify;\"><span style=\"font-size: 12.16px;\">Por otra parte, el intercambio cultural por el que vinieron a los Estados Unidos les permit\u00eda tener un seguro m\u00e9dico, pero con la crisis del coronavirus lo perdieron.<\/span><\/p>\n<p style=\"text-align: justify;\"><span style=\"font-size: 12.16px;\">Ahora, mientras duermen en el piso del aeropuerto de Miami, temen enfermarse con el covid-19, y no tener ni siquiera para que los atiendan en un hospital.<\/span><\/p>\n<p style=\"text-align: justify;\"><span style=\"font-size: 12.16px;\">Fuente: Univision.com<\/span><\/p>\n<p style=\"text-align: justify;\"><span style=\"font-size: 12.16px;\"><img decoding=\"async\" src=\"https:\/\/aeronoticias.com.pe\/noticiero\/images\/resized\/images\/stories\/17\/09\/110917\/miamiairport_610_339.jpg\" border=\"0\" title=\"J\u00f3venes peruanos varados en aeropuerto de Miami por pandemia duermen en el piso\" \/><br \/><\/span><\/p>\n","protected":false},"excerpt":{"rendered":"<p>(Aeronoticias).- Un grupo de j\u00f3venes peruanos estudiantes universitarios est\u00e1 varado desde el domingo en el aeropuerto de Miami en medio de la pandemia del coronavirus, y se quejan de no recibir ayuda de su consulado. Los j\u00f3venes, de entre 19 y 23 a\u00f1os, que primero eran 7 y ahora son 10, est\u00e1n durmiendo en el [&hellip;]<\/p>\n","protected":false},"author":1,"featured_media":0,"comment_status":"open","ping_status":"open","sticky":false,"template":"","format":"standard","meta":{"tdm_status":"","tdm_grid_status":"","footnotes":""},"categories":[34],"tags":[],"class_list":{"0":"post-59789","1":"post","2":"type-post","3":"status-publish","4":"format-standard","6":"category-internacionales"},"yoast_head":"<!-- This site is optimized with the Yoast SEO plugin v25.1 - https:\/\/yoast.com\/wordpress\/plugins\/seo\/ -->\n<title>J\u00f3venes peruanos varados en aeropuerto de Miami por pandemia duermen en el piso<\/title>\n<meta name=\"description\" content=\"Portal de noticias del Per\u00fa sobre el transporte a\u00e9reo, aviaci\u00f3n, turismo, hoteleria, actualidad.\" \/>\n<meta name=\"robots\" content=\"index, follow, max-snippet:-1, max-image-preview:large, max-video-preview:-1\" \/>\n<link rel=\"canonical\" href=\"https:\/\/aeronoticias.com.pe\/noticiero\/internacionales\/jovenes-peruanos-varados-en-aeropuerto-de-miami-por-pandemia-duermen-en-el-piso\/\" \/>\n<meta property=\"og:locale\" content=\"es_ES\" \/>\n<meta property=\"og:type\" content=\"article\" \/>\n<meta property=\"og:title\" content=\"J\u00f3venes peruanos varados en aeropuerto de Miami por pandemia duermen en el piso\" \/>\n<meta property=\"og:description\" content=\"Portal de noticias del Per\u00fa sobre el transporte a\u00e9reo, aviaci\u00f3n, turismo, hoteleria, actualidad.\" \/>\n<meta property=\"og:url\" content=\"https:\/\/aeronoticias.com.pe\/noticiero\/internacionales\/jovenes-peruanos-varados-en-aeropuerto-de-miami-por-pandemia-duermen-en-el-piso\/\" \/>\n<meta property=\"og:site_name\" content=\"Aeronoticias.com.pe\" \/>\n<meta property=\"article:publisher\" content=\"https:\/\/www.facebook.com\/Aeronoticias.com.pe\/\" \/>\n<meta property=\"article:published_time\" content=\"2020-05-08T03:42:12+00:00\" \/>\n<meta property=\"og:image\" content=\"https:\/\/aeronoticias.com.pe\/noticiero\/images\/resized\/images\/stories\/17\/09\/110917\/miamiairport_610_339.jpg\" \/>\n<meta name=\"author\" content=\"Redacci\u00f3n Aeronoticias\" \/>\n<meta name=\"twitter:card\" content=\"summary_large_image\" \/>\n<meta name=\"twitter:creator\" content=\"@aeronoticias\" \/>\n<meta name=\"twitter:site\" content=\"@aeronoticias\" \/>\n<meta name=\"twitter:label1\" content=\"Escrito por\" \/>\n\t<meta name=\"twitter:data1\" content=\"Redacci\u00f3n Aeronoticias\" \/>\n\t<meta name=\"twitter:label2\" content=\"Tiempo de lectura\" \/>\n\t<meta name=\"twitter:data2\" content=\"2 minutos\" \/>\n<script type=\"application\/ld+json\" class=\"yoast-schema-graph\">{\"@context\":\"https:\/\/schema.org\",\"@graph\":[{\"@type\":\"WebPage\",\"@id\":\"https:\/\/aeronoticias.com.pe\/noticiero\/internacionales\/jovenes-peruanos-varados-en-aeropuerto-de-miami-por-pandemia-duermen-en-el-piso\/\",\"url\":\"https:\/\/aeronoticias.com.pe\/noticiero\/internacionales\/jovenes-peruanos-varados-en-aeropuerto-de-miami-por-pandemia-duermen-en-el-piso\/\",\"name\":\"J\u00f3venes peruanos varados en aeropuerto de Miami por pandemia duermen en el piso\",\"isPartOf\":{\"@id\":\"https:\/\/aeronoticias.com.pe\/noticiero\/#website\"},\"primaryImageOfPage\":{\"@id\":\"https:\/\/aeronoticias.com.pe\/noticiero\/internacionales\/jovenes-peruanos-varados-en-aeropuerto-de-miami-por-pandemia-duermen-en-el-piso\/#primaryimage\"},\"image\":{\"@id\":\"https:\/\/aeronoticias.com.pe\/noticiero\/internacionales\/jovenes-peruanos-varados-en-aeropuerto-de-miami-por-pandemia-duermen-en-el-piso\/#primaryimage\"},\"thumbnailUrl\":\"https:\/\/aeronoticias.com.pe\/noticiero\/images\/resized\/images\/stories\/17\/09\/110917\/miamiairport_610_339.jpg\",\"datePublished\":\"2020-05-08T03:42:12+00:00\",\"author\":{\"@id\":\"https:\/\/aeronoticias.com.pe\/noticiero\/#\/schema\/person\/fc1e5d578f4b62ba1cf7ac2bba1170a0\"},\"description\":\"Portal de noticias del Per\u00fa sobre el transporte a\u00e9reo, aviaci\u00f3n, turismo, hoteleria, actualidad.\",\"breadcrumb\":{\"@id\":\"https:\/\/aeronoticias.com.pe\/noticiero\/internacionales\/jovenes-peruanos-varados-en-aeropuerto-de-miami-por-pandemia-duermen-en-el-piso\/#breadcrumb\"},\"inLanguage\":\"es\",\"potentialAction\":[{\"@type\":\"ReadAction\",\"target\":[\"https:\/\/aeronoticias.com.pe\/noticiero\/internacionales\/jovenes-peruanos-varados-en-aeropuerto-de-miami-por-pandemia-duermen-en-el-piso\/\"]}]},{\"@type\":\"ImageObject\",\"inLanguage\":\"es\",\"@id\":\"https:\/\/aeronoticias.com.pe\/noticiero\/internacionales\/jovenes-peruanos-varados-en-aeropuerto-de-miami-por-pandemia-duermen-en-el-piso\/#primaryimage\",\"url\":\"https:\/\/aeronoticias.com.pe\/noticiero\/images\/resized\/images\/stories\/17\/09\/110917\/miamiairport_610_339.jpg\",\"contentUrl\":\"https:\/\/aeronoticias.com.pe\/noticiero\/images\/resized\/images\/stories\/17\/09\/110917\/miamiairport_610_339.jpg\"},{\"@type\":\"BreadcrumbList\",\"@id\":\"https:\/\/aeronoticias.com.pe\/noticiero\/internacionales\/jovenes-peruanos-varados-en-aeropuerto-de-miami-por-pandemia-duermen-en-el-piso\/#breadcrumb\",\"itemListElement\":[{\"@type\":\"ListItem\",\"position\":1,\"name\":\"Portada\",\"item\":\"https:\/\/aeronoticias.com.pe\/noticiero\/\"},{\"@type\":\"ListItem\",\"position\":2,\"name\":\"J\u00f3venes peruanos varados en aeropuerto de Miami por pandemia duermen en el piso\"}]},{\"@type\":\"WebSite\",\"@id\":\"https:\/\/aeronoticias.com.pe\/noticiero\/#website\",\"url\":\"https:\/\/aeronoticias.com.pe\/noticiero\/\",\"name\":\"Aeronoticias.com.pe\",\"description\":\"Noticias de tranporte aereo, turismo, hoteles, gastronomia, actualidad, internacional\",\"potentialAction\":[{\"@type\":\"SearchAction\",\"target\":{\"@type\":\"EntryPoint\",\"urlTemplate\":\"https:\/\/aeronoticias.com.pe\/noticiero\/?s={search_term_string}\"},\"query-input\":{\"@type\":\"PropertyValueSpecification\",\"valueRequired\":true,\"valueName\":\"search_term_string\"}}],\"inLanguage\":\"es\"},{\"@type\":\"Person\",\"@id\":\"https:\/\/aeronoticias.com.pe\/noticiero\/#\/schema\/person\/fc1e5d578f4b62ba1cf7ac2bba1170a0\",\"name\":\"Redacci\u00f3n Aeronoticias\",\"url\":\"https:\/\/aeronoticias.com.pe\/noticiero\/author\/piloto\/\"}]}<\/script>\n<!-- \/ Yoast SEO plugin. -->","yoast_head_json":{"title":"J\u00f3venes peruanos varados en aeropuerto de Miami por pandemia duermen en el piso","description":"Portal de noticias del Per\u00fa sobre el transporte a\u00e9reo, aviaci\u00f3n, turismo, hoteleria, actualidad.","robots":{"index":"index","follow":"follow","max-snippet":"max-snippet:-1","max-image-preview":"max-image-preview:large","max-video-preview":"max-video-preview:-1"},"canonical":"https:\/\/aeronoticias.com.pe\/noticiero\/internacionales\/jovenes-peruanos-varados-en-aeropuerto-de-miami-por-pandemia-duermen-en-el-piso\/","og_locale":"es_ES","og_type":"article","og_title":"J\u00f3venes peruanos varados en aeropuerto de Miami por pandemia duermen en el piso","og_description":"Portal de noticias del Per\u00fa sobre el transporte a\u00e9reo, aviaci\u00f3n, turismo, hoteleria, actualidad.","og_url":"https:\/\/aeronoticias.com.pe\/noticiero\/internacionales\/jovenes-peruanos-varados-en-aeropuerto-de-miami-por-pandemia-duermen-en-el-piso\/","og_site_name":"Aeronoticias.com.pe","article_publisher":"https:\/\/www.facebook.com\/Aeronoticias.com.pe\/","article_published_time":"2020-05-08T03:42:12+00:00","og_image":[{"url":"https:\/\/aeronoticias.com.pe\/noticiero\/images\/resized\/images\/stories\/17\/09\/110917\/miamiairport_610_339.jpg","type":"","width":"","height":""}],"author":"Redacci\u00f3n Aeronoticias","twitter_card":"summary_large_image","twitter_creator":"@aeronoticias","twitter_site":"@aeronoticias","twitter_misc":{"Escrito por":"Redacci\u00f3n Aeronoticias","Tiempo de lectura":"2 minutos"},"schema":{"@context":"https:\/\/schema.org","@graph":[{"@type":"WebPage","@id":"https:\/\/aeronoticias.com.pe\/noticiero\/internacionales\/jovenes-peruanos-varados-en-aeropuerto-de-miami-por-pandemia-duermen-en-el-piso\/","url":"https:\/\/aeronoticias.com.pe\/noticiero\/internacionales\/jovenes-peruanos-varados-en-aeropuerto-de-miami-por-pandemia-duermen-en-el-piso\/","name":"J\u00f3venes peruanos varados en aeropuerto de Miami por pandemia duermen en el piso","isPartOf":{"@id":"https:\/\/aeronoticias.com.pe\/noticiero\/#website"},"primaryImageOfPage":{"@id":"https:\/\/aeronoticias.com.pe\/noticiero\/internacionales\/jovenes-peruanos-varados-en-aeropuerto-de-miami-por-pandemia-duermen-en-el-piso\/#primaryimage"},"image":{"@id":"https:\/\/aeronoticias.com.pe\/noticiero\/internacionales\/jovenes-peruanos-varados-en-aeropuerto-de-miami-por-pandemia-duermen-en-el-piso\/#primaryimage"},"thumbnailUrl":"https:\/\/aeronoticias.com.pe\/noticiero\/images\/resized\/images\/stories\/17\/09\/110917\/miamiairport_610_339.jpg","datePublished":"2020-05-08T03:42:12+00:00","author":{"@id":"https:\/\/aeronoticias.com.pe\/noticiero\/#\/schema\/person\/fc1e5d578f4b62ba1cf7ac2bba1170a0"},"description":"Portal de noticias del Per\u00fa sobre el transporte a\u00e9reo, aviaci\u00f3n, turismo, hoteleria, actualidad.","breadcrumb":{"@id":"https:\/\/aeronoticias.com.pe\/noticiero\/internacionales\/jovenes-peruanos-varados-en-aeropuerto-de-miami-por-pandemia-duermen-en-el-piso\/#breadcrumb"},"inLanguage":"es","potentialAction":[{"@type":"ReadAction","target":["https:\/\/aeronoticias.com.pe\/noticiero\/internacionales\/jovenes-peruanos-varados-en-aeropuerto-de-miami-por-pandemia-duermen-en-el-piso\/"]}]},{"@type":"ImageObject","inLanguage":"es","@id":"https:\/\/aeronoticias.com.pe\/noticiero\/internacionales\/jovenes-peruanos-varados-en-aeropuerto-de-miami-por-pandemia-duermen-en-el-piso\/#primaryimage","url":"https:\/\/aeronoticias.com.pe\/noticiero\/images\/resized\/images\/stories\/17\/09\/110917\/miamiairport_610_339.jpg","contentUrl":"https:\/\/aeronoticias.com.pe\/noticiero\/images\/resized\/images\/stories\/17\/09\/110917\/miamiairport_610_339.jpg"},{"@type":"BreadcrumbList","@id":"https:\/\/aeronoticias.com.pe\/noticiero\/internacionales\/jovenes-peruanos-varados-en-aeropuerto-de-miami-por-pandemia-duermen-en-el-piso\/#breadcrumb","itemListElement":[{"@type":"ListItem","position":1,"name":"Portada","item":"https:\/\/aeronoticias.com.pe\/noticiero\/"},{"@type":"ListItem","position":2,"name":"J\u00f3venes peruanos varados en aeropuerto de Miami por pandemia duermen en el piso"}]},{"@type":"WebSite","@id":"https:\/\/aeronoticias.com.pe\/noticiero\/#website","url":"https:\/\/aeronoticias.com.pe\/noticiero\/","name":"Aeronoticias.com.pe","description":"Noticias de tranporte aereo, turismo, hoteles, gastronomia, actualidad, internacional","potentialAction":[{"@type":"SearchAction","target":{"@type":"EntryPoint","urlTemplate":"https:\/\/aeronoticias.com.pe\/noticiero\/?s={search_term_string}"},"query-input":{"@type":"PropertyValueSpecification","valueRequired":true,"valueName":"search_term_string"}}],"inLanguage":"es"},{"@type":"Person","@id":"https:\/\/aeronoticias.com.pe\/noticiero\/#\/schema\/person\/fc1e5d578f4b62ba1cf7ac2bba1170a0","name":"Redacci\u00f3n Aeronoticias","url":"https:\/\/aeronoticias.com.pe\/noticiero\/author\/piloto\/"}]}},"_links":{"self":[{"href":"https:\/\/aeronoticias.com.pe\/noticiero\/wp-json\/wp\/v2\/posts\/59789","targetHints":{"allow":["GET"]}}],"collection":[{"href":"https:\/\/aeronoticias.com.pe\/noticiero\/wp-json\/wp\/v2\/posts"}],"about":[{"href":"https:\/\/aeronoticias.com.pe\/noticiero\/wp-json\/wp\/v2\/types\/post"}],"author":[{"embeddable":true,"href":"https:\/\/aeronoticias.com.pe\/noticiero\/wp-json\/wp\/v2\/users\/1"}],"replies":[{"embeddable":true,"href":"https:\/\/aeronoticias.com.pe\/noticiero\/wp-json\/wp\/v2\/comments?post=59789"}],"version-history":[{"count":0,"href":"https:\/\/aeronoticias.com.pe\/noticiero\/wp-json\/wp\/v2\/posts\/59789\/revisions"}],"wp:attachment":[{"href":"https:\/\/aeronoticias.com.pe\/noticiero\/wp-json\/wp\/v2\/media?parent=59789"}],"wp:term":[{"taxonomy":"category","embeddable":true,"href":"https:\/\/aeronoticias.com.pe\/noticiero\/wp-json\/wp\/v2\/categories?post=59789"},{"taxonomy":"post_tag","embeddable":true,"href":"https:\/\/aeronoticias.com.pe\/noticiero\/wp-json\/wp\/v2\/tags?post=59789"}],"curies":[{"name":"wp","href":"https:\/\/api.w.org\/{rel}","templated":true}]}}