{"id":59790,"date":"2020-05-08T15:25:01","date_gmt":"2020-05-08T15:25:01","guid":{"rendered":"http:\/\/desarrollo.mcvicious.com\/aero2020\/2020\/05\/08\/cancun-2x1-conoce-los-detalles-de-la-oferta-para-visitar-el-balneario\/"},"modified":"2020-05-08T15:25:01","modified_gmt":"2020-05-08T15:25:01","slug":"cancun-2x1-conoce-los-detalles-de-la-oferta-para-visitar-el-balneario","status":"publish","type":"post","link":"https:\/\/aeronoticias.com.pe\/noticiero\/turismo\/13\/cancun-2x1-conoce-los-detalles-de-la-oferta-para-visitar-el-balneario\/","title":{"rendered":"Canc\u00fan 2&#215;1: conoce los detalles de la oferta para visitar el balneario"},"content":{"rendered":"<p style=\"text-align: justify;\"><strong>(Aeronoticias).- <\/strong>Las empresas mexicanas dedicadas al rubro del turismo han lanzado la promoci\u00f3n \u2018Come 2 Canc\u00fan\u2019, la cual permite a los viajeros comprar paquetes tur\u00edsticos 2&#215;1. La medida ser\u00eda una respuesta a las complicaciones econ\u00f3micas del sector por la pandemia de coronavirus. \u201cEs la primera campa\u00f1a formal impulsada por la AHCP y vemos factible que con el material que est\u00e1 listo, podremos lanzar un programa \u00fanico por parte de la iniciativa privada y el gobierno\u201d, manifest\u00f3 Carlos Gosselin, miembro de la organizaci\u00f3n.<\/p>\n<p style=\"text-align: justify;\"><strong>El programa \u201cCome 2 Canc\u00fan\u201d no contempla la posibilidad de bajar las tarifas, sino de premiar al turista que visite los destinos que forman parte del proyecto.<\/strong><\/p>\n<p style=\"text-align: justify;\">\u201cSe aplica el 2&#215;1, es decir, que paguen dos noches del hotel y reciban cuatro, para de esta forma no abaratar el destino\u201d, se\u00f1ala el memorando de la AHCP. Por otro lado, se destaca la realizaci\u00f3n de concursos que se desarrollar\u00e1n a trav\u00e9s de las redes sociales, los cuales van desde visitas tur\u00edsticas hasta un certificado de viaje de por vida a Canc\u00fan.<\/p>\n<p style=\"text-align: justify;\">Por ello, si los turistas desean aprovechar las promociones, lo \u00fanico que se debe hacer es estar pendiente de la convocatoria que ser\u00e1 publicada por el Consejo de Promoci\u00f3n Tur\u00edstica de Quintana Roo, que podr\u00eda iniciarse a m\u00e1s tardar el 10 de mayo.<\/p>\n<p style=\"text-align: justify;\"><strong>\u00bfDesde cu\u00e1ndo se podr\u00e1 viajar a Canc\u00fan?<\/strong><\/p>\n<p style=\"text-align: justify;\">Roberto Cintr\u00f3n, presidente de la AHCP, afirm\u00f3 que se espera que la campa\u00f1a est\u00e9 lista antes del 15 de mayo para la apertura de Canc\u00fan, la cual se llevar\u00eda a cabo a partir del 1 de junio. Por \u00faltimo, ante la expansi\u00f3n del coronavirus, los hoteleros anunciaron que se asegurar\u00e1n que los turistas visiten Canc\u00fan respetando las medidas preventivas, por lo que realizar\u00e1n certificaciones en materia de higiene.<\/p>\n<p style=\"text-align: justify;\">Fuente: La Rep\u00fablica<\/p>\n<p style=\"text-align: justify;\"><img decoding=\"async\" src=\"images\/stories\/qm5caihy3ngc5om3ih66jdbjiy.jpg\" border=\"0\" \/><\/p>\n","protected":false},"excerpt":{"rendered":"<p>(Aeronoticias).- Las empresas mexicanas dedicadas al rubro del turismo han lanzado la promoci\u00f3n \u2018Come 2 Canc\u00fan\u2019, la cual permite a los viajeros comprar paquetes tur\u00edsticos 2&#215;1. La medida ser\u00eda una respuesta a las complicaciones econ\u00f3micas del sector por la pandemia de coronavirus. \u201cEs la primera campa\u00f1a formal impulsada por la AHCP y vemos factible que [&hellip;]<\/p>\n","protected":false},"author":1,"featured_media":0,"comment_status":"open","ping_status":"open","sticky":false,"template":"","format":"standard","meta":{"tdm_status":"","tdm_grid_status":"","footnotes":""},"categories":[31],"tags":[],"class_list":{"0":"post-59790","1":"post","2":"type-post","3":"status-publish","4":"format-standard","6":"category-31"},"yoast_head":"<!-- This site is optimized with the Yoast SEO plugin v25.1 - https:\/\/yoast.com\/wordpress\/plugins\/seo\/ -->\n<title>Canc\u00fan 2x1: conoce los detalles de la oferta para visitar el balneario<\/title>\n<meta name=\"description\" content=\"Portal de noticias del Per\u00fa sobre el transporte a\u00e9reo, aviaci\u00f3n, turismo, hoteleria, actualidad.\" \/>\n<meta name=\"robots\" content=\"index, follow, max-snippet:-1, max-image-preview:large, max-video-preview:-1\" \/>\n<link rel=\"canonical\" href=\"https:\/\/aeronoticias.com.pe\/noticiero\/turismo\/13\/cancun-2x1-conoce-los-detalles-de-la-oferta-para-visitar-el-balneario\/\" \/>\n<meta property=\"og:locale\" content=\"es_ES\" \/>\n<meta property=\"og:type\" content=\"article\" \/>\n<meta property=\"og:title\" content=\"Canc\u00fan 2x1: conoce los detalles de la oferta para visitar el balneario\" \/>\n<meta property=\"og:description\" content=\"Portal de noticias del Per\u00fa sobre el transporte a\u00e9reo, aviaci\u00f3n, turismo, hoteleria, actualidad.\" \/>\n<meta property=\"og:url\" content=\"https:\/\/aeronoticias.com.pe\/noticiero\/turismo\/13\/cancun-2x1-conoce-los-detalles-de-la-oferta-para-visitar-el-balneario\/\" \/>\n<meta property=\"og:site_name\" content=\"Aeronoticias.com.pe\" \/>\n<meta property=\"article:publisher\" content=\"https:\/\/www.facebook.com\/Aeronoticias.com.pe\/\" \/>\n<meta property=\"article:published_time\" content=\"2020-05-08T15:25:01+00:00\" \/>\n<meta name=\"author\" content=\"Redacci\u00f3n Aeronoticias\" \/>\n<meta name=\"twitter:card\" content=\"summary_large_image\" \/>\n<meta name=\"twitter:creator\" content=\"@aeronoticias\" \/>\n<meta name=\"twitter:site\" content=\"@aeronoticias\" \/>\n<meta name=\"twitter:label1\" content=\"Escrito por\" \/>\n\t<meta name=\"twitter:data1\" content=\"Redacci\u00f3n Aeronoticias\" \/>\n\t<meta name=\"twitter:label2\" content=\"Tiempo de lectura\" \/>\n\t<meta name=\"twitter:data2\" content=\"2 minutos\" \/>\n<script type=\"application\/ld+json\" class=\"yoast-schema-graph\">{\"@context\":\"https:\/\/schema.org\",\"@graph\":[{\"@type\":\"WebPage\",\"@id\":\"https:\/\/aeronoticias.com.pe\/noticiero\/turismo\/13\/cancun-2x1-conoce-los-detalles-de-la-oferta-para-visitar-el-balneario\/\",\"url\":\"https:\/\/aeronoticias.com.pe\/noticiero\/turismo\/13\/cancun-2x1-conoce-los-detalles-de-la-oferta-para-visitar-el-balneario\/\",\"name\":\"Canc\u00fan 2x1: conoce los detalles de la oferta para visitar el balneario\",\"isPartOf\":{\"@id\":\"https:\/\/aeronoticias.com.pe\/noticiero\/#website\"},\"datePublished\":\"2020-05-08T15:25:01+00:00\",\"author\":{\"@id\":\"https:\/\/aeronoticias.com.pe\/noticiero\/#\/schema\/person\/fc1e5d578f4b62ba1cf7ac2bba1170a0\"},\"description\":\"Portal de noticias del Per\u00fa sobre el transporte a\u00e9reo, aviaci\u00f3n, turismo, hoteleria, actualidad.\",\"breadcrumb\":{\"@id\":\"https:\/\/aeronoticias.com.pe\/noticiero\/turismo\/13\/cancun-2x1-conoce-los-detalles-de-la-oferta-para-visitar-el-balneario\/#breadcrumb\"},\"inLanguage\":\"es\",\"potentialAction\":[{\"@type\":\"ReadAction\",\"target\":[\"https:\/\/aeronoticias.com.pe\/noticiero\/turismo\/13\/cancun-2x1-conoce-los-detalles-de-la-oferta-para-visitar-el-balneario\/\"]}]},{\"@type\":\"BreadcrumbList\",\"@id\":\"https:\/\/aeronoticias.com.pe\/noticiero\/turismo\/13\/cancun-2x1-conoce-los-detalles-de-la-oferta-para-visitar-el-balneario\/#breadcrumb\",\"itemListElement\":[{\"@type\":\"ListItem\",\"position\":1,\"name\":\"Portada\",\"item\":\"https:\/\/aeronoticias.com.pe\/noticiero\/\"},{\"@type\":\"ListItem\",\"position\":2,\"name\":\"Canc\u00fan 2&#215;1: conoce los detalles de la oferta para visitar el balneario\"}]},{\"@type\":\"WebSite\",\"@id\":\"https:\/\/aeronoticias.com.pe\/noticiero\/#website\",\"url\":\"https:\/\/aeronoticias.com.pe\/noticiero\/\",\"name\":\"Aeronoticias.com.pe\",\"description\":\"Noticias de tranporte aereo, turismo, hoteles, gastronomia, actualidad, internacional\",\"potentialAction\":[{\"@type\":\"SearchAction\",\"target\":{\"@type\":\"EntryPoint\",\"urlTemplate\":\"https:\/\/aeronoticias.com.pe\/noticiero\/?s={search_term_string}\"},\"query-input\":{\"@type\":\"PropertyValueSpecification\",\"valueRequired\":true,\"valueName\":\"search_term_string\"}}],\"inLanguage\":\"es\"},{\"@type\":\"Person\",\"@id\":\"https:\/\/aeronoticias.com.pe\/noticiero\/#\/schema\/person\/fc1e5d578f4b62ba1cf7ac2bba1170a0\",\"name\":\"Redacci\u00f3n Aeronoticias\",\"url\":\"https:\/\/aeronoticias.com.pe\/noticiero\/author\/piloto\/\"}]}<\/script>\n<!-- \/ Yoast SEO plugin. -->","yoast_head_json":{"title":"Canc\u00fan 2x1: conoce los detalles de la oferta para visitar el balneario","description":"Portal de noticias del Per\u00fa sobre el transporte a\u00e9reo, aviaci\u00f3n, turismo, hoteleria, actualidad.","robots":{"index":"index","follow":"follow","max-snippet":"max-snippet:-1","max-image-preview":"max-image-preview:large","max-video-preview":"max-video-preview:-1"},"canonical":"https:\/\/aeronoticias.com.pe\/noticiero\/turismo\/13\/cancun-2x1-conoce-los-detalles-de-la-oferta-para-visitar-el-balneario\/","og_locale":"es_ES","og_type":"article","og_title":"Canc\u00fan 2x1: conoce los detalles de la oferta para visitar el balneario","og_description":"Portal de noticias del Per\u00fa sobre el transporte a\u00e9reo, aviaci\u00f3n, turismo, hoteleria, actualidad.","og_url":"https:\/\/aeronoticias.com.pe\/noticiero\/turismo\/13\/cancun-2x1-conoce-los-detalles-de-la-oferta-para-visitar-el-balneario\/","og_site_name":"Aeronoticias.com.pe","article_publisher":"https:\/\/www.facebook.com\/Aeronoticias.com.pe\/","article_published_time":"2020-05-08T15:25:01+00:00","author":"Redacci\u00f3n Aeronoticias","twitter_card":"summary_large_image","twitter_creator":"@aeronoticias","twitter_site":"@aeronoticias","twitter_misc":{"Escrito por":"Redacci\u00f3n Aeronoticias","Tiempo de lectura":"2 minutos"},"schema":{"@context":"https:\/\/schema.org","@graph":[{"@type":"WebPage","@id":"https:\/\/aeronoticias.com.pe\/noticiero\/turismo\/13\/cancun-2x1-conoce-los-detalles-de-la-oferta-para-visitar-el-balneario\/","url":"https:\/\/aeronoticias.com.pe\/noticiero\/turismo\/13\/cancun-2x1-conoce-los-detalles-de-la-oferta-para-visitar-el-balneario\/","name":"Canc\u00fan 2x1: conoce los detalles de la oferta para visitar el balneario","isPartOf":{"@id":"https:\/\/aeronoticias.com.pe\/noticiero\/#website"},"datePublished":"2020-05-08T15:25:01+00:00","author":{"@id":"https:\/\/aeronoticias.com.pe\/noticiero\/#\/schema\/person\/fc1e5d578f4b62ba1cf7ac2bba1170a0"},"description":"Portal de noticias del Per\u00fa sobre el transporte a\u00e9reo, aviaci\u00f3n, turismo, hoteleria, actualidad.","breadcrumb":{"@id":"https:\/\/aeronoticias.com.pe\/noticiero\/turismo\/13\/cancun-2x1-conoce-los-detalles-de-la-oferta-para-visitar-el-balneario\/#breadcrumb"},"inLanguage":"es","potentialAction":[{"@type":"ReadAction","target":["https:\/\/aeronoticias.com.pe\/noticiero\/turismo\/13\/cancun-2x1-conoce-los-detalles-de-la-oferta-para-visitar-el-balneario\/"]}]},{"@type":"BreadcrumbList","@id":"https:\/\/aeronoticias.com.pe\/noticiero\/turismo\/13\/cancun-2x1-conoce-los-detalles-de-la-oferta-para-visitar-el-balneario\/#breadcrumb","itemListElement":[{"@type":"ListItem","position":1,"name":"Portada","item":"https:\/\/aeronoticias.com.pe\/noticiero\/"},{"@type":"ListItem","position":2,"name":"Canc\u00fan 2&#215;1: conoce los detalles de la oferta para visitar el balneario"}]},{"@type":"WebSite","@id":"https:\/\/aeronoticias.com.pe\/noticiero\/#website","url":"https:\/\/aeronoticias.com.pe\/noticiero\/","name":"Aeronoticias.com.pe","description":"Noticias de tranporte aereo, turismo, hoteles, gastronomia, actualidad, internacional","potentialAction":[{"@type":"SearchAction","target":{"@type":"EntryPoint","urlTemplate":"https:\/\/aeronoticias.com.pe\/noticiero\/?s={search_term_string}"},"query-input":{"@type":"PropertyValueSpecification","valueRequired":true,"valueName":"search_term_string"}}],"inLanguage":"es"},{"@type":"Person","@id":"https:\/\/aeronoticias.com.pe\/noticiero\/#\/schema\/person\/fc1e5d578f4b62ba1cf7ac2bba1170a0","name":"Redacci\u00f3n Aeronoticias","url":"https:\/\/aeronoticias.com.pe\/noticiero\/author\/piloto\/"}]}},"_links":{"self":[{"href":"https:\/\/aeronoticias.com.pe\/noticiero\/wp-json\/wp\/v2\/posts\/59790","targetHints":{"allow":["GET"]}}],"collection":[{"href":"https:\/\/aeronoticias.com.pe\/noticiero\/wp-json\/wp\/v2\/posts"}],"about":[{"href":"https:\/\/aeronoticias.com.pe\/noticiero\/wp-json\/wp\/v2\/types\/post"}],"author":[{"embeddable":true,"href":"https:\/\/aeronoticias.com.pe\/noticiero\/wp-json\/wp\/v2\/users\/1"}],"replies":[{"embeddable":true,"href":"https:\/\/aeronoticias.com.pe\/noticiero\/wp-json\/wp\/v2\/comments?post=59790"}],"version-history":[{"count":0,"href":"https:\/\/aeronoticias.com.pe\/noticiero\/wp-json\/wp\/v2\/posts\/59790\/revisions"}],"wp:attachment":[{"href":"https:\/\/aeronoticias.com.pe\/noticiero\/wp-json\/wp\/v2\/media?parent=59790"}],"wp:term":[{"taxonomy":"category","embeddable":true,"href":"https:\/\/aeronoticias.com.pe\/noticiero\/wp-json\/wp\/v2\/categories?post=59790"},{"taxonomy":"post_tag","embeddable":true,"href":"https:\/\/aeronoticias.com.pe\/noticiero\/wp-json\/wp\/v2\/tags?post=59790"}],"curies":[{"name":"wp","href":"https:\/\/api.w.org\/{rel}","templated":true}]}}