{"id":59792,"date":"2020-05-08T15:37:34","date_gmt":"2020-05-08T15:37:34","guid":{"rendered":"http:\/\/desarrollo.mcvicious.com\/aero2020\/2020\/05\/08\/bolsonaro-continua-desestimando-la-amenaza-del-covid-19-mientras-los-casos-en-brasil-se-disparan\/"},"modified":"2020-05-08T15:37:34","modified_gmt":"2020-05-08T15:37:34","slug":"bolsonaro-continua-desestimando-la-amenaza-del-covid-19-mientras-los-casos-en-brasil-se-disparan","status":"publish","type":"post","link":"https:\/\/aeronoticias.com.pe\/noticiero\/mundo\/mundo-mundo-2\/bolsonaro-continua-desestimando-la-amenaza-del-covid-19-mientras-los-casos-en-brasil-se-disparan\/","title":{"rendered":"Bolsonaro contin\u00faa desestimando la amenaza del covid-19 mientras los casos en Brasil se disparan"},"content":{"rendered":"<p style=\"text-align: justify;\"><strong>(Aeronoticias).- <\/strong>Los casos de coronavirus en Brasil se dispararon a 135.106, incluidas 9.146 muertes, seg\u00fan cifras publicadas este mi\u00e9rcoles por el Ministerio de Salud de Brasil. Este aumento se produce cuando el portavoz del presidente Jair Bolsonaro, el general Otavio Santana do Rego Barros, confirm\u00f3 que dio positivo por covid-19.<\/p>\n<p style=\"text-align: justify;\">Sin embargo, Bolsonaro dijo a principios de esta semana que cre\u00eda que \u201clo peor hab\u00eda pasado\u201d refiri\u00e9ndose a la pandemia de coronavirus, durante una conferencia de prensa frente a la residencia presidencial de Alvorada en Brasilia. Pero a medida que el n\u00famero de casos y muertes contin\u00faan aumentando, muchos expertos en salud temen que lo peor est\u00e9 por venir. Desde que Bolsonaro hizo el comentario en Brasilia este martes, ha habido m\u00e1s de 20.000 nuevos casos de coronavirus y el pa\u00eds registr\u00f3 610 muertes el jueves, casi la cifra m\u00e1s alta en un per\u00edodo de 24 horas, seg\u00fan el Ministerio de Salud de Brasil.<\/p>\n<p style=\"text-align: justify;\">El ministro de Salud, Nelson Teich, dijo este jueves durante una video conferencia con miembros de la c\u00e1mara baja del Congreso, que podr\u00edan ser necesarias restricciones m\u00e1s estrictas en algunas de las regiones m\u00e1s afectadas. El exministro de Salud, Luiz Henrique Mandetta, dijo que \u201clos meses m\u00e1s dif\u00edciles\u201d probablemente sean mayo y junio, durante una entrevista con TV Globo el mes pasado, cuatro d\u00edas antes de que Bolsonaro lo despidiera por desacuerdos sobre la estrategia de coronavirus del pa\u00eds.<\/p>\n<p style=\"text-align: justify;\"><strong>Advertencias de un \u201ccolapso total\u201d<\/strong><\/p>\n<p style=\"text-align: justify;\">Mientras tanto, Bolsonaro contin\u00faa descartando la amenaza que el coronavirus presenta a los 209 millones de ciudadanos del pa\u00eds, diciendo repetidamente que cree que los efectos de las medidas preventivas, como las cuarentenas y los bloqueos, podr\u00edan tener un impacto peor en la econom\u00eda de Brasil. Durante un discurso en la Corte Suprema este jueves, Bolsonaro y el ministro de Finanzas, Paulo Guedes, dijeron que la econom\u00eda podr\u00eda sufrir un \u201ccolapso total\u201d si el pa\u00eds no se reabre.<\/p>\n<p style=\"text-align: justify;\">\u201cLa cuesti\u00f3n del desempleo, la cuesti\u00f3n de la econom\u00eda ya no funciona. No podemos permitir que el efecto secundario de la lucha contra el virus sea m\u00e1s da\u00f1ino que la enfermedad en s\u00ed\u201d, dijo Bolsonaro. El 24 de marzo, Bolsonaro compar\u00f3 el coronavirus con una \u201cpeque\u00f1a gripe\u201d en un discurso dirigido a la naci\u00f3n. Menos de dos meses despu\u00e9s de ese comentario, ha habido m\u00e1s de 132.000 nuevos casos de covid-19.<\/p>\n<p style=\"text-align: justify;\">Esto fue seguido por una serie de declaraciones controversiales sobre el virus por parte de Bolsonaro: \u201cA los brasile\u00f1os no nos da nada \u2026 ya tienen los anticuerpos para evitar que se propague\u201d, dijo el presidente.Agreg\u00f3 nuevamente que es probable que los brasile\u00f1os sean inmunes al coronavirus durante una conferencia de prensa del 26 de marzo frente a la residencia presidencial de Alvorada en Brasilia. \u201cLos brasile\u00f1os deben ser estudiados, no nos da nada. Se ve gente saltando en las aguas residuales, sumergi\u00e9ndose en ellas y no les pasa nada\u201d, dijo Bolsonaro.<\/p>\n<p style=\"text-align: justify;\">Durante la misma conferencia de prensa, Bolsonaro dijo que cre\u00eda que muchos brasile\u00f1os ya hab\u00edan sido infectados, pero que esas personas ya ten\u00edan \u201clos anticuerpos que ayudar\u00edan a que [el coronavirus] no se propague\u201d.<\/p>\n<p style=\"text-align: justify;\">Los comentarios se hicieron dos semanas despu\u00e9s de que el secretario de prensa de Bolsonaro, Fabio Wajngarten, y otros miembros del gabinete dieron positivo por coronavirus, despu\u00e9s de viajar a Estados Unidos y reunirse con el presidente Donald Trump en Mar-a-Lago. La Organizaci\u00f3n Mundial de la Salud dijo el mes pasado que no hab\u00eda evidencia de que las personas que hayan tenido covid-19 no se contagiaran por segunda vez.<\/p>\n<p style=\"text-align: justify;\">Bolsonaro dice que ha sido examinado dos veces para detectar coronavirus y ambas pruebas resultaron negativas, seg\u00fan publicaciones en sus p\u00e1ginas personales de Twitter y Facebook. Los l\u00edderes del Congreso y un juez federal ahora le est\u00e1n pidiendo al presidente que muestre evidencia de que la prueba result\u00f3 negativa, luego de que \u00e9l dijera impl\u00edcitamente hace poco que pudo haber contra\u00eddo el virus sin saberlo.<\/p>\n<p style=\"text-align: justify;\">Fuente: CNN<\/p>\n<p style=\"text-align: justify;\"><img decoding=\"async\" src=\"images\/stories\/jair-bolsonaro-super-tease.jpg\" border=\"0\" \/><\/p>\n","protected":false},"excerpt":{"rendered":"<p>(Aeronoticias).- Los casos de coronavirus en Brasil se dispararon a 135.106, incluidas 9.146 muertes, seg\u00fan cifras publicadas este mi\u00e9rcoles por el Ministerio de Salud de Brasil. Este aumento se produce cuando el portavoz del presidente Jair Bolsonaro, el general Otavio Santana do Rego Barros, confirm\u00f3 que dio positivo por covid-19. Sin embargo, Bolsonaro dijo a [&hellip;]<\/p>\n","protected":false},"author":1,"featured_media":0,"comment_status":"open","ping_status":"open","sticky":false,"template":"","format":"standard","meta":{"tdm_status":"","tdm_grid_status":"","footnotes":""},"categories":[65],"tags":[],"class_list":{"0":"post-59792","1":"post","2":"type-post","3":"status-publish","4":"format-standard","6":"category-mundo-mundo-2"},"yoast_head":"<!-- This site is optimized with the Yoast SEO plugin v25.1 - https:\/\/yoast.com\/wordpress\/plugins\/seo\/ -->\n<title>Bolsonaro contin\u00faa desestimando la amenaza del covid-19 mientras los casos en Brasil se disparan<\/title>\n<meta name=\"description\" content=\"Portal de noticias del Per\u00fa sobre el transporte a\u00e9reo, aviaci\u00f3n, turismo, hoteleria, actualidad.\" \/>\n<meta name=\"robots\" content=\"index, follow, max-snippet:-1, max-image-preview:large, max-video-preview:-1\" \/>\n<link rel=\"canonical\" href=\"https:\/\/aeronoticias.com.pe\/noticiero\/mundo\/mundo-mundo-2\/bolsonaro-continua-desestimando-la-amenaza-del-covid-19-mientras-los-casos-en-brasil-se-disparan\/\" \/>\n<meta property=\"og:locale\" content=\"es_ES\" \/>\n<meta property=\"og:type\" content=\"article\" \/>\n<meta property=\"og:title\" content=\"Bolsonaro contin\u00faa desestimando la amenaza del covid-19 mientras los casos en Brasil se disparan\" \/>\n<meta property=\"og:description\" content=\"Portal de noticias del Per\u00fa sobre el transporte a\u00e9reo, aviaci\u00f3n, turismo, hoteleria, actualidad.\" \/>\n<meta property=\"og:url\" content=\"https:\/\/aeronoticias.com.pe\/noticiero\/mundo\/mundo-mundo-2\/bolsonaro-continua-desestimando-la-amenaza-del-covid-19-mientras-los-casos-en-brasil-se-disparan\/\" \/>\n<meta property=\"og:site_name\" content=\"Aeronoticias.com.pe\" \/>\n<meta property=\"article:publisher\" content=\"https:\/\/www.facebook.com\/Aeronoticias.com.pe\/\" \/>\n<meta property=\"article:published_time\" content=\"2020-05-08T15:37:34+00:00\" \/>\n<meta name=\"author\" content=\"Redacci\u00f3n Aeronoticias\" \/>\n<meta name=\"twitter:card\" content=\"summary_large_image\" \/>\n<meta name=\"twitter:creator\" content=\"@aeronoticias\" \/>\n<meta name=\"twitter:site\" content=\"@aeronoticias\" \/>\n<meta name=\"twitter:label1\" content=\"Escrito por\" \/>\n\t<meta name=\"twitter:data1\" content=\"Redacci\u00f3n Aeronoticias\" \/>\n\t<meta name=\"twitter:label2\" content=\"Tiempo de lectura\" \/>\n\t<meta name=\"twitter:data2\" content=\"3 minutos\" \/>\n<script type=\"application\/ld+json\" class=\"yoast-schema-graph\">{\"@context\":\"https:\/\/schema.org\",\"@graph\":[{\"@type\":\"WebPage\",\"@id\":\"https:\/\/aeronoticias.com.pe\/noticiero\/mundo\/mundo-mundo-2\/bolsonaro-continua-desestimando-la-amenaza-del-covid-19-mientras-los-casos-en-brasil-se-disparan\/\",\"url\":\"https:\/\/aeronoticias.com.pe\/noticiero\/mundo\/mundo-mundo-2\/bolsonaro-continua-desestimando-la-amenaza-del-covid-19-mientras-los-casos-en-brasil-se-disparan\/\",\"name\":\"Bolsonaro contin\u00faa desestimando la amenaza del covid-19 mientras los casos en Brasil se disparan\",\"isPartOf\":{\"@id\":\"https:\/\/aeronoticias.com.pe\/noticiero\/#website\"},\"datePublished\":\"2020-05-08T15:37:34+00:00\",\"author\":{\"@id\":\"https:\/\/aeronoticias.com.pe\/noticiero\/#\/schema\/person\/fc1e5d578f4b62ba1cf7ac2bba1170a0\"},\"description\":\"Portal de noticias del Per\u00fa sobre el transporte a\u00e9reo, aviaci\u00f3n, turismo, hoteleria, actualidad.\",\"breadcrumb\":{\"@id\":\"https:\/\/aeronoticias.com.pe\/noticiero\/mundo\/mundo-mundo-2\/bolsonaro-continua-desestimando-la-amenaza-del-covid-19-mientras-los-casos-en-brasil-se-disparan\/#breadcrumb\"},\"inLanguage\":\"es\",\"potentialAction\":[{\"@type\":\"ReadAction\",\"target\":[\"https:\/\/aeronoticias.com.pe\/noticiero\/mundo\/mundo-mundo-2\/bolsonaro-continua-desestimando-la-amenaza-del-covid-19-mientras-los-casos-en-brasil-se-disparan\/\"]}]},{\"@type\":\"BreadcrumbList\",\"@id\":\"https:\/\/aeronoticias.com.pe\/noticiero\/mundo\/mundo-mundo-2\/bolsonaro-continua-desestimando-la-amenaza-del-covid-19-mientras-los-casos-en-brasil-se-disparan\/#breadcrumb\",\"itemListElement\":[{\"@type\":\"ListItem\",\"position\":1,\"name\":\"Portada\",\"item\":\"https:\/\/aeronoticias.com.pe\/noticiero\/\"},{\"@type\":\"ListItem\",\"position\":2,\"name\":\"Bolsonaro contin\u00faa desestimando la amenaza del covid-19 mientras los casos en Brasil se disparan\"}]},{\"@type\":\"WebSite\",\"@id\":\"https:\/\/aeronoticias.com.pe\/noticiero\/#website\",\"url\":\"https:\/\/aeronoticias.com.pe\/noticiero\/\",\"name\":\"Aeronoticias.com.pe\",\"description\":\"Noticias de tranporte aereo, turismo, hoteles, gastronomia, actualidad, internacional\",\"potentialAction\":[{\"@type\":\"SearchAction\",\"target\":{\"@type\":\"EntryPoint\",\"urlTemplate\":\"https:\/\/aeronoticias.com.pe\/noticiero\/?s={search_term_string}\"},\"query-input\":{\"@type\":\"PropertyValueSpecification\",\"valueRequired\":true,\"valueName\":\"search_term_string\"}}],\"inLanguage\":\"es\"},{\"@type\":\"Person\",\"@id\":\"https:\/\/aeronoticias.com.pe\/noticiero\/#\/schema\/person\/fc1e5d578f4b62ba1cf7ac2bba1170a0\",\"name\":\"Redacci\u00f3n Aeronoticias\",\"url\":\"https:\/\/aeronoticias.com.pe\/noticiero\/author\/piloto\/\"}]}<\/script>\n<!-- \/ Yoast SEO plugin. -->","yoast_head_json":{"title":"Bolsonaro contin\u00faa desestimando la amenaza del covid-19 mientras los casos en Brasil se disparan","description":"Portal de noticias del Per\u00fa sobre el transporte a\u00e9reo, aviaci\u00f3n, turismo, hoteleria, actualidad.","robots":{"index":"index","follow":"follow","max-snippet":"max-snippet:-1","max-image-preview":"max-image-preview:large","max-video-preview":"max-video-preview:-1"},"canonical":"https:\/\/aeronoticias.com.pe\/noticiero\/mundo\/mundo-mundo-2\/bolsonaro-continua-desestimando-la-amenaza-del-covid-19-mientras-los-casos-en-brasil-se-disparan\/","og_locale":"es_ES","og_type":"article","og_title":"Bolsonaro contin\u00faa desestimando la amenaza del covid-19 mientras los casos en Brasil se disparan","og_description":"Portal de noticias del Per\u00fa sobre el transporte a\u00e9reo, aviaci\u00f3n, turismo, hoteleria, actualidad.","og_url":"https:\/\/aeronoticias.com.pe\/noticiero\/mundo\/mundo-mundo-2\/bolsonaro-continua-desestimando-la-amenaza-del-covid-19-mientras-los-casos-en-brasil-se-disparan\/","og_site_name":"Aeronoticias.com.pe","article_publisher":"https:\/\/www.facebook.com\/Aeronoticias.com.pe\/","article_published_time":"2020-05-08T15:37:34+00:00","author":"Redacci\u00f3n Aeronoticias","twitter_card":"summary_large_image","twitter_creator":"@aeronoticias","twitter_site":"@aeronoticias","twitter_misc":{"Escrito por":"Redacci\u00f3n Aeronoticias","Tiempo de lectura":"3 minutos"},"schema":{"@context":"https:\/\/schema.org","@graph":[{"@type":"WebPage","@id":"https:\/\/aeronoticias.com.pe\/noticiero\/mundo\/mundo-mundo-2\/bolsonaro-continua-desestimando-la-amenaza-del-covid-19-mientras-los-casos-en-brasil-se-disparan\/","url":"https:\/\/aeronoticias.com.pe\/noticiero\/mundo\/mundo-mundo-2\/bolsonaro-continua-desestimando-la-amenaza-del-covid-19-mientras-los-casos-en-brasil-se-disparan\/","name":"Bolsonaro contin\u00faa desestimando la amenaza del covid-19 mientras los casos en Brasil se disparan","isPartOf":{"@id":"https:\/\/aeronoticias.com.pe\/noticiero\/#website"},"datePublished":"2020-05-08T15:37:34+00:00","author":{"@id":"https:\/\/aeronoticias.com.pe\/noticiero\/#\/schema\/person\/fc1e5d578f4b62ba1cf7ac2bba1170a0"},"description":"Portal de noticias del Per\u00fa sobre el transporte a\u00e9reo, aviaci\u00f3n, turismo, hoteleria, actualidad.","breadcrumb":{"@id":"https:\/\/aeronoticias.com.pe\/noticiero\/mundo\/mundo-mundo-2\/bolsonaro-continua-desestimando-la-amenaza-del-covid-19-mientras-los-casos-en-brasil-se-disparan\/#breadcrumb"},"inLanguage":"es","potentialAction":[{"@type":"ReadAction","target":["https:\/\/aeronoticias.com.pe\/noticiero\/mundo\/mundo-mundo-2\/bolsonaro-continua-desestimando-la-amenaza-del-covid-19-mientras-los-casos-en-brasil-se-disparan\/"]}]},{"@type":"BreadcrumbList","@id":"https:\/\/aeronoticias.com.pe\/noticiero\/mundo\/mundo-mundo-2\/bolsonaro-continua-desestimando-la-amenaza-del-covid-19-mientras-los-casos-en-brasil-se-disparan\/#breadcrumb","itemListElement":[{"@type":"ListItem","position":1,"name":"Portada","item":"https:\/\/aeronoticias.com.pe\/noticiero\/"},{"@type":"ListItem","position":2,"name":"Bolsonaro contin\u00faa desestimando la amenaza del covid-19 mientras los casos en Brasil se disparan"}]},{"@type":"WebSite","@id":"https:\/\/aeronoticias.com.pe\/noticiero\/#website","url":"https:\/\/aeronoticias.com.pe\/noticiero\/","name":"Aeronoticias.com.pe","description":"Noticias de tranporte aereo, turismo, hoteles, gastronomia, actualidad, internacional","potentialAction":[{"@type":"SearchAction","target":{"@type":"EntryPoint","urlTemplate":"https:\/\/aeronoticias.com.pe\/noticiero\/?s={search_term_string}"},"query-input":{"@type":"PropertyValueSpecification","valueRequired":true,"valueName":"search_term_string"}}],"inLanguage":"es"},{"@type":"Person","@id":"https:\/\/aeronoticias.com.pe\/noticiero\/#\/schema\/person\/fc1e5d578f4b62ba1cf7ac2bba1170a0","name":"Redacci\u00f3n Aeronoticias","url":"https:\/\/aeronoticias.com.pe\/noticiero\/author\/piloto\/"}]}},"_links":{"self":[{"href":"https:\/\/aeronoticias.com.pe\/noticiero\/wp-json\/wp\/v2\/posts\/59792","targetHints":{"allow":["GET"]}}],"collection":[{"href":"https:\/\/aeronoticias.com.pe\/noticiero\/wp-json\/wp\/v2\/posts"}],"about":[{"href":"https:\/\/aeronoticias.com.pe\/noticiero\/wp-json\/wp\/v2\/types\/post"}],"author":[{"embeddable":true,"href":"https:\/\/aeronoticias.com.pe\/noticiero\/wp-json\/wp\/v2\/users\/1"}],"replies":[{"embeddable":true,"href":"https:\/\/aeronoticias.com.pe\/noticiero\/wp-json\/wp\/v2\/comments?post=59792"}],"version-history":[{"count":0,"href":"https:\/\/aeronoticias.com.pe\/noticiero\/wp-json\/wp\/v2\/posts\/59792\/revisions"}],"wp:attachment":[{"href":"https:\/\/aeronoticias.com.pe\/noticiero\/wp-json\/wp\/v2\/media?parent=59792"}],"wp:term":[{"taxonomy":"category","embeddable":true,"href":"https:\/\/aeronoticias.com.pe\/noticiero\/wp-json\/wp\/v2\/categories?post=59792"},{"taxonomy":"post_tag","embeddable":true,"href":"https:\/\/aeronoticias.com.pe\/noticiero\/wp-json\/wp\/v2\/tags?post=59792"}],"curies":[{"name":"wp","href":"https:\/\/api.w.org\/{rel}","templated":true}]}}