{"id":59796,"date":"2020-05-09T19:17:19","date_gmt":"2020-05-09T19:17:19","guid":{"rendered":"http:\/\/desarrollo.mcvicious.com\/aero2020\/2020\/05\/09\/gobernador-regional-de-la-libertad-puede-incurrir-en-responsabilidad-civil-y-penal-al-dejar-a-pacasmayo-sin-hospital\/"},"modified":"2020-05-09T19:17:19","modified_gmt":"2020-05-09T19:17:19","slug":"gobernador-regional-de-la-libertad-puede-incurrir-en-responsabilidad-civil-y-penal-al-dejar-a-pacasmayo-sin-hospital","status":"publish","type":"post","link":"https:\/\/aeronoticias.com.pe\/noticiero\/nacionales\/gobernador-regional-de-la-libertad-puede-incurrir-en-responsabilidad-civil-y-penal-al-dejar-a-pacasmayo-sin-hospital\/","title":{"rendered":"Gobernador Regional de La Libertad puede incurrir en responsabilidad civil y penal al dejar a Pacasmayo sin hospital"},"content":{"rendered":"<p style=\"text-align: justify;\"><span style=\"font-size: 12.16px;\"><strong>(Aeronoticias) <\/strong>Hemos venido reclamando al Presidente Mart\u00edn Vizcarra y a su Gobierno, que en 7 d\u00edas habilite el Hospital de Pacasmayo del Ministerio de Salud (Minsa) que tiene capacidad para atender m\u00e1s de 150 camas Covid-19, sin embargo el responsable pol\u00edtico de tomar la decisi\u00f3n y habilitar este hospital que salvar\u00eda muchas vidas, es el Gobernador Regional de La Libertad Manuel Llemp\u00e9n de las filas de Alianza para el Progreso del se\u00f1or C\u00e9sar Acu\u00f1a\u2026 \u00bfy por qu\u00e9 no lo hacen?<\/span><\/p>\n<p style=\"text-align: justify;\"><span style=\"font-size: 12.16px;\">Las decisiones de este Gobernador Regional de dejar a Pacasmayo sin hospital Minsa, pueden costar muchas vidas, para lo cual reproducimos el editorial de UnDiario.pe, que explica el drama que viven 200 mil personas por la mala decisi\u00f3n de Manuel Llemp\u00e9n, que podr\u00eda originar muchas muertes y como consecuencia directa por el nexo de causalidad, su responsabilidad civil, penal y pol\u00edtica en esta grave situaci\u00f3n de crisis por el Covid-19.<\/span><\/p>\n<p style=\"text-align: justify;\"><span style=\"font-size: 12.16px;\">Este es el editorial de UnDiario.pe, que afirma que la decisi\u00f3n de Manuel Llemp\u00e9n puede costar vidas.<\/span><\/p>\n<p style=\"text-align: justify;\"><span style=\"font-size: 12.16px;\">Posici\u00f3n editorial de UnDiario.pe:<\/span><\/p>\n<p style=\"text-align: justify;\"><span style=\"font-size: 12.16px;\"><strong><em>Decisi\u00f3n Que Nos Puede Costar Vidas<\/em><\/strong><\/span><\/p>\n<p style=\"text-align: justify;\"><strong><em>Ha quedado en evidencia la falta de conocimiento de la realidad, por parte del gobernador regional de La Libertad respecto a las provincias de Chep\u00e9n y Pacasmayo, para proceder como se ha hecho en el manejo de la pandemia Covid-19. En su visita el martes 5 a Guadalupe, Chep\u00e9n y San Pedro de Lloc, no se dio tiempo para escuchar a los profesionales que atienden a los pacientes y viven los problemas. En Chep\u00e9n les concedi\u00f3 escasos minutos y se impidi\u00f3 el ingreso de enfermeras a la reuni\u00f3n. Es necesario que conozca la realidad, no informes hechos desde un escritorio, ni por boca de asesores o funcionarios que cuidan su puesto de confianza, incluso a costa de la vida de los pacientes. Llemp\u00e9n ha agravado la crisis que se enfrenta en el Valle Jequetepeque en lugar de darle una salida. Mientras que en Lima, el propio Minsa dispone del mayor n\u00famero de hospitales para la atenci\u00f3n de pacientes Covid-19, ac\u00e1 se ha dado el lujo de disponer que el Hospital Tom\u00e1s Lafora en Guadalupe sea cerrado a los casos Covid-19 y solo atienda casos No Covid. Ha dispuesto que el Hospital Minsa Chep\u00e9n, carente de ox\u00edgeno, personal, e implementos, atienda a nuestros hermanos de Guadalupe. Esa atenci\u00f3n no est\u00e1 garantizada. Qu\u00e9 pasar\u00e1 con ellos en los pr\u00f3ximos d\u00edas, cuando los casos aumenten, o alguno empeore. Se les est\u00e1 contando un cuento que no tiene garant\u00eda de final feliz. Parece que el gobernador ignora que el Hospital Minsa Chep\u00e9n est\u00e1 como hace 54 a\u00f1os, cuando fue inaugurado. No tiene ambientes. Pero eso no es todo. En su arriesgada decisi\u00f3n, que ha advertido se tiene que cumplir, Llemp\u00e9n ha dejado sin infraestructura hospitalaria a los pacientes de Pacasmayo, San Pedro de Lloc, San Jos\u00e9 y Jequetepeque. Por qu\u00e9 no acondicionar la mayor cantidad de camas Covid-19 en el Hospital Lafora y dotarlos de los equipos y personal, para salvar la vida de la mayor cantidad de pacientes. Hoy por hoy, en lugar de estar montando camas y trasladando balones de ox\u00edgenos, los alcaldes est\u00e1n buscando locales decidiendo entre terrapuertos, coliseos o estadios. El nuevo edificio del Hospital Pacasmayo carece de servicios esenciales. Si desde febrero que reclamamos por \u00e9l, no se ha avanzado, se duda pueda estar operativo ahora que se necesita. Los alcaldes, con su aceptaci\u00f3n, est\u00e1n hoy en la obligaci\u00f3n de garantizar los servicios de hospitalizaci\u00f3n con ox\u00edgeno para nuestros pacientes Covid-19. Estamos hablando de vidas en juego.<\/em><\/strong><\/p>\n<p><strong><em>Fuente: <a href=\"https:\/\/undiario.pe\/2020\/05\/08\/decision-que-nos-puede-costar-vidas\" target=\"_blank\" rel=\"noopener noreferrer\">Editorial de UnDiario.pe UNDiario.pe <\/a>[https:\/\/undiario.pe\/2020\/05\/08\/decision-que-nos-puede-costar-vidas]<\/em><\/strong><\/p>\n<p style=\"text-align: justify;\"><span style=\"font-size: 12.16px;\">Ser\u00eda muy importante comenzar a pensar en recolectar firmas para vacar al Gobernador Regional de La Libertad Manuel Llemp\u00e9n, el problema es que con el paso del tiempo m\u00e1s de 200 mil personas est\u00e1n en peligro, sin embargo, los herederos de las v\u00edctimas de esta decisi\u00f3n pol\u00edtica de dejar sin Hospital Minsa a Pacasmayo, en el supuesto de que mueran personas sin atenci\u00f3n Covid-19, podr\u00eda haber responsabilidad civil e inclusive penal del Gobernador Regional de la Libertad.<\/span><\/p>\n<p style=\"text-align: justify;\">Se tom\u00f3 conocimiento, que se estar\u00eda solicitando una investigaci\u00f3n en el Congreso de la Rep\u00fablica por la responsabilidad pol\u00edtica del Gobernador Regional Manuel Llemp\u00e9n, de dejar a Pacasmayo sin Hospital Minsa en esta grave crisis del Covid-19 y tendr\u00eda la Contralor\u00eda General de la Rep\u00fablica que emitir los informes de c\u00f3mo se manejaron las transferencias de recursos econ\u00f3micos del MEF para esta obra hospitalaria, que en plena pandemia no se quiere habilitar, parece una novela de ficci\u00f3n pero es la pura realidad en un pa\u00eds llamado Per\u00fa en donde las Regiones gastaron S\/ 1.900 millones en 14 hospitales que hoy est\u00e1n inconclusos y paralizados.<\/p>\n<p style=\"text-align: justify;\"><span style=\"font-size: 12.16px;\"><a href=\"https:\/\/ojo-publico.com\/1798\/los-14-hospitales-paralizados-por-sospechas-de-corrupcion?fbclid=IwAR2xfhelQNmBZDMy0l14qaA5CLsRCYLIkIvrc2PVSh08WbC6MEeWbx_QIGU\" target=\"_blank\" rel=\"noopener noreferrer\">Regiones gastaron S\/ 1.900 millones en 14 hospitales que hoy est\u00e1n inconclusos y paralizados<\/a><\/span><\/p>\n<p style=\"text-align: justify;\"><span style=\"font-size: 12.16px;\"><a href=\"https:\/\/aeronoticias.com.pe\/noticiero\/index.php?option=com_content&amp;view=article&amp;id=61963;piden-a-martin-vizcarra-habiliten-inmediatamente-el-hospital-minsa-de-pacasmayo&amp;catid=1;1&amp;Itemid=18\" target=\"_blank\" rel=\"noopener noreferrer\">Piden a Mart\u00edn Vizcarra habiliten inmediatamente el Hospital Minsa de Pacasmayo<\/a><\/span><\/p>\n<p style=\"text-align: justify;\"><span style=\"font-size: 12.16px;\"><a href=\"https:\/\/ovejanegra.com.pe\/manuel-llempen-denunciado-penalmente-afronta-acusacion-por-demora-en-entrega-de-22-camionetas-adquiridas-hace-siete-meses\/\" target=\"_blank\" rel=\"noopener noreferrer\">MANUEL LLEMP\u00c9N DENUNCIADO PENALMENTE |Afronta acusaci\u00f3n por demora en entrega de 22 camionetas adquiridas hace siete meses<\/a><br \/><\/span><br \/><span style=\"font-size: 12.16px;\"><a href=\"https:\/\/larepublica.pe\/sociedad\/2020\/04\/09\/manuel-llempen-es-criticado-por-falta-de-liderazgo-e-inversion-coronavirus-manuel-llempen-la-libertad-lrnd\/\" target=\"_blank\" rel=\"noopener noreferrer\">Manuel Llemp\u00e9n es criticado por falta de liderazgo e inversi\u00f3n<\/a><\/span><\/p>\n<p style=\"text-align: justify;\"><a href=\"https:\/\/diariocorreo.pe\/edicion\/la-libertad\/chepen-critican-llempen-por-manejo-de-covid-19-939239\/\" target=\"_blank\" style=\"font-size: 12.16px;\" rel=\"noopener noreferrer\">Chep\u00e9n: critican a Llemp\u00e9n por manejo de Covid-19<\/a><\/p>\n<p><span style=\"font-size: 12.16px;\"><a href=\"http:\/\/laindustria.pe\/nota\/15212-congresista-denuncia-falta-de-coordinacin-con-llempn-para-implementar-medidas-de-prevencin\" target=\"_blank\" rel=\"noopener noreferrer\">Congresista denuncia falta de coordinaci\u00f3n con Llemp\u00e9n para implementar medidas de prevenci\u00f3n<\/a><\/span><\/p>\n<p style=\"text-align: justify;\"><span style=\"font-size: 12.16px;\"><img decoding=\"async\" src=\"images\/stories\/20\/05\/090520\/manuelllempen-hospitalpacasmayo.jpg\" border=\"0\" \/><br \/><\/span><\/p>\n","protected":false},"excerpt":{"rendered":"<p>(Aeronoticias) Hemos venido reclamando al Presidente Mart\u00edn Vizcarra y a su Gobierno, que en 7 d\u00edas habilite el Hospital de Pacasmayo del Ministerio de Salud (Minsa) que tiene capacidad para atender m\u00e1s de 150 camas Covid-19, sin embargo el responsable pol\u00edtico de tomar la decisi\u00f3n y habilitar este hospital que salvar\u00eda muchas vidas, es el [&hellip;]<\/p>\n","protected":false},"author":1,"featured_media":0,"comment_status":"open","ping_status":"open","sticky":false,"template":"","format":"standard","meta":{"tdm_status":"","tdm_grid_status":"","footnotes":""},"categories":[38],"tags":[],"class_list":{"0":"post-59796","1":"post","2":"type-post","3":"status-publish","4":"format-standard","6":"category-nacionales"},"yoast_head":"<!-- This site is optimized with the Yoast SEO plugin v25.1 - https:\/\/yoast.com\/wordpress\/plugins\/seo\/ -->\n<title>Gobernador Regional de La Libertad puede incurrir en responsabilidad civil y penal al dejar a Pacasmayo sin hospital<\/title>\n<meta name=\"description\" content=\"Portal de noticias del Per\u00fa sobre el transporte a\u00e9reo, aviaci\u00f3n, turismo, hoteleria, actualidad.\" \/>\n<meta name=\"robots\" content=\"index, follow, max-snippet:-1, max-image-preview:large, max-video-preview:-1\" \/>\n<link rel=\"canonical\" href=\"https:\/\/aeronoticias.com.pe\/noticiero\/nacionales\/gobernador-regional-de-la-libertad-puede-incurrir-en-responsabilidad-civil-y-penal-al-dejar-a-pacasmayo-sin-hospital\/\" \/>\n<meta property=\"og:locale\" content=\"es_ES\" \/>\n<meta property=\"og:type\" content=\"article\" \/>\n<meta property=\"og:title\" content=\"Gobernador Regional de La Libertad puede incurrir en responsabilidad civil y penal al dejar a Pacasmayo sin hospital\" \/>\n<meta property=\"og:description\" content=\"Portal de noticias del Per\u00fa sobre el transporte a\u00e9reo, aviaci\u00f3n, turismo, hoteleria, actualidad.\" \/>\n<meta property=\"og:url\" content=\"https:\/\/aeronoticias.com.pe\/noticiero\/nacionales\/gobernador-regional-de-la-libertad-puede-incurrir-en-responsabilidad-civil-y-penal-al-dejar-a-pacasmayo-sin-hospital\/\" \/>\n<meta property=\"og:site_name\" content=\"Aeronoticias.com.pe\" \/>\n<meta property=\"article:publisher\" content=\"https:\/\/www.facebook.com\/Aeronoticias.com.pe\/\" \/>\n<meta property=\"article:published_time\" content=\"2020-05-09T19:17:19+00:00\" \/>\n<meta name=\"author\" content=\"Redacci\u00f3n Aeronoticias\" \/>\n<meta name=\"twitter:card\" content=\"summary_large_image\" \/>\n<meta name=\"twitter:creator\" content=\"@aeronoticias\" \/>\n<meta name=\"twitter:site\" content=\"@aeronoticias\" \/>\n<meta name=\"twitter:label1\" content=\"Escrito por\" \/>\n\t<meta name=\"twitter:data1\" content=\"Redacci\u00f3n Aeronoticias\" \/>\n\t<meta name=\"twitter:label2\" content=\"Tiempo de lectura\" \/>\n\t<meta name=\"twitter:data2\" content=\"5 minutos\" \/>\n<script type=\"application\/ld+json\" class=\"yoast-schema-graph\">{\"@context\":\"https:\/\/schema.org\",\"@graph\":[{\"@type\":\"WebPage\",\"@id\":\"https:\/\/aeronoticias.com.pe\/noticiero\/nacionales\/gobernador-regional-de-la-libertad-puede-incurrir-en-responsabilidad-civil-y-penal-al-dejar-a-pacasmayo-sin-hospital\/\",\"url\":\"https:\/\/aeronoticias.com.pe\/noticiero\/nacionales\/gobernador-regional-de-la-libertad-puede-incurrir-en-responsabilidad-civil-y-penal-al-dejar-a-pacasmayo-sin-hospital\/\",\"name\":\"Gobernador Regional de La Libertad puede incurrir en responsabilidad civil y penal al dejar a Pacasmayo sin hospital\",\"isPartOf\":{\"@id\":\"https:\/\/aeronoticias.com.pe\/noticiero\/#website\"},\"datePublished\":\"2020-05-09T19:17:19+00:00\",\"author\":{\"@id\":\"https:\/\/aeronoticias.com.pe\/noticiero\/#\/schema\/person\/fc1e5d578f4b62ba1cf7ac2bba1170a0\"},\"description\":\"Portal de noticias del Per\u00fa sobre el transporte a\u00e9reo, aviaci\u00f3n, turismo, hoteleria, actualidad.\",\"breadcrumb\":{\"@id\":\"https:\/\/aeronoticias.com.pe\/noticiero\/nacionales\/gobernador-regional-de-la-libertad-puede-incurrir-en-responsabilidad-civil-y-penal-al-dejar-a-pacasmayo-sin-hospital\/#breadcrumb\"},\"inLanguage\":\"es\",\"potentialAction\":[{\"@type\":\"ReadAction\",\"target\":[\"https:\/\/aeronoticias.com.pe\/noticiero\/nacionales\/gobernador-regional-de-la-libertad-puede-incurrir-en-responsabilidad-civil-y-penal-al-dejar-a-pacasmayo-sin-hospital\/\"]}]},{\"@type\":\"BreadcrumbList\",\"@id\":\"https:\/\/aeronoticias.com.pe\/noticiero\/nacionales\/gobernador-regional-de-la-libertad-puede-incurrir-en-responsabilidad-civil-y-penal-al-dejar-a-pacasmayo-sin-hospital\/#breadcrumb\",\"itemListElement\":[{\"@type\":\"ListItem\",\"position\":1,\"name\":\"Portada\",\"item\":\"https:\/\/aeronoticias.com.pe\/noticiero\/\"},{\"@type\":\"ListItem\",\"position\":2,\"name\":\"Gobernador Regional de La Libertad puede incurrir en responsabilidad civil y penal al dejar a Pacasmayo sin hospital\"}]},{\"@type\":\"WebSite\",\"@id\":\"https:\/\/aeronoticias.com.pe\/noticiero\/#website\",\"url\":\"https:\/\/aeronoticias.com.pe\/noticiero\/\",\"name\":\"Aeronoticias.com.pe\",\"description\":\"Noticias de tranporte aereo, turismo, hoteles, gastronomia, actualidad, internacional\",\"potentialAction\":[{\"@type\":\"SearchAction\",\"target\":{\"@type\":\"EntryPoint\",\"urlTemplate\":\"https:\/\/aeronoticias.com.pe\/noticiero\/?s={search_term_string}\"},\"query-input\":{\"@type\":\"PropertyValueSpecification\",\"valueRequired\":true,\"valueName\":\"search_term_string\"}}],\"inLanguage\":\"es\"},{\"@type\":\"Person\",\"@id\":\"https:\/\/aeronoticias.com.pe\/noticiero\/#\/schema\/person\/fc1e5d578f4b62ba1cf7ac2bba1170a0\",\"name\":\"Redacci\u00f3n Aeronoticias\",\"url\":\"https:\/\/aeronoticias.com.pe\/noticiero\/author\/piloto\/\"}]}<\/script>\n<!-- \/ Yoast SEO plugin. -->","yoast_head_json":{"title":"Gobernador Regional de La Libertad puede incurrir en responsabilidad civil y penal al dejar a Pacasmayo sin hospital","description":"Portal de noticias del Per\u00fa sobre el transporte a\u00e9reo, aviaci\u00f3n, turismo, hoteleria, actualidad.","robots":{"index":"index","follow":"follow","max-snippet":"max-snippet:-1","max-image-preview":"max-image-preview:large","max-video-preview":"max-video-preview:-1"},"canonical":"https:\/\/aeronoticias.com.pe\/noticiero\/nacionales\/gobernador-regional-de-la-libertad-puede-incurrir-en-responsabilidad-civil-y-penal-al-dejar-a-pacasmayo-sin-hospital\/","og_locale":"es_ES","og_type":"article","og_title":"Gobernador Regional de La Libertad puede incurrir en responsabilidad civil y penal al dejar a Pacasmayo sin hospital","og_description":"Portal de noticias del Per\u00fa sobre el transporte a\u00e9reo, aviaci\u00f3n, turismo, hoteleria, actualidad.","og_url":"https:\/\/aeronoticias.com.pe\/noticiero\/nacionales\/gobernador-regional-de-la-libertad-puede-incurrir-en-responsabilidad-civil-y-penal-al-dejar-a-pacasmayo-sin-hospital\/","og_site_name":"Aeronoticias.com.pe","article_publisher":"https:\/\/www.facebook.com\/Aeronoticias.com.pe\/","article_published_time":"2020-05-09T19:17:19+00:00","author":"Redacci\u00f3n Aeronoticias","twitter_card":"summary_large_image","twitter_creator":"@aeronoticias","twitter_site":"@aeronoticias","twitter_misc":{"Escrito por":"Redacci\u00f3n Aeronoticias","Tiempo de lectura":"5 minutos"},"schema":{"@context":"https:\/\/schema.org","@graph":[{"@type":"WebPage","@id":"https:\/\/aeronoticias.com.pe\/noticiero\/nacionales\/gobernador-regional-de-la-libertad-puede-incurrir-en-responsabilidad-civil-y-penal-al-dejar-a-pacasmayo-sin-hospital\/","url":"https:\/\/aeronoticias.com.pe\/noticiero\/nacionales\/gobernador-regional-de-la-libertad-puede-incurrir-en-responsabilidad-civil-y-penal-al-dejar-a-pacasmayo-sin-hospital\/","name":"Gobernador Regional de La Libertad puede incurrir en responsabilidad civil y penal al dejar a Pacasmayo sin hospital","isPartOf":{"@id":"https:\/\/aeronoticias.com.pe\/noticiero\/#website"},"datePublished":"2020-05-09T19:17:19+00:00","author":{"@id":"https:\/\/aeronoticias.com.pe\/noticiero\/#\/schema\/person\/fc1e5d578f4b62ba1cf7ac2bba1170a0"},"description":"Portal de noticias del Per\u00fa sobre el transporte a\u00e9reo, aviaci\u00f3n, turismo, hoteleria, actualidad.","breadcrumb":{"@id":"https:\/\/aeronoticias.com.pe\/noticiero\/nacionales\/gobernador-regional-de-la-libertad-puede-incurrir-en-responsabilidad-civil-y-penal-al-dejar-a-pacasmayo-sin-hospital\/#breadcrumb"},"inLanguage":"es","potentialAction":[{"@type":"ReadAction","target":["https:\/\/aeronoticias.com.pe\/noticiero\/nacionales\/gobernador-regional-de-la-libertad-puede-incurrir-en-responsabilidad-civil-y-penal-al-dejar-a-pacasmayo-sin-hospital\/"]}]},{"@type":"BreadcrumbList","@id":"https:\/\/aeronoticias.com.pe\/noticiero\/nacionales\/gobernador-regional-de-la-libertad-puede-incurrir-en-responsabilidad-civil-y-penal-al-dejar-a-pacasmayo-sin-hospital\/#breadcrumb","itemListElement":[{"@type":"ListItem","position":1,"name":"Portada","item":"https:\/\/aeronoticias.com.pe\/noticiero\/"},{"@type":"ListItem","position":2,"name":"Gobernador Regional de La Libertad puede incurrir en responsabilidad civil y penal al dejar a Pacasmayo sin hospital"}]},{"@type":"WebSite","@id":"https:\/\/aeronoticias.com.pe\/noticiero\/#website","url":"https:\/\/aeronoticias.com.pe\/noticiero\/","name":"Aeronoticias.com.pe","description":"Noticias de tranporte aereo, turismo, hoteles, gastronomia, actualidad, internacional","potentialAction":[{"@type":"SearchAction","target":{"@type":"EntryPoint","urlTemplate":"https:\/\/aeronoticias.com.pe\/noticiero\/?s={search_term_string}"},"query-input":{"@type":"PropertyValueSpecification","valueRequired":true,"valueName":"search_term_string"}}],"inLanguage":"es"},{"@type":"Person","@id":"https:\/\/aeronoticias.com.pe\/noticiero\/#\/schema\/person\/fc1e5d578f4b62ba1cf7ac2bba1170a0","name":"Redacci\u00f3n Aeronoticias","url":"https:\/\/aeronoticias.com.pe\/noticiero\/author\/piloto\/"}]}},"_links":{"self":[{"href":"https:\/\/aeronoticias.com.pe\/noticiero\/wp-json\/wp\/v2\/posts\/59796","targetHints":{"allow":["GET"]}}],"collection":[{"href":"https:\/\/aeronoticias.com.pe\/noticiero\/wp-json\/wp\/v2\/posts"}],"about":[{"href":"https:\/\/aeronoticias.com.pe\/noticiero\/wp-json\/wp\/v2\/types\/post"}],"author":[{"embeddable":true,"href":"https:\/\/aeronoticias.com.pe\/noticiero\/wp-json\/wp\/v2\/users\/1"}],"replies":[{"embeddable":true,"href":"https:\/\/aeronoticias.com.pe\/noticiero\/wp-json\/wp\/v2\/comments?post=59796"}],"version-history":[{"count":0,"href":"https:\/\/aeronoticias.com.pe\/noticiero\/wp-json\/wp\/v2\/posts\/59796\/revisions"}],"wp:attachment":[{"href":"https:\/\/aeronoticias.com.pe\/noticiero\/wp-json\/wp\/v2\/media?parent=59796"}],"wp:term":[{"taxonomy":"category","embeddable":true,"href":"https:\/\/aeronoticias.com.pe\/noticiero\/wp-json\/wp\/v2\/categories?post=59796"},{"taxonomy":"post_tag","embeddable":true,"href":"https:\/\/aeronoticias.com.pe\/noticiero\/wp-json\/wp\/v2\/tags?post=59796"}],"curies":[{"name":"wp","href":"https:\/\/api.w.org\/{rel}","templated":true}]}}