{"id":59799,"date":"2020-05-09T23:50:01","date_gmt":"2020-05-09T23:50:01","guid":{"rendered":"http:\/\/desarrollo.mcvicious.com\/aero2020\/2020\/05\/09\/colombia-anif-propone-plan-de-rescate-para-aerolineas-por-3-billones\/"},"modified":"2020-09-24T23:18:47","modified_gmt":"2020-09-24T23:18:47","slug":"colombia-anif-propone-plan-de-rescate-para-aerolineas-por-3-billones","status":"publish","type":"post","link":"https:\/\/aeronoticias.com.pe\/noticiero\/transporte-aereo\/internacional\/colombia-anif-propone-plan-de-rescate-para-aerolineas-por-3-billones\/","title":{"rendered":"Colombia: ANIF propone plan de rescate para aerol\u00edneas por $3 billones"},"content":{"rendered":"\n<p>Debido a que el sector aeron\u00e1utico enfrenta una ca\u00edda de casi la totalidad de las operaciones, dada la suspensi\u00f3n de vuelos tanto nacionales como internacionales desde finales de marzo, se han generado importantes p\u00e9rdidas, situaci\u00f3n que seg\u00fan la Asociaci\u00f3n Nacional de Instituciones Financieras (ANIF) debe ser atendida por el Gobierno Nacional.<\/p>\n\n\n\n<p class=\"p1\">El centro de estudios econ\u00f3micos afirma que los recursos por financiar corresponden a una parte importante de los ingresos que dejar\u00e1n de recibir las compa\u00f1\u00edas del sector a\u00e9reo entre marzo y mayo, que oscilan entre los $2.8 y $3.0 billones.<\/p>\n\n\n\n<p class=\"p1\">\u201cTeniendo en cuenta el valor estrat\u00e9gico de la industria de transporte a\u00e9reo, ANIF considera que el Gobierno deber\u00e1 evaluar alternativas de alivio para este sector, dado el fuerte golpe en los ingresos a estas compa\u00f1\u00edas ante la crisis desatada por la propagaci\u00f3n del virus\u201d, se\u00f1ala el documento.<\/p>\n\n\n\n<p class=\"p1\">El acceso a este alivio estar\u00eda sujeto a tres condiciones: primero, la disposici\u00f3n de la informaci\u00f3n financiera y administrativa que permita conocer las condiciones actuales de cada una de las aerol\u00edneas; segundo, un compromiso de mantener la planta de empleados y por \u00faltimo, establecer un esquema detallado sobre el programa de pago de la deuda.<\/p>\n\n\n\n<p class=\"p1\">En opini\u00f3n de ANIF, este alivio podr\u00eda hacerse a trav\u00e9s de cr\u00e9ditos puente con la banca comercial, esquema de garant\u00edas y la compra de bonos o acciones que emitan las aerol\u00edneas.<\/p>\n\n\n\n<p class=\"p1\">Finalmente, se indica que para la reapertura del sector se debe estrictos protocolos de e bioseguridad, tales como controles de temperatura en los aeropuertos; protocolos de esterilizaci\u00f3n en aeropuertos y aeronaves; reducci\u00f3n del n\u00famero de pasajeros por trayecto, cumpliendo con las normas de distancia social y el uso obligatorio de implementos de prevenci\u00f3n para pasajeros y tripulaci\u00f3n como mascarillas, guantes, visores.<\/p>\n\n\n\n<p class=\"p1\">Fuente: <span style=\"text-decoration: underline;\"><em><strong>RCN- radio.<\/strong><\/em><\/span><\/p>\n","protected":false},"excerpt":{"rendered":"<p>Debido a que el sector aeron\u00e1utico enfrenta una ca\u00edda de casi la totalidad de las operaciones, dada la suspensi\u00f3n de vuelos tanto nacionales como internacionales desde finales de marzo, se han generado importantes p\u00e9rdidas, situaci\u00f3n que seg\u00fan la Asociaci\u00f3n Nacional de Instituciones Financieras (ANIF) debe ser atendida por el Gobierno Nacional. El centro de estudios [&hellip;]<\/p>\n","protected":false},"author":1,"featured_media":63130,"comment_status":"open","ping_status":"open","sticky":false,"template":"","format":"standard","meta":{"tdm_status":"","tdm_grid_status":"","footnotes":""},"categories":[32,11],"tags":[388,140,163,107],"class_list":{"0":"post-59799","1":"post","2":"type-post","3":"status-publish","4":"format-standard","5":"has-post-thumbnail","7":"category-internacional","8":"category-transporte-aereo","9":"tag-anif","10":"tag-colombia","11":"tag-coronavirus","12":"tag-covid19"},"yoast_head":"<!-- This site is optimized with the Yoast SEO plugin v25.1 - https:\/\/yoast.com\/wordpress\/plugins\/seo\/ -->\n<title>Colombia: ANIF propone plan de rescate para aerol\u00edneas por $3 billones<\/title>\n<meta name=\"description\" content=\"Debido a que el sector aeron\u00e1utico enfrenta una ca\u00edda de casi la totalidad de las operaciones, dada la suspensi\u00f3n de vuelos tanto nacionales como internacionales desde finales de marzo\" \/>\n<meta name=\"robots\" content=\"index, follow, max-snippet:-1, max-image-preview:large, max-video-preview:-1\" \/>\n<link rel=\"canonical\" href=\"https:\/\/aeronoticias.com.pe\/noticiero\/transporte-aereo\/internacional\/colombia-anif-propone-plan-de-rescate-para-aerolineas-por-3-billones\/\" \/>\n<meta property=\"og:locale\" content=\"es_ES\" \/>\n<meta property=\"og:type\" content=\"article\" \/>\n<meta property=\"og:title\" content=\"Colombia: ANIF propone plan de rescate para aerol\u00edneas por $3 billones\" \/>\n<meta property=\"og:description\" content=\"Debido a que el sector aeron\u00e1utico enfrenta una ca\u00edda de casi la totalidad de las operaciones, dada la suspensi\u00f3n de vuelos tanto nacionales como internacionales desde finales de marzo\" \/>\n<meta property=\"og:url\" content=\"https:\/\/aeronoticias.com.pe\/noticiero\/transporte-aereo\/internacional\/colombia-anif-propone-plan-de-rescate-para-aerolineas-por-3-billones\/\" \/>\n<meta property=\"og:site_name\" content=\"Aeronoticias.com.pe\" \/>\n<meta property=\"article:publisher\" content=\"https:\/\/www.facebook.com\/Aeronoticias.com.pe\/\" \/>\n<meta property=\"article:published_time\" content=\"2020-05-09T23:50:01+00:00\" \/>\n<meta property=\"article:modified_time\" content=\"2020-09-24T23:18:47+00:00\" \/>\n<meta property=\"og:image\" content=\"https:\/\/aeronoticias.com.pe\/noticiero\/wp-content\/uploads\/2020\/05\/Colombia-1.jpg\" \/>\n\t<meta property=\"og:image:width\" content=\"660\" \/>\n\t<meta property=\"og:image:height\" content=\"371\" \/>\n\t<meta property=\"og:image:type\" content=\"image\/jpeg\" \/>\n<meta name=\"author\" content=\"Redacci\u00f3n Aeronoticias\" \/>\n<meta name=\"twitter:card\" content=\"summary_large_image\" \/>\n<meta name=\"twitter:creator\" content=\"@aeronoticias\" \/>\n<meta name=\"twitter:site\" content=\"@aeronoticias\" \/>\n<meta name=\"twitter:label1\" content=\"Escrito por\" \/>\n\t<meta name=\"twitter:data1\" content=\"Redacci\u00f3n Aeronoticias\" \/>\n\t<meta name=\"twitter:label2\" content=\"Tiempo de lectura\" \/>\n\t<meta name=\"twitter:data2\" content=\"2 minutos\" \/>\n<script type=\"application\/ld+json\" class=\"yoast-schema-graph\">{\"@context\":\"https:\/\/schema.org\",\"@graph\":[{\"@type\":\"WebPage\",\"@id\":\"https:\/\/aeronoticias.com.pe\/noticiero\/transporte-aereo\/internacional\/colombia-anif-propone-plan-de-rescate-para-aerolineas-por-3-billones\/\",\"url\":\"https:\/\/aeronoticias.com.pe\/noticiero\/transporte-aereo\/internacional\/colombia-anif-propone-plan-de-rescate-para-aerolineas-por-3-billones\/\",\"name\":\"Colombia: ANIF propone plan de rescate para aerol\u00edneas por $3 billones\",\"isPartOf\":{\"@id\":\"https:\/\/aeronoticias.com.pe\/noticiero\/#website\"},\"primaryImageOfPage\":{\"@id\":\"https:\/\/aeronoticias.com.pe\/noticiero\/transporte-aereo\/internacional\/colombia-anif-propone-plan-de-rescate-para-aerolineas-por-3-billones\/#primaryimage\"},\"image\":{\"@id\":\"https:\/\/aeronoticias.com.pe\/noticiero\/transporte-aereo\/internacional\/colombia-anif-propone-plan-de-rescate-para-aerolineas-por-3-billones\/#primaryimage\"},\"thumbnailUrl\":\"https:\/\/aeronoticias.com.pe\/noticiero\/wp-content\/uploads\/2020\/05\/Colombia-1.jpg\",\"datePublished\":\"2020-05-09T23:50:01+00:00\",\"dateModified\":\"2020-09-24T23:18:47+00:00\",\"author\":{\"@id\":\"https:\/\/aeronoticias.com.pe\/noticiero\/#\/schema\/person\/fc1e5d578f4b62ba1cf7ac2bba1170a0\"},\"description\":\"Debido a que el sector aeron\u00e1utico enfrenta una ca\u00edda de casi la totalidad de las operaciones, dada la suspensi\u00f3n de vuelos tanto nacionales como internacionales desde finales de marzo\",\"breadcrumb\":{\"@id\":\"https:\/\/aeronoticias.com.pe\/noticiero\/transporte-aereo\/internacional\/colombia-anif-propone-plan-de-rescate-para-aerolineas-por-3-billones\/#breadcrumb\"},\"inLanguage\":\"es\",\"potentialAction\":[{\"@type\":\"ReadAction\",\"target\":[\"https:\/\/aeronoticias.com.pe\/noticiero\/transporte-aereo\/internacional\/colombia-anif-propone-plan-de-rescate-para-aerolineas-por-3-billones\/\"]}]},{\"@type\":\"ImageObject\",\"inLanguage\":\"es\",\"@id\":\"https:\/\/aeronoticias.com.pe\/noticiero\/transporte-aereo\/internacional\/colombia-anif-propone-plan-de-rescate-para-aerolineas-por-3-billones\/#primaryimage\",\"url\":\"https:\/\/aeronoticias.com.pe\/noticiero\/wp-content\/uploads\/2020\/05\/Colombia-1.jpg\",\"contentUrl\":\"https:\/\/aeronoticias.com.pe\/noticiero\/wp-content\/uploads\/2020\/05\/Colombia-1.jpg\",\"width\":660,\"height\":371,\"caption\":\"LATAM a trav\u00e9s de Lexlatin.com se opone al Proyecto de la L\u00ednea A\u00e9rea de Bandera del Per\u00fa\"},{\"@type\":\"BreadcrumbList\",\"@id\":\"https:\/\/aeronoticias.com.pe\/noticiero\/transporte-aereo\/internacional\/colombia-anif-propone-plan-de-rescate-para-aerolineas-por-3-billones\/#breadcrumb\",\"itemListElement\":[{\"@type\":\"ListItem\",\"position\":1,\"name\":\"Portada\",\"item\":\"https:\/\/aeronoticias.com.pe\/noticiero\/\"},{\"@type\":\"ListItem\",\"position\":2,\"name\":\"Colombia: ANIF propone plan de rescate para aerol\u00edneas por $3 billones\"}]},{\"@type\":\"WebSite\",\"@id\":\"https:\/\/aeronoticias.com.pe\/noticiero\/#website\",\"url\":\"https:\/\/aeronoticias.com.pe\/noticiero\/\",\"name\":\"Aeronoticias.com.pe\",\"description\":\"Noticias de tranporte aereo, turismo, hoteles, gastronomia, actualidad, internacional\",\"potentialAction\":[{\"@type\":\"SearchAction\",\"target\":{\"@type\":\"EntryPoint\",\"urlTemplate\":\"https:\/\/aeronoticias.com.pe\/noticiero\/?s={search_term_string}\"},\"query-input\":{\"@type\":\"PropertyValueSpecification\",\"valueRequired\":true,\"valueName\":\"search_term_string\"}}],\"inLanguage\":\"es\"},{\"@type\":\"Person\",\"@id\":\"https:\/\/aeronoticias.com.pe\/noticiero\/#\/schema\/person\/fc1e5d578f4b62ba1cf7ac2bba1170a0\",\"name\":\"Redacci\u00f3n Aeronoticias\",\"url\":\"https:\/\/aeronoticias.com.pe\/noticiero\/author\/piloto\/\"}]}<\/script>\n<!-- \/ Yoast SEO plugin. -->","yoast_head_json":{"title":"Colombia: ANIF propone plan de rescate para aerol\u00edneas por $3 billones","description":"Debido a que el sector aeron\u00e1utico enfrenta una ca\u00edda de casi la totalidad de las operaciones, dada la suspensi\u00f3n de vuelos tanto nacionales como internacionales desde finales de marzo","robots":{"index":"index","follow":"follow","max-snippet":"max-snippet:-1","max-image-preview":"max-image-preview:large","max-video-preview":"max-video-preview:-1"},"canonical":"https:\/\/aeronoticias.com.pe\/noticiero\/transporte-aereo\/internacional\/colombia-anif-propone-plan-de-rescate-para-aerolineas-por-3-billones\/","og_locale":"es_ES","og_type":"article","og_title":"Colombia: ANIF propone plan de rescate para aerol\u00edneas por $3 billones","og_description":"Debido a que el sector aeron\u00e1utico enfrenta una ca\u00edda de casi la totalidad de las operaciones, dada la suspensi\u00f3n de vuelos tanto nacionales como internacionales desde finales de marzo","og_url":"https:\/\/aeronoticias.com.pe\/noticiero\/transporte-aereo\/internacional\/colombia-anif-propone-plan-de-rescate-para-aerolineas-por-3-billones\/","og_site_name":"Aeronoticias.com.pe","article_publisher":"https:\/\/www.facebook.com\/Aeronoticias.com.pe\/","article_published_time":"2020-05-09T23:50:01+00:00","article_modified_time":"2020-09-24T23:18:47+00:00","og_image":[{"width":660,"height":371,"url":"https:\/\/aeronoticias.com.pe\/noticiero\/wp-content\/uploads\/2020\/05\/Colombia-1.jpg","type":"image\/jpeg"}],"author":"Redacci\u00f3n Aeronoticias","twitter_card":"summary_large_image","twitter_creator":"@aeronoticias","twitter_site":"@aeronoticias","twitter_misc":{"Escrito por":"Redacci\u00f3n Aeronoticias","Tiempo de lectura":"2 minutos"},"schema":{"@context":"https:\/\/schema.org","@graph":[{"@type":"WebPage","@id":"https:\/\/aeronoticias.com.pe\/noticiero\/transporte-aereo\/internacional\/colombia-anif-propone-plan-de-rescate-para-aerolineas-por-3-billones\/","url":"https:\/\/aeronoticias.com.pe\/noticiero\/transporte-aereo\/internacional\/colombia-anif-propone-plan-de-rescate-para-aerolineas-por-3-billones\/","name":"Colombia: ANIF propone plan de rescate para aerol\u00edneas por $3 billones","isPartOf":{"@id":"https:\/\/aeronoticias.com.pe\/noticiero\/#website"},"primaryImageOfPage":{"@id":"https:\/\/aeronoticias.com.pe\/noticiero\/transporte-aereo\/internacional\/colombia-anif-propone-plan-de-rescate-para-aerolineas-por-3-billones\/#primaryimage"},"image":{"@id":"https:\/\/aeronoticias.com.pe\/noticiero\/transporte-aereo\/internacional\/colombia-anif-propone-plan-de-rescate-para-aerolineas-por-3-billones\/#primaryimage"},"thumbnailUrl":"https:\/\/aeronoticias.com.pe\/noticiero\/wp-content\/uploads\/2020\/05\/Colombia-1.jpg","datePublished":"2020-05-09T23:50:01+00:00","dateModified":"2020-09-24T23:18:47+00:00","author":{"@id":"https:\/\/aeronoticias.com.pe\/noticiero\/#\/schema\/person\/fc1e5d578f4b62ba1cf7ac2bba1170a0"},"description":"Debido a que el sector aeron\u00e1utico enfrenta una ca\u00edda de casi la totalidad de las operaciones, dada la suspensi\u00f3n de vuelos tanto nacionales como internacionales desde finales de marzo","breadcrumb":{"@id":"https:\/\/aeronoticias.com.pe\/noticiero\/transporte-aereo\/internacional\/colombia-anif-propone-plan-de-rescate-para-aerolineas-por-3-billones\/#breadcrumb"},"inLanguage":"es","potentialAction":[{"@type":"ReadAction","target":["https:\/\/aeronoticias.com.pe\/noticiero\/transporte-aereo\/internacional\/colombia-anif-propone-plan-de-rescate-para-aerolineas-por-3-billones\/"]}]},{"@type":"ImageObject","inLanguage":"es","@id":"https:\/\/aeronoticias.com.pe\/noticiero\/transporte-aereo\/internacional\/colombia-anif-propone-plan-de-rescate-para-aerolineas-por-3-billones\/#primaryimage","url":"https:\/\/aeronoticias.com.pe\/noticiero\/wp-content\/uploads\/2020\/05\/Colombia-1.jpg","contentUrl":"https:\/\/aeronoticias.com.pe\/noticiero\/wp-content\/uploads\/2020\/05\/Colombia-1.jpg","width":660,"height":371,"caption":"LATAM a trav\u00e9s de Lexlatin.com se opone al Proyecto de la L\u00ednea A\u00e9rea de Bandera del Per\u00fa"},{"@type":"BreadcrumbList","@id":"https:\/\/aeronoticias.com.pe\/noticiero\/transporte-aereo\/internacional\/colombia-anif-propone-plan-de-rescate-para-aerolineas-por-3-billones\/#breadcrumb","itemListElement":[{"@type":"ListItem","position":1,"name":"Portada","item":"https:\/\/aeronoticias.com.pe\/noticiero\/"},{"@type":"ListItem","position":2,"name":"Colombia: ANIF propone plan de rescate para aerol\u00edneas por $3 billones"}]},{"@type":"WebSite","@id":"https:\/\/aeronoticias.com.pe\/noticiero\/#website","url":"https:\/\/aeronoticias.com.pe\/noticiero\/","name":"Aeronoticias.com.pe","description":"Noticias de tranporte aereo, turismo, hoteles, gastronomia, actualidad, internacional","potentialAction":[{"@type":"SearchAction","target":{"@type":"EntryPoint","urlTemplate":"https:\/\/aeronoticias.com.pe\/noticiero\/?s={search_term_string}"},"query-input":{"@type":"PropertyValueSpecification","valueRequired":true,"valueName":"search_term_string"}}],"inLanguage":"es"},{"@type":"Person","@id":"https:\/\/aeronoticias.com.pe\/noticiero\/#\/schema\/person\/fc1e5d578f4b62ba1cf7ac2bba1170a0","name":"Redacci\u00f3n Aeronoticias","url":"https:\/\/aeronoticias.com.pe\/noticiero\/author\/piloto\/"}]}},"_links":{"self":[{"href":"https:\/\/aeronoticias.com.pe\/noticiero\/wp-json\/wp\/v2\/posts\/59799","targetHints":{"allow":["GET"]}}],"collection":[{"href":"https:\/\/aeronoticias.com.pe\/noticiero\/wp-json\/wp\/v2\/posts"}],"about":[{"href":"https:\/\/aeronoticias.com.pe\/noticiero\/wp-json\/wp\/v2\/types\/post"}],"author":[{"embeddable":true,"href":"https:\/\/aeronoticias.com.pe\/noticiero\/wp-json\/wp\/v2\/users\/1"}],"replies":[{"embeddable":true,"href":"https:\/\/aeronoticias.com.pe\/noticiero\/wp-json\/wp\/v2\/comments?post=59799"}],"version-history":[{"count":0,"href":"https:\/\/aeronoticias.com.pe\/noticiero\/wp-json\/wp\/v2\/posts\/59799\/revisions"}],"wp:featuredmedia":[{"embeddable":true,"href":"https:\/\/aeronoticias.com.pe\/noticiero\/wp-json\/wp\/v2\/media\/63130"}],"wp:attachment":[{"href":"https:\/\/aeronoticias.com.pe\/noticiero\/wp-json\/wp\/v2\/media?parent=59799"}],"wp:term":[{"taxonomy":"category","embeddable":true,"href":"https:\/\/aeronoticias.com.pe\/noticiero\/wp-json\/wp\/v2\/categories?post=59799"},{"taxonomy":"post_tag","embeddable":true,"href":"https:\/\/aeronoticias.com.pe\/noticiero\/wp-json\/wp\/v2\/tags?post=59799"}],"curies":[{"name":"wp","href":"https:\/\/api.w.org\/{rel}","templated":true}]}}