{"id":59800,"date":"2020-05-10T02:54:15","date_gmt":"2020-05-10T02:54:15","guid":{"rendered":"http:\/\/desarrollo.mcvicious.com\/aero2020\/2020\/05\/10\/espana-analiza-como-rescatar-el-turismo-de-playa-ante-coronavirus\/"},"modified":"2020-05-10T02:54:15","modified_gmt":"2020-05-10T02:54:15","slug":"espana-analiza-como-rescatar-el-turismo-de-playa-ante-coronavirus","status":"publish","type":"post","link":"https:\/\/aeronoticias.com.pe\/noticiero\/turismo\/13\/espana-analiza-como-rescatar-el-turismo-de-playa-ante-coronavirus\/","title":{"rendered":"Espa\u00f1a analiza c\u00f3mo rescatar el turismo de playa ante coronavirus"},"content":{"rendered":"<p style=\"text-align: justify;\"><strong>(Aeronoticias).-<\/strong> Espa\u00f1a, una potencia mundial del turismo de sol y mar, sigue muy pendiente de c\u00f3mo evoluciona la epidemia de COVID-19, con la esperanza de que las playas puedan reabrir, aunque con limitaciones, para que veraneantes nacionales y extranjeros puedan broncearse y ba\u00f1arse sin aglomeraciones.<\/p>\n<p style=\"text-align: justify;\"><span style=\"font-size: 12.16px;\">Las restricciones sociales y econ\u00f3micas impuestas por el Gobierno para contener el contagio ha golpeado duramente al sector tur\u00edstico espa\u00f1ol, cuya actividad se concentra en el verano mayoritariamente (70 % del total de ingresos), a partir de junio, pero este a\u00f1o con una gran incertidumbre.<\/span><\/p>\n<p>  <!--more-->  <\/p>\n<p style=\"text-align: justify;\"><span style=\"font-size: 12.16px;\">Son m\u00e1s de 3.500 playas repartidas en 8.000 kil\u00f3metros de costa, unas solitarias, pero la mayor\u00eda muy concurridas, donde es imposible, un verano cualquiera, mantener la distancia m\u00ednima de seguridad de al menos 1,5 o 2 metros entre personas.<\/span><\/p>\n<p style=\"text-align: justify;\"><span style=\"font-size: 12.16px;\">En principio, el agua del mar o de una piscina no supone un riesgo de transmisi\u00f3n del coronavirus, seg\u00fan cient\u00edficos espa\u00f1oles, pero s\u00ed las aglomeraciones.<\/span><\/p>\n<p style=\"text-align: justify;\"><span style=\"font-size: 12.16px;\"><strong>Parcelar la arena<\/strong><\/span><\/p>\n<p style=\"text-align: justify;\"><span style=\"font-size: 12.16px;\">Desde el lunes pasado, muchos municipios permiten el paseo o la pr\u00e1ctica deportiva individual en playas, pero habr\u00e1 que esperar m\u00e1s, hasta una fase m\u00e1s adelantada de la transici\u00f3n hacia la normalidad social, para poder tumbarse al sol y ba\u00f1arse en el mar, pero a\u00fan sin fecha.<\/span><\/p>\n<p style=\"text-align: justify;\"><span style=\"font-size: 12.16px;\">Y los ayuntamientos, responsables de las playas, ya piensan en c\u00f3mo organizar los arenales, aunque muchos prefieren esperar a recibir instrucciones m\u00e1s precisas de las autoridades sanitarias o, incluso, hasta saber si ser\u00e1 necesario o no invertir en nuevos equipamientos, infraestructuras o tecnolog\u00eda.<\/span><\/p>\n<p style=\"text-align: justify;\"><span style=\"font-size: 12.16px;\"><strong>Control del acceso<\/strong><\/span><\/p>\n<p style=\"text-align: justify;\"><span style=\"font-size: 12.16px;\">En la regi\u00f3n de Andaluc\u00eda (sur), entre otros casos, la localidad malague\u00f1a de Fuengirola quiere ser la primera de Espa\u00f1a en emplear inteligencia artificial para controlar el aforo de playas y espacios p\u00fablicos mediante un programa de informaci\u00f3n en tiempo real con sensores colocados en las farolas. En Alcudia, isla mediterr\u00e1nea de Mallorca, se reducir\u00e1n a la mitad las sombrillas y las tumbonas.<\/span><\/p>\n<p style=\"text-align: justify;\"><span style=\"font-size: 12.16px;\">El Ayuntamiento de Lloret de Mar, el segundo destino tur\u00edstico m\u00e1s importante de Catalu\u00f1a (noreste) y uno de los m\u00e1s demandados de Espa\u00f1a, piensa dividir sus dos playas principales en tres sectores: grupos de ancianos, familias y adultos sin ni\u00f1os, todos con limitaci\u00f3n de aforo.<\/span><\/p>\n<p style=\"text-align: justify;\"><span style=\"font-size: 12.16px;\">Fuente: Agencia EFE<\/span><\/p>\n<p style=\"text-align: justify;\"><span style=\"font-size: 12.16px;\"><img decoding=\"async\" src=\"images\/stories\/20\/05\/090520\/playa_espana.jpg\" border=\"0\" title=\"Espa\u00f1a analiza c\u00f3mo rescatar el turismo de playa ante coronavirus\" \/><br \/><\/span><\/p>\n","protected":false},"excerpt":{"rendered":"<p>(Aeronoticias).- Espa\u00f1a, una potencia mundial del turismo de sol y mar, sigue muy pendiente de c\u00f3mo evoluciona la epidemia de COVID-19, con la esperanza de que las playas puedan reabrir, aunque con limitaciones, para que veraneantes nacionales y extranjeros puedan broncearse y ba\u00f1arse sin aglomeraciones. Las restricciones sociales y econ\u00f3micas impuestas por el Gobierno para [&hellip;]<\/p>\n","protected":false},"author":1,"featured_media":0,"comment_status":"open","ping_status":"open","sticky":false,"template":"","format":"standard","meta":{"tdm_status":"","tdm_grid_status":"","footnotes":""},"categories":[31],"tags":[],"class_list":{"0":"post-59800","1":"post","2":"type-post","3":"status-publish","4":"format-standard","6":"category-31"},"yoast_head":"<!-- This site is optimized with the Yoast SEO plugin v25.1 - https:\/\/yoast.com\/wordpress\/plugins\/seo\/ -->\n<title>Espa\u00f1a analiza c\u00f3mo rescatar el turismo de playa ante coronavirus<\/title>\n<meta name=\"description\" content=\"Portal de noticias del Per\u00fa sobre el transporte a\u00e9reo, aviaci\u00f3n, turismo, hoteleria, actualidad.\" \/>\n<meta name=\"robots\" content=\"index, follow, max-snippet:-1, max-image-preview:large, max-video-preview:-1\" \/>\n<link rel=\"canonical\" href=\"https:\/\/aeronoticias.com.pe\/noticiero\/turismo\/13\/espana-analiza-como-rescatar-el-turismo-de-playa-ante-coronavirus\/\" \/>\n<meta property=\"og:locale\" content=\"es_ES\" \/>\n<meta property=\"og:type\" content=\"article\" \/>\n<meta property=\"og:title\" content=\"Espa\u00f1a analiza c\u00f3mo rescatar el turismo de playa ante coronavirus\" \/>\n<meta property=\"og:description\" content=\"Portal de noticias del Per\u00fa sobre el transporte a\u00e9reo, aviaci\u00f3n, turismo, hoteleria, actualidad.\" \/>\n<meta property=\"og:url\" content=\"https:\/\/aeronoticias.com.pe\/noticiero\/turismo\/13\/espana-analiza-como-rescatar-el-turismo-de-playa-ante-coronavirus\/\" \/>\n<meta property=\"og:site_name\" content=\"Aeronoticias.com.pe\" \/>\n<meta property=\"article:publisher\" content=\"https:\/\/www.facebook.com\/Aeronoticias.com.pe\/\" \/>\n<meta property=\"article:published_time\" content=\"2020-05-10T02:54:15+00:00\" \/>\n<meta name=\"author\" content=\"Redacci\u00f3n Aeronoticias\" \/>\n<meta name=\"twitter:card\" content=\"summary_large_image\" \/>\n<meta name=\"twitter:creator\" content=\"@aeronoticias\" \/>\n<meta name=\"twitter:site\" content=\"@aeronoticias\" \/>\n<meta name=\"twitter:label1\" content=\"Escrito por\" \/>\n\t<meta name=\"twitter:data1\" content=\"Redacci\u00f3n Aeronoticias\" \/>\n\t<meta name=\"twitter:label2\" content=\"Tiempo de lectura\" \/>\n\t<meta name=\"twitter:data2\" content=\"2 minutos\" \/>\n<script type=\"application\/ld+json\" class=\"yoast-schema-graph\">{\"@context\":\"https:\/\/schema.org\",\"@graph\":[{\"@type\":\"WebPage\",\"@id\":\"https:\/\/aeronoticias.com.pe\/noticiero\/turismo\/13\/espana-analiza-como-rescatar-el-turismo-de-playa-ante-coronavirus\/\",\"url\":\"https:\/\/aeronoticias.com.pe\/noticiero\/turismo\/13\/espana-analiza-como-rescatar-el-turismo-de-playa-ante-coronavirus\/\",\"name\":\"Espa\u00f1a analiza c\u00f3mo rescatar el turismo de playa ante coronavirus\",\"isPartOf\":{\"@id\":\"https:\/\/aeronoticias.com.pe\/noticiero\/#website\"},\"datePublished\":\"2020-05-10T02:54:15+00:00\",\"author\":{\"@id\":\"https:\/\/aeronoticias.com.pe\/noticiero\/#\/schema\/person\/fc1e5d578f4b62ba1cf7ac2bba1170a0\"},\"description\":\"Portal de noticias del Per\u00fa sobre el transporte a\u00e9reo, aviaci\u00f3n, turismo, hoteleria, actualidad.\",\"breadcrumb\":{\"@id\":\"https:\/\/aeronoticias.com.pe\/noticiero\/turismo\/13\/espana-analiza-como-rescatar-el-turismo-de-playa-ante-coronavirus\/#breadcrumb\"},\"inLanguage\":\"es\",\"potentialAction\":[{\"@type\":\"ReadAction\",\"target\":[\"https:\/\/aeronoticias.com.pe\/noticiero\/turismo\/13\/espana-analiza-como-rescatar-el-turismo-de-playa-ante-coronavirus\/\"]}]},{\"@type\":\"BreadcrumbList\",\"@id\":\"https:\/\/aeronoticias.com.pe\/noticiero\/turismo\/13\/espana-analiza-como-rescatar-el-turismo-de-playa-ante-coronavirus\/#breadcrumb\",\"itemListElement\":[{\"@type\":\"ListItem\",\"position\":1,\"name\":\"Portada\",\"item\":\"https:\/\/aeronoticias.com.pe\/noticiero\/\"},{\"@type\":\"ListItem\",\"position\":2,\"name\":\"Espa\u00f1a analiza c\u00f3mo rescatar el turismo de playa ante coronavirus\"}]},{\"@type\":\"WebSite\",\"@id\":\"https:\/\/aeronoticias.com.pe\/noticiero\/#website\",\"url\":\"https:\/\/aeronoticias.com.pe\/noticiero\/\",\"name\":\"Aeronoticias.com.pe\",\"description\":\"Noticias de tranporte aereo, turismo, hoteles, gastronomia, actualidad, internacional\",\"potentialAction\":[{\"@type\":\"SearchAction\",\"target\":{\"@type\":\"EntryPoint\",\"urlTemplate\":\"https:\/\/aeronoticias.com.pe\/noticiero\/?s={search_term_string}\"},\"query-input\":{\"@type\":\"PropertyValueSpecification\",\"valueRequired\":true,\"valueName\":\"search_term_string\"}}],\"inLanguage\":\"es\"},{\"@type\":\"Person\",\"@id\":\"https:\/\/aeronoticias.com.pe\/noticiero\/#\/schema\/person\/fc1e5d578f4b62ba1cf7ac2bba1170a0\",\"name\":\"Redacci\u00f3n Aeronoticias\",\"url\":\"https:\/\/aeronoticias.com.pe\/noticiero\/author\/piloto\/\"}]}<\/script>\n<!-- \/ Yoast SEO plugin. -->","yoast_head_json":{"title":"Espa\u00f1a analiza c\u00f3mo rescatar el turismo de playa ante coronavirus","description":"Portal de noticias del Per\u00fa sobre el transporte a\u00e9reo, aviaci\u00f3n, turismo, hoteleria, actualidad.","robots":{"index":"index","follow":"follow","max-snippet":"max-snippet:-1","max-image-preview":"max-image-preview:large","max-video-preview":"max-video-preview:-1"},"canonical":"https:\/\/aeronoticias.com.pe\/noticiero\/turismo\/13\/espana-analiza-como-rescatar-el-turismo-de-playa-ante-coronavirus\/","og_locale":"es_ES","og_type":"article","og_title":"Espa\u00f1a analiza c\u00f3mo rescatar el turismo de playa ante coronavirus","og_description":"Portal de noticias del Per\u00fa sobre el transporte a\u00e9reo, aviaci\u00f3n, turismo, hoteleria, actualidad.","og_url":"https:\/\/aeronoticias.com.pe\/noticiero\/turismo\/13\/espana-analiza-como-rescatar-el-turismo-de-playa-ante-coronavirus\/","og_site_name":"Aeronoticias.com.pe","article_publisher":"https:\/\/www.facebook.com\/Aeronoticias.com.pe\/","article_published_time":"2020-05-10T02:54:15+00:00","author":"Redacci\u00f3n Aeronoticias","twitter_card":"summary_large_image","twitter_creator":"@aeronoticias","twitter_site":"@aeronoticias","twitter_misc":{"Escrito por":"Redacci\u00f3n Aeronoticias","Tiempo de lectura":"2 minutos"},"schema":{"@context":"https:\/\/schema.org","@graph":[{"@type":"WebPage","@id":"https:\/\/aeronoticias.com.pe\/noticiero\/turismo\/13\/espana-analiza-como-rescatar-el-turismo-de-playa-ante-coronavirus\/","url":"https:\/\/aeronoticias.com.pe\/noticiero\/turismo\/13\/espana-analiza-como-rescatar-el-turismo-de-playa-ante-coronavirus\/","name":"Espa\u00f1a analiza c\u00f3mo rescatar el turismo de playa ante coronavirus","isPartOf":{"@id":"https:\/\/aeronoticias.com.pe\/noticiero\/#website"},"datePublished":"2020-05-10T02:54:15+00:00","author":{"@id":"https:\/\/aeronoticias.com.pe\/noticiero\/#\/schema\/person\/fc1e5d578f4b62ba1cf7ac2bba1170a0"},"description":"Portal de noticias del Per\u00fa sobre el transporte a\u00e9reo, aviaci\u00f3n, turismo, hoteleria, actualidad.","breadcrumb":{"@id":"https:\/\/aeronoticias.com.pe\/noticiero\/turismo\/13\/espana-analiza-como-rescatar-el-turismo-de-playa-ante-coronavirus\/#breadcrumb"},"inLanguage":"es","potentialAction":[{"@type":"ReadAction","target":["https:\/\/aeronoticias.com.pe\/noticiero\/turismo\/13\/espana-analiza-como-rescatar-el-turismo-de-playa-ante-coronavirus\/"]}]},{"@type":"BreadcrumbList","@id":"https:\/\/aeronoticias.com.pe\/noticiero\/turismo\/13\/espana-analiza-como-rescatar-el-turismo-de-playa-ante-coronavirus\/#breadcrumb","itemListElement":[{"@type":"ListItem","position":1,"name":"Portada","item":"https:\/\/aeronoticias.com.pe\/noticiero\/"},{"@type":"ListItem","position":2,"name":"Espa\u00f1a analiza c\u00f3mo rescatar el turismo de playa ante coronavirus"}]},{"@type":"WebSite","@id":"https:\/\/aeronoticias.com.pe\/noticiero\/#website","url":"https:\/\/aeronoticias.com.pe\/noticiero\/","name":"Aeronoticias.com.pe","description":"Noticias de tranporte aereo, turismo, hoteles, gastronomia, actualidad, internacional","potentialAction":[{"@type":"SearchAction","target":{"@type":"EntryPoint","urlTemplate":"https:\/\/aeronoticias.com.pe\/noticiero\/?s={search_term_string}"},"query-input":{"@type":"PropertyValueSpecification","valueRequired":true,"valueName":"search_term_string"}}],"inLanguage":"es"},{"@type":"Person","@id":"https:\/\/aeronoticias.com.pe\/noticiero\/#\/schema\/person\/fc1e5d578f4b62ba1cf7ac2bba1170a0","name":"Redacci\u00f3n Aeronoticias","url":"https:\/\/aeronoticias.com.pe\/noticiero\/author\/piloto\/"}]}},"_links":{"self":[{"href":"https:\/\/aeronoticias.com.pe\/noticiero\/wp-json\/wp\/v2\/posts\/59800","targetHints":{"allow":["GET"]}}],"collection":[{"href":"https:\/\/aeronoticias.com.pe\/noticiero\/wp-json\/wp\/v2\/posts"}],"about":[{"href":"https:\/\/aeronoticias.com.pe\/noticiero\/wp-json\/wp\/v2\/types\/post"}],"author":[{"embeddable":true,"href":"https:\/\/aeronoticias.com.pe\/noticiero\/wp-json\/wp\/v2\/users\/1"}],"replies":[{"embeddable":true,"href":"https:\/\/aeronoticias.com.pe\/noticiero\/wp-json\/wp\/v2\/comments?post=59800"}],"version-history":[{"count":0,"href":"https:\/\/aeronoticias.com.pe\/noticiero\/wp-json\/wp\/v2\/posts\/59800\/revisions"}],"wp:attachment":[{"href":"https:\/\/aeronoticias.com.pe\/noticiero\/wp-json\/wp\/v2\/media?parent=59800"}],"wp:term":[{"taxonomy":"category","embeddable":true,"href":"https:\/\/aeronoticias.com.pe\/noticiero\/wp-json\/wp\/v2\/categories?post=59800"},{"taxonomy":"post_tag","embeddable":true,"href":"https:\/\/aeronoticias.com.pe\/noticiero\/wp-json\/wp\/v2\/tags?post=59800"}],"curies":[{"name":"wp","href":"https:\/\/api.w.org\/{rel}","templated":true}]}}