{"id":59801,"date":"2020-05-10T11:47:54","date_gmt":"2020-05-10T11:47:54","guid":{"rendered":"http:\/\/desarrollo.mcvicious.com\/aero2020\/2020\/05\/10\/el-grupo-lufthansa-anuncia-que-volara-a-106-destinos-europeos-en-junio\/"},"modified":"2020-09-24T23:15:13","modified_gmt":"2020-09-24T23:15:13","slug":"el-grupo-lufthansa-anuncia-que-volara-a-106-destinos-europeos-en-junio","status":"publish","type":"post","link":"https:\/\/aeronoticias.com.pe\/noticiero\/transporte-aereo\/internacional\/el-grupo-lufthansa-anuncia-que-volara-a-106-destinos-europeos-en-junio\/","title":{"rendered":"El Grupo Lufthansa anuncia que volar\u00e1 a 106 destinos europeos en junio"},"content":{"rendered":"\n<p>El Grupo Lufthansa reanudar\u00e1 su operativa de vuelos con la puesta en vuelo de 160 aviones para atender a un total de 106 destinos europeos, que incluir\u00e1n, seg\u00fan ha avanzado la compa\u00f1\u00eda, las islas de Mallorca, la alemana Sylt y la griega Creta.<\/p>\n\n\n\n<p class=\"p1\">El grupo de aerol\u00edneas Lufthansa ha informado este viernes de que con el plan de vuelos de junio se reactivar\u00e1n 80 aviones, con los que se volar\u00e1 a 106 destinos, aunque la compa\u00f1\u00eda dar\u00e1 m\u00e1s detalles de los horarios la pr\u00f3xima semana.<\/p>\n\n\n\n<p class=\"p1\">Seg\u00fan ha explicado el grupo, esta decisi\u00f3n responde al creciente inter\u00e9s de los clientes por los viajes a\u00e9reos, tras la gradual flexibilizaci\u00f3n de las restricciones y limitaciones de los estados federados alemanes y de los reglamentos de entrada de otros pa\u00edses de Europa.<\/p>\n\n\n\n<p class=\"p1\">\u201cPercibimos un gran deseo y anhelo entre la gente de volver a viajar. Los hoteles y restaurantes se est\u00e1n abriendo lentamente, y las visitas a amigos y familiares se est\u00e1n permitiendo en algunos pa\u00edses\u201d, ha explicado Harry Hohmeister, miembro de la junta ejecutiva de Lufthansa.<\/p>\n\n\n\n<p class=\"p1\">No obstante, las aerol\u00edneas del grupo, Lufthansa, Eurowings y Swiss, han advertido a los clientes de que tengan en cuenta las restricciones de cada pa\u00eds para planificar sus viajes.<\/p>\n\n\n\n<p class=\"p1\"><strong>USO OBLIGATORIO DE MASCARILLA A BORDO<\/strong><\/p>\n\n\n\n<p class=\"p1\">Adem\u00e1s, han recordado el uso obligatorio de mascarillas a bordo o el mantenimiento de las restricciones sobre los servicios de comida durante el viaje.<\/p>\n\n\n\n<p class=\"p1\">La compa\u00f1\u00eda tambi\u00e9n ha asegurado que a lo largo de todo el viaje se podr\u00e1n imponer restricciones m\u00e1s estrictas por motivos de higiene y seguridad.<\/p>\n\n\n\n<p class=\"p3\">Fuente:&nbsp;<span style=\"text-decoration: underline;\"><em><strong>Europa Press<\/strong><\/em><\/span>.<\/p>\n","protected":false},"excerpt":{"rendered":"<p>El Grupo Lufthansa reanudar\u00e1 su operativa de vuelos con la puesta en vuelo de 160 aviones para atender a un total de 106 destinos europeos, que incluir\u00e1n, seg\u00fan ha avanzado la compa\u00f1\u00eda, las islas de Mallorca, la alemana Sylt y la griega Creta. El grupo de aerol\u00edneas Lufthansa ha informado este viernes de que con [&hellip;]<\/p>\n","protected":false},"author":1,"featured_media":63127,"comment_status":"open","ping_status":"open","sticky":false,"template":"","format":"standard","meta":{"tdm_status":"","tdm_grid_status":"","footnotes":""},"categories":[32,11],"tags":[163,110,342],"class_list":{"0":"post-59801","1":"post","2":"type-post","3":"status-publish","4":"format-standard","5":"has-post-thumbnail","7":"category-internacional","8":"category-transporte-aereo","9":"tag-coronavirus","10":"tag-covid-19","11":"tag-lufthansa"},"yoast_head":"<!-- This site is optimized with the Yoast SEO plugin v25.1 - https:\/\/yoast.com\/wordpress\/plugins\/seo\/ -->\n<title>El Grupo Lufthansa anuncia que volar\u00e1 a 106 destinos europeos en junio<\/title>\n<meta name=\"description\" content=\"El Grupo Lufthansa reanudar\u00e1 su operativa de vuelos con la puesta en vuelo de 160 aviones para atender a un total de 106 destinos europeos, que incluir\u00e1n, seg\u00fan ha avanzado la compa\u00f1\u00eda, las islas de Mallorca, la alemana Sylt y la griega Creta.\" \/>\n<meta name=\"robots\" content=\"index, follow, max-snippet:-1, max-image-preview:large, max-video-preview:-1\" \/>\n<link rel=\"canonical\" href=\"https:\/\/aeronoticias.com.pe\/noticiero\/transporte-aereo\/internacional\/el-grupo-lufthansa-anuncia-que-volara-a-106-destinos-europeos-en-junio\/\" \/>\n<meta property=\"og:locale\" content=\"es_ES\" \/>\n<meta property=\"og:type\" content=\"article\" \/>\n<meta property=\"og:title\" content=\"El Grupo Lufthansa anuncia que volar\u00e1 a 106 destinos europeos en junio\" \/>\n<meta property=\"og:description\" content=\"El Grupo Lufthansa reanudar\u00e1 su operativa de vuelos con la puesta en vuelo de 160 aviones para atender a un total de 106 destinos europeos, que incluir\u00e1n, seg\u00fan ha avanzado la compa\u00f1\u00eda, las islas de Mallorca, la alemana Sylt y la griega Creta.\" \/>\n<meta property=\"og:url\" content=\"https:\/\/aeronoticias.com.pe\/noticiero\/transporte-aereo\/internacional\/el-grupo-lufthansa-anuncia-que-volara-a-106-destinos-europeos-en-junio\/\" \/>\n<meta property=\"og:site_name\" content=\"Aeronoticias.com.pe\" \/>\n<meta property=\"article:publisher\" content=\"https:\/\/www.facebook.com\/Aeronoticias.com.pe\/\" \/>\n<meta property=\"article:published_time\" content=\"2020-05-10T11:47:54+00:00\" \/>\n<meta property=\"article:modified_time\" content=\"2020-09-24T23:15:13+00:00\" \/>\n<meta property=\"og:image\" content=\"https:\/\/aeronoticias.com.pe\/noticiero\/wp-content\/uploads\/2020\/05\/Lufthansa-3.jpg\" \/>\n\t<meta property=\"og:image:width\" content=\"512\" \/>\n\t<meta property=\"og:image:height\" content=\"336\" \/>\n\t<meta property=\"og:image:type\" content=\"image\/jpeg\" \/>\n<meta name=\"author\" content=\"Redacci\u00f3n Aeronoticias\" \/>\n<meta name=\"twitter:card\" content=\"summary_large_image\" \/>\n<meta name=\"twitter:creator\" content=\"@aeronoticias\" \/>\n<meta name=\"twitter:site\" content=\"@aeronoticias\" \/>\n<meta name=\"twitter:label1\" content=\"Escrito por\" \/>\n\t<meta name=\"twitter:data1\" content=\"Redacci\u00f3n Aeronoticias\" \/>\n\t<meta name=\"twitter:label2\" content=\"Tiempo de lectura\" \/>\n\t<meta name=\"twitter:data2\" content=\"1 minuto\" \/>\n<script type=\"application\/ld+json\" class=\"yoast-schema-graph\">{\"@context\":\"https:\/\/schema.org\",\"@graph\":[{\"@type\":\"WebPage\",\"@id\":\"https:\/\/aeronoticias.com.pe\/noticiero\/transporte-aereo\/internacional\/el-grupo-lufthansa-anuncia-que-volara-a-106-destinos-europeos-en-junio\/\",\"url\":\"https:\/\/aeronoticias.com.pe\/noticiero\/transporte-aereo\/internacional\/el-grupo-lufthansa-anuncia-que-volara-a-106-destinos-europeos-en-junio\/\",\"name\":\"El Grupo Lufthansa anuncia que volar\u00e1 a 106 destinos europeos en junio\",\"isPartOf\":{\"@id\":\"https:\/\/aeronoticias.com.pe\/noticiero\/#website\"},\"primaryImageOfPage\":{\"@id\":\"https:\/\/aeronoticias.com.pe\/noticiero\/transporte-aereo\/internacional\/el-grupo-lufthansa-anuncia-que-volara-a-106-destinos-europeos-en-junio\/#primaryimage\"},\"image\":{\"@id\":\"https:\/\/aeronoticias.com.pe\/noticiero\/transporte-aereo\/internacional\/el-grupo-lufthansa-anuncia-que-volara-a-106-destinos-europeos-en-junio\/#primaryimage\"},\"thumbnailUrl\":\"https:\/\/aeronoticias.com.pe\/noticiero\/wp-content\/uploads\/2020\/05\/Lufthansa-3.jpg\",\"datePublished\":\"2020-05-10T11:47:54+00:00\",\"dateModified\":\"2020-09-24T23:15:13+00:00\",\"author\":{\"@id\":\"https:\/\/aeronoticias.com.pe\/noticiero\/#\/schema\/person\/fc1e5d578f4b62ba1cf7ac2bba1170a0\"},\"description\":\"El Grupo Lufthansa reanudar\u00e1 su operativa de vuelos con la puesta en vuelo de 160 aviones para atender a un total de 106 destinos europeos, que incluir\u00e1n, seg\u00fan ha avanzado la compa\u00f1\u00eda, las islas de Mallorca, la alemana Sylt y la griega Creta.\",\"breadcrumb\":{\"@id\":\"https:\/\/aeronoticias.com.pe\/noticiero\/transporte-aereo\/internacional\/el-grupo-lufthansa-anuncia-que-volara-a-106-destinos-europeos-en-junio\/#breadcrumb\"},\"inLanguage\":\"es\",\"potentialAction\":[{\"@type\":\"ReadAction\",\"target\":[\"https:\/\/aeronoticias.com.pe\/noticiero\/transporte-aereo\/internacional\/el-grupo-lufthansa-anuncia-que-volara-a-106-destinos-europeos-en-junio\/\"]}]},{\"@type\":\"ImageObject\",\"inLanguage\":\"es\",\"@id\":\"https:\/\/aeronoticias.com.pe\/noticiero\/transporte-aereo\/internacional\/el-grupo-lufthansa-anuncia-que-volara-a-106-destinos-europeos-en-junio\/#primaryimage\",\"url\":\"https:\/\/aeronoticias.com.pe\/noticiero\/wp-content\/uploads\/2020\/05\/Lufthansa-3.jpg\",\"contentUrl\":\"https:\/\/aeronoticias.com.pe\/noticiero\/wp-content\/uploads\/2020\/05\/Lufthansa-3.jpg\",\"width\":512,\"height\":336},{\"@type\":\"BreadcrumbList\",\"@id\":\"https:\/\/aeronoticias.com.pe\/noticiero\/transporte-aereo\/internacional\/el-grupo-lufthansa-anuncia-que-volara-a-106-destinos-europeos-en-junio\/#breadcrumb\",\"itemListElement\":[{\"@type\":\"ListItem\",\"position\":1,\"name\":\"Portada\",\"item\":\"https:\/\/aeronoticias.com.pe\/noticiero\/\"},{\"@type\":\"ListItem\",\"position\":2,\"name\":\"El Grupo Lufthansa anuncia que volar\u00e1 a 106 destinos europeos en junio\"}]},{\"@type\":\"WebSite\",\"@id\":\"https:\/\/aeronoticias.com.pe\/noticiero\/#website\",\"url\":\"https:\/\/aeronoticias.com.pe\/noticiero\/\",\"name\":\"Aeronoticias.com.pe\",\"description\":\"Noticias de tranporte aereo, turismo, hoteles, gastronomia, actualidad, internacional\",\"potentialAction\":[{\"@type\":\"SearchAction\",\"target\":{\"@type\":\"EntryPoint\",\"urlTemplate\":\"https:\/\/aeronoticias.com.pe\/noticiero\/?s={search_term_string}\"},\"query-input\":{\"@type\":\"PropertyValueSpecification\",\"valueRequired\":true,\"valueName\":\"search_term_string\"}}],\"inLanguage\":\"es\"},{\"@type\":\"Person\",\"@id\":\"https:\/\/aeronoticias.com.pe\/noticiero\/#\/schema\/person\/fc1e5d578f4b62ba1cf7ac2bba1170a0\",\"name\":\"Redacci\u00f3n Aeronoticias\",\"url\":\"https:\/\/aeronoticias.com.pe\/noticiero\/author\/piloto\/\"}]}<\/script>\n<!-- \/ Yoast SEO plugin. -->","yoast_head_json":{"title":"El Grupo Lufthansa anuncia que volar\u00e1 a 106 destinos europeos en junio","description":"El Grupo Lufthansa reanudar\u00e1 su operativa de vuelos con la puesta en vuelo de 160 aviones para atender a un total de 106 destinos europeos, que incluir\u00e1n, seg\u00fan ha avanzado la compa\u00f1\u00eda, las islas de Mallorca, la alemana Sylt y la griega Creta.","robots":{"index":"index","follow":"follow","max-snippet":"max-snippet:-1","max-image-preview":"max-image-preview:large","max-video-preview":"max-video-preview:-1"},"canonical":"https:\/\/aeronoticias.com.pe\/noticiero\/transporte-aereo\/internacional\/el-grupo-lufthansa-anuncia-que-volara-a-106-destinos-europeos-en-junio\/","og_locale":"es_ES","og_type":"article","og_title":"El Grupo Lufthansa anuncia que volar\u00e1 a 106 destinos europeos en junio","og_description":"El Grupo Lufthansa reanudar\u00e1 su operativa de vuelos con la puesta en vuelo de 160 aviones para atender a un total de 106 destinos europeos, que incluir\u00e1n, seg\u00fan ha avanzado la compa\u00f1\u00eda, las islas de Mallorca, la alemana Sylt y la griega Creta.","og_url":"https:\/\/aeronoticias.com.pe\/noticiero\/transporte-aereo\/internacional\/el-grupo-lufthansa-anuncia-que-volara-a-106-destinos-europeos-en-junio\/","og_site_name":"Aeronoticias.com.pe","article_publisher":"https:\/\/www.facebook.com\/Aeronoticias.com.pe\/","article_published_time":"2020-05-10T11:47:54+00:00","article_modified_time":"2020-09-24T23:15:13+00:00","og_image":[{"width":512,"height":336,"url":"https:\/\/aeronoticias.com.pe\/noticiero\/wp-content\/uploads\/2020\/05\/Lufthansa-3.jpg","type":"image\/jpeg"}],"author":"Redacci\u00f3n Aeronoticias","twitter_card":"summary_large_image","twitter_creator":"@aeronoticias","twitter_site":"@aeronoticias","twitter_misc":{"Escrito por":"Redacci\u00f3n Aeronoticias","Tiempo de lectura":"1 minuto"},"schema":{"@context":"https:\/\/schema.org","@graph":[{"@type":"WebPage","@id":"https:\/\/aeronoticias.com.pe\/noticiero\/transporte-aereo\/internacional\/el-grupo-lufthansa-anuncia-que-volara-a-106-destinos-europeos-en-junio\/","url":"https:\/\/aeronoticias.com.pe\/noticiero\/transporte-aereo\/internacional\/el-grupo-lufthansa-anuncia-que-volara-a-106-destinos-europeos-en-junio\/","name":"El Grupo Lufthansa anuncia que volar\u00e1 a 106 destinos europeos en junio","isPartOf":{"@id":"https:\/\/aeronoticias.com.pe\/noticiero\/#website"},"primaryImageOfPage":{"@id":"https:\/\/aeronoticias.com.pe\/noticiero\/transporte-aereo\/internacional\/el-grupo-lufthansa-anuncia-que-volara-a-106-destinos-europeos-en-junio\/#primaryimage"},"image":{"@id":"https:\/\/aeronoticias.com.pe\/noticiero\/transporte-aereo\/internacional\/el-grupo-lufthansa-anuncia-que-volara-a-106-destinos-europeos-en-junio\/#primaryimage"},"thumbnailUrl":"https:\/\/aeronoticias.com.pe\/noticiero\/wp-content\/uploads\/2020\/05\/Lufthansa-3.jpg","datePublished":"2020-05-10T11:47:54+00:00","dateModified":"2020-09-24T23:15:13+00:00","author":{"@id":"https:\/\/aeronoticias.com.pe\/noticiero\/#\/schema\/person\/fc1e5d578f4b62ba1cf7ac2bba1170a0"},"description":"El Grupo Lufthansa reanudar\u00e1 su operativa de vuelos con la puesta en vuelo de 160 aviones para atender a un total de 106 destinos europeos, que incluir\u00e1n, seg\u00fan ha avanzado la compa\u00f1\u00eda, las islas de Mallorca, la alemana Sylt y la griega Creta.","breadcrumb":{"@id":"https:\/\/aeronoticias.com.pe\/noticiero\/transporte-aereo\/internacional\/el-grupo-lufthansa-anuncia-que-volara-a-106-destinos-europeos-en-junio\/#breadcrumb"},"inLanguage":"es","potentialAction":[{"@type":"ReadAction","target":["https:\/\/aeronoticias.com.pe\/noticiero\/transporte-aereo\/internacional\/el-grupo-lufthansa-anuncia-que-volara-a-106-destinos-europeos-en-junio\/"]}]},{"@type":"ImageObject","inLanguage":"es","@id":"https:\/\/aeronoticias.com.pe\/noticiero\/transporte-aereo\/internacional\/el-grupo-lufthansa-anuncia-que-volara-a-106-destinos-europeos-en-junio\/#primaryimage","url":"https:\/\/aeronoticias.com.pe\/noticiero\/wp-content\/uploads\/2020\/05\/Lufthansa-3.jpg","contentUrl":"https:\/\/aeronoticias.com.pe\/noticiero\/wp-content\/uploads\/2020\/05\/Lufthansa-3.jpg","width":512,"height":336},{"@type":"BreadcrumbList","@id":"https:\/\/aeronoticias.com.pe\/noticiero\/transporte-aereo\/internacional\/el-grupo-lufthansa-anuncia-que-volara-a-106-destinos-europeos-en-junio\/#breadcrumb","itemListElement":[{"@type":"ListItem","position":1,"name":"Portada","item":"https:\/\/aeronoticias.com.pe\/noticiero\/"},{"@type":"ListItem","position":2,"name":"El Grupo Lufthansa anuncia que volar\u00e1 a 106 destinos europeos en junio"}]},{"@type":"WebSite","@id":"https:\/\/aeronoticias.com.pe\/noticiero\/#website","url":"https:\/\/aeronoticias.com.pe\/noticiero\/","name":"Aeronoticias.com.pe","description":"Noticias de tranporte aereo, turismo, hoteles, gastronomia, actualidad, internacional","potentialAction":[{"@type":"SearchAction","target":{"@type":"EntryPoint","urlTemplate":"https:\/\/aeronoticias.com.pe\/noticiero\/?s={search_term_string}"},"query-input":{"@type":"PropertyValueSpecification","valueRequired":true,"valueName":"search_term_string"}}],"inLanguage":"es"},{"@type":"Person","@id":"https:\/\/aeronoticias.com.pe\/noticiero\/#\/schema\/person\/fc1e5d578f4b62ba1cf7ac2bba1170a0","name":"Redacci\u00f3n Aeronoticias","url":"https:\/\/aeronoticias.com.pe\/noticiero\/author\/piloto\/"}]}},"_links":{"self":[{"href":"https:\/\/aeronoticias.com.pe\/noticiero\/wp-json\/wp\/v2\/posts\/59801","targetHints":{"allow":["GET"]}}],"collection":[{"href":"https:\/\/aeronoticias.com.pe\/noticiero\/wp-json\/wp\/v2\/posts"}],"about":[{"href":"https:\/\/aeronoticias.com.pe\/noticiero\/wp-json\/wp\/v2\/types\/post"}],"author":[{"embeddable":true,"href":"https:\/\/aeronoticias.com.pe\/noticiero\/wp-json\/wp\/v2\/users\/1"}],"replies":[{"embeddable":true,"href":"https:\/\/aeronoticias.com.pe\/noticiero\/wp-json\/wp\/v2\/comments?post=59801"}],"version-history":[{"count":0,"href":"https:\/\/aeronoticias.com.pe\/noticiero\/wp-json\/wp\/v2\/posts\/59801\/revisions"}],"wp:featuredmedia":[{"embeddable":true,"href":"https:\/\/aeronoticias.com.pe\/noticiero\/wp-json\/wp\/v2\/media\/63127"}],"wp:attachment":[{"href":"https:\/\/aeronoticias.com.pe\/noticiero\/wp-json\/wp\/v2\/media?parent=59801"}],"wp:term":[{"taxonomy":"category","embeddable":true,"href":"https:\/\/aeronoticias.com.pe\/noticiero\/wp-json\/wp\/v2\/categories?post=59801"},{"taxonomy":"post_tag","embeddable":true,"href":"https:\/\/aeronoticias.com.pe\/noticiero\/wp-json\/wp\/v2\/tags?post=59801"}],"curies":[{"name":"wp","href":"https:\/\/api.w.org\/{rel}","templated":true}]}}