{"id":59802,"date":"2020-05-10T16:41:28","date_gmt":"2020-05-10T16:41:28","guid":{"rendered":"http:\/\/desarrollo.mcvicious.com\/aero2020\/2020\/05\/10\/piden-a-ministro-de-salud-habilite-el-hospital-minsa-de-pacasmayo\/"},"modified":"2020-05-10T16:41:28","modified_gmt":"2020-05-10T16:41:28","slug":"piden-a-ministro-de-salud-habilite-el-hospital-minsa-de-pacasmayo","status":"publish","type":"post","link":"https:\/\/aeronoticias.com.pe\/noticiero\/salud\/piden-a-ministro-de-salud-habilite-el-hospital-minsa-de-pacasmayo\/","title":{"rendered":"Piden a Ministro de Salud habilite el Hospital Minsa de Pacasmayo"},"content":{"rendered":"<p style=\"text-align: justify;\"><span style=\"font-size: 12.16px;\"><strong>(Aeronoticias)<\/strong> <a href=\"http:\/\/aeronoticias.com.pe\/noticiero\/index.php?option=com_content&amp;view=article&amp;id=61417;aeropuerto-publico-de-pacasmayo-lleva-el-nombre-de-julian-palacin&amp;catid=1;1&amp;Itemid=18\" target=\"_blank\" rel=\"noopener noreferrer\">El promotor del Aeropuerto de Pacasmayo, Juli\u00e1n Palacin Fern\u00e1ndez<\/a>, se dirigi\u00f3 al Ministro de Salud, V\u00edctor Zamora, para que en menos de una semana habilite el Hospital de Pacasmayo que el Ministerio de Salud Minsa termin\u00f3 de construir en diciembre del 2019 con una inversi\u00f3n p\u00fablica del MEF de m\u00e1s de 71 millones de soles.<\/span><\/p>\n<p style=\"text-align: justify;\"><span style=\"font-size: 12.16px;\">Nadie entiende la decisi\u00f3n del Gobernador Regional de La Libertad, Manuel Llemp\u00e9n, de oponerse a que funcione este hospital que es una infraestructura 5 estrellas y est\u00e1 totalmente terminada y en todo caso en su momento nos dirigiremos a la Contralor\u00eda General de la Rep\u00fablica para que audite a Llemp\u00e9n y su traici\u00f3n a los pobladores de Pacasmayo y San Pedro de Lloc en un total de casi 100 mil personas que se ven perjudicadas por la decisi\u00f3n inentendible de este Gobernador Regional.<\/span><\/p>\n<p style=\"text-align: justify;\"><span style=\"font-size: 12.16px;\">Expres\u00f3, que el Alcalde provincial de San Pedro de Lloc, Pacasmayo, V\u00edctor Ra\u00fal Cruzado Rivera, en carta al Presidente de la Rep\u00fablica han venido reclamando desde enero del 2020 la habilitaci\u00f3n de este hospital de Pacasmayo, que hoy podr\u00eda tener m\u00e1s de 100 camas para atender casos de Covid-19.<\/span><\/p>\n<p style=\"text-align: justify;\"><span style=\"font-size: 12.16px;\">\u00abQuiero expresar, se\u00f1or presidente, mi preocupaci\u00f3n ya que este virus ya lleg\u00f3 a la provincia de Pacasmayo, siendo que a la fecha contamos con dos casos confirmados en los distritos de Pacasmayo y Guadalupe. En la provincia, el hospital Tom\u00e1s Lafora tiene solo 4 camas para atender este tipo de urgencias\u00bb, precis\u00f3 Cruzado Rivera.<\/span><\/p>\n<p style=\"text-align: justify;\"><span style=\"font-size: 12.16px;\">Juli\u00e1n Palacin expres\u00f3 que existe consenso en la poblaci\u00f3n y en las instituciones representativas como la C\u00e1mara de Comercio de Pacasmayo, la Casa de la Cultura y el Patronato de Pacasmayo para que se habilite y se equipe por parte del Ministerio de Salud este moderno hospital al que el Gobernador Regional de La Libertad Manuel Llemp\u00e9n, lo ha postergado en perjuicio de toda la poblaci\u00f3n.<\/span><\/p>\n<p style=\"text-align: justify;\"><span style=\"font-size: 12.16px;\">El hospital de Pacasmayo est\u00e1 totalmente terminado y se podr\u00eda equipar en menos de una semana para proteger a la poblaci\u00f3n frente al Covid-19, pero el Gobernador Regional de La Libertad Manuel Llemp\u00e9n, que tiene los recursos econ\u00f3micos que ya se les transfirieron para habilitarlo lo ha postergado y ahora se espera que el Gobierno Central a trav\u00e9s del Presidente Martin Vizcarra tome la decisi\u00f3n, ya que no es justo el sufrimiento de un pueblo al que se le construy\u00f3 un hospital de primer nivel y en plena pandemia del Covid-19 en vez de implementarlo, el Gobernador Regional toma la desacertada decisi\u00f3n de no exigir al Minsa su habilitaci\u00f3n inmediata.<\/span><\/p>\n<p style=\"text-align: justify;\"><span style=\"font-size: 12.16px;\"><span style=\"font-size: 12.16px;\">Pedimos al Ministro de Salud, V\u00edctor Zamora y al Presidente Mart\u00edn Vizcarra, que tomen la decisi\u00f3n pol\u00edtica de habilitar y equipar el moderno hospital de Pacasmayo que permitir\u00e1 implementar hasta 150 camas Covid-19, dijo Juli\u00e1n Palacin Fern\u00e1ndez.<\/span><\/span><\/p>\n<p style=\"text-align: justify;\"><span style=\"font-size: 12.16px;\"><span style=\"font-size: 12.16px;\"> <\/span><br \/><a href=\"http:\/\/laindustria.pe\/nota\/14846-piden-terminar-construccin-de-hospital-para-atender-a-pacientes-con-coronavirus\" target=\"_blank\" rel=\"noopener noreferrer\">Piden terminar construcci\u00f3n de hospital para atender a pacientes con coronavirus<\/a><\/span><\/p>\n<p style=\"text-align: justify;\"><span style=\"font-size: 12.16px;\"><a href=\"https:\/\/aeronoticias.com.pe\/noticiero\/index.php?option=com_content&amp;view=article&amp;id=61988;gobernador-regional-de-la-libertad-puede-incurrir-en-responsabilidad-civil-y-penal-al-dejar-a-pacasmayo-sin-hospital&amp;catid=47;47&amp;Itemid=578\" target=\"_blank\" rel=\"noopener noreferrer\">Gobernador Regional de La Libertad puede incurrir en responsabilidad civil y penal al dejar a Pacasmayo sin hospital<\/a><\/span><\/p>\n<p style=\"margin: 15px 0px; padding: 0px; border: 0px; outline: 0px; font-size: 12.65px; background-image: initial; background-position: initial; background-size: initial; background-repeat: initial; background-attachment: initial; background-origin: initial; background-clip: initial; font-family: Georgia, Cambria, &quot;Times New Roman&quot;, Times, serif; text-align: justify;\"><span style=\"margin: 0px; padding: 0px; border: 0px; outline: 0px; font-size: 12.16px; background: transparent;\"><a href=\"https:\/\/ojo-publico.com\/1798\/los-14-hospitales-paralizados-por-sospechas-de-corrupcion?fbclid=IwAR2xfhelQNmBZDMy0l14qaA5CLsRCYLIkIvrc2PVSh08WbC6MEeWbx_QIGU\" target=\"_blank\" style=\"margin: 0px; padding: 0px; border: 0px; outline: 0px; background: transparent; color: #666666;\" rel=\"noopener noreferrer\">Regiones gastaron S\/ 1.900 millones en 14 hospitales que hoy est\u00e1n inconclusos y paralizados<\/a><\/span><\/p>\n<p style=\"margin: 15px 0px; padding: 0px; border: 0px; outline: 0px; font-size: 12.65px; background-image: initial; background-position: initial; background-size: initial; background-repeat: initial; background-attachment: initial; background-origin: initial; background-clip: initial; font-family: Georgia, Cambria, &quot;Times New Roman&quot;, Times, serif; text-align: justify;\"><span style=\"margin: 0px; padding: 0px; border: 0px; outline: 0px; font-size: 12.16px; background: transparent;\"><a href=\"https:\/\/aeronoticias.com.pe\/noticiero\/index.php?option=com_content&amp;view=article&amp;id=61963;piden-a-martin-vizcarra-habiliten-inmediatamente-el-hospital-minsa-de-pacasmayo&amp;catid=1;1&amp;Itemid=18\" target=\"_blank\" style=\"margin: 0px; padding: 0px; border: 0px; outline: 0px; background: transparent; color: #666666;\" rel=\"noopener noreferrer\">Piden a Mart\u00edn Vizcarra habiliten inmediatamente el Hospital Minsa de Pacasmayo<\/a><\/span><\/p>\n<p style=\"margin: 15px 0px; padding: 0px; border: 0px; outline: 0px; font-size: 12.65px; background-image: initial; background-position: initial; background-size: initial; background-repeat: initial; background-attachment: initial; background-origin: initial; background-clip: initial; font-family: Georgia, Cambria, &quot;Times New Roman&quot;, Times, serif; text-align: justify;\"><span style=\"margin: 0px; padding: 0px; border: 0px; outline: 0px; font-size: 12.16px; background: transparent;\"><a href=\"https:\/\/ovejanegra.com.pe\/manuel-llempen-denunciado-penalmente-afronta-acusacion-por-demora-en-entrega-de-22-camionetas-adquiridas-hace-siete-meses\/\" target=\"_blank\" style=\"margin: 0px; padding: 0px; border: 0px; outline: 0px; background: transparent; color: #666666;\" rel=\"noopener noreferrer\">MANUEL LLEMP\u00c9N DENUNCIADO PENALMENTE |Afronta acusaci\u00f3n por demora en entrega de 22 camionetas adquiridas hace siete meses<\/a><br \/><\/span><br \/><span style=\"margin: 0px; padding: 0px; border: 0px; outline: 0px; font-size: 12.16px; background: transparent;\"><a href=\"https:\/\/larepublica.pe\/sociedad\/2020\/04\/09\/manuel-llempen-es-criticado-por-falta-de-liderazgo-e-inversion-coronavirus-manuel-llempen-la-libertad-lrnd\/\" target=\"_blank\" style=\"margin: 0px; padding: 0px; border: 0px; outline: 0px; background: transparent; color: #666666;\" rel=\"noopener noreferrer\">Manuel Llemp\u00e9n es criticado por falta de liderazgo e inversi\u00f3n<\/a><\/span><\/p>\n<p style=\"margin: 15px 0px; padding: 0px; border: 0px; outline: 0px; font-size: 12.65px; background-image: initial; background-position: initial; background-size: initial; background-repeat: initial; background-attachment: initial; background-origin: initial; background-clip: initial; font-family: Georgia, Cambria, &quot;Times New Roman&quot;, Times, serif; text-align: justify;\"><a href=\"https:\/\/diariocorreo.pe\/edicion\/la-libertad\/chepen-critican-llempen-por-manejo-de-covid-19-939239\/\" target=\"_blank\" style=\"margin: 0px; padding: 0px; border: 0px; outline: 0px; font-size: 12.16px; background: transparent; color: #666666;\" rel=\"noopener noreferrer\">Chep\u00e9n: critican a Llemp\u00e9n por manejo de Covid-19<\/a><\/p>\n<p style=\"margin: 15px 0px; padding: 0px; border: 0px; outline: 0px; font-size: 12.65px; background-image: initial; background-position: initial; background-size: initial; background-repeat: initial; background-attachment: initial; background-origin: initial; background-clip: initial; font-family: Georgia, Cambria, &quot;Times New Roman&quot;, Times, serif; text-align: justify;\"><span style=\"margin: 0px; padding: 0px; border: 0px; outline: 0px; font-size: 12.16px; background: transparent;\"><a href=\"http:\/\/laindustria.pe\/nota\/15212-congresista-denuncia-falta-de-coordinacin-con-llempn-para-implementar-medidas-de-prevencin\" target=\"_blank\" style=\"margin: 0px; padding: 0px; border: 0px; outline: 0px; background: transparent; color: #666666;\" rel=\"noopener noreferrer\">Congresista denuncia falta de coordinaci\u00f3n con Llemp\u00e9n para implementar medidas de prevenci\u00f3n<\/a><\/span><\/p>\n<p style=\"margin: 15px 0px; padding: 0px; border: 0px; outline: 0px; font-size: 12.65px; background-image: initial; background-position: initial; background-size: initial; background-repeat: initial; background-attachment: initial; background-origin: initial; background-clip: initial; font-family: Georgia, Cambria, &quot;Times New Roman&quot;, Times, serif; text-align: justify;\"><span style=\"margin: 0px; padding: 0px; border: 0px; outline: 0px; font-size: 12.16px; background: transparent;\"><a href=\"http:\/\/aeronoticias.com.pe\/noticiero\/index.php?option=com_content&amp;view=article&amp;id=61417;aeropuerto-publico-de-pacasmayo-lleva-el-nombre-de-julian-palacin&amp;catid=1;1&amp;Itemid=18\" target=\"_blank\" style=\"color: #0000cc; text-decoration-line: underline; font-family: Tahoma, Helvetica, Arial, sans-serif;\" rel=\"noopener noreferrer\">Aeropuerto p\u00fablico de Pacasmayo lleva el nombre de \u201cJuli\u00e1n Palacin\u201d<\/a><\/span><\/p>\n<p style=\"margin: 15px 0px; padding: 0px; border: 0px; outline: 0px; font-size: 12.65px; background-image: initial; background-position: initial; background-size: initial; background-repeat: initial; background-attachment: initial; background-origin: initial; background-clip: initial; font-family: Georgia, Cambria, &quot;Times New Roman&quot;, Times, serif; text-align: justify;\"><span style=\"margin: 0px; padding: 0px; border: 0px; outline: 0px; font-size: 12.16px; background: transparent;\"><img decoding=\"async\" src=\"images\/stories\/20\/05\/100520\/msalud-hpacasmayo.jpg\" border=\"0\" \/><br \/><\/span><\/p>\n","protected":false},"excerpt":{"rendered":"<p>(Aeronoticias) El promotor del Aeropuerto de Pacasmayo, Juli\u00e1n Palacin Fern\u00e1ndez, se dirigi\u00f3 al Ministro de Salud, V\u00edctor Zamora, para que en menos de una semana habilite el Hospital de Pacasmayo que el Ministerio de Salud Minsa termin\u00f3 de construir en diciembre del 2019 con una inversi\u00f3n p\u00fablica del MEF de m\u00e1s de 71 millones de [&hellip;]<\/p>\n","protected":false},"author":1,"featured_media":0,"comment_status":"open","ping_status":"open","sticky":false,"template":"","format":"standard","meta":{"tdm_status":"","tdm_grid_status":"","footnotes":""},"categories":[37],"tags":[],"class_list":{"0":"post-59802","1":"post","2":"type-post","3":"status-publish","4":"format-standard","6":"category-salud"},"yoast_head":"<!-- This site is optimized with the Yoast SEO plugin v25.1 - https:\/\/yoast.com\/wordpress\/plugins\/seo\/ -->\n<title>Piden a Ministro de Salud habilite el Hospital Minsa de Pacasmayo<\/title>\n<meta name=\"description\" content=\"Portal de noticias del Per\u00fa sobre el transporte a\u00e9reo, aviaci\u00f3n, turismo, hoteleria, actualidad.\" \/>\n<meta name=\"robots\" content=\"index, follow, max-snippet:-1, max-image-preview:large, max-video-preview:-1\" \/>\n<link rel=\"canonical\" href=\"https:\/\/aeronoticias.com.pe\/noticiero\/salud\/piden-a-ministro-de-salud-habilite-el-hospital-minsa-de-pacasmayo\/\" \/>\n<meta property=\"og:locale\" content=\"es_ES\" \/>\n<meta property=\"og:type\" content=\"article\" \/>\n<meta property=\"og:title\" content=\"Piden a Ministro de Salud habilite el Hospital Minsa de Pacasmayo\" \/>\n<meta property=\"og:description\" content=\"Portal de noticias del Per\u00fa sobre el transporte a\u00e9reo, aviaci\u00f3n, turismo, hoteleria, actualidad.\" \/>\n<meta property=\"og:url\" content=\"https:\/\/aeronoticias.com.pe\/noticiero\/salud\/piden-a-ministro-de-salud-habilite-el-hospital-minsa-de-pacasmayo\/\" \/>\n<meta property=\"og:site_name\" content=\"Aeronoticias.com.pe\" \/>\n<meta property=\"article:publisher\" content=\"https:\/\/www.facebook.com\/Aeronoticias.com.pe\/\" \/>\n<meta property=\"article:published_time\" content=\"2020-05-10T16:41:28+00:00\" \/>\n<meta name=\"author\" content=\"Redacci\u00f3n Aeronoticias\" \/>\n<meta name=\"twitter:card\" content=\"summary_large_image\" \/>\n<meta name=\"twitter:creator\" content=\"@aeronoticias\" \/>\n<meta name=\"twitter:site\" content=\"@aeronoticias\" \/>\n<meta name=\"twitter:label1\" content=\"Escrito por\" \/>\n\t<meta name=\"twitter:data1\" content=\"Redacci\u00f3n Aeronoticias\" \/>\n\t<meta name=\"twitter:label2\" content=\"Tiempo de lectura\" \/>\n\t<meta name=\"twitter:data2\" content=\"3 minutos\" \/>\n<script type=\"application\/ld+json\" class=\"yoast-schema-graph\">{\"@context\":\"https:\/\/schema.org\",\"@graph\":[{\"@type\":\"WebPage\",\"@id\":\"https:\/\/aeronoticias.com.pe\/noticiero\/salud\/piden-a-ministro-de-salud-habilite-el-hospital-minsa-de-pacasmayo\/\",\"url\":\"https:\/\/aeronoticias.com.pe\/noticiero\/salud\/piden-a-ministro-de-salud-habilite-el-hospital-minsa-de-pacasmayo\/\",\"name\":\"Piden a Ministro de Salud habilite el Hospital Minsa de Pacasmayo\",\"isPartOf\":{\"@id\":\"https:\/\/aeronoticias.com.pe\/noticiero\/#website\"},\"datePublished\":\"2020-05-10T16:41:28+00:00\",\"author\":{\"@id\":\"https:\/\/aeronoticias.com.pe\/noticiero\/#\/schema\/person\/fc1e5d578f4b62ba1cf7ac2bba1170a0\"},\"description\":\"Portal de noticias del Per\u00fa sobre el transporte a\u00e9reo, aviaci\u00f3n, turismo, hoteleria, actualidad.\",\"breadcrumb\":{\"@id\":\"https:\/\/aeronoticias.com.pe\/noticiero\/salud\/piden-a-ministro-de-salud-habilite-el-hospital-minsa-de-pacasmayo\/#breadcrumb\"},\"inLanguage\":\"es\",\"potentialAction\":[{\"@type\":\"ReadAction\",\"target\":[\"https:\/\/aeronoticias.com.pe\/noticiero\/salud\/piden-a-ministro-de-salud-habilite-el-hospital-minsa-de-pacasmayo\/\"]}]},{\"@type\":\"BreadcrumbList\",\"@id\":\"https:\/\/aeronoticias.com.pe\/noticiero\/salud\/piden-a-ministro-de-salud-habilite-el-hospital-minsa-de-pacasmayo\/#breadcrumb\",\"itemListElement\":[{\"@type\":\"ListItem\",\"position\":1,\"name\":\"Portada\",\"item\":\"https:\/\/aeronoticias.com.pe\/noticiero\/\"},{\"@type\":\"ListItem\",\"position\":2,\"name\":\"Piden a Ministro de Salud habilite el Hospital Minsa de Pacasmayo\"}]},{\"@type\":\"WebSite\",\"@id\":\"https:\/\/aeronoticias.com.pe\/noticiero\/#website\",\"url\":\"https:\/\/aeronoticias.com.pe\/noticiero\/\",\"name\":\"Aeronoticias.com.pe\",\"description\":\"Noticias de tranporte aereo, turismo, hoteles, gastronomia, actualidad, internacional\",\"potentialAction\":[{\"@type\":\"SearchAction\",\"target\":{\"@type\":\"EntryPoint\",\"urlTemplate\":\"https:\/\/aeronoticias.com.pe\/noticiero\/?s={search_term_string}\"},\"query-input\":{\"@type\":\"PropertyValueSpecification\",\"valueRequired\":true,\"valueName\":\"search_term_string\"}}],\"inLanguage\":\"es\"},{\"@type\":\"Person\",\"@id\":\"https:\/\/aeronoticias.com.pe\/noticiero\/#\/schema\/person\/fc1e5d578f4b62ba1cf7ac2bba1170a0\",\"name\":\"Redacci\u00f3n Aeronoticias\",\"url\":\"https:\/\/aeronoticias.com.pe\/noticiero\/author\/piloto\/\"}]}<\/script>\n<!-- \/ Yoast SEO plugin. -->","yoast_head_json":{"title":"Piden a Ministro de Salud habilite el Hospital Minsa de Pacasmayo","description":"Portal de noticias del Per\u00fa sobre el transporte a\u00e9reo, aviaci\u00f3n, turismo, hoteleria, actualidad.","robots":{"index":"index","follow":"follow","max-snippet":"max-snippet:-1","max-image-preview":"max-image-preview:large","max-video-preview":"max-video-preview:-1"},"canonical":"https:\/\/aeronoticias.com.pe\/noticiero\/salud\/piden-a-ministro-de-salud-habilite-el-hospital-minsa-de-pacasmayo\/","og_locale":"es_ES","og_type":"article","og_title":"Piden a Ministro de Salud habilite el Hospital Minsa de Pacasmayo","og_description":"Portal de noticias del Per\u00fa sobre el transporte a\u00e9reo, aviaci\u00f3n, turismo, hoteleria, actualidad.","og_url":"https:\/\/aeronoticias.com.pe\/noticiero\/salud\/piden-a-ministro-de-salud-habilite-el-hospital-minsa-de-pacasmayo\/","og_site_name":"Aeronoticias.com.pe","article_publisher":"https:\/\/www.facebook.com\/Aeronoticias.com.pe\/","article_published_time":"2020-05-10T16:41:28+00:00","author":"Redacci\u00f3n Aeronoticias","twitter_card":"summary_large_image","twitter_creator":"@aeronoticias","twitter_site":"@aeronoticias","twitter_misc":{"Escrito por":"Redacci\u00f3n Aeronoticias","Tiempo de lectura":"3 minutos"},"schema":{"@context":"https:\/\/schema.org","@graph":[{"@type":"WebPage","@id":"https:\/\/aeronoticias.com.pe\/noticiero\/salud\/piden-a-ministro-de-salud-habilite-el-hospital-minsa-de-pacasmayo\/","url":"https:\/\/aeronoticias.com.pe\/noticiero\/salud\/piden-a-ministro-de-salud-habilite-el-hospital-minsa-de-pacasmayo\/","name":"Piden a Ministro de Salud habilite el Hospital Minsa de Pacasmayo","isPartOf":{"@id":"https:\/\/aeronoticias.com.pe\/noticiero\/#website"},"datePublished":"2020-05-10T16:41:28+00:00","author":{"@id":"https:\/\/aeronoticias.com.pe\/noticiero\/#\/schema\/person\/fc1e5d578f4b62ba1cf7ac2bba1170a0"},"description":"Portal de noticias del Per\u00fa sobre el transporte a\u00e9reo, aviaci\u00f3n, turismo, hoteleria, actualidad.","breadcrumb":{"@id":"https:\/\/aeronoticias.com.pe\/noticiero\/salud\/piden-a-ministro-de-salud-habilite-el-hospital-minsa-de-pacasmayo\/#breadcrumb"},"inLanguage":"es","potentialAction":[{"@type":"ReadAction","target":["https:\/\/aeronoticias.com.pe\/noticiero\/salud\/piden-a-ministro-de-salud-habilite-el-hospital-minsa-de-pacasmayo\/"]}]},{"@type":"BreadcrumbList","@id":"https:\/\/aeronoticias.com.pe\/noticiero\/salud\/piden-a-ministro-de-salud-habilite-el-hospital-minsa-de-pacasmayo\/#breadcrumb","itemListElement":[{"@type":"ListItem","position":1,"name":"Portada","item":"https:\/\/aeronoticias.com.pe\/noticiero\/"},{"@type":"ListItem","position":2,"name":"Piden a Ministro de Salud habilite el Hospital Minsa de Pacasmayo"}]},{"@type":"WebSite","@id":"https:\/\/aeronoticias.com.pe\/noticiero\/#website","url":"https:\/\/aeronoticias.com.pe\/noticiero\/","name":"Aeronoticias.com.pe","description":"Noticias de tranporte aereo, turismo, hoteles, gastronomia, actualidad, internacional","potentialAction":[{"@type":"SearchAction","target":{"@type":"EntryPoint","urlTemplate":"https:\/\/aeronoticias.com.pe\/noticiero\/?s={search_term_string}"},"query-input":{"@type":"PropertyValueSpecification","valueRequired":true,"valueName":"search_term_string"}}],"inLanguage":"es"},{"@type":"Person","@id":"https:\/\/aeronoticias.com.pe\/noticiero\/#\/schema\/person\/fc1e5d578f4b62ba1cf7ac2bba1170a0","name":"Redacci\u00f3n Aeronoticias","url":"https:\/\/aeronoticias.com.pe\/noticiero\/author\/piloto\/"}]}},"_links":{"self":[{"href":"https:\/\/aeronoticias.com.pe\/noticiero\/wp-json\/wp\/v2\/posts\/59802","targetHints":{"allow":["GET"]}}],"collection":[{"href":"https:\/\/aeronoticias.com.pe\/noticiero\/wp-json\/wp\/v2\/posts"}],"about":[{"href":"https:\/\/aeronoticias.com.pe\/noticiero\/wp-json\/wp\/v2\/types\/post"}],"author":[{"embeddable":true,"href":"https:\/\/aeronoticias.com.pe\/noticiero\/wp-json\/wp\/v2\/users\/1"}],"replies":[{"embeddable":true,"href":"https:\/\/aeronoticias.com.pe\/noticiero\/wp-json\/wp\/v2\/comments?post=59802"}],"version-history":[{"count":0,"href":"https:\/\/aeronoticias.com.pe\/noticiero\/wp-json\/wp\/v2\/posts\/59802\/revisions"}],"wp:attachment":[{"href":"https:\/\/aeronoticias.com.pe\/noticiero\/wp-json\/wp\/v2\/media?parent=59802"}],"wp:term":[{"taxonomy":"category","embeddable":true,"href":"https:\/\/aeronoticias.com.pe\/noticiero\/wp-json\/wp\/v2\/categories?post=59802"},{"taxonomy":"post_tag","embeddable":true,"href":"https:\/\/aeronoticias.com.pe\/noticiero\/wp-json\/wp\/v2\/tags?post=59802"}],"curies":[{"name":"wp","href":"https:\/\/api.w.org\/{rel}","templated":true}]}}